{"id":3805,"date":"2012-06-14T15:34:37","date_gmt":"2012-06-14T13:34:37","guid":{"rendered":"http:\/\/blog.zeit.de\/open-data\/?p=3805"},"modified":"2012-06-14T15:58:45","modified_gmt":"2012-06-14T13:58:45","slug":"drohnen-usa","status":"publish","type":"post","link":"https:\/\/blog.zeit.de\/open-data\/2012\/06\/14\/drohnen-usa\/","title":{"rendered":"Drohnen an der Heimatfront"},"content":{"rendered":"<p><figure id=\"attachment_3803\" aria-describedby=\"caption-attachment-3803\" style=\"width: 540px\" class=\"wp-caption aligncenter\"><a href=\"https:\/\/blog.zeit.de\/open-data\/files\/2012\/06\/drohnen-e1339657232551.png\"><img loading=\"lazy\" decoding=\"async\" src=\"https:\/\/blog.zeit.de\/open-data\/files\/2012\/06\/drohnen-e1339657232551.png\" alt=\"\" title=\"drohnen\" width=\"540\" height=\"303\" class=\"size-full wp-image-3803\" \/><\/a><figcaption id=\"caption-attachment-3803\" class=\"wp-caption-text\">Karte mit milit\u00e4rischen Drohnenst\u00fctzpunkten in den USA \/ Quelle: Public Intelligence \/ Link: http:\/\/publicintelligence.net\/dod-us-drone-activities-map\/<\/figcaption><\/figure><\/p>\n<p>Vor 15 Jahren, im Bosnienkrieg, hat die amerikanische Armee zum ersten Mal Drohnen eingesetzt. Inzwischen sind die unbemannten Flugger\u00e4te allt\u00e4glich, nicht nur in Kriegen. Auf zwei Karten ist zu sehen, an wie vielen Orten in den USA inzwischen Drohnen stationiert sind oder geflogen werden. Es sind viele.<\/p>\n<p>Drohnen k\u00f6nnen mit Raketen best\u00fcckt werden. Vor allem aber k\u00f6nnen Drohnen je nach Bauart unbeobachtet beobachten. Die vergleichsweise kleinen Ger\u00e4te k\u00f6nnen aus gro\u00dfer H\u00f6he St\u00e4dte und Stra\u00dfen \u00fcberwachen, ohne gesehen oder geh\u00f6rt zu werden. <a href=\"http:\/\/www.washingtonpost.com\/wp-dyn\/content\/article\/2011\/01\/22\/AR2011012204111.html\" target=\"_blank\">In Texas wurden sie daher schon eingesetzt<\/a>, um verd\u00e4chtige H\u00e4user zu \u00fcberfliegen.<\/p>\n<p>Armee, Luftwaffe, Grenzpolizei \u2013 alle sind an der Technik interessiert, da sie Soldaten und Polizisten schnell einen \u00dcberblick \u00fcber ein Areal verschaffen kann. Wie gro\u00df das Interesse ist, <a href=\"http:\/\/publicintelligence.net\/dod-us-drone-activities-map\/\" target=\"_blank\">zeigt die obere Karte<\/a>. Die blauen Punkte zeigen die St\u00fctzpunkte, die in den kommenden Jahren geplant sind.<\/p>\n<p>B\u00fcrgerrechtler besorgt diese Entwicklung. Vor allem, da bereits jetzt sehr viele Organisationen und Polizeibeh\u00f6rden von der Flugaufsicht FAA eine Genehmigung haben, Drohnen zu nutzen, <a href=\"https:\/\/www.eff.org\/deeplinks\/2012\/04\/faa-releases-its-list-drone-certificates-leaves-many-questions-unanswered\" target=\"_blank\">wie die zweite Karte belegt<\/a>. <em>&#8222;Are Drones Watching You?&#8220;<\/em>, <a href=\"https:\/\/www.eff.org\/deeplinks\/2012\/01\/drones-are-watching-you\" target=\"_blank\">fragt die Electronic Frontier Foundation<\/a>. Sie schreibt: &#8222;Mit Drohnen ist eine sehr fortgeschrittene und dauerhafte \u00dcberwachung m\u00f6glich und sie k\u00f6nnen Unmengen Daten sammeln. Mit verschiedenen Ger\u00e4ten k\u00f6nnen sie Livevideos \u00fcbertragen, Infrarotbilder senden, Hitzesensoren und Radar benutzen. Neuere Modelle haben hochaufl\u00f6sende Gigapixel-Kameras, die Menschen und Fahrzeuge aus einer H\u00f6he von 20.000 Fu\u00df (6.000 Meter) beobachten k\u00f6nnen.&#8220;<\/p>\n<p><figure id=\"attachment_3804\" aria-describedby=\"caption-attachment-3804\" style=\"width: 540px\" class=\"wp-caption aligncenter\"><a href=\"https:\/\/blog.zeit.de\/open-data\/files\/2012\/06\/Drohnen-EFF-e1339657570461.png\"><img loading=\"lazy\" decoding=\"async\" src=\"https:\/\/blog.zeit.de\/open-data\/files\/2012\/06\/Drohnen-EFF-e1339657570461.png\" alt=\"\" title=\"Drohnen-EFF\" width=\"540\" height=\"303\" class=\"size-full wp-image-3804\" srcset=\"https:\/\/blog.zeit.de\/open-data\/files\/2012\/06\/Drohnen-EFF-e1339657570461.png 540w, https:\/\/blog.zeit.de\/open-data\/files\/2012\/06\/Drohnen-EFF-e1339657570461-300x168.png 300w\" sizes=\"auto, (max-width: 540px) 100vw, 540px\" \/><\/a><figcaption id=\"caption-attachment-3804\" class=\"wp-caption-text\">Karte mit zivilen und Polizei-Organisationen, die eine Zulassung haben, Drohnen innerhalb der USA zu fliegen \/ Quelle: EFF \/ Link: https:\/\/www.eff.org\/deeplinks\/2012\/04\/faa-releases-its-list-drone-certificates-leaves-many-questions-unanswered<\/figcaption><\/figure><\/p>\n<p>Die Daten von der Flugaufsichtsbeh\u00f6rde mussten von der EFF mit Hilfe des Freedom of Information Act eingeklagt werden. Die Daten \u00fcber die milit\u00e4rischen St\u00fctzpunkte stammen aus Ver\u00f6ffentlichungen des Verteidigungsministeriums, aus denen sie zusammengesucht wurden.<\/p>\n<p>Auch in Deutschland <a href=\"http:\/\/www.zeit.de\/zeit-wissen\/2012\/03\/Analyse-Drohnen\" target=\"_blank\">gibt es im \u00dcbrigen Pl\u00e4ne<\/a>, den Einsatz von Drohnen im Inland zu regeln und damit zu erm\u00f6glichen.<\/p>\n","protected":false},"excerpt":{"rendered":"<p>Vor 15 Jahren, im Bosnienkrieg, hat die amerikanische Armee zum ersten Mal Drohnen eingesetzt. Inzwischen sind die unbemannten Flugger\u00e4te allt\u00e4glich, nicht nur in Kriegen. Auf zwei Karten ist zu sehen, an wie vielen Orten in den USA inzwischen Drohnen stationiert sind oder geflogen werden. Es sind viele. Drohnen k\u00f6nnen mit Raketen best\u00fcckt werden. Vor allem [&hellip;]<\/p>\n","protected":false},"author":39,"featured_media":0,"comment_status":"open","ping_status":"open","sticky":false,"template":"","format":"standard","meta":{"_jetpack_memberships_contains_paid_content":false,"footnotes":""},"categories":[8618],"tags":[19528,987,125],"class_list":["post-3805","post","type-post","status-publish","format-standard","hentry","category-datenvisualisierung","tag-drohnen","tag-uberwachung","tag-usa"],"yoast_head":"<!-- This site is optimized with the Yoast SEO plugin v21.0 - https:\/\/yoast.com\/wordpress\/plugins\/seo\/ -->\n<title>Drohnen an der Heimatfront - Data Blog<\/title>\n<meta name=\"robots\" content=\"index, follow, max-snippet:-1, max-image-preview:large, max-video-preview:-1\" \/>\n<link rel=\"canonical\" href=\"https:\/\/blog.zeit.de\/open-data\/2012\/06\/14\/drohnen-usa\/\" \/>\n<meta property=\"og:locale\" content=\"de_DE\" \/>\n<meta property=\"og:type\" content=\"article\" \/>\n<meta property=\"og:title\" content=\"Drohnen an der Heimatfront - Data Blog\" \/>\n<meta property=\"og:description\" content=\"Vor 15 Jahren, im Bosnienkrieg, hat die amerikanische Armee zum ersten Mal Drohnen eingesetzt. Inzwischen sind die unbemannten Flugger\u00e4te allt\u00e4glich, nicht nur in Kriegen. Auf zwei Karten ist zu sehen, an wie vielen Orten in den USA inzwischen Drohnen stationiert sind oder geflogen werden. Es sind viele. Drohnen k\u00f6nnen mit Raketen best\u00fcckt werden. Vor allem [&hellip;]\" \/>\n<meta property=\"og:url\" content=\"https:\/\/blog.zeit.de\/open-data\/2012\/06\/14\/drohnen-usa\/\" \/>\n<meta property=\"og:site_name\" content=\"Data Blog\" \/>\n<meta property=\"article:published_time\" content=\"2012-06-14T13:34:37+00:00\" \/>\n<meta property=\"article:modified_time\" content=\"2012-06-14T13:58:45+00:00\" \/>\n<meta property=\"og:image\" content=\"https:\/\/blog.zeit.de\/open-data\/files\/2012\/06\/drohnen-e1339657232551.png\" \/>\n<meta name=\"author\" content=\"Kai Biermann\" \/>\n<meta name=\"twitter:label1\" content=\"Geschrieben von\" \/>\n\t<meta name=\"twitter:data1\" content=\"Kai Biermann\" \/>\n\t<meta name=\"twitter:label2\" content=\"Gesch\u00e4tzte Lesezeit\" \/>\n\t<meta name=\"twitter:data2\" content=\"2\u00a0Minuten\" \/>\n<script type=\"application\/ld+json\" class=\"yoast-schema-graph\">{\"@context\":\"https:\/\/schema.org\",\"@graph\":[{\"@type\":\"WebPage\",\"@id\":\"https:\/\/blog.zeit.de\/open-data\/2012\/06\/14\/drohnen-usa\/\",\"url\":\"https:\/\/blog.zeit.de\/open-data\/2012\/06\/14\/drohnen-usa\/\",\"name\":\"Drohnen an der Heimatfront - Data Blog\",\"isPartOf\":{\"@id\":\"https:\/\/blog.zeit.de\/open-data\/#website\"},\"datePublished\":\"2012-06-14T13:34:37+00:00\",\"dateModified\":\"2012-06-14T13:58:45+00:00\",\"author\":{\"@id\":\"https:\/\/blog.zeit.de\/open-data\/#\/schema\/person\/a03c4af6b374e159b5f915165e667fc9\"},\"breadcrumb\":{\"@id\":\"https:\/\/blog.zeit.de\/open-data\/2012\/06\/14\/drohnen-usa\/#breadcrumb\"},\"inLanguage\":\"de\",\"potentialAction\":[{\"@type\":\"ReadAction\",\"target\":[\"https:\/\/blog.zeit.de\/open-data\/2012\/06\/14\/drohnen-usa\/\"]}]},{\"@type\":\"BreadcrumbList\",\"@id\":\"https:\/\/blog.zeit.de\/open-data\/2012\/06\/14\/drohnen-usa\/#breadcrumb\",\"itemListElement\":[{\"@type\":\"ListItem\",\"position\":1,\"name\":\"Startseite\",\"item\":\"https:\/\/blog.zeit.de\/open-data\/\"},{\"@type\":\"ListItem\",\"position\":2,\"name\":\"Drohnen an der Heimatfront\"}]},{\"@type\":\"WebSite\",\"@id\":\"https:\/\/blog.zeit.de\/open-data\/#website\",\"url\":\"https:\/\/blog.zeit.de\/open-data\/\",\"name\":\"Data Blog\",\"description\":\"Offene Daten \u2013 offene Gesellschaft\",\"potentialAction\":[{\"@type\":\"SearchAction\",\"target\":{\"@type\":\"EntryPoint\",\"urlTemplate\":\"https:\/\/blog.zeit.de\/open-data\/?s={search_term_string}\"},\"query-input\":\"required name=search_term_string\"}],\"inLanguage\":\"de\"},{\"@type\":\"Person\",\"@id\":\"https:\/\/blog.zeit.de\/open-data\/#\/schema\/person\/a03c4af6b374e159b5f915165e667fc9\",\"name\":\"Kai Biermann\",\"image\":{\"@type\":\"ImageObject\",\"inLanguage\":\"de\",\"@id\":\"https:\/\/blog.zeit.de\/open-data\/#\/schema\/person\/image\/\",\"url\":\"https:\/\/secure.gravatar.com\/avatar\/780cd357e130092a8a6e17883fefa37ffa867f8f86af9e55f250c8cba7828979?s=96&d=mm&r=g\",\"contentUrl\":\"https:\/\/secure.gravatar.com\/avatar\/780cd357e130092a8a6e17883fefa37ffa867f8f86af9e55f250c8cba7828979?s=96&d=mm&r=g\",\"caption\":\"Kai Biermann\"},\"url\":\"https:\/\/blog.zeit.de\/open-data\/author\/kai-biermann\/\"}]}<\/script>\n<!-- \/ Yoast SEO plugin. -->","yoast_head_json":{"title":"Drohnen an der Heimatfront - Data Blog","robots":{"index":"index","follow":"follow","max-snippet":"max-snippet:-1","max-image-preview":"max-image-preview:large","max-video-preview":"max-video-preview:-1"},"canonical":"https:\/\/blog.zeit.de\/open-data\/2012\/06\/14\/drohnen-usa\/","og_locale":"de_DE","og_type":"article","og_title":"Drohnen an der Heimatfront - Data Blog","og_description":"Vor 15 Jahren, im Bosnienkrieg, hat die amerikanische Armee zum ersten Mal Drohnen eingesetzt. Inzwischen sind die unbemannten Flugger\u00e4te allt\u00e4glich, nicht nur in Kriegen. Auf zwei Karten ist zu sehen, an wie vielen Orten in den USA inzwischen Drohnen stationiert sind oder geflogen werden. Es sind viele. Drohnen k\u00f6nnen mit Raketen best\u00fcckt werden. Vor allem [&hellip;]","og_url":"https:\/\/blog.zeit.de\/open-data\/2012\/06\/14\/drohnen-usa\/","og_site_name":"Data Blog","article_published_time":"2012-06-14T13:34:37+00:00","article_modified_time":"2012-06-14T13:58:45+00:00","og_image":[{"url":"https:\/\/blog.zeit.de\/open-data\/files\/2012\/06\/drohnen-e1339657232551.png"}],"author":"Kai Biermann","twitter_misc":{"Geschrieben von":"Kai Biermann","Gesch\u00e4tzte Lesezeit":"2\u00a0Minuten"},"schema":{"@context":"https:\/\/schema.org","@graph":[{"@type":"WebPage","@id":"https:\/\/blog.zeit.de\/open-data\/2012\/06\/14\/drohnen-usa\/","url":"https:\/\/blog.zeit.de\/open-data\/2012\/06\/14\/drohnen-usa\/","name":"Drohnen an der Heimatfront - Data Blog","isPartOf":{"@id":"https:\/\/blog.zeit.de\/open-data\/#website"},"datePublished":"2012-06-14T13:34:37+00:00","dateModified":"2012-06-14T13:58:45+00:00","author":{"@id":"https:\/\/blog.zeit.de\/open-data\/#\/schema\/person\/a03c4af6b374e159b5f915165e667fc9"},"breadcrumb":{"@id":"https:\/\/blog.zeit.de\/open-data\/2012\/06\/14\/drohnen-usa\/#breadcrumb"},"inLanguage":"de","potentialAction":[{"@type":"ReadAction","target":["https:\/\/blog.zeit.de\/open-data\/2012\/06\/14\/drohnen-usa\/"]}]},{"@type":"BreadcrumbList","@id":"https:\/\/blog.zeit.de\/open-data\/2012\/06\/14\/drohnen-usa\/#breadcrumb","itemListElement":[{"@type":"ListItem","position":1,"name":"Startseite","item":"https:\/\/blog.zeit.de\/open-data\/"},{"@type":"ListItem","position":2,"name":"Drohnen an der Heimatfront"}]},{"@type":"WebSite","@id":"https:\/\/blog.zeit.de\/open-data\/#website","url":"https:\/\/blog.zeit.de\/open-data\/","name":"Data Blog","description":"Offene Daten \u2013 offene Gesellschaft","potentialAction":[{"@type":"SearchAction","target":{"@type":"EntryPoint","urlTemplate":"https:\/\/blog.zeit.de\/open-data\/?s={search_term_string}"},"query-input":"required name=search_term_string"}],"inLanguage":"de"},{"@type":"Person","@id":"https:\/\/blog.zeit.de\/open-data\/#\/schema\/person\/a03c4af6b374e159b5f915165e667fc9","name":"Kai Biermann","image":{"@type":"ImageObject","inLanguage":"de","@id":"https:\/\/blog.zeit.de\/open-data\/#\/schema\/person\/image\/","url":"https:\/\/secure.gravatar.com\/avatar\/780cd357e130092a8a6e17883fefa37ffa867f8f86af9e55f250c8cba7828979?s=96&d=mm&r=g","contentUrl":"https:\/\/secure.gravatar.com\/avatar\/780cd357e130092a8a6e17883fefa37ffa867f8f86af9e55f250c8cba7828979?s=96&d=mm&r=g","caption":"Kai Biermann"},"url":"https:\/\/blog.zeit.de\/open-data\/author\/kai-biermann\/"}]}},"jetpack_featured_media_url":"","jetpack_sharing_enabled":true,"_links":{"self":[{"href":"https:\/\/blog.zeit.de\/open-data\/wp-json\/wp\/v2\/posts\/3805","targetHints":{"allow":["GET"]}}],"collection":[{"href":"https:\/\/blog.zeit.de\/open-data\/wp-json\/wp\/v2\/posts"}],"about":[{"href":"https:\/\/blog.zeit.de\/open-data\/wp-json\/wp\/v2\/types\/post"}],"author":[{"embeddable":true,"href":"https:\/\/blog.zeit.de\/open-data\/wp-json\/wp\/v2\/users\/39"}],"replies":[{"embeddable":true,"href":"https:\/\/blog.zeit.de\/open-data\/wp-json\/wp\/v2\/comments?post=3805"}],"version-history":[{"count":11,"href":"https:\/\/blog.zeit.de\/open-data\/wp-json\/wp\/v2\/posts\/3805\/revisions"}],"predecessor-version":[{"id":3815,"href":"https:\/\/blog.zeit.de\/open-data\/wp-json\/wp\/v2\/posts\/3805\/revisions\/3815"}],"wp:attachment":[{"href":"https:\/\/blog.zeit.de\/open-data\/wp-json\/wp\/v2\/media?parent=3805"}],"wp:term":[{"taxonomy":"category","embeddable":true,"href":"https:\/\/blog.zeit.de\/open-data\/wp-json\/wp\/v2\/categories?post=3805"},{"taxonomy":"post_tag","embeddable":true,"href":"https:\/\/blog.zeit.de\/open-data\/wp-json\/wp\/v2\/tags?post=3805"}],"curies":[{"name":"wp","href":"https:\/\/api.w.org\/{rel}","templated":true}]}}