{"id":583,"date":"2010-11-11T11:48:52","date_gmt":"2010-11-11T10:48:52","guid":{"rendered":"http:\/\/blog.zeit.de\/open-data\/?p=583"},"modified":"2010-11-11T13:01:56","modified_gmt":"2010-11-11T12:01:56","slug":"transparenz-eu-agrarsubventionen-gestoppt","status":"publish","type":"post","link":"https:\/\/blog.zeit.de\/open-data\/2010\/11\/11\/transparenz-eu-agrarsubventionen-gestoppt\/","title":{"rendered":"Ver\u00f6ffentlichung von EU-Agrarsubventionen gestoppt"},"content":{"rendered":"<p><figure id=\"attachment_586\" aria-describedby=\"caption-attachment-586\" style=\"width: 540px\" class=\"wp-caption alignnone\"><a rel=\"attachment wp-att-586\" href=\"https:\/\/blog.zeit.de\/open-data\/2010\/11\/11\/transparenz-eu-agrarsubventionen-gestoppt\/fishsubsidy_map1a\/\"><img loading=\"lazy\" decoding=\"async\" class=\"size-full wp-image-586 \" title=\"fishsubsidy_map1a\" src=\"https:\/\/blog.zeit.de\/open-data\/files\/2010\/11\/fishsubsidy2.png\" alt=\"Karte Fischerei Subventionen EU\" width=\"540\" height=\"298\" \/><\/a><figcaption id=\"caption-attachment-586\" class=\"wp-caption-text\">fishsubsidy.org ver\u00f6ffentlicht EU Fischerei Subventionen<\/figcaption><\/figure><\/p>\n<p>Die von der Europ\u00e4ischen Kommission angestrenge\u00a0&#8222;Transparenzinitiative&#8220; steckte am Dienstag eine Niederlage ein:\u00a0Ein landwirtschaftlicher Betrieb und ein Bauer aus Bayern hatten gegen die detaillierte Ver\u00f6ffentlichung der Zahlungen von EU-Agrarsubventionen geklagt und vorgestern <a title=\"EU Gerichtshof Agrarsubentionen Entscheidung 2010\" href=\"http:\/\/curia.europa.eu\/jcms\/upload\/docs\/application\/pdf\/2010-11\/cp100110de.pdf\" target=\"_blank\">vom EU-Gerichtshof Recht erhalten<\/a>. Die Entscheidung des Gerichts besagt, dass die Informationen \u00fcber nat\u00fcrliche Personen, die Empf\u00e4nger von EU-Geldern sind, <a href=\"http:\/\/www.zeit.de\/politik\/deutschland\/2010-11\/EU-agrarsubventionen-daten\">in der Form zuk\u00fcnftig nicht ver\u00f6ffentlicht werden d\u00fcrfen<\/a>.<\/p>\n<p>Die Entscheidung des Europ\u00e4ischen Gerichtshofs legt den Finger auf einen wunden Punkt in der Diskussion um OpenData: Wieweit kann das Transparenzinteresse an Datens\u00e4tzen reichen?<!--more--><\/p>\n<p>Die Herausgabe der Informationen stelle eine &#8222;Verletzung des Rechts der betroffenen Empf\u00e4nger auf Achtung ihres Privatlebens im Allgemeinen\u00a0und auf Schutz ihrer personenbezogenen Daten im Besonderen dar&#8220;, urteilten die Richter. Zwar m\u00fcssten &#8222;in einer \u00a0demokratischen\u00a0Gesellschaft die Steuerzahler einen Anspruch darauf haben, \u00fcber die Verwendung der \u00f6ffentlichen\u00a0Gelder informiert zu werden&#8220;. Pauschale Ver\u00f6ffentlichungen aber seien unverh\u00e4ltnism\u00e4\u00dfig, da diese nicht so ausgestaltet seien, &#8222;nach einschl\u00e4gigen Kriterien wie den Zeitr\u00e4umen, w\u00e4hrend deren sie solche\u00a0Beihilfen erhalten haben, der H\u00e4ufigkeit oder auch\u00a0Art und Umfang dieser Beihilfen zu\u00a0unterscheiden&#8220;. <\/p>\n<p>Das gesamte Urteil <a title=\"Urteil 2010 EU Agrarsubventionen\" href=\"http:\/\/curia.europa.eu\/jurisp\/cgi-bin\/form.pl?lang=de&amp;alljur=alljur&amp;jurcdj=jurcdj&amp;jurtpi=jurtpi&amp;jurtfp=jurtfp&amp;numaff=C-93\/09&amp;nomusuel=&amp;docnodecision=docnodecision&amp;allcommjo=allcommjo&amp;affint=affint&amp;affclose=affclose&amp;alldocrec=alldocrec&amp;docor=docor&amp;docav=docav&amp;docsom=docsom&amp;docinf=docinf&amp;alldocnorec=alldocnorec&amp;docnoor=docnoor&amp;radtypeord=on&amp;newform=newform&amp;docj=docj&amp;docop=docop&amp;docnoj=docnoj&amp;typeord=ALL&amp;domaine=&amp;mots=&amp;resmax=100&amp;Submit=Rechercher\" target=\"_blank\">findet sich hier<\/a>.<\/p>\n<p>Obwohl nur die Ver\u00f6ffentlichung der Daten \u00fcber nat\u00fcrliche Personen moniert worden war, wurde unter anderem in Deutschland sofort die gesamte Liste der Empf\u00e4nger von Agrarsubventionen von <a href=\"http:\/\/www.ble.de\/cln_090\/nn_417472\/DE\/01__Marktangelegenheiten\/Agrarsubvention.html?__nnn=true\" target=\"_blank\">der daf\u00fcr vorgesehenen Website entfernt<\/a>. Erst im Sommer des vergangenen Jahres hatte Bundeslandwirtschaftsministerin Ilse Aigner (CSU) nach Androhung von Strafzahlungen seitens der EU schlie\u00dflich\u00a0<a title=\"EU Agrarsubventionen 2009 Freigabe\" href=\"http:\/\/www.zeit.de\/online\/2009\/29\/eu-agrar-subvention-bayern-2\" target=\"_blank\">die Informationen freigegeben<\/a>.<\/p>\n<p>Dadurch wurde eines der Vorzeigeprojekte der OpenData-Initiative erst m\u00f6glich, eine Datenbank, dank derer die Subventionen dargestellt und aufbereitet werden k\u00f6nnen. Dieses <a title=\"Verzeichnis Agrarsubventionen\" href=\"http:\/\/farmsubsidy.org\" target=\"_blank\">farmsubsidy.org<\/a>,\u00a0stellt die bislang ver\u00f6ffentlichen Datens\u00e4tze zu den Agarbsubventionen auch weiterhin zur Verf\u00fcgung. Nur neue Daten gibt es erst einmal nicht. Bei der NGO <a href=\"http:\/\/eutransparency.org\/\" target=\"_blank\">EU Transparency<\/a>,\u00a0die das Portal betreibt, wird nun erwartet, dass eine ausgefeiltere Gesetzgebung die seitens des Gerichtshofes monierten Aspekte ber\u00fccksichtigt. <\/p>\n<p>Unl\u00e4ngst hatte die Organisation ihr Angebot zu den EU-Subventionen im Fischereiwesen,<em> fishsubsidy.or<\/em>g, mit einer\u00a0<a title=\"Fischfangflotte Karte Subventionen\" href=\"http:\/\/fishsubsidy.org\/map\/\" target=\"_blank\">interaktiven Karte zur Finanzierung von Fischereischiffen<\/a> erweitert.<\/p>\n<p>Solche Angebote m\u00fcssen nun \u00fcberdacht werden. Denn es ist zu einfach, zu sagen, alle Empf\u00e4nger von staatlichen Geldern m\u00fcssen eben einen Preis daf\u00fcr zahlen und als Gegenleistung einverstanden sein, namentlich genannt zu werden. Zwar klingt das bei Agrarsubventionen einleuchtend. Nicht zuletzt, weil gerne unterstellt wird, die Landwirtschaft w\u00fcrde viel zu viele davon erhalten. W\u00fcrde aber vorgeschlagen, alle Empf\u00e4nger von staatlichen Transferleistungen, etwa Hartz IV, in einer \u00f6ffentlichen Datenbank einzutragen, gebe es vermutlich gro\u00dfen L\u00e4rm. <\/p>\n<p>Wobei die Ursache f\u00fcr einen solchen Aufschrei vor allem in der hierzulande herrschenden Kultur zu suchen ist. In Schweden beispielsweise ist es seit hunderten Jahren selbstverst\u00e4ndlich, dass <a title=\"Steuerkl\u00e4rung Schweden Transparenz\" href=\"http:\/\/www.zeit.de\/2008\/09\/Kasten-Schweden\" target=\"_blank\">staatliche Unterlagen allen zug\u00e4nglich sind<\/a> &#8211; dazu geh\u00f6ren auch die Steuererkl\u00e4rung jedes Einzelnen.<\/p>\n<p>Das Urteil des Gerichthofs bedeutet daher ersteinmal einen R\u00fcckschlag: Transparenz im Umgang mit Geldern des Steuerzahlers &#8211; ob Subventionen, Sozialtransfers oder Steuer &#8211; w\u00e4re letztlich ein demokratischer Fortschritt. Auch wenn einem selbst bei dem Gedanken erst einmal etwas unwohl wird.<\/p>\n","protected":false},"excerpt":{"rendered":"<p>Die von der Europ\u00e4ischen Kommission angestrenge\u00a0&#8222;Transparenzinitiative&#8220; steckte am Dienstag eine Niederlage ein:\u00a0Ein landwirtschaftlicher Betrieb und ein Bauer aus Bayern hatten gegen die detaillierte Ver\u00f6ffentlichung der Zahlungen von EU-Agrarsubventionen geklagt und vorgestern vom EU-Gerichtshof Recht erhalten. Die Entscheidung des Gerichts besagt, dass die Informationen \u00fcber nat\u00fcrliche Personen, die Empf\u00e4nger von EU-Geldern sind, in der Form zuk\u00fcnftig [&hellip;]<\/p>\n","protected":false},"author":305,"featured_media":0,"comment_status":"open","ping_status":"open","sticky":false,"template":"","format":"standard","meta":{"_jetpack_memberships_contains_paid_content":false,"footnotes":""},"categories":[8571,8578],"tags":[8630,8629,8596],"class_list":["post-583","post","type-post","status-publish","format-standard","hentry","category-datenpolitik","category-datenquelle","tag-agrarsubentionen","tag-eu","tag-transparenz"],"yoast_head":"<!-- This site is optimized with the Yoast SEO plugin v21.0 - https:\/\/yoast.com\/wordpress\/plugins\/seo\/ -->\n<title>Ver\u00f6ffentlichung von EU-Agrarsubventionen gestoppt - Data Blog<\/title>\n<meta name=\"robots\" content=\"index, follow, max-snippet:-1, max-image-preview:large, max-video-preview:-1\" \/>\n<link rel=\"canonical\" href=\"https:\/\/blog.zeit.de\/open-data\/2010\/11\/11\/transparenz-eu-agrarsubventionen-gestoppt\/\" \/>\n<meta property=\"og:locale\" content=\"de_DE\" \/>\n<meta property=\"og:type\" content=\"article\" \/>\n<meta property=\"og:title\" content=\"Ver\u00f6ffentlichung von EU-Agrarsubventionen gestoppt - Data Blog\" \/>\n<meta property=\"og:description\" content=\"Die von der Europ\u00e4ischen Kommission angestrenge\u00a0&#8222;Transparenzinitiative&#8220; steckte am Dienstag eine Niederlage ein:\u00a0Ein landwirtschaftlicher Betrieb und ein Bauer aus Bayern hatten gegen die detaillierte Ver\u00f6ffentlichung der Zahlungen von EU-Agrarsubventionen geklagt und vorgestern vom EU-Gerichtshof Recht erhalten. Die Entscheidung des Gerichts besagt, dass die Informationen \u00fcber nat\u00fcrliche Personen, die Empf\u00e4nger von EU-Geldern sind, in der Form zuk\u00fcnftig [&hellip;]\" \/>\n<meta property=\"og:url\" content=\"https:\/\/blog.zeit.de\/open-data\/2010\/11\/11\/transparenz-eu-agrarsubventionen-gestoppt\/\" \/>\n<meta property=\"og:site_name\" content=\"Data Blog\" \/>\n<meta property=\"article:published_time\" content=\"2010-11-11T10:48:52+00:00\" \/>\n<meta property=\"article:modified_time\" content=\"2010-11-11T12:01:56+00:00\" \/>\n<meta property=\"og:image\" content=\"https:\/\/blog.zeit.de\/open-data\/files\/2010\/11\/fishsubsidy2.png\" \/>\n<meta name=\"author\" content=\"Lorenz Matzat\" \/>\n<meta name=\"twitter:label1\" content=\"Geschrieben von\" \/>\n\t<meta name=\"twitter:data1\" content=\"Lorenz Matzat\" \/>\n\t<meta name=\"twitter:label2\" content=\"Gesch\u00e4tzte Lesezeit\" \/>\n\t<meta name=\"twitter:data2\" content=\"3\u00a0Minuten\" \/>\n<script type=\"application\/ld+json\" class=\"yoast-schema-graph\">{\"@context\":\"https:\/\/schema.org\",\"@graph\":[{\"@type\":\"WebPage\",\"@id\":\"https:\/\/blog.zeit.de\/open-data\/2010\/11\/11\/transparenz-eu-agrarsubventionen-gestoppt\/\",\"url\":\"https:\/\/blog.zeit.de\/open-data\/2010\/11\/11\/transparenz-eu-agrarsubventionen-gestoppt\/\",\"name\":\"Ver\u00f6ffentlichung von EU-Agrarsubventionen gestoppt - Data Blog\",\"isPartOf\":{\"@id\":\"https:\/\/blog.zeit.de\/open-data\/#website\"},\"datePublished\":\"2010-11-11T10:48:52+00:00\",\"dateModified\":\"2010-11-11T12:01:56+00:00\",\"author\":{\"@id\":\"https:\/\/blog.zeit.de\/open-data\/#\/schema\/person\/c04240975847260de2a22e39d66b1494\"},\"breadcrumb\":{\"@id\":\"https:\/\/blog.zeit.de\/open-data\/2010\/11\/11\/transparenz-eu-agrarsubventionen-gestoppt\/#breadcrumb\"},\"inLanguage\":\"de\",\"potentialAction\":[{\"@type\":\"ReadAction\",\"target\":[\"https:\/\/blog.zeit.de\/open-data\/2010\/11\/11\/transparenz-eu-agrarsubventionen-gestoppt\/\"]}]},{\"@type\":\"BreadcrumbList\",\"@id\":\"https:\/\/blog.zeit.de\/open-data\/2010\/11\/11\/transparenz-eu-agrarsubventionen-gestoppt\/#breadcrumb\",\"itemListElement\":[{\"@type\":\"ListItem\",\"position\":1,\"name\":\"Startseite\",\"item\":\"https:\/\/blog.zeit.de\/open-data\/\"},{\"@type\":\"ListItem\",\"position\":2,\"name\":\"Ver\u00f6ffentlichung von EU-Agrarsubventionen gestoppt\"}]},{\"@type\":\"WebSite\",\"@id\":\"https:\/\/blog.zeit.de\/open-data\/#website\",\"url\":\"https:\/\/blog.zeit.de\/open-data\/\",\"name\":\"Data Blog\",\"description\":\"Offene Daten \u2013 offene Gesellschaft\",\"potentialAction\":[{\"@type\":\"SearchAction\",\"target\":{\"@type\":\"EntryPoint\",\"urlTemplate\":\"https:\/\/blog.zeit.de\/open-data\/?s={search_term_string}\"},\"query-input\":\"required name=search_term_string\"}],\"inLanguage\":\"de\"},{\"@type\":\"Person\",\"@id\":\"https:\/\/blog.zeit.de\/open-data\/#\/schema\/person\/c04240975847260de2a22e39d66b1494\",\"name\":\"Lorenz Matzat\",\"image\":{\"@type\":\"ImageObject\",\"inLanguage\":\"de\",\"@id\":\"https:\/\/blog.zeit.de\/open-data\/#\/schema\/person\/image\/\",\"url\":\"https:\/\/secure.gravatar.com\/avatar\/3316bb29d735e38c7a7f0f39d9654a6391095f0181b5855ed61c690471cae5cf?s=96&d=mm&r=g\",\"contentUrl\":\"https:\/\/secure.gravatar.com\/avatar\/3316bb29d735e38c7a7f0f39d9654a6391095f0181b5855ed61c690471cae5cf?s=96&d=mm&r=g\",\"caption\":\"Lorenz Matzat\"},\"url\":\"https:\/\/blog.zeit.de\/open-data\/author\/lorenz-matzat\/\"}]}<\/script>\n<!-- \/ Yoast SEO plugin. -->","yoast_head_json":{"title":"Ver\u00f6ffentlichung von EU-Agrarsubventionen gestoppt - Data Blog","robots":{"index":"index","follow":"follow","max-snippet":"max-snippet:-1","max-image-preview":"max-image-preview:large","max-video-preview":"max-video-preview:-1"},"canonical":"https:\/\/blog.zeit.de\/open-data\/2010\/11\/11\/transparenz-eu-agrarsubventionen-gestoppt\/","og_locale":"de_DE","og_type":"article","og_title":"Ver\u00f6ffentlichung von EU-Agrarsubventionen gestoppt - Data Blog","og_description":"Die von der Europ\u00e4ischen Kommission angestrenge\u00a0&#8222;Transparenzinitiative&#8220; steckte am Dienstag eine Niederlage ein:\u00a0Ein landwirtschaftlicher Betrieb und ein Bauer aus Bayern hatten gegen die detaillierte Ver\u00f6ffentlichung der Zahlungen von EU-Agrarsubventionen geklagt und vorgestern vom EU-Gerichtshof Recht erhalten. Die Entscheidung des Gerichts besagt, dass die Informationen \u00fcber nat\u00fcrliche Personen, die Empf\u00e4nger von EU-Geldern sind, in der Form zuk\u00fcnftig [&hellip;]","og_url":"https:\/\/blog.zeit.de\/open-data\/2010\/11\/11\/transparenz-eu-agrarsubventionen-gestoppt\/","og_site_name":"Data Blog","article_published_time":"2010-11-11T10:48:52+00:00","article_modified_time":"2010-11-11T12:01:56+00:00","og_image":[{"url":"https:\/\/blog.zeit.de\/open-data\/files\/2010\/11\/fishsubsidy2.png"}],"author":"Lorenz Matzat","twitter_misc":{"Geschrieben von":"Lorenz Matzat","Gesch\u00e4tzte Lesezeit":"3\u00a0Minuten"},"schema":{"@context":"https:\/\/schema.org","@graph":[{"@type":"WebPage","@id":"https:\/\/blog.zeit.de\/open-data\/2010\/11\/11\/transparenz-eu-agrarsubventionen-gestoppt\/","url":"https:\/\/blog.zeit.de\/open-data\/2010\/11\/11\/transparenz-eu-agrarsubventionen-gestoppt\/","name":"Ver\u00f6ffentlichung von EU-Agrarsubventionen gestoppt - Data Blog","isPartOf":{"@id":"https:\/\/blog.zeit.de\/open-data\/#website"},"datePublished":"2010-11-11T10:48:52+00:00","dateModified":"2010-11-11T12:01:56+00:00","author":{"@id":"https:\/\/blog.zeit.de\/open-data\/#\/schema\/person\/c04240975847260de2a22e39d66b1494"},"breadcrumb":{"@id":"https:\/\/blog.zeit.de\/open-data\/2010\/11\/11\/transparenz-eu-agrarsubventionen-gestoppt\/#breadcrumb"},"inLanguage":"de","potentialAction":[{"@type":"ReadAction","target":["https:\/\/blog.zeit.de\/open-data\/2010\/11\/11\/transparenz-eu-agrarsubventionen-gestoppt\/"]}]},{"@type":"BreadcrumbList","@id":"https:\/\/blog.zeit.de\/open-data\/2010\/11\/11\/transparenz-eu-agrarsubventionen-gestoppt\/#breadcrumb","itemListElement":[{"@type":"ListItem","position":1,"name":"Startseite","item":"https:\/\/blog.zeit.de\/open-data\/"},{"@type":"ListItem","position":2,"name":"Ver\u00f6ffentlichung von EU-Agrarsubventionen gestoppt"}]},{"@type":"WebSite","@id":"https:\/\/blog.zeit.de\/open-data\/#website","url":"https:\/\/blog.zeit.de\/open-data\/","name":"Data Blog","description":"Offene Daten \u2013 offene Gesellschaft","potentialAction":[{"@type":"SearchAction","target":{"@type":"EntryPoint","urlTemplate":"https:\/\/blog.zeit.de\/open-data\/?s={search_term_string}"},"query-input":"required name=search_term_string"}],"inLanguage":"de"},{"@type":"Person","@id":"https:\/\/blog.zeit.de\/open-data\/#\/schema\/person\/c04240975847260de2a22e39d66b1494","name":"Lorenz Matzat","image":{"@type":"ImageObject","inLanguage":"de","@id":"https:\/\/blog.zeit.de\/open-data\/#\/schema\/person\/image\/","url":"https:\/\/secure.gravatar.com\/avatar\/3316bb29d735e38c7a7f0f39d9654a6391095f0181b5855ed61c690471cae5cf?s=96&d=mm&r=g","contentUrl":"https:\/\/secure.gravatar.com\/avatar\/3316bb29d735e38c7a7f0f39d9654a6391095f0181b5855ed61c690471cae5cf?s=96&d=mm&r=g","caption":"Lorenz Matzat"},"url":"https:\/\/blog.zeit.de\/open-data\/author\/lorenz-matzat\/"}]}},"jetpack_featured_media_url":"","jetpack_sharing_enabled":true,"_links":{"self":[{"href":"https:\/\/blog.zeit.de\/open-data\/wp-json\/wp\/v2\/posts\/583","targetHints":{"allow":["GET"]}}],"collection":[{"href":"https:\/\/blog.zeit.de\/open-data\/wp-json\/wp\/v2\/posts"}],"about":[{"href":"https:\/\/blog.zeit.de\/open-data\/wp-json\/wp\/v2\/types\/post"}],"author":[{"embeddable":true,"href":"https:\/\/blog.zeit.de\/open-data\/wp-json\/wp\/v2\/users\/305"}],"replies":[{"embeddable":true,"href":"https:\/\/blog.zeit.de\/open-data\/wp-json\/wp\/v2\/comments?post=583"}],"version-history":[{"count":40,"href":"https:\/\/blog.zeit.de\/open-data\/wp-json\/wp\/v2\/posts\/583\/revisions"}],"predecessor-version":[{"id":626,"href":"https:\/\/blog.zeit.de\/open-data\/wp-json\/wp\/v2\/posts\/583\/revisions\/626"}],"wp:attachment":[{"href":"https:\/\/blog.zeit.de\/open-data\/wp-json\/wp\/v2\/media?parent=583"}],"wp:term":[{"taxonomy":"category","embeddable":true,"href":"https:\/\/blog.zeit.de\/open-data\/wp-json\/wp\/v2\/categories?post=583"},{"taxonomy":"post_tag","embeddable":true,"href":"https:\/\/blog.zeit.de\/open-data\/wp-json\/wp\/v2\/tags?post=583"}],"curies":[{"name":"wp","href":"https:\/\/api.w.org\/{rel}","templated":true}]}}