{"id":982,"date":"2010-12-13T17:12:18","date_gmt":"2010-12-13T16:12:18","guid":{"rendered":"http:\/\/blog.zeit.de\/open-data\/?p=982"},"modified":"2010-12-13T17:12:37","modified_gmt":"2010-12-13T16:12:37","slug":"europaweite-opendata-umfrage","status":"publish","type":"post","link":"https:\/\/blog.zeit.de\/open-data\/2010\/12\/13\/europaweite-opendata-umfrage\/","title":{"rendered":"Europaweite OpenData Umfrage"},"content":{"rendered":"<p><figure id=\"attachment_986\" aria-describedby=\"caption-attachment-986\" style=\"width: 535px\" class=\"wp-caption alignnone\"><a rel=\"attachment wp-att-986\" href=\"https:\/\/blog.zeit.de\/open-data\/2010\/12\/13\/europaweite-opendata-umfrage\/semantic_web_chart\/\"><img loading=\"lazy\" decoding=\"async\" class=\"size-full wp-image-986\" title=\"semantic_web_chart\" src=\"https:\/\/blog.zeit.de\/open-data\/files\/2010\/12\/semantic_web_chart.png\" alt=\"Linked Data Map\" width=\"535\" height=\"265\" srcset=\"https:\/\/blog.zeit.de\/open-data\/files\/2010\/12\/semantic_web_chart.png 535w, https:\/\/blog.zeit.de\/open-data\/files\/2010\/12\/semantic_web_chart-300x148.png 300w\" sizes=\"auto, (max-width: 535px) 100vw, 535px\" \/><\/a><figcaption id=\"caption-attachment-986\" class=\"wp-caption-text\">Ausschnitt aus dem Netz von Linked Data<\/figcaption><\/figure><\/p>\n<p>Noch bis Ende dieser\u00a0Woche l\u00e4uft eine <a title=\"Umfrage OpenData EU\" href=\"http:\/\/lod2.eu\/BlogPost\/128-lod2-ogd-survey.html\" target=\"_blank\">europaweite Umfrage zur Nutzung von OpenData<\/a>. Die englischsprachige Online-Erhebung nimmt etwa 15 Minuten Zeit in Anspruch. Sie ist sowohl f\u00fcr unmittelbare Anwender von OpenData &#8211; etwa Programmierer gedacht -, aber auch den reinen Nutzer. Die Umfrage startete vor gut einem Monat . Der 17. Dezember ist der letzte Tag f\u00fcr eine Teilnahme.<\/p>\n<p>Koordiniert wird die Erhebung vom <a title=\"Linked Open Data\" href=\"http:\/\/lod2.eu\/\" target=\"_blank\">&#8222;Linked Open Data&#8220; Konsortium LOD2<\/a>. Dieser Zusammenschlu\u00df von 10 Universit\u00e4ten, Firmen und NGO wird seit Sommer diesen Jahres mit 6,5 Millionen Euro <a title=\"PM lod2\" href=\"http:\/\/lod2.eu\/BlogPost\/wp-content\/uploads\/2010\/09\/Press_Release_LOD2_Kickoff_German1.pdf\" target=\"_blank\">von der EU f\u00fcr vier Jahre gef\u00f6rdert<\/a> (pdf).<\/p>\n<p>Ziel ist es, die verschiedenen gesellschaftlichen und wirtschaftlichen Aspekte zu erforschen, die miteinander verbundene Datens\u00e4tze hervorbringen k\u00f6nnen. &#8222;Linked data&#8220; will intelligente Verkn\u00fcpfung verschiedener maschinenlesbarer Datenbanken erm\u00f6glichen, um automatisiert Zusammenh\u00e4nge herstellen zu k\u00f6nnen. Ein Versuch in die Richtung stellt die <a title=\"suchmaschine linked data\" href=\"http:\/\/www.wolframalpha.com\/\" target=\"_blank\">Suchmaschine Wolfram Alpha<\/a> dar.<\/p>\n<p>&#8212;<\/p>\n<p>Bildquelle: Das Bild oben ist ein Ausschnitt aus dem &#8222;<a title=\"Diagramm linked data\" href=\"http:\/\/richard.cyganiak.de\/2007\/10\/lod\/\" target=\"_blank\">Linking Open Data Cloud Diagramm<\/a>&#8220; von Richard Cyganiaki und Anja Jentzsch\u00a0(CC by:sa).<\/p>\n","protected":false},"excerpt":{"rendered":"<p>Noch bis Ende dieser\u00a0Woche l\u00e4uft eine europaweite Umfrage zur Nutzung von OpenData. Die englischsprachige Online-Erhebung nimmt etwa 15 Minuten Zeit in Anspruch. Sie ist sowohl f\u00fcr unmittelbare Anwender von OpenData &#8211; etwa Programmierer gedacht -, aber auch den reinen Nutzer. Die Umfrage startete vor gut einem Monat . Der 17. Dezember ist der letzte Tag [&hellip;]<\/p>\n","protected":false},"author":305,"featured_media":0,"comment_status":"open","ping_status":"open","sticky":false,"template":"","format":"standard","meta":{"_jetpack_memberships_contains_paid_content":false,"footnotes":""},"categories":[8653],"tags":[8629,8652,2044],"class_list":["post-982","post","type-post","status-publish","format-standard","hentry","category-datenforschung","tag-eu","tag-lod2","tag-umfrage"],"yoast_head":"<!-- This site is optimized with the Yoast SEO plugin v21.0 - https:\/\/yoast.com\/wordpress\/plugins\/seo\/ -->\n<title>Europaweite OpenData Umfrage - Data Blog<\/title>\n<meta name=\"robots\" content=\"index, follow, max-snippet:-1, max-image-preview:large, max-video-preview:-1\" \/>\n<link rel=\"canonical\" href=\"https:\/\/blog.zeit.de\/open-data\/2010\/12\/13\/europaweite-opendata-umfrage\/\" \/>\n<meta property=\"og:locale\" content=\"de_DE\" \/>\n<meta property=\"og:type\" content=\"article\" \/>\n<meta property=\"og:title\" content=\"Europaweite OpenData Umfrage - Data Blog\" \/>\n<meta property=\"og:description\" content=\"Noch bis Ende dieser\u00a0Woche l\u00e4uft eine europaweite Umfrage zur Nutzung von OpenData. Die englischsprachige Online-Erhebung nimmt etwa 15 Minuten Zeit in Anspruch. Sie ist sowohl f\u00fcr unmittelbare Anwender von OpenData &#8211; etwa Programmierer gedacht -, aber auch den reinen Nutzer. Die Umfrage startete vor gut einem Monat . Der 17. Dezember ist der letzte Tag [&hellip;]\" \/>\n<meta property=\"og:url\" content=\"https:\/\/blog.zeit.de\/open-data\/2010\/12\/13\/europaweite-opendata-umfrage\/\" \/>\n<meta property=\"og:site_name\" content=\"Data Blog\" \/>\n<meta property=\"article:published_time\" content=\"2010-12-13T16:12:18+00:00\" \/>\n<meta property=\"article:modified_time\" content=\"2010-12-13T16:12:37+00:00\" \/>\n<meta property=\"og:image\" content=\"https:\/\/blog.zeit.de\/open-data\/files\/2010\/12\/semantic_web_chart.png\" \/>\n<meta name=\"author\" content=\"Lorenz Matzat\" \/>\n<meta name=\"twitter:label1\" content=\"Geschrieben von\" \/>\n\t<meta name=\"twitter:data1\" content=\"Lorenz Matzat\" \/>\n\t<meta name=\"twitter:label2\" content=\"Gesch\u00e4tzte Lesezeit\" \/>\n\t<meta name=\"twitter:data2\" content=\"1\u00a0Minute\" \/>\n<script type=\"application\/ld+json\" class=\"yoast-schema-graph\">{\"@context\":\"https:\/\/schema.org\",\"@graph\":[{\"@type\":\"WebPage\",\"@id\":\"https:\/\/blog.zeit.de\/open-data\/2010\/12\/13\/europaweite-opendata-umfrage\/\",\"url\":\"https:\/\/blog.zeit.de\/open-data\/2010\/12\/13\/europaweite-opendata-umfrage\/\",\"name\":\"Europaweite OpenData Umfrage - Data Blog\",\"isPartOf\":{\"@id\":\"https:\/\/blog.zeit.de\/open-data\/#website\"},\"datePublished\":\"2010-12-13T16:12:18+00:00\",\"dateModified\":\"2010-12-13T16:12:37+00:00\",\"author\":{\"@id\":\"https:\/\/blog.zeit.de\/open-data\/#\/schema\/person\/c04240975847260de2a22e39d66b1494\"},\"breadcrumb\":{\"@id\":\"https:\/\/blog.zeit.de\/open-data\/2010\/12\/13\/europaweite-opendata-umfrage\/#breadcrumb\"},\"inLanguage\":\"de\",\"potentialAction\":[{\"@type\":\"ReadAction\",\"target\":[\"https:\/\/blog.zeit.de\/open-data\/2010\/12\/13\/europaweite-opendata-umfrage\/\"]}]},{\"@type\":\"BreadcrumbList\",\"@id\":\"https:\/\/blog.zeit.de\/open-data\/2010\/12\/13\/europaweite-opendata-umfrage\/#breadcrumb\",\"itemListElement\":[{\"@type\":\"ListItem\",\"position\":1,\"name\":\"Startseite\",\"item\":\"https:\/\/blog.zeit.de\/open-data\/\"},{\"@type\":\"ListItem\",\"position\":2,\"name\":\"Europaweite OpenData Umfrage\"}]},{\"@type\":\"WebSite\",\"@id\":\"https:\/\/blog.zeit.de\/open-data\/#website\",\"url\":\"https:\/\/blog.zeit.de\/open-data\/\",\"name\":\"Data Blog\",\"description\":\"Offene Daten \u2013 offene Gesellschaft\",\"potentialAction\":[{\"@type\":\"SearchAction\",\"target\":{\"@type\":\"EntryPoint\",\"urlTemplate\":\"https:\/\/blog.zeit.de\/open-data\/?s={search_term_string}\"},\"query-input\":\"required name=search_term_string\"}],\"inLanguage\":\"de\"},{\"@type\":\"Person\",\"@id\":\"https:\/\/blog.zeit.de\/open-data\/#\/schema\/person\/c04240975847260de2a22e39d66b1494\",\"name\":\"Lorenz Matzat\",\"image\":{\"@type\":\"ImageObject\",\"inLanguage\":\"de\",\"@id\":\"https:\/\/blog.zeit.de\/open-data\/#\/schema\/person\/image\/\",\"url\":\"https:\/\/secure.gravatar.com\/avatar\/3316bb29d735e38c7a7f0f39d9654a6391095f0181b5855ed61c690471cae5cf?s=96&d=mm&r=g\",\"contentUrl\":\"https:\/\/secure.gravatar.com\/avatar\/3316bb29d735e38c7a7f0f39d9654a6391095f0181b5855ed61c690471cae5cf?s=96&d=mm&r=g\",\"caption\":\"Lorenz Matzat\"},\"url\":\"https:\/\/blog.zeit.de\/open-data\/author\/lorenz-matzat\/\"}]}<\/script>\n<!-- \/ Yoast SEO plugin. -->","yoast_head_json":{"title":"Europaweite OpenData Umfrage - Data Blog","robots":{"index":"index","follow":"follow","max-snippet":"max-snippet:-1","max-image-preview":"max-image-preview:large","max-video-preview":"max-video-preview:-1"},"canonical":"https:\/\/blog.zeit.de\/open-data\/2010\/12\/13\/europaweite-opendata-umfrage\/","og_locale":"de_DE","og_type":"article","og_title":"Europaweite OpenData Umfrage - Data Blog","og_description":"Noch bis Ende dieser\u00a0Woche l\u00e4uft eine europaweite Umfrage zur Nutzung von OpenData. Die englischsprachige Online-Erhebung nimmt etwa 15 Minuten Zeit in Anspruch. Sie ist sowohl f\u00fcr unmittelbare Anwender von OpenData &#8211; etwa Programmierer gedacht -, aber auch den reinen Nutzer. Die Umfrage startete vor gut einem Monat . Der 17. Dezember ist der letzte Tag [&hellip;]","og_url":"https:\/\/blog.zeit.de\/open-data\/2010\/12\/13\/europaweite-opendata-umfrage\/","og_site_name":"Data Blog","article_published_time":"2010-12-13T16:12:18+00:00","article_modified_time":"2010-12-13T16:12:37+00:00","og_image":[{"url":"https:\/\/blog.zeit.de\/open-data\/files\/2010\/12\/semantic_web_chart.png"}],"author":"Lorenz Matzat","twitter_misc":{"Geschrieben von":"Lorenz Matzat","Gesch\u00e4tzte Lesezeit":"1\u00a0Minute"},"schema":{"@context":"https:\/\/schema.org","@graph":[{"@type":"WebPage","@id":"https:\/\/blog.zeit.de\/open-data\/2010\/12\/13\/europaweite-opendata-umfrage\/","url":"https:\/\/blog.zeit.de\/open-data\/2010\/12\/13\/europaweite-opendata-umfrage\/","name":"Europaweite OpenData Umfrage - Data Blog","isPartOf":{"@id":"https:\/\/blog.zeit.de\/open-data\/#website"},"datePublished":"2010-12-13T16:12:18+00:00","dateModified":"2010-12-13T16:12:37+00:00","author":{"@id":"https:\/\/blog.zeit.de\/open-data\/#\/schema\/person\/c04240975847260de2a22e39d66b1494"},"breadcrumb":{"@id":"https:\/\/blog.zeit.de\/open-data\/2010\/12\/13\/europaweite-opendata-umfrage\/#breadcrumb"},"inLanguage":"de","potentialAction":[{"@type":"ReadAction","target":["https:\/\/blog.zeit.de\/open-data\/2010\/12\/13\/europaweite-opendata-umfrage\/"]}]},{"@type":"BreadcrumbList","@id":"https:\/\/blog.zeit.de\/open-data\/2010\/12\/13\/europaweite-opendata-umfrage\/#breadcrumb","itemListElement":[{"@type":"ListItem","position":1,"name":"Startseite","item":"https:\/\/blog.zeit.de\/open-data\/"},{"@type":"ListItem","position":2,"name":"Europaweite OpenData Umfrage"}]},{"@type":"WebSite","@id":"https:\/\/blog.zeit.de\/open-data\/#website","url":"https:\/\/blog.zeit.de\/open-data\/","name":"Data Blog","description":"Offene Daten \u2013 offene Gesellschaft","potentialAction":[{"@type":"SearchAction","target":{"@type":"EntryPoint","urlTemplate":"https:\/\/blog.zeit.de\/open-data\/?s={search_term_string}"},"query-input":"required name=search_term_string"}],"inLanguage":"de"},{"@type":"Person","@id":"https:\/\/blog.zeit.de\/open-data\/#\/schema\/person\/c04240975847260de2a22e39d66b1494","name":"Lorenz Matzat","image":{"@type":"ImageObject","inLanguage":"de","@id":"https:\/\/blog.zeit.de\/open-data\/#\/schema\/person\/image\/","url":"https:\/\/secure.gravatar.com\/avatar\/3316bb29d735e38c7a7f0f39d9654a6391095f0181b5855ed61c690471cae5cf?s=96&d=mm&r=g","contentUrl":"https:\/\/secure.gravatar.com\/avatar\/3316bb29d735e38c7a7f0f39d9654a6391095f0181b5855ed61c690471cae5cf?s=96&d=mm&r=g","caption":"Lorenz Matzat"},"url":"https:\/\/blog.zeit.de\/open-data\/author\/lorenz-matzat\/"}]}},"jetpack_featured_media_url":"","jetpack_sharing_enabled":true,"_links":{"self":[{"href":"https:\/\/blog.zeit.de\/open-data\/wp-json\/wp\/v2\/posts\/982","targetHints":{"allow":["GET"]}}],"collection":[{"href":"https:\/\/blog.zeit.de\/open-data\/wp-json\/wp\/v2\/posts"}],"about":[{"href":"https:\/\/blog.zeit.de\/open-data\/wp-json\/wp\/v2\/types\/post"}],"author":[{"embeddable":true,"href":"https:\/\/blog.zeit.de\/open-data\/wp-json\/wp\/v2\/users\/305"}],"replies":[{"embeddable":true,"href":"https:\/\/blog.zeit.de\/open-data\/wp-json\/wp\/v2\/comments?post=982"}],"version-history":[{"count":16,"href":"https:\/\/blog.zeit.de\/open-data\/wp-json\/wp\/v2\/posts\/982\/revisions"}],"predecessor-version":[{"id":1003,"href":"https:\/\/blog.zeit.de\/open-data\/wp-json\/wp\/v2\/posts\/982\/revisions\/1003"}],"wp:attachment":[{"href":"https:\/\/blog.zeit.de\/open-data\/wp-json\/wp\/v2\/media?parent=982"}],"wp:term":[{"taxonomy":"category","embeddable":true,"href":"https:\/\/blog.zeit.de\/open-data\/wp-json\/wp\/v2\/categories?post=982"},{"taxonomy":"post_tag","embeddable":true,"href":"https:\/\/blog.zeit.de\/open-data\/wp-json\/wp\/v2\/tags?post=982"}],"curies":[{"name":"wp","href":"https:\/\/api.w.org\/{rel}","templated":true}]}}