{"id":1030,"date":"2012-11-29T12:33:50","date_gmt":"2012-11-29T11:33:50","guid":{"rendered":"http:\/\/blog.zeit.de\/ost\/?p=1030"},"modified":"2012-12-03T00:40:26","modified_gmt":"2012-12-02T23:40:26","slug":"kein-doha-fur-die-dorfer","status":"publish","type":"post","link":"https:\/\/blog.zeit.de\/ost\/2012\/11\/29\/kein-doha-fur-die-dorfer\/","title":{"rendered":"Kein Doha f\u00fcr die D\u00f6rfer"},"content":{"rendered":"<p>Ja, die gro\u00dfen Probleme &#8211; Klimaerw\u00e4rmung und demografischer Wandel &#8211; kann niemand allein bew\u00e4ltigen. L\u00f6sungen laufen hier \u00fcber Einsichten, Absprachen, Vernunft und Verzicht. Am besten \u00fcberregional und weltweit. Aber nat\u00fcrlich auch national.<\/p>\n<p>Vor wenigen Tagen gab es dazu eine deutsche Konferenz, eine Art Regionalaustausch vor dem globalen Treffen in <a href=\"http:\/\/www.zeit.de\/wirtschaft\/2012-11\/klimakonferenz-doha\" title=\"Doha\" target=\"_blank\">Doha<\/a>. Die Veranstaltung hatte dabei alles, was man sich w\u00fcnscht: einen gro\u00dfen Veranstalter &#8211; das Bundesbauministerium- und einen starken Partner &#8211; den Deutschen St\u00e4dtetag. Au\u00dferdem hatte sie einen englischen Titel, der nach Aufbruch klingt: <a href=\"http:\/\/www.bmvbs.de\/DE\/StadtUndLand\/StaedtischeEnergien\/staedtische-energien_node.html\" title=\"Urban Energies\" target=\"_blank\">Urban Energies<\/a>. Nicht zu vergessen der Veranstaltungsort, wie geschaffen daf\u00fcr: das Haus der Kulturen der Welt in Berlin. <!--more--><\/p>\n<p>Es gab die Begr\u00fc\u00dfung der mehr als 1000 Teilnehmer durch den Minister, Peter Ramsauer, und es gab zukunftsweisende Worte durch den EU-Kommissar f\u00fcr Energie, G\u00fcnther Oettinger. Dann folgten Vortr\u00e4ge, Debatten, Reden, Auszeichnungen und sogar die Vorstellung eines Jugendprojekts. Das Programm war ambitioniert, die Berichtsresonanz in den deutschen Medien bescheiden. <\/p>\n<p>Auch der Teilnehmerkreis war \u00e4hnlich wie der in Doha: Wissenschaftler mit ihren Expertisen, Politiker mit ihrer Entscheidungs- und Planungsbefugnis, offizielle Wirtschaftsvertreter und nat\u00fcrlich auch die Strippenzieher, die Lobbyisten und <a href=\"http:\/\/www.zeit.de\/2012\/48\/Klimawandel-Marc-Morano-Lobby-Klimaskeptiker\" title=\"Bedenkentr\u00e4ger der Industrie\" target=\"_blank\">Bedenkentr\u00e4ger der Industrie<\/a>, die f\u00fcr jede diskutierte Regelung den geldwerten Nachteil errechnen und die Verhinderungsmaschinerie anwerfen. <\/p>\n<p>Was wurde diskutiert? &#8211; Es gab Runden \u00fcber &#8222;Zukunftsaufgaben der St\u00e4dte&#8220;, &#8222;Innovative Technologien&#8220;, &#8222;Globalisierung und Nachbarschaft&#8220;, &#8222;Intelligente Kommunikation&#8220; und &#8222;Nachhaltigkeit&#8220;. Allerdings: &#8222;Einkaufen&#8220;, &#8222;Ortsfeste feiern&#8220;, &#8222;Sporttreiben&#8220;, &#8222;Schulunterricht&#8220;, &#8222;Handynetz haben&#8220;, &#8222;Arzt in der N\u00e4he&#8220; geh\u00f6rten nicht zu den &#8222;Urban Energies&#8220; der Konferenz. Es ging eher um das gro\u00dfe Ganze.<\/p>\n<p>Und kam auch jemand aus dem Osten? &#8211; Ja. Vor allem die Landesministerien, Gro\u00dfst\u00e4dte und Unis schickten Vertreter, auch eine Handvoll Kleinst\u00e4dte und ganz, ganz wenig Landkreise. <\/p>\n<p>Aus K\u00f6then kam Stadtplanerin Kerstin Jirsch. Die Architektin zeigte sich begeistert: &#8222;Weiterbildung war das, ganz einfach.&#8220; Obwohl das aber so einfach und klar erscheint, sei es offenbar nicht wichtig in anderen Landkreisen und Gemeinden, denn Kollegen traf sie wenige, so Jirsch. <\/p>\n<p>K\u00f6then hatte vor einigen Jahren auf sich aufmerksam gemacht, als die Stadt innerhalb der <a href=\"http:\/\/www.koethen-anhalt.de\/de\/?id=104003000043\" title=\"IBA\" target=\"_blank\">IBA<\/a> f\u00fcr sich warb als Stadt der Hom\u00f6opathie und dabei Vorschl\u00e4ge und Anst\u00f6\u00dfe zur Selbstheilung f\u00fcr schrumpfende St\u00e4dte gab. Und heute? &#8211; &#8222;Die Akzeptanz ist schwierig&#8220;, lautet das vorsichtige Fazit von Stadtplanerin Jirsch.<\/p>\n<p>Ist K\u00f6then zu klein, dass man seine N\u00f6te nicht h\u00f6rt? &#8211; Wahrscheinlich ist K\u00f6then zu klein. Denn viel mehr als um Abwanderung und Entsiedlung der kleinen St\u00e4dte und Landregionen geht es medial derzeit um teure Gro\u00dfstadtmieten, \u00dcberlandleitungen und neue Mautstrecken.<\/p>\n","protected":false},"excerpt":{"rendered":"<p>Ja, die gro\u00dfen Probleme &#8211; Klimaerw\u00e4rmung und demografischer Wandel &#8211; kann niemand allein bew\u00e4ltigen. L\u00f6sungen laufen hier \u00fcber Einsichten, Absprachen, Vernunft und Verzicht. Am besten \u00fcberregional und weltweit. Aber nat\u00fcrlich auch national. Vor wenigen Tagen gab es dazu eine deutsche Konferenz, eine Art Regionalaustausch vor dem globalen Treffen in Doha. Die Veranstaltung hatte dabei alles, [&hellip;]<\/p>\n","protected":false},"author":383,"featured_media":0,"comment_status":"open","ping_status":"open","sticky":false,"template":"","format":"standard","meta":{"_jetpack_memberships_contains_paid_content":false,"footnotes":""},"categories":[16],"tags":[23629,23630,21247,23627,1730,22341,23628,1457,23631],"class_list":["post-1030","post","type-post","status-publish","format-standard","hentry","category-allgemein","tag-bundesbauministerium","tag-doha","tag-investitionen","tag-kothen","tag-ostdeutschland","tag-osten","tag-ramsauer","tag-sachsen-anhalt","tag-urban-energies"],"yoast_head":"<!-- This site is optimized with the Yoast SEO plugin v21.0 - https:\/\/yoast.com\/wordpress\/plugins\/seo\/ -->\n<title>Kein Doha f\u00fcr die D\u00f6rfer - Ost-Blog<\/title>\n<meta name=\"robots\" content=\"index, follow, max-snippet:-1, max-image-preview:large, max-video-preview:-1\" \/>\n<link rel=\"canonical\" href=\"https:\/\/blog.zeit.de\/ost\/2012\/11\/29\/kein-doha-fur-die-dorfer\/\" \/>\n<meta property=\"og:locale\" content=\"de_DE\" \/>\n<meta property=\"og:type\" content=\"article\" \/>\n<meta property=\"og:title\" content=\"Kein Doha f\u00fcr die D\u00f6rfer - Ost-Blog\" \/>\n<meta property=\"og:description\" content=\"Ja, die gro\u00dfen Probleme &#8211; Klimaerw\u00e4rmung und demografischer Wandel &#8211; kann niemand allein bew\u00e4ltigen. L\u00f6sungen laufen hier \u00fcber Einsichten, Absprachen, Vernunft und Verzicht. Am besten \u00fcberregional und weltweit. Aber nat\u00fcrlich auch national. Vor wenigen Tagen gab es dazu eine deutsche Konferenz, eine Art Regionalaustausch vor dem globalen Treffen in Doha. Die Veranstaltung hatte dabei alles, [&hellip;]\" \/>\n<meta property=\"og:url\" content=\"https:\/\/blog.zeit.de\/ost\/2012\/11\/29\/kein-doha-fur-die-dorfer\/\" \/>\n<meta property=\"og:site_name\" content=\"Ost-Blog\" \/>\n<meta property=\"article:published_time\" content=\"2012-11-29T11:33:50+00:00\" \/>\n<meta property=\"article:modified_time\" content=\"2012-12-02T23:40:26+00:00\" \/>\n<meta name=\"author\" content=\"Stefan Ruwoldt\" \/>\n<meta name=\"twitter:card\" content=\"summary_large_image\" \/>\n<meta name=\"twitter:label1\" content=\"Geschrieben von\" \/>\n\t<meta name=\"twitter:data1\" content=\"Stefan Ruwoldt\" \/>\n\t<meta name=\"twitter:label2\" content=\"Gesch\u00e4tzte Lesezeit\" \/>\n\t<meta name=\"twitter:data2\" content=\"2\u00a0Minuten\" \/>\n<script type=\"application\/ld+json\" class=\"yoast-schema-graph\">{\"@context\":\"https:\/\/schema.org\",\"@graph\":[{\"@type\":\"WebPage\",\"@id\":\"https:\/\/blog.zeit.de\/ost\/2012\/11\/29\/kein-doha-fur-die-dorfer\/\",\"url\":\"https:\/\/blog.zeit.de\/ost\/2012\/11\/29\/kein-doha-fur-die-dorfer\/\",\"name\":\"Kein Doha f\u00fcr die D\u00f6rfer - Ost-Blog\",\"isPartOf\":{\"@id\":\"https:\/\/blog.zeit.de\/ost\/#website\"},\"datePublished\":\"2012-11-29T11:33:50+00:00\",\"dateModified\":\"2012-12-02T23:40:26+00:00\",\"author\":{\"@id\":\"https:\/\/blog.zeit.de\/ost\/#\/schema\/person\/dd5b77c2ba678e67c21b74618de55c3e\"},\"breadcrumb\":{\"@id\":\"https:\/\/blog.zeit.de\/ost\/2012\/11\/29\/kein-doha-fur-die-dorfer\/#breadcrumb\"},\"inLanguage\":\"de\",\"potentialAction\":[{\"@type\":\"ReadAction\",\"target\":[\"https:\/\/blog.zeit.de\/ost\/2012\/11\/29\/kein-doha-fur-die-dorfer\/\"]}]},{\"@type\":\"BreadcrumbList\",\"@id\":\"https:\/\/blog.zeit.de\/ost\/2012\/11\/29\/kein-doha-fur-die-dorfer\/#breadcrumb\",\"itemListElement\":[{\"@type\":\"ListItem\",\"position\":1,\"name\":\"Startseite\",\"item\":\"https:\/\/blog.zeit.de\/ost\/\"},{\"@type\":\"ListItem\",\"position\":2,\"name\":\"Kein Doha f\u00fcr die D\u00f6rfer\"}]},{\"@type\":\"WebSite\",\"@id\":\"https:\/\/blog.zeit.de\/ost\/#website\",\"url\":\"https:\/\/blog.zeit.de\/ost\/\",\"name\":\"Ost-Blog\",\"description\":\"Ostdeutschland ist anders. Wir schreiben dr\u00fcber.\",\"potentialAction\":[{\"@type\":\"SearchAction\",\"target\":{\"@type\":\"EntryPoint\",\"urlTemplate\":\"https:\/\/blog.zeit.de\/ost\/?s={search_term_string}\"},\"query-input\":\"required name=search_term_string\"}],\"inLanguage\":\"de\"},{\"@type\":\"Person\",\"@id\":\"https:\/\/blog.zeit.de\/ost\/#\/schema\/person\/dd5b77c2ba678e67c21b74618de55c3e\",\"name\":\"Stefan Ruwoldt\",\"image\":{\"@type\":\"ImageObject\",\"inLanguage\":\"de\",\"@id\":\"https:\/\/blog.zeit.de\/ost\/#\/schema\/person\/image\/\",\"url\":\"https:\/\/secure.gravatar.com\/avatar\/460d74c245796c7dbc11a8cac2dabf17beaf03be0ad9945625da36782991b17c?s=96&d=mm&r=g\",\"contentUrl\":\"https:\/\/secure.gravatar.com\/avatar\/460d74c245796c7dbc11a8cac2dabf17beaf03be0ad9945625da36782991b17c?s=96&d=mm&r=g\",\"caption\":\"Stefan Ruwoldt\"},\"url\":\"https:\/\/blog.zeit.de\/ost\/author\/sruwoldt\/\"}]}<\/script>\n<!-- \/ Yoast SEO plugin. -->","yoast_head_json":{"title":"Kein Doha f\u00fcr die D\u00f6rfer - Ost-Blog","robots":{"index":"index","follow":"follow","max-snippet":"max-snippet:-1","max-image-preview":"max-image-preview:large","max-video-preview":"max-video-preview:-1"},"canonical":"https:\/\/blog.zeit.de\/ost\/2012\/11\/29\/kein-doha-fur-die-dorfer\/","og_locale":"de_DE","og_type":"article","og_title":"Kein Doha f\u00fcr die D\u00f6rfer - Ost-Blog","og_description":"Ja, die gro\u00dfen Probleme &#8211; Klimaerw\u00e4rmung und demografischer Wandel &#8211; kann niemand allein bew\u00e4ltigen. L\u00f6sungen laufen hier \u00fcber Einsichten, Absprachen, Vernunft und Verzicht. Am besten \u00fcberregional und weltweit. Aber nat\u00fcrlich auch national. Vor wenigen Tagen gab es dazu eine deutsche Konferenz, eine Art Regionalaustausch vor dem globalen Treffen in Doha. Die Veranstaltung hatte dabei alles, [&hellip;]","og_url":"https:\/\/blog.zeit.de\/ost\/2012\/11\/29\/kein-doha-fur-die-dorfer\/","og_site_name":"Ost-Blog","article_published_time":"2012-11-29T11:33:50+00:00","article_modified_time":"2012-12-02T23:40:26+00:00","author":"Stefan Ruwoldt","twitter_card":"summary_large_image","twitter_misc":{"Geschrieben von":"Stefan Ruwoldt","Gesch\u00e4tzte Lesezeit":"2\u00a0Minuten"},"schema":{"@context":"https:\/\/schema.org","@graph":[{"@type":"WebPage","@id":"https:\/\/blog.zeit.de\/ost\/2012\/11\/29\/kein-doha-fur-die-dorfer\/","url":"https:\/\/blog.zeit.de\/ost\/2012\/11\/29\/kein-doha-fur-die-dorfer\/","name":"Kein Doha f\u00fcr die D\u00f6rfer - Ost-Blog","isPartOf":{"@id":"https:\/\/blog.zeit.de\/ost\/#website"},"datePublished":"2012-11-29T11:33:50+00:00","dateModified":"2012-12-02T23:40:26+00:00","author":{"@id":"https:\/\/blog.zeit.de\/ost\/#\/schema\/person\/dd5b77c2ba678e67c21b74618de55c3e"},"breadcrumb":{"@id":"https:\/\/blog.zeit.de\/ost\/2012\/11\/29\/kein-doha-fur-die-dorfer\/#breadcrumb"},"inLanguage":"de","potentialAction":[{"@type":"ReadAction","target":["https:\/\/blog.zeit.de\/ost\/2012\/11\/29\/kein-doha-fur-die-dorfer\/"]}]},{"@type":"BreadcrumbList","@id":"https:\/\/blog.zeit.de\/ost\/2012\/11\/29\/kein-doha-fur-die-dorfer\/#breadcrumb","itemListElement":[{"@type":"ListItem","position":1,"name":"Startseite","item":"https:\/\/blog.zeit.de\/ost\/"},{"@type":"ListItem","position":2,"name":"Kein Doha f\u00fcr die D\u00f6rfer"}]},{"@type":"WebSite","@id":"https:\/\/blog.zeit.de\/ost\/#website","url":"https:\/\/blog.zeit.de\/ost\/","name":"Ost-Blog","description":"Ostdeutschland ist anders. Wir schreiben dr\u00fcber.","potentialAction":[{"@type":"SearchAction","target":{"@type":"EntryPoint","urlTemplate":"https:\/\/blog.zeit.de\/ost\/?s={search_term_string}"},"query-input":"required name=search_term_string"}],"inLanguage":"de"},{"@type":"Person","@id":"https:\/\/blog.zeit.de\/ost\/#\/schema\/person\/dd5b77c2ba678e67c21b74618de55c3e","name":"Stefan Ruwoldt","image":{"@type":"ImageObject","inLanguage":"de","@id":"https:\/\/blog.zeit.de\/ost\/#\/schema\/person\/image\/","url":"https:\/\/secure.gravatar.com\/avatar\/460d74c245796c7dbc11a8cac2dabf17beaf03be0ad9945625da36782991b17c?s=96&d=mm&r=g","contentUrl":"https:\/\/secure.gravatar.com\/avatar\/460d74c245796c7dbc11a8cac2dabf17beaf03be0ad9945625da36782991b17c?s=96&d=mm&r=g","caption":"Stefan Ruwoldt"},"url":"https:\/\/blog.zeit.de\/ost\/author\/sruwoldt\/"}]}},"jetpack_featured_media_url":"","jetpack_sharing_enabled":true,"_links":{"self":[{"href":"https:\/\/blog.zeit.de\/ost\/wp-json\/wp\/v2\/posts\/1030","targetHints":{"allow":["GET"]}}],"collection":[{"href":"https:\/\/blog.zeit.de\/ost\/wp-json\/wp\/v2\/posts"}],"about":[{"href":"https:\/\/blog.zeit.de\/ost\/wp-json\/wp\/v2\/types\/post"}],"author":[{"embeddable":true,"href":"https:\/\/blog.zeit.de\/ost\/wp-json\/wp\/v2\/users\/383"}],"replies":[{"embeddable":true,"href":"https:\/\/blog.zeit.de\/ost\/wp-json\/wp\/v2\/comments?post=1030"}],"version-history":[{"count":13,"href":"https:\/\/blog.zeit.de\/ost\/wp-json\/wp\/v2\/posts\/1030\/revisions"}],"predecessor-version":[{"id":1043,"href":"https:\/\/blog.zeit.de\/ost\/wp-json\/wp\/v2\/posts\/1030\/revisions\/1043"}],"wp:attachment":[{"href":"https:\/\/blog.zeit.de\/ost\/wp-json\/wp\/v2\/media?parent=1030"}],"wp:term":[{"taxonomy":"category","embeddable":true,"href":"https:\/\/blog.zeit.de\/ost\/wp-json\/wp\/v2\/categories?post=1030"},{"taxonomy":"post_tag","embeddable":true,"href":"https:\/\/blog.zeit.de\/ost\/wp-json\/wp\/v2\/tags?post=1030"}],"curies":[{"name":"wp","href":"https:\/\/api.w.org\/{rel}","templated":true}]}}