{"id":1068,"date":"2012-12-08T15:19:09","date_gmt":"2012-12-08T14:19:09","guid":{"rendered":"http:\/\/blog.zeit.de\/ost\/?p=1068"},"modified":"2012-12-13T13:55:12","modified_gmt":"2012-12-13T12:55:12","slug":"die-menschen-gehen-und-die-wolfe-kommen","status":"publish","type":"post","link":"https:\/\/blog.zeit.de\/ost\/2012\/12\/08\/die-menschen-gehen-und-die-wolfe-kommen\/","title":{"rendered":"Die Menschen gehen und die W\u00f6lfe kommen"},"content":{"rendered":"<p>Der Mitteldeutsche Rundfunk hat in seiner Fernsehsendung &#8222;Fakt ist&#8230;!&#8220; am 3. Dezember ein Thema aufgegriffen, dass den Menschen im Osten auf den N\u00e4geln brennt. &#8222;Wie viel Wolf vertr\u00e4gt das Land?&#8220;, fragte  der Sender im Fernsehen und erg\u00e4nzt auf seiner Website noch durch ein Voting zur Frage: <a href=\"http:\/\/www.mdr.de\/fakt-ist\/wolf288.html\" title=\"Geh\u00f6rt der Wolf nach Deutschland?\" target=\"_blank\">Geh\u00f6rt der Wolf nach Deutschland?<\/a><!--more--><\/p>\n<p>Die Sendung ist keine Satire, sondern ernst gemeint. Denn in der Lausitz, also in Sachsen und Brandenburg, und angrenzenden Regionen haben sich in den vergangenen Jahren einige W\u00f6lfe angesiedelt und sorgen seither f\u00fcr Verunsicherung &#8211; besonders bei den <a href=\"http:\/\/www.nordkurier.de\/cmlink\/nordkurier\/lokales\/ueckermuende\/so-toten-keine-hunde-1.512610\" title=\"einheimischen Schafherden und deren Besitzern\" target=\"_blank\">einheimischen Schafherden und deren Besitzern<\/a>. Verfolgt man die \u00f6ffentliche Debatte \u00fcber die Gefahr aus dem Osten &#8211; die Tiere sind vor allem aus Osteuropa eingewandert -, m\u00f6chte man meinen, dass ganze Hundertschaften der b\u00f6sen R\u00e4uber die entv\u00f6lkerten ostdeutschen Lande heimsuchen. &#8222;Wenn die W\u00f6lfe w\u00fcssten, was alles in sie hineininterpretiert wird, m\u00fcssten sie alle zum Psychiater&#8220;, zitiert der MDR die Wolfsforscherin Ilka Reinhardt. Diese Aussage wirkt dann doch irgendwie beruhigend. Denn so viele Isegrimms sind es nun doch nicht, die sich bei uns niedergelassen haben. Der Naturschutzbund Deutschland (NABU) <a href=\"https:\/\/www.nabu.de\/aktionenundprojekte\/wolf\/woelfeindeutschland\/\" title=\"nennt die Zahl von 71 Tieren\" target=\"_blank\">nennt die Zahl von 71 Tieren<\/a>. Die meisten davon leben in Sachsen und Brandenburg, einige aber auch in Mecklenburg-Vorpommern, Sachsen-Anhalt, Schleswig-Holstein und Niedersachsen.<\/p>\n<p>Doch die Berichte \u00fcber die W\u00f6lfe lenken den Blick auf ein Problem: Der Osten verwildert. Zahlreich sind die Klagen \u00fcber Waschb\u00e4renplagen zum Beispiel in Th\u00fcringen, wo die possierlichen Tiere ungeniert M\u00fclltonnen leeren und sich in Kleing\u00e4rten herumtreiben. Und als w\u00e4re das nicht schon Plage genug, war vor einiger Zeit aus Sachsen-Anhalts Landeshauptstadt Magdeburg Irritierendes zu vernehmen. Die Stadtverwaltung plante, im <a href=\"http:\/\/www.volksstimme.de\/nachrichten\/sachsen_anhalt\/903435_Stadt-Magdeburg-macht-Jagd-auf-Wildschweine.html\" title=\"Stadtgebiet Wildschweine zu jagen\" target=\"_blank\">Stadtgebiet Wildschweine zu jagen<\/a>. Das war kein Witz, sondern bitterer Ernst, denn die Tiere spazieren, glaubt man den Berichten, recht fr\u00f6hlich durch einige Stadtviertel. Auch aus anderen St\u00e4dten wie etwa Berlin h\u00f6rt man von Problemen, die allzu forsche Wildschwein-Familien bei ihren Vorst\u00f6\u00dfen ins urbane Revier den dort lebenden Menschen gelegentlich bereiten. Von den Elchen, die fr\u00f6hlich <a href=\"http:\/\/www.tagesspiegel.de\/berlin\/wildwechsel-auf-a10-elch-stirbt-bei-unfall-auf-dem-berliner-ring\/7083422.html\" title=\"die Autobahn \u00fcberqueren und schlimme Verkehrsunf\u00e4lle verursachen\" target=\"_blank\">die Autobahn \u00fcberqueren und schlimme Verkehrsunf\u00e4lle verursachen<\/a>, ganz zu schweigen.<\/p>\n<p>Angesichts dieser Meldungen gewinnen die an sich schon alarmierenden Studien \u00fcber die Abwanderung von Menschen aus Ostdeutschland eine neue Dimension. Die Menschen ziehen weg und die W\u00f6lfe, Waschb\u00e4ren,  Wildschweine und Elche kommen. Das ist be\u00e4ngstigend. Da kann man wirklich nur an die Abgewanderten appellieren: Kommt zur\u00fcck und rettet den Osten vor den wilden Tieren. Sonst steht Ihr eines Tages vor Omas altem Garten und blickt hinter dem Zaun in die grauen, kalten Augen eines Wolfs, der die Z\u00e4hne bleckt und knurrt: &#8222;Verschwinde, das ist jetzt mein Revier.&#8220;<\/p>\n","protected":false},"excerpt":{"rendered":"<p>Der Mitteldeutsche Rundfunk hat in seiner Fernsehsendung &#8222;Fakt ist&#8230;!&#8220; am 3. Dezember ein Thema aufgegriffen, dass den Menschen im Osten auf den N\u00e4geln brennt. &#8222;Wie viel Wolf vertr\u00e4gt das Land?&#8220;, fragte der Sender im Fernsehen und erg\u00e4nzt auf seiner Website noch durch ein Voting zur Frage: Geh\u00f6rt der Wolf nach Deutschland?<\/p>\n","protected":false},"author":373,"featured_media":0,"comment_status":"open","ping_status":"open","sticky":false,"template":"","format":"standard","meta":{"_jetpack_memberships_contains_paid_content":false,"footnotes":""},"categories":[16],"tags":[21309,1451,23661,23499,23665,1456,2109,978,23663,23662,2064],"class_list":["post-1068","post","type-post","status-publish","format-standard","hentry","category-allgemein","tag-abwanderung","tag-brandenburg","tag-lausitz","tag-magdeburg","tag-mitteldeutscher-rundfunk","tag-sachsen","tag-schafe","tag-thuringen","tag-waschbaren","tag-wildschweine","tag-wolfe"],"yoast_head":"<!-- This site is optimized with the Yoast SEO plugin v21.0 - https:\/\/yoast.com\/wordpress\/plugins\/seo\/ -->\n<title>Die Menschen gehen und die W\u00f6lfe kommen - Ost-Blog<\/title>\n<meta name=\"robots\" content=\"index, follow, max-snippet:-1, max-image-preview:large, max-video-preview:-1\" \/>\n<link rel=\"canonical\" href=\"https:\/\/blog.zeit.de\/ost\/2012\/12\/08\/die-menschen-gehen-und-die-wolfe-kommen\/\" \/>\n<meta property=\"og:locale\" content=\"de_DE\" \/>\n<meta property=\"og:type\" content=\"article\" \/>\n<meta property=\"og:title\" content=\"Die Menschen gehen und die W\u00f6lfe kommen - Ost-Blog\" \/>\n<meta property=\"og:description\" content=\"Der Mitteldeutsche Rundfunk hat in seiner Fernsehsendung &#8222;Fakt ist&#8230;!&#8220; am 3. Dezember ein Thema aufgegriffen, dass den Menschen im Osten auf den N\u00e4geln brennt. &#8222;Wie viel Wolf vertr\u00e4gt das Land?&#8220;, fragte der Sender im Fernsehen und erg\u00e4nzt auf seiner Website noch durch ein Voting zur Frage: Geh\u00f6rt der Wolf nach Deutschland?\" \/>\n<meta property=\"og:url\" content=\"https:\/\/blog.zeit.de\/ost\/2012\/12\/08\/die-menschen-gehen-und-die-wolfe-kommen\/\" \/>\n<meta property=\"og:site_name\" content=\"Ost-Blog\" \/>\n<meta property=\"article:published_time\" content=\"2012-12-08T14:19:09+00:00\" \/>\n<meta property=\"article:modified_time\" content=\"2012-12-13T12:55:12+00:00\" \/>\n<meta name=\"author\" content=\"Dirk Reinhardt\" \/>\n<meta name=\"twitter:card\" content=\"summary_large_image\" \/>\n<meta name=\"twitter:label1\" content=\"Geschrieben von\" \/>\n\t<meta name=\"twitter:data1\" content=\"Dirk Reinhardt\" \/>\n\t<meta name=\"twitter:label2\" content=\"Gesch\u00e4tzte Lesezeit\" \/>\n\t<meta name=\"twitter:data2\" content=\"2\u00a0Minuten\" \/>\n<script type=\"application\/ld+json\" class=\"yoast-schema-graph\">{\"@context\":\"https:\/\/schema.org\",\"@graph\":[{\"@type\":\"WebPage\",\"@id\":\"https:\/\/blog.zeit.de\/ost\/2012\/12\/08\/die-menschen-gehen-und-die-wolfe-kommen\/\",\"url\":\"https:\/\/blog.zeit.de\/ost\/2012\/12\/08\/die-menschen-gehen-und-die-wolfe-kommen\/\",\"name\":\"Die Menschen gehen und die W\u00f6lfe kommen - Ost-Blog\",\"isPartOf\":{\"@id\":\"https:\/\/blog.zeit.de\/ost\/#website\"},\"datePublished\":\"2012-12-08T14:19:09+00:00\",\"dateModified\":\"2012-12-13T12:55:12+00:00\",\"author\":{\"@id\":\"https:\/\/blog.zeit.de\/ost\/#\/schema\/person\/86934966b9a3b4d9c853d4ee6429a98d\"},\"breadcrumb\":{\"@id\":\"https:\/\/blog.zeit.de\/ost\/2012\/12\/08\/die-menschen-gehen-und-die-wolfe-kommen\/#breadcrumb\"},\"inLanguage\":\"de\",\"potentialAction\":[{\"@type\":\"ReadAction\",\"target\":[\"https:\/\/blog.zeit.de\/ost\/2012\/12\/08\/die-menschen-gehen-und-die-wolfe-kommen\/\"]}]},{\"@type\":\"BreadcrumbList\",\"@id\":\"https:\/\/blog.zeit.de\/ost\/2012\/12\/08\/die-menschen-gehen-und-die-wolfe-kommen\/#breadcrumb\",\"itemListElement\":[{\"@type\":\"ListItem\",\"position\":1,\"name\":\"Startseite\",\"item\":\"https:\/\/blog.zeit.de\/ost\/\"},{\"@type\":\"ListItem\",\"position\":2,\"name\":\"Die Menschen gehen und die W\u00f6lfe kommen\"}]},{\"@type\":\"WebSite\",\"@id\":\"https:\/\/blog.zeit.de\/ost\/#website\",\"url\":\"https:\/\/blog.zeit.de\/ost\/\",\"name\":\"Ost-Blog\",\"description\":\"Ostdeutschland ist anders. Wir schreiben dr\u00fcber.\",\"potentialAction\":[{\"@type\":\"SearchAction\",\"target\":{\"@type\":\"EntryPoint\",\"urlTemplate\":\"https:\/\/blog.zeit.de\/ost\/?s={search_term_string}\"},\"query-input\":\"required name=search_term_string\"}],\"inLanguage\":\"de\"},{\"@type\":\"Person\",\"@id\":\"https:\/\/blog.zeit.de\/ost\/#\/schema\/person\/86934966b9a3b4d9c853d4ee6429a98d\",\"name\":\"Dirk Reinhardt\",\"image\":{\"@type\":\"ImageObject\",\"inLanguage\":\"de\",\"@id\":\"https:\/\/blog.zeit.de\/ost\/#\/schema\/person\/image\/\",\"url\":\"https:\/\/secure.gravatar.com\/avatar\/7506a4b250dd7ded84912c38fc9969e847107b2cb285c962fd350ee37c5eb18b?s=96&d=mm&r=g\",\"contentUrl\":\"https:\/\/secure.gravatar.com\/avatar\/7506a4b250dd7ded84912c38fc9969e847107b2cb285c962fd350ee37c5eb18b?s=96&d=mm&r=g\",\"caption\":\"Dirk Reinhardt\"},\"url\":\"https:\/\/blog.zeit.de\/ost\/author\/dreinhardt\/\"}]}<\/script>\n<!-- \/ Yoast SEO plugin. -->","yoast_head_json":{"title":"Die Menschen gehen und die W\u00f6lfe kommen - Ost-Blog","robots":{"index":"index","follow":"follow","max-snippet":"max-snippet:-1","max-image-preview":"max-image-preview:large","max-video-preview":"max-video-preview:-1"},"canonical":"https:\/\/blog.zeit.de\/ost\/2012\/12\/08\/die-menschen-gehen-und-die-wolfe-kommen\/","og_locale":"de_DE","og_type":"article","og_title":"Die Menschen gehen und die W\u00f6lfe kommen - Ost-Blog","og_description":"Der Mitteldeutsche Rundfunk hat in seiner Fernsehsendung &#8222;Fakt ist&#8230;!&#8220; am 3. Dezember ein Thema aufgegriffen, dass den Menschen im Osten auf den N\u00e4geln brennt. &#8222;Wie viel Wolf vertr\u00e4gt das Land?&#8220;, fragte der Sender im Fernsehen und erg\u00e4nzt auf seiner Website noch durch ein Voting zur Frage: Geh\u00f6rt der Wolf nach Deutschland?","og_url":"https:\/\/blog.zeit.de\/ost\/2012\/12\/08\/die-menschen-gehen-und-die-wolfe-kommen\/","og_site_name":"Ost-Blog","article_published_time":"2012-12-08T14:19:09+00:00","article_modified_time":"2012-12-13T12:55:12+00:00","author":"Dirk Reinhardt","twitter_card":"summary_large_image","twitter_misc":{"Geschrieben von":"Dirk Reinhardt","Gesch\u00e4tzte Lesezeit":"2\u00a0Minuten"},"schema":{"@context":"https:\/\/schema.org","@graph":[{"@type":"WebPage","@id":"https:\/\/blog.zeit.de\/ost\/2012\/12\/08\/die-menschen-gehen-und-die-wolfe-kommen\/","url":"https:\/\/blog.zeit.de\/ost\/2012\/12\/08\/die-menschen-gehen-und-die-wolfe-kommen\/","name":"Die Menschen gehen und die W\u00f6lfe kommen - Ost-Blog","isPartOf":{"@id":"https:\/\/blog.zeit.de\/ost\/#website"},"datePublished":"2012-12-08T14:19:09+00:00","dateModified":"2012-12-13T12:55:12+00:00","author":{"@id":"https:\/\/blog.zeit.de\/ost\/#\/schema\/person\/86934966b9a3b4d9c853d4ee6429a98d"},"breadcrumb":{"@id":"https:\/\/blog.zeit.de\/ost\/2012\/12\/08\/die-menschen-gehen-und-die-wolfe-kommen\/#breadcrumb"},"inLanguage":"de","potentialAction":[{"@type":"ReadAction","target":["https:\/\/blog.zeit.de\/ost\/2012\/12\/08\/die-menschen-gehen-und-die-wolfe-kommen\/"]}]},{"@type":"BreadcrumbList","@id":"https:\/\/blog.zeit.de\/ost\/2012\/12\/08\/die-menschen-gehen-und-die-wolfe-kommen\/#breadcrumb","itemListElement":[{"@type":"ListItem","position":1,"name":"Startseite","item":"https:\/\/blog.zeit.de\/ost\/"},{"@type":"ListItem","position":2,"name":"Die Menschen gehen und die W\u00f6lfe kommen"}]},{"@type":"WebSite","@id":"https:\/\/blog.zeit.de\/ost\/#website","url":"https:\/\/blog.zeit.de\/ost\/","name":"Ost-Blog","description":"Ostdeutschland ist anders. Wir schreiben dr\u00fcber.","potentialAction":[{"@type":"SearchAction","target":{"@type":"EntryPoint","urlTemplate":"https:\/\/blog.zeit.de\/ost\/?s={search_term_string}"},"query-input":"required name=search_term_string"}],"inLanguage":"de"},{"@type":"Person","@id":"https:\/\/blog.zeit.de\/ost\/#\/schema\/person\/86934966b9a3b4d9c853d4ee6429a98d","name":"Dirk Reinhardt","image":{"@type":"ImageObject","inLanguage":"de","@id":"https:\/\/blog.zeit.de\/ost\/#\/schema\/person\/image\/","url":"https:\/\/secure.gravatar.com\/avatar\/7506a4b250dd7ded84912c38fc9969e847107b2cb285c962fd350ee37c5eb18b?s=96&d=mm&r=g","contentUrl":"https:\/\/secure.gravatar.com\/avatar\/7506a4b250dd7ded84912c38fc9969e847107b2cb285c962fd350ee37c5eb18b?s=96&d=mm&r=g","caption":"Dirk Reinhardt"},"url":"https:\/\/blog.zeit.de\/ost\/author\/dreinhardt\/"}]}},"jetpack_featured_media_url":"","jetpack_sharing_enabled":true,"_links":{"self":[{"href":"https:\/\/blog.zeit.de\/ost\/wp-json\/wp\/v2\/posts\/1068","targetHints":{"allow":["GET"]}}],"collection":[{"href":"https:\/\/blog.zeit.de\/ost\/wp-json\/wp\/v2\/posts"}],"about":[{"href":"https:\/\/blog.zeit.de\/ost\/wp-json\/wp\/v2\/types\/post"}],"author":[{"embeddable":true,"href":"https:\/\/blog.zeit.de\/ost\/wp-json\/wp\/v2\/users\/373"}],"replies":[{"embeddable":true,"href":"https:\/\/blog.zeit.de\/ost\/wp-json\/wp\/v2\/comments?post=1068"}],"version-history":[{"count":22,"href":"https:\/\/blog.zeit.de\/ost\/wp-json\/wp\/v2\/posts\/1068\/revisions"}],"predecessor-version":[{"id":1134,"href":"https:\/\/blog.zeit.de\/ost\/wp-json\/wp\/v2\/posts\/1068\/revisions\/1134"}],"wp:attachment":[{"href":"https:\/\/blog.zeit.de\/ost\/wp-json\/wp\/v2\/media?parent=1068"}],"wp:term":[{"taxonomy":"category","embeddable":true,"href":"https:\/\/blog.zeit.de\/ost\/wp-json\/wp\/v2\/categories?post=1068"},{"taxonomy":"post_tag","embeddable":true,"href":"https:\/\/blog.zeit.de\/ost\/wp-json\/wp\/v2\/tags?post=1068"}],"curies":[{"name":"wp","href":"https:\/\/api.w.org\/{rel}","templated":true}]}}