{"id":1081,"date":"2012-12-13T13:46:49","date_gmt":"2012-12-13T12:46:49","guid":{"rendered":"http:\/\/blog.zeit.de\/ost\/?p=1081"},"modified":"2012-12-19T11:28:32","modified_gmt":"2012-12-19T10:28:32","slug":"publizistische-ost-west-pakete","status":"publish","type":"post","link":"https:\/\/blog.zeit.de\/ost\/2012\/12\/13\/publizistische-ost-west-pakete\/","title":{"rendered":"Publizistische Ost-West-Pakete"},"content":{"rendered":"<p>Journalistisch gesehen die bestverkauftesten Geschichten sind doch immer noch die Entdecker-Stories. F\u00fcr solche Texte, so hei\u00dft es in den Zeitungen, r\u00e4umt man &#8222;im Blatt schon mal &#8217;ne Seite frei&#8220;. Argumentiert wird da mit Worten wie &#8222;&#8217;n sch\u00f6nes Lesest\u00fcck!&#8220; oder &#8222;&#8218;was Buntes, aber mit Tiefgang!&#8220;. Diese kleinen Schm\u00e4ckerchen der journalistischen Schreibkunst werden den Abonnenten nicht immer, aber bevorzugt am Wochenende pr\u00e4sentiert.<\/p>\n<p>Letztens erst hat uns auch die FAZ wieder einmal verw\u00f6hnt mit solch einem heimeligen St\u00fcck, nachdem allerdings die gleichen Helden bereits im <a title=\"Mannheimer Morgen\" href=\"http:\/\/www.morgenweb.de\/region\/mannheimer-morgen\/metropolregion\/briefe-sollen-letzte-mauerreste-abtragen-1.516406\" target=\"_blank\">Mannheimer Morgen<\/a>, im Berliner <a title=\"Tagesspiegel\" href=\"http:\/\/www.tagesspiegel.de\/politik\/geschichte\/wende-die-mauerspringer\/1628592.html\" target=\"_blank\">Tagesspiegel<\/a>, in der <a title=\"Lausitzer Rundschau\" href=\"http:\/\/www.lr-online.de\/kultur\/Deutsch-deutscher-Annaeherungsversuch-in-Cottbus-endet-mit-tumultartigen-Szenen;art1073,3358463\" target=\"_blank\">Lausitzer Rundschau<\/a>, der Chemnitzer <a title=\"Freie Presse\" href=\"http:\/\/www.freiepresse.de\/\" target=\"_blank\">Freien Presse<\/a> und im <a title=\"Neues Deutschland\" href=\"http:\/\/www.neues-deutschland.de\/artikel\/191848.mit-freundlichen-gruessen.html\" target=\"_blank\">Neuen Deutschland<\/a> die Leserherzen erfreut haben: Ost und West vereint bei der journalistischen Themenwahl: &#8222;Eine deutsche Brieffreundschaft&#8220; hie\u00df das <a title=\"FAZ\" href=\"http:\/\/www.faz.net\/\" target=\"_blank\">FAZ<\/a>-Teil.<!--more--><\/p>\n<p>Drei Mal darf man angesichts dieses &#8222;echt total offenen&#8220; Titels raten, wer hier noch Briefe schreibt. &#8211; Richtig, Lehrer und Rentner, genauer: ein ostdeutscher Rentner und ein westdeutscher Lehrer. Und das extra schnuckelige Lesest\u00fcckchen auf der <em>FAZ<\/em>-Seite-Drei war nun was? &#8211; Eine hornalte Story \u00fcber zwei M\u00e4nner, die meinen, man k\u00f6nnte die deutsch-deutschen Unterschiede friedlich l\u00f6sen.<\/p>\n<p>Die beiden Werbetr\u00e4ger der Deutschen Post werden seit Jahren alle paar Montate durch das Zeitungsdorf getrieben, weil sie sich brieflich austauschen \u00fcber den richtigen Weg zum deutschen Gl\u00fcck und weil sie f\u00fcr ihre Pamphlete auch noch einen Buchverlag gefunden haben. Hier soll nun nicht allzu viel verraten werden, nur ein Satz, der die Sch\u00e4rfe und Symbollastigkeit (wichtig f\u00fcr die <em>FAZ<\/em>) des Zeitungsartikels \u00fcber diesen Brief-Austausch zwischen den beiden illustriert: &#8222;Politisch sind sie sich weiter fremd, menschlich verstehen sie sich.&#8220; &#8211; Was sagt man dazu. Da f\u00e4llt einem doch sofort ein: &#8222;Frieden schaffen ohne Waffen!&#8220;<\/p>\n<p>So richtig krachen tut es in dem Beitrag am Schluss, denn da kommt ein Satz, der mit seinem abendf\u00fcllenden Men\u00fc-Anspruch das soeben zitierte S\u00e4tzchen zu einem Appetith\u00e4ppchen verkommen l\u00e4sst: &#8222;Zum Abschied in Speyer gibt er Stenzel [der Ostrentner ist also wirklich zu dem Westlehrer nach Speyer gereist! &#8211; Ist das nicht schon Schweiz?] das neue Buch von Margot Honecker mit. Der packt es ohne \u00e4u\u00dfere Regung ein.&#8220; &#8211; Na, bitte, das nennt man dann doch einen guten FAZ-Schluss: Der Ostbesuch hat den gedruckten &#8222;Honecker&#8220; im Handgep\u00e4ck auf seiner Westreise, was denn sonst.<\/p>\n<p>Einen \u00e4hnlich guten Riecher f\u00fcr die Ost-West-Lager-Geschichten aber haben nicht nur Zeitungen und hat nicht nur die <em>FAZ<\/em>. \u00c4hnlich gut aufgestellt ist die Partei <em>Die Linke<\/em>, denn die hat in ihren Reihen eine Journalistin, die Th\u00fcringer Bundestagsabgeordnete und Ex-Hessischer-Rundfunk-Chefredakteurin <a title=\"Luc Jochimsen\" href=\"http:\/\/lukrezia-jochimsen.de\/tagebuch\/10-2012\/ein-besuch-aus-speyer-und-dessen-besondere-vorgeschichte\/\" target=\"_blank\">Luc Jochimsen<\/a>: Auch die hatte nat\u00fcrlich von dem briefschreibenden Westlehrer und dem Ostjuristen geh\u00f6rt, hatte sie getroffen und vor wenigen Tagen nun den Lehrer samt Sch\u00fclern nach Weimar eingeladen und mit ihnen diskutiert.<\/p>\n<p>Ist gegen so viel Aufkl\u00e4rung, Information und Verst\u00e4ndigung nun &#8218;was zu sagen? Warum meckern, wenn alle Briefe schreiben, lesen, zuh\u00f6ren, sich gegenseitig besuchen, Kinder mitbringen und B\u00fccher verschenken? Was also ist noch offen nach so viel V\u00f6lkerverst\u00e4ndigung? &#8211; Richtig, die Frage, welches schicke Buch nun der Lehrer aus Speyer in Th\u00fcringen gelassen hat. Aber das ist die n\u00e4chste Wochenend-Geschichte.<\/p>\n","protected":false},"excerpt":{"rendered":"<p>Journalistisch gesehen die bestverkauftesten Geschichten sind doch immer noch die Entdecker-Stories. F\u00fcr solche Texte, so hei\u00dft es in den Zeitungen, r\u00e4umt man &#8222;im Blatt schon mal &#8217;ne Seite frei&#8220;. Argumentiert wird da mit Worten wie &#8222;&#8217;n sch\u00f6nes Lesest\u00fcck!&#8220; oder &#8222;&#8218;was Buntes, aber mit Tiefgang!&#8220;. Diese kleinen Schm\u00e4ckerchen der journalistischen Schreibkunst werden den Abonnenten nicht immer, [&hellip;]<\/p>\n","protected":false},"author":383,"featured_media":0,"comment_status":"open","ping_status":"open","sticky":false,"template":"","format":"standard","meta":{"_jetpack_memberships_contains_paid_content":false,"footnotes":""},"categories":[16],"tags":[23483,12595,22440,23649,23646,23652,23651,23647,23650,1730,22341,22399,23653,978,20410,22382,1392],"class_list":["post-1081","post","type-post","status-publish","format-standard","hentry","category-allgemein","tag-alte-bundeslander","tag-ddr","tag-ddr-burger","tag-faz","tag-honecker","tag-jochimsen","tag-nd","tag-neue-bundeslander","tag-neues-deutschland","tag-ostdeutschland","tag-osten","tag-sed","tag-speyer","tag-thuringen","tag-weimar","tag-westen","tag-zeitung"],"yoast_head":"<!-- This site is optimized with the Yoast SEO plugin v21.0 - https:\/\/yoast.com\/wordpress\/plugins\/seo\/ -->\n<title>Publizistische Ost-West-Pakete - Ost-Blog<\/title>\n<meta name=\"robots\" content=\"index, follow, max-snippet:-1, max-image-preview:large, max-video-preview:-1\" \/>\n<link rel=\"canonical\" href=\"https:\/\/blog.zeit.de\/ost\/2012\/12\/13\/publizistische-ost-west-pakete\/\" \/>\n<meta property=\"og:locale\" content=\"de_DE\" \/>\n<meta property=\"og:type\" content=\"article\" \/>\n<meta property=\"og:title\" content=\"Publizistische Ost-West-Pakete - Ost-Blog\" \/>\n<meta property=\"og:description\" content=\"Journalistisch gesehen die bestverkauftesten Geschichten sind doch immer noch die Entdecker-Stories. F\u00fcr solche Texte, so hei\u00dft es in den Zeitungen, r\u00e4umt man &#8222;im Blatt schon mal &#8217;ne Seite frei&#8220;. Argumentiert wird da mit Worten wie &#8222;&#8217;n sch\u00f6nes Lesest\u00fcck!&#8220; oder &#8222;&#8218;was Buntes, aber mit Tiefgang!&#8220;. Diese kleinen Schm\u00e4ckerchen der journalistischen Schreibkunst werden den Abonnenten nicht immer, [&hellip;]\" \/>\n<meta property=\"og:url\" content=\"https:\/\/blog.zeit.de\/ost\/2012\/12\/13\/publizistische-ost-west-pakete\/\" \/>\n<meta property=\"og:site_name\" content=\"Ost-Blog\" \/>\n<meta property=\"article:published_time\" content=\"2012-12-13T12:46:49+00:00\" \/>\n<meta property=\"article:modified_time\" content=\"2012-12-19T10:28:32+00:00\" \/>\n<meta name=\"author\" content=\"Stefan Ruwoldt\" \/>\n<meta name=\"twitter:card\" content=\"summary_large_image\" \/>\n<meta name=\"twitter:label1\" content=\"Geschrieben von\" \/>\n\t<meta name=\"twitter:data1\" content=\"Stefan Ruwoldt\" \/>\n\t<meta name=\"twitter:label2\" content=\"Gesch\u00e4tzte Lesezeit\" \/>\n\t<meta name=\"twitter:data2\" content=\"3\u00a0Minuten\" \/>\n<script type=\"application\/ld+json\" class=\"yoast-schema-graph\">{\"@context\":\"https:\/\/schema.org\",\"@graph\":[{\"@type\":\"WebPage\",\"@id\":\"https:\/\/blog.zeit.de\/ost\/2012\/12\/13\/publizistische-ost-west-pakete\/\",\"url\":\"https:\/\/blog.zeit.de\/ost\/2012\/12\/13\/publizistische-ost-west-pakete\/\",\"name\":\"Publizistische Ost-West-Pakete - Ost-Blog\",\"isPartOf\":{\"@id\":\"https:\/\/blog.zeit.de\/ost\/#website\"},\"datePublished\":\"2012-12-13T12:46:49+00:00\",\"dateModified\":\"2012-12-19T10:28:32+00:00\",\"author\":{\"@id\":\"https:\/\/blog.zeit.de\/ost\/#\/schema\/person\/dd5b77c2ba678e67c21b74618de55c3e\"},\"breadcrumb\":{\"@id\":\"https:\/\/blog.zeit.de\/ost\/2012\/12\/13\/publizistische-ost-west-pakete\/#breadcrumb\"},\"inLanguage\":\"de\",\"potentialAction\":[{\"@type\":\"ReadAction\",\"target\":[\"https:\/\/blog.zeit.de\/ost\/2012\/12\/13\/publizistische-ost-west-pakete\/\"]}]},{\"@type\":\"BreadcrumbList\",\"@id\":\"https:\/\/blog.zeit.de\/ost\/2012\/12\/13\/publizistische-ost-west-pakete\/#breadcrumb\",\"itemListElement\":[{\"@type\":\"ListItem\",\"position\":1,\"name\":\"Startseite\",\"item\":\"https:\/\/blog.zeit.de\/ost\/\"},{\"@type\":\"ListItem\",\"position\":2,\"name\":\"Publizistische Ost-West-Pakete\"}]},{\"@type\":\"WebSite\",\"@id\":\"https:\/\/blog.zeit.de\/ost\/#website\",\"url\":\"https:\/\/blog.zeit.de\/ost\/\",\"name\":\"Ost-Blog\",\"description\":\"Ostdeutschland ist anders. Wir schreiben dr\u00fcber.\",\"potentialAction\":[{\"@type\":\"SearchAction\",\"target\":{\"@type\":\"EntryPoint\",\"urlTemplate\":\"https:\/\/blog.zeit.de\/ost\/?s={search_term_string}\"},\"query-input\":\"required name=search_term_string\"}],\"inLanguage\":\"de\"},{\"@type\":\"Person\",\"@id\":\"https:\/\/blog.zeit.de\/ost\/#\/schema\/person\/dd5b77c2ba678e67c21b74618de55c3e\",\"name\":\"Stefan Ruwoldt\",\"image\":{\"@type\":\"ImageObject\",\"inLanguage\":\"de\",\"@id\":\"https:\/\/blog.zeit.de\/ost\/#\/schema\/person\/image\/\",\"url\":\"https:\/\/secure.gravatar.com\/avatar\/460d74c245796c7dbc11a8cac2dabf17beaf03be0ad9945625da36782991b17c?s=96&d=mm&r=g\",\"contentUrl\":\"https:\/\/secure.gravatar.com\/avatar\/460d74c245796c7dbc11a8cac2dabf17beaf03be0ad9945625da36782991b17c?s=96&d=mm&r=g\",\"caption\":\"Stefan Ruwoldt\"},\"url\":\"https:\/\/blog.zeit.de\/ost\/author\/sruwoldt\/\"}]}<\/script>\n<!-- \/ Yoast SEO plugin. -->","yoast_head_json":{"title":"Publizistische Ost-West-Pakete - Ost-Blog","robots":{"index":"index","follow":"follow","max-snippet":"max-snippet:-1","max-image-preview":"max-image-preview:large","max-video-preview":"max-video-preview:-1"},"canonical":"https:\/\/blog.zeit.de\/ost\/2012\/12\/13\/publizistische-ost-west-pakete\/","og_locale":"de_DE","og_type":"article","og_title":"Publizistische Ost-West-Pakete - Ost-Blog","og_description":"Journalistisch gesehen die bestverkauftesten Geschichten sind doch immer noch die Entdecker-Stories. F\u00fcr solche Texte, so hei\u00dft es in den Zeitungen, r\u00e4umt man &#8222;im Blatt schon mal &#8217;ne Seite frei&#8220;. Argumentiert wird da mit Worten wie &#8222;&#8217;n sch\u00f6nes Lesest\u00fcck!&#8220; oder &#8222;&#8218;was Buntes, aber mit Tiefgang!&#8220;. Diese kleinen Schm\u00e4ckerchen der journalistischen Schreibkunst werden den Abonnenten nicht immer, [&hellip;]","og_url":"https:\/\/blog.zeit.de\/ost\/2012\/12\/13\/publizistische-ost-west-pakete\/","og_site_name":"Ost-Blog","article_published_time":"2012-12-13T12:46:49+00:00","article_modified_time":"2012-12-19T10:28:32+00:00","author":"Stefan Ruwoldt","twitter_card":"summary_large_image","twitter_misc":{"Geschrieben von":"Stefan Ruwoldt","Gesch\u00e4tzte Lesezeit":"3\u00a0Minuten"},"schema":{"@context":"https:\/\/schema.org","@graph":[{"@type":"WebPage","@id":"https:\/\/blog.zeit.de\/ost\/2012\/12\/13\/publizistische-ost-west-pakete\/","url":"https:\/\/blog.zeit.de\/ost\/2012\/12\/13\/publizistische-ost-west-pakete\/","name":"Publizistische Ost-West-Pakete - Ost-Blog","isPartOf":{"@id":"https:\/\/blog.zeit.de\/ost\/#website"},"datePublished":"2012-12-13T12:46:49+00:00","dateModified":"2012-12-19T10:28:32+00:00","author":{"@id":"https:\/\/blog.zeit.de\/ost\/#\/schema\/person\/dd5b77c2ba678e67c21b74618de55c3e"},"breadcrumb":{"@id":"https:\/\/blog.zeit.de\/ost\/2012\/12\/13\/publizistische-ost-west-pakete\/#breadcrumb"},"inLanguage":"de","potentialAction":[{"@type":"ReadAction","target":["https:\/\/blog.zeit.de\/ost\/2012\/12\/13\/publizistische-ost-west-pakete\/"]}]},{"@type":"BreadcrumbList","@id":"https:\/\/blog.zeit.de\/ost\/2012\/12\/13\/publizistische-ost-west-pakete\/#breadcrumb","itemListElement":[{"@type":"ListItem","position":1,"name":"Startseite","item":"https:\/\/blog.zeit.de\/ost\/"},{"@type":"ListItem","position":2,"name":"Publizistische Ost-West-Pakete"}]},{"@type":"WebSite","@id":"https:\/\/blog.zeit.de\/ost\/#website","url":"https:\/\/blog.zeit.de\/ost\/","name":"Ost-Blog","description":"Ostdeutschland ist anders. Wir schreiben dr\u00fcber.","potentialAction":[{"@type":"SearchAction","target":{"@type":"EntryPoint","urlTemplate":"https:\/\/blog.zeit.de\/ost\/?s={search_term_string}"},"query-input":"required name=search_term_string"}],"inLanguage":"de"},{"@type":"Person","@id":"https:\/\/blog.zeit.de\/ost\/#\/schema\/person\/dd5b77c2ba678e67c21b74618de55c3e","name":"Stefan Ruwoldt","image":{"@type":"ImageObject","inLanguage":"de","@id":"https:\/\/blog.zeit.de\/ost\/#\/schema\/person\/image\/","url":"https:\/\/secure.gravatar.com\/avatar\/460d74c245796c7dbc11a8cac2dabf17beaf03be0ad9945625da36782991b17c?s=96&d=mm&r=g","contentUrl":"https:\/\/secure.gravatar.com\/avatar\/460d74c245796c7dbc11a8cac2dabf17beaf03be0ad9945625da36782991b17c?s=96&d=mm&r=g","caption":"Stefan Ruwoldt"},"url":"https:\/\/blog.zeit.de\/ost\/author\/sruwoldt\/"}]}},"jetpack_featured_media_url":"","jetpack_sharing_enabled":true,"_links":{"self":[{"href":"https:\/\/blog.zeit.de\/ost\/wp-json\/wp\/v2\/posts\/1081","targetHints":{"allow":["GET"]}}],"collection":[{"href":"https:\/\/blog.zeit.de\/ost\/wp-json\/wp\/v2\/posts"}],"about":[{"href":"https:\/\/blog.zeit.de\/ost\/wp-json\/wp\/v2\/types\/post"}],"author":[{"embeddable":true,"href":"https:\/\/blog.zeit.de\/ost\/wp-json\/wp\/v2\/users\/383"}],"replies":[{"embeddable":true,"href":"https:\/\/blog.zeit.de\/ost\/wp-json\/wp\/v2\/comments?post=1081"}],"version-history":[{"count":5,"href":"https:\/\/blog.zeit.de\/ost\/wp-json\/wp\/v2\/posts\/1081\/revisions"}],"predecessor-version":[{"id":1178,"href":"https:\/\/blog.zeit.de\/ost\/wp-json\/wp\/v2\/posts\/1081\/revisions\/1178"}],"wp:attachment":[{"href":"https:\/\/blog.zeit.de\/ost\/wp-json\/wp\/v2\/media?parent=1081"}],"wp:term":[{"taxonomy":"category","embeddable":true,"href":"https:\/\/blog.zeit.de\/ost\/wp-json\/wp\/v2\/categories?post=1081"},{"taxonomy":"post_tag","embeddable":true,"href":"https:\/\/blog.zeit.de\/ost\/wp-json\/wp\/v2\/tags?post=1081"}],"curies":[{"name":"wp","href":"https:\/\/api.w.org\/{rel}","templated":true}]}}