{"id":1187,"date":"2012-12-24T19:52:47","date_gmt":"2012-12-24T18:52:47","guid":{"rendered":"http:\/\/blog.zeit.de\/ost\/?p=1187"},"modified":"2012-12-29T13:09:00","modified_gmt":"2012-12-29T12:09:00","slug":"melodios-nach-hause-oder-aigaifjuhmaihaht","status":"publish","type":"post","link":"https:\/\/blog.zeit.de\/ost\/2012\/12\/24\/melodios-nach-hause-oder-aigaifjuhmaihaht\/","title":{"rendered":"Melodi\u00f6s nach Hause oder &#8222;&#8230;aigaifjuhmaihaht&#8220;"},"content":{"rendered":"<p>Weihnachten ist das Fest der \u2026 Lieder, richtig. Die Menschen singen. Einige tun das in der Gemeinschaft, die meisten aber allein. Zun\u00e4chst einmal. <\/p>\n<p>Bevor viele Deutsche ihre F\u00fc\u00dfe unter die geschm\u00fcckte Tanne strecken k\u00f6nnen, m\u00fcssen sie heimfahren: Zur\u00fcck zu Mutti&#038;Papa, Oma&#038;Opa oder zu anderen Liebenden geht es f\u00fcr viele von ihnen \u00fcber die A2\/4\/9\/11 in den tiefen Osten. Und auf dem Weg dahin wird hinterm Lenkrad gesungen.<!--more--><\/p>\n<p>Was da genau geschmettert wird, muss sich jeder selber ausmalen, Erhebungen gibt es keine. Christliches Liedgut jedenfalls ist bei den ostdeutschen Heimfahrern nicht angesagt, so viel steht fest, denn der deutsche Osten ist ohne <a href=\"http:\/\/www.sueddeutsche.de\/u5F38a\/1040450\/Glaube-global.html\" title=\"Glaube\" target=\"_blank\">Glaube<\/a>, oder bleiben wir korrekt: Er ist konfessionslos. Die F\u00fcnf Neuen L\u00e4nder (FNL) bewegen sich klar in der weltweiten Spitzengruppe der Ungl\u00e4ubigen irgendwo auf der H\u00f6he von Estland (60 Prozent) und bundeslandweise sogar noch hinter Tschechien (76 Prozent), gemittelt etwa zu vergleichen mit dem Nordkorea-Niveau: 71 Prozent. <\/p>\n<p>Und was singt der Ungl\u00e4ubige auf der Reise aus den Jobmetropolen des Westens in die Heimat der Herzen? &#8211; &#8222;Lahstkrismis&#8220;, &#8222;Nausatitskrismis&#8220; oder &#8222;Andasekrismistrie&#8220; wahrscheinlich, angstiftet von Radio PSR, MDR 1 Radio Th\u00fcringen oder Hitradio. Beim Schmettern dieser und anderer semi-religi\u00f6ser <em>smash hits<\/em> malen sich die Heimfahrer aus, was ihnen der Weihnachtsmann so alles unter den Baum legen k\u00f6nnte. Sie k\u00fcmmert weder das Lukas- noch das Matth\u00e4us-Evangelium und Krippenspiele kennen sie meist nur von den Generalprobennachmittagen ihrer Patenkinder in den Vorweihnachtswochen. &#8211; H\u00f6rt sich rabaukenhaft und <a href=\"http:\/\/www.zeit.de\/2012\/47\/Ostdeutschland-Glaube-Gott-Contra\" title=\"ungl\u00e4ubig\" target=\"_blank\">ungl\u00e4ubig<\/a> an? &#8211; Richtig, ist es auch, aber der Osten will und macht es nicht anders, jedenfalls glaubensstatistisch. <\/p>\n<p>Nat\u00fcrlich versuchen die Gemeinden gegenzusteuern und hoffen dabei immer wieder auch auf Weihnachten, weil sich die Menschen in den FNL dann irgendwie an irgendwas erinnern. Sie versuchen dann rauszukriegen, wie nun der Weihnachtsmann und der erste Feiertag zusammenh\u00e4ngen und gehen auf der Suche nach Santa in die Kirche. (Wo er aber auch nicht ist.) <\/p>\n<p>Unterst\u00fctzung f\u00fcr den Glauben naht aus der Popul\u00e4rkultur und \u2013 man glaubt es kaum \u2013 vom Sport: Tief im Berliner Osten singen die  Anh\u00e4nger des Fu\u00dfballgottes bewaffnet mit Kerzen und Gl\u00fchwein Weihnachtslieder derart begeistert, dass man glauben k\u00f6nnte, Kaiser Augustus kommt aus den FNL. Tausende Anh\u00e4nger des <a href=\"http:\/\/www.fc-union-berlin.de\/verein\/aktuelle-meldungen\/details\/Besinnliche-Klaenge-vor-vollen-Raengen-22-500-Unioner-und-Gaeste-beim-10-Weihnachtssingen-im-Stadion-An-der-Alten-Foersterei-559Y\/\" title=\"1. FC Union Berlin\" target=\"_blank\">1. FC Union Berlin<\/a> (in diesem Jahr 22.500) kommen seit neun Jahren, also traditionell, zum so genannten Weihnachtssingen ins Heimstadion des Vereins in der Wuhlheide und schmettern dabei &#8211; nach einigem Warmsingen mit der Nina-Hagen-Vereinshymne \u2013 christliche Lieder, dass es den anwesenden Geistlichen die G\u00e4nsehaut auf den R\u00fccken treibt und sogar die Tagesschau (ungl\u00e4ubig) berichtet.<\/p>\n<p>Ja, nun ist dieses fu\u00dfballernde Weihnachtssingen kein Gottesdienst und selbst das dabei in diesem Jahr abgehaltene Krippenspiel ist f\u00fcr die meisten genauso wenig mit dem Neuen Testament verbunden wie ein Fu\u00dfballschuh, aber immerhin: Kerzen, Gemeinschaft, Andachtsstimmung, Gesang und Liturgie. &#8222;Driving Home for Christmas&#8220; &#8211; im Osten singt man das am lautst\u00e4rksten in K\u00f6penick \u2013 f\u00fcr viele Ostberliner Fu\u00dfballfans eine Glaubensfrage. Immerhin.<\/p>\n","protected":false},"excerpt":{"rendered":"<p>Weihnachten ist das Fest der \u2026 Lieder, richtig. Die Menschen singen. Einige tun das in der Gemeinschaft, die meisten aber allein. Zun\u00e4chst einmal. Bevor viele Deutsche ihre F\u00fc\u00dfe unter die geschm\u00fcckte Tanne strecken k\u00f6nnen, m\u00fcssen sie heimfahren: Zur\u00fcck zu Mutti&#038;Papa, Oma&#038;Opa oder zu anderen Liebenden geht es f\u00fcr viele von ihnen \u00fcber die A2\/4\/9\/11 in [&hellip;]<\/p>\n","protected":false},"author":383,"featured_media":0,"comment_status":"open","ping_status":"open","sticky":false,"template":"","format":"standard","meta":{"_jetpack_memberships_contains_paid_content":false,"footnotes":""},"categories":[16],"tags":[249,22440,23667,23647,22429,1730,22341,526,537],"class_list":["post-1187","post","type-post","status-publish","format-standard","hentry","category-allgemein","tag-berlin","tag-ddr-burger","tag-nbl","tag-neue-bundeslander","tag-neue-lander","tag-ostdeutschland","tag-osten","tag-sport","tag-studie"],"yoast_head":"<!-- This site is optimized with the Yoast SEO plugin v21.0 - https:\/\/yoast.com\/wordpress\/plugins\/seo\/ -->\n<title>Melodi\u00f6s nach Hause oder &quot;...aigaifjuhmaihaht&quot; - Ost-Blog<\/title>\n<meta name=\"robots\" content=\"index, follow, max-snippet:-1, max-image-preview:large, max-video-preview:-1\" \/>\n<link rel=\"canonical\" href=\"https:\/\/blog.zeit.de\/ost\/2012\/12\/24\/melodios-nach-hause-oder-aigaifjuhmaihaht\/\" \/>\n<meta property=\"og:locale\" content=\"de_DE\" \/>\n<meta property=\"og:type\" content=\"article\" \/>\n<meta property=\"og:title\" content=\"Melodi\u00f6s nach Hause oder &quot;...aigaifjuhmaihaht&quot; - Ost-Blog\" \/>\n<meta property=\"og:description\" content=\"Weihnachten ist das Fest der \u2026 Lieder, richtig. Die Menschen singen. Einige tun das in der Gemeinschaft, die meisten aber allein. Zun\u00e4chst einmal. Bevor viele Deutsche ihre F\u00fc\u00dfe unter die geschm\u00fcckte Tanne strecken k\u00f6nnen, m\u00fcssen sie heimfahren: Zur\u00fcck zu Mutti&#038;Papa, Oma&#038;Opa oder zu anderen Liebenden geht es f\u00fcr viele von ihnen \u00fcber die A2\/4\/9\/11 in [&hellip;]\" \/>\n<meta property=\"og:url\" content=\"https:\/\/blog.zeit.de\/ost\/2012\/12\/24\/melodios-nach-hause-oder-aigaifjuhmaihaht\/\" \/>\n<meta property=\"og:site_name\" content=\"Ost-Blog\" \/>\n<meta property=\"article:published_time\" content=\"2012-12-24T18:52:47+00:00\" \/>\n<meta property=\"article:modified_time\" content=\"2012-12-29T12:09:00+00:00\" \/>\n<meta name=\"author\" content=\"Stefan Ruwoldt\" \/>\n<meta name=\"twitter:card\" content=\"summary_large_image\" \/>\n<meta name=\"twitter:label1\" content=\"Geschrieben von\" \/>\n\t<meta name=\"twitter:data1\" content=\"Stefan Ruwoldt\" \/>\n\t<meta name=\"twitter:label2\" content=\"Gesch\u00e4tzte Lesezeit\" \/>\n\t<meta name=\"twitter:data2\" content=\"2\u00a0Minuten\" \/>\n<script type=\"application\/ld+json\" class=\"yoast-schema-graph\">{\"@context\":\"https:\/\/schema.org\",\"@graph\":[{\"@type\":\"WebPage\",\"@id\":\"https:\/\/blog.zeit.de\/ost\/2012\/12\/24\/melodios-nach-hause-oder-aigaifjuhmaihaht\/\",\"url\":\"https:\/\/blog.zeit.de\/ost\/2012\/12\/24\/melodios-nach-hause-oder-aigaifjuhmaihaht\/\",\"name\":\"Melodi\u00f6s nach Hause oder \\\"...aigaifjuhmaihaht\\\" - Ost-Blog\",\"isPartOf\":{\"@id\":\"https:\/\/blog.zeit.de\/ost\/#website\"},\"datePublished\":\"2012-12-24T18:52:47+00:00\",\"dateModified\":\"2012-12-29T12:09:00+00:00\",\"author\":{\"@id\":\"https:\/\/blog.zeit.de\/ost\/#\/schema\/person\/dd5b77c2ba678e67c21b74618de55c3e\"},\"breadcrumb\":{\"@id\":\"https:\/\/blog.zeit.de\/ost\/2012\/12\/24\/melodios-nach-hause-oder-aigaifjuhmaihaht\/#breadcrumb\"},\"inLanguage\":\"de\",\"potentialAction\":[{\"@type\":\"ReadAction\",\"target\":[\"https:\/\/blog.zeit.de\/ost\/2012\/12\/24\/melodios-nach-hause-oder-aigaifjuhmaihaht\/\"]}]},{\"@type\":\"BreadcrumbList\",\"@id\":\"https:\/\/blog.zeit.de\/ost\/2012\/12\/24\/melodios-nach-hause-oder-aigaifjuhmaihaht\/#breadcrumb\",\"itemListElement\":[{\"@type\":\"ListItem\",\"position\":1,\"name\":\"Startseite\",\"item\":\"https:\/\/blog.zeit.de\/ost\/\"},{\"@type\":\"ListItem\",\"position\":2,\"name\":\"Melodi\u00f6s nach Hause oder &#8222;&#8230;aigaifjuhmaihaht&#8220;\"}]},{\"@type\":\"WebSite\",\"@id\":\"https:\/\/blog.zeit.de\/ost\/#website\",\"url\":\"https:\/\/blog.zeit.de\/ost\/\",\"name\":\"Ost-Blog\",\"description\":\"Ostdeutschland ist anders. Wir schreiben dr\u00fcber.\",\"potentialAction\":[{\"@type\":\"SearchAction\",\"target\":{\"@type\":\"EntryPoint\",\"urlTemplate\":\"https:\/\/blog.zeit.de\/ost\/?s={search_term_string}\"},\"query-input\":\"required name=search_term_string\"}],\"inLanguage\":\"de\"},{\"@type\":\"Person\",\"@id\":\"https:\/\/blog.zeit.de\/ost\/#\/schema\/person\/dd5b77c2ba678e67c21b74618de55c3e\",\"name\":\"Stefan Ruwoldt\",\"image\":{\"@type\":\"ImageObject\",\"inLanguage\":\"de\",\"@id\":\"https:\/\/blog.zeit.de\/ost\/#\/schema\/person\/image\/\",\"url\":\"https:\/\/secure.gravatar.com\/avatar\/460d74c245796c7dbc11a8cac2dabf17beaf03be0ad9945625da36782991b17c?s=96&d=mm&r=g\",\"contentUrl\":\"https:\/\/secure.gravatar.com\/avatar\/460d74c245796c7dbc11a8cac2dabf17beaf03be0ad9945625da36782991b17c?s=96&d=mm&r=g\",\"caption\":\"Stefan Ruwoldt\"},\"url\":\"https:\/\/blog.zeit.de\/ost\/author\/sruwoldt\/\"}]}<\/script>\n<!-- \/ Yoast SEO plugin. -->","yoast_head_json":{"title":"Melodi\u00f6s nach Hause oder \"...aigaifjuhmaihaht\" - Ost-Blog","robots":{"index":"index","follow":"follow","max-snippet":"max-snippet:-1","max-image-preview":"max-image-preview:large","max-video-preview":"max-video-preview:-1"},"canonical":"https:\/\/blog.zeit.de\/ost\/2012\/12\/24\/melodios-nach-hause-oder-aigaifjuhmaihaht\/","og_locale":"de_DE","og_type":"article","og_title":"Melodi\u00f6s nach Hause oder \"...aigaifjuhmaihaht\" - Ost-Blog","og_description":"Weihnachten ist das Fest der \u2026 Lieder, richtig. Die Menschen singen. Einige tun das in der Gemeinschaft, die meisten aber allein. Zun\u00e4chst einmal. Bevor viele Deutsche ihre F\u00fc\u00dfe unter die geschm\u00fcckte Tanne strecken k\u00f6nnen, m\u00fcssen sie heimfahren: Zur\u00fcck zu Mutti&#038;Papa, Oma&#038;Opa oder zu anderen Liebenden geht es f\u00fcr viele von ihnen \u00fcber die A2\/4\/9\/11 in [&hellip;]","og_url":"https:\/\/blog.zeit.de\/ost\/2012\/12\/24\/melodios-nach-hause-oder-aigaifjuhmaihaht\/","og_site_name":"Ost-Blog","article_published_time":"2012-12-24T18:52:47+00:00","article_modified_time":"2012-12-29T12:09:00+00:00","author":"Stefan Ruwoldt","twitter_card":"summary_large_image","twitter_misc":{"Geschrieben von":"Stefan Ruwoldt","Gesch\u00e4tzte Lesezeit":"2\u00a0Minuten"},"schema":{"@context":"https:\/\/schema.org","@graph":[{"@type":"WebPage","@id":"https:\/\/blog.zeit.de\/ost\/2012\/12\/24\/melodios-nach-hause-oder-aigaifjuhmaihaht\/","url":"https:\/\/blog.zeit.de\/ost\/2012\/12\/24\/melodios-nach-hause-oder-aigaifjuhmaihaht\/","name":"Melodi\u00f6s nach Hause oder \"...aigaifjuhmaihaht\" - Ost-Blog","isPartOf":{"@id":"https:\/\/blog.zeit.de\/ost\/#website"},"datePublished":"2012-12-24T18:52:47+00:00","dateModified":"2012-12-29T12:09:00+00:00","author":{"@id":"https:\/\/blog.zeit.de\/ost\/#\/schema\/person\/dd5b77c2ba678e67c21b74618de55c3e"},"breadcrumb":{"@id":"https:\/\/blog.zeit.de\/ost\/2012\/12\/24\/melodios-nach-hause-oder-aigaifjuhmaihaht\/#breadcrumb"},"inLanguage":"de","potentialAction":[{"@type":"ReadAction","target":["https:\/\/blog.zeit.de\/ost\/2012\/12\/24\/melodios-nach-hause-oder-aigaifjuhmaihaht\/"]}]},{"@type":"BreadcrumbList","@id":"https:\/\/blog.zeit.de\/ost\/2012\/12\/24\/melodios-nach-hause-oder-aigaifjuhmaihaht\/#breadcrumb","itemListElement":[{"@type":"ListItem","position":1,"name":"Startseite","item":"https:\/\/blog.zeit.de\/ost\/"},{"@type":"ListItem","position":2,"name":"Melodi\u00f6s nach Hause oder &#8222;&#8230;aigaifjuhmaihaht&#8220;"}]},{"@type":"WebSite","@id":"https:\/\/blog.zeit.de\/ost\/#website","url":"https:\/\/blog.zeit.de\/ost\/","name":"Ost-Blog","description":"Ostdeutschland ist anders. Wir schreiben dr\u00fcber.","potentialAction":[{"@type":"SearchAction","target":{"@type":"EntryPoint","urlTemplate":"https:\/\/blog.zeit.de\/ost\/?s={search_term_string}"},"query-input":"required name=search_term_string"}],"inLanguage":"de"},{"@type":"Person","@id":"https:\/\/blog.zeit.de\/ost\/#\/schema\/person\/dd5b77c2ba678e67c21b74618de55c3e","name":"Stefan Ruwoldt","image":{"@type":"ImageObject","inLanguage":"de","@id":"https:\/\/blog.zeit.de\/ost\/#\/schema\/person\/image\/","url":"https:\/\/secure.gravatar.com\/avatar\/460d74c245796c7dbc11a8cac2dabf17beaf03be0ad9945625da36782991b17c?s=96&d=mm&r=g","contentUrl":"https:\/\/secure.gravatar.com\/avatar\/460d74c245796c7dbc11a8cac2dabf17beaf03be0ad9945625da36782991b17c?s=96&d=mm&r=g","caption":"Stefan Ruwoldt"},"url":"https:\/\/blog.zeit.de\/ost\/author\/sruwoldt\/"}]}},"jetpack_featured_media_url":"","jetpack_sharing_enabled":true,"_links":{"self":[{"href":"https:\/\/blog.zeit.de\/ost\/wp-json\/wp\/v2\/posts\/1187","targetHints":{"allow":["GET"]}}],"collection":[{"href":"https:\/\/blog.zeit.de\/ost\/wp-json\/wp\/v2\/posts"}],"about":[{"href":"https:\/\/blog.zeit.de\/ost\/wp-json\/wp\/v2\/types\/post"}],"author":[{"embeddable":true,"href":"https:\/\/blog.zeit.de\/ost\/wp-json\/wp\/v2\/users\/383"}],"replies":[{"embeddable":true,"href":"https:\/\/blog.zeit.de\/ost\/wp-json\/wp\/v2\/comments?post=1187"}],"version-history":[{"count":11,"href":"https:\/\/blog.zeit.de\/ost\/wp-json\/wp\/v2\/posts\/1187\/revisions"}],"predecessor-version":[{"id":1251,"href":"https:\/\/blog.zeit.de\/ost\/wp-json\/wp\/v2\/posts\/1187\/revisions\/1251"}],"wp:attachment":[{"href":"https:\/\/blog.zeit.de\/ost\/wp-json\/wp\/v2\/media?parent=1187"}],"wp:term":[{"taxonomy":"category","embeddable":true,"href":"https:\/\/blog.zeit.de\/ost\/wp-json\/wp\/v2\/categories?post=1187"},{"taxonomy":"post_tag","embeddable":true,"href":"https:\/\/blog.zeit.de\/ost\/wp-json\/wp\/v2\/tags?post=1187"}],"curies":[{"name":"wp","href":"https:\/\/api.w.org\/{rel}","templated":true}]}}