{"id":1458,"date":"2013-01-20T11:13:17","date_gmt":"2013-01-20T10:13:17","guid":{"rendered":"http:\/\/blog.zeit.de\/ost\/?p=1458"},"modified":"2013-01-25T13:31:28","modified_gmt":"2013-01-25T12:31:28","slug":"pankower-regierung-verbietet-bie-dees","status":"publish","type":"post","link":"https:\/\/blog.zeit.de\/ost\/2013\/01\/20\/pankower-regierung-verbietet-bie-dees\/","title":{"rendered":"Pankower Regierung verbietet &#8222;Bie Dees&#8220;"},"content":{"rendered":"<p>Ist Berlin noch Osten? &#8211;  Ja, und wie. <\/p>\n<p>Es ist zwar schon einige Jahre her, aber &#8222;lange&#8220; kann man das nun wirklich nicht nennen: Damals, so um die Jahrtausendwende, wurde in Berlin \u00fcber <a href=\"http:\/\/www.schrumpfende-stadt.de\/magazin\/0401\/13mayer.htm\" title=\"Leerstand\" target=\"_blank\">Leerstand<\/a> diskutiert. Nat\u00fcrlich auch woanders im Osten und auch ein bisschen im Westen, aber eben &#8211; und das erscheint heute unwirklich &#8211; in Berlin.<!--more--> <\/p>\n<p>Es gab damals Konzepte \u00fcber &#8222;Zwischennutzungen&#8220;, das Wort &#8222;Kiez&#8220; wurde wieder eingef\u00fchrt, Kultur sollte zum Standortfaktor werden, es gab &#8222;Leuchtturmprojekte&#8220; und Experten sprachen davon, dass sich die Immobilienbesitzer schon aufgrund der Bev\u00f6lkerungsentwicklung daran gew\u00f6hnen m\u00fcssten, dass sie mit ihren &#8222;Objekten&#8220; kleinere Gewinnbr\u00f6tchen backen. Das alles war damals. <\/p>\n<p>Heute ist eine Wohnungsbesichtigung in Berlin eine Art Klassenfahrt f\u00fcr Erwachsene: Am Ende der Gruppenreise durch diese fernen neuen R\u00e4ume bleibt die Erinnerung an eine Phantasiewelt, die man selbst Jahre sp\u00e4ter nie erreichen wird. Ein Jugendtraum.<\/p>\n<p>Wahrscheinlich hat es Berlin ein wenig zu gut gemeint und die Leuchtturm-Strahler zu doll aufgedreht, jedenfalls ist die Stadt wohnungsm\u00e4\u00dfig ausgebucht. Und so denken einige: Lasst uns alles einfach so wie fr\u00fcher machen, als keiner mehr hier wohnen wollte. Und so hat Berlin jetzt beschlossen: &#8222;Neue sind schei\u00dfe!&#8220; Genauer gesagt hat das das Bezirksamt Pankow (eine Verwaltung, die auch das Gentrifikations-Epi-Zentrum Prenzlauer Berg mitverwaltet) noch schnell zum Jahresabschluss 2012 neue <a href=\"http:\/\/bvv.phoenix.uberspace.de\/redmine\/issues\/125\" title=\"Immobilienregeln\" target=\"_blank\"> Immobilienregeln<\/a> zusammengezimmert, die die Mietenhochtreiber fern halten sollen.<\/p>\n<p>Hier ein paar Beispiele der neuen Anti-Immobilienhai-Paragraphen:<br \/>\n1. Einbau eines zweiten Bades \u2013 verboten<br \/>\n2. \u00c4nderung des Grundrisses der Wohnung \u2013 verboten<br \/>\n3. Einbau eines Kamins \u2013 verboten<br \/>\n4. Verbesserung der W\u00e4rmed\u00e4mmung \u2013 kann das Amt verbieten<\/p>\n<p>Das Ganze tr\u00e4gt die \u00dcberschrift: <a href= http:\/\/www.prenzlauerberg-nachrichten.de\/politik\/_\/luxusverbot-fur-prenzlauer-berg-171009.html\" title=\" Pr\u00fcfkriterien f\u00fcr Antr\u00e4ge in den Erhaltungsgebieten\" target=\"_blank\">&#8222;Pr\u00fcfkriterien f\u00fcr Antr\u00e4ge in den Erhaltungsgebieten&#8220;<\/a> und soll dazu dienen, dass die Wohnungen in Pankow und Prenzlauer Berg <a href= http:\/\/www.bmgev.de\/mieterecho\/archiv\/2011\/detailansicht\/article\/ein-zahnloser-tiger.html\" title=\"bezahlbar\" target=\"_blank\">bezahlbar<\/a> bleiben. <\/p>\n<p>Zusammenfassend k\u00f6nnte man vielleicht auch sagen: Unjewaschen, kleen und kalt is schick! Aber das ist nat\u00fcrlich Bl\u00f6dsinn, weil es nicht stimmt. <\/p>\n<p>Statt Neubauten und Investitionen anzuregen und zu befeuern, verh\u00e4ngt Pankow das &#8222;Zweit-Bad-Verbot.&#8220; H\u00f6rt sich an wie Osten. Ist es auch. <\/p>\n<p>Ein Viertel kann man nicht mit Absicht ranzig halten, wenn die Leute es so ranzig nicht mehr wollen. Wer irgendwo wohnt, in diesem Fall in Pankow, geht arbeiten, spart, will davon dann in dem einen Jahr Laminat und im n\u00e4chsten Parkett, zwei Jahre sp\u00e4ter einen Kamin und nach zehn ein &#8222;Bie Dee&#8220;. Und neue &#8222;Bie Dees&#8220; soll es in Pankow nicht geben? &#8211; Das ist doch &#8230;<\/p>\n","protected":false},"excerpt":{"rendered":"<p>Ist Berlin noch Osten? &#8211; Ja, und wie. Es ist zwar schon einige Jahre her, aber &#8222;lange&#8220; kann man das nun wirklich nicht nennen: Damals, so um die Jahrtausendwende, wurde in Berlin \u00fcber Leerstand diskutiert. Nat\u00fcrlich auch woanders im Osten und auch ein bisschen im Westen, aber eben &#8211; und das erscheint heute unwirklich &#8211; [&hellip;]<\/p>\n","protected":false},"author":383,"featured_media":0,"comment_status":"open","ping_status":"open","sticky":false,"template":"","format":"standard","meta":{"_jetpack_memberships_contains_paid_content":false,"footnotes":""},"categories":[16],"tags":[249,23701,1730,22341,23585],"class_list":["post-1458","post","type-post","status-publish","format-standard","hentry","category-allgemein","tag-berlin","tag-miete","tag-ostdeutschland","tag-osten","tag-pankow"],"yoast_head":"<!-- This site is optimized with the Yoast SEO plugin v21.0 - https:\/\/yoast.com\/wordpress\/plugins\/seo\/ -->\n<title>Pankower Regierung verbietet &quot;Bie Dees&quot; - Ost-Blog<\/title>\n<meta name=\"robots\" content=\"index, follow, max-snippet:-1, max-image-preview:large, max-video-preview:-1\" \/>\n<link rel=\"canonical\" href=\"https:\/\/blog.zeit.de\/ost\/2013\/01\/20\/pankower-regierung-verbietet-bie-dees\/\" \/>\n<meta property=\"og:locale\" content=\"de_DE\" \/>\n<meta property=\"og:type\" content=\"article\" \/>\n<meta property=\"og:title\" content=\"Pankower Regierung verbietet &quot;Bie Dees&quot; - Ost-Blog\" \/>\n<meta property=\"og:description\" content=\"Ist Berlin noch Osten? &#8211; Ja, und wie. Es ist zwar schon einige Jahre her, aber &#8222;lange&#8220; kann man das nun wirklich nicht nennen: Damals, so um die Jahrtausendwende, wurde in Berlin \u00fcber Leerstand diskutiert. Nat\u00fcrlich auch woanders im Osten und auch ein bisschen im Westen, aber eben &#8211; und das erscheint heute unwirklich &#8211; [&hellip;]\" \/>\n<meta property=\"og:url\" content=\"https:\/\/blog.zeit.de\/ost\/2013\/01\/20\/pankower-regierung-verbietet-bie-dees\/\" \/>\n<meta property=\"og:site_name\" content=\"Ost-Blog\" \/>\n<meta property=\"article:published_time\" content=\"2013-01-20T10:13:17+00:00\" \/>\n<meta property=\"article:modified_time\" content=\"2013-01-25T12:31:28+00:00\" \/>\n<meta name=\"author\" content=\"Stefan Ruwoldt\" \/>\n<meta name=\"twitter:card\" content=\"summary_large_image\" \/>\n<meta name=\"twitter:label1\" content=\"Geschrieben von\" \/>\n\t<meta name=\"twitter:data1\" content=\"Stefan Ruwoldt\" \/>\n\t<meta name=\"twitter:label2\" content=\"Gesch\u00e4tzte Lesezeit\" \/>\n\t<meta name=\"twitter:data2\" content=\"2\u00a0Minuten\" \/>\n<script type=\"application\/ld+json\" class=\"yoast-schema-graph\">{\"@context\":\"https:\/\/schema.org\",\"@graph\":[{\"@type\":\"WebPage\",\"@id\":\"https:\/\/blog.zeit.de\/ost\/2013\/01\/20\/pankower-regierung-verbietet-bie-dees\/\",\"url\":\"https:\/\/blog.zeit.de\/ost\/2013\/01\/20\/pankower-regierung-verbietet-bie-dees\/\",\"name\":\"Pankower Regierung verbietet \\\"Bie Dees\\\" - Ost-Blog\",\"isPartOf\":{\"@id\":\"https:\/\/blog.zeit.de\/ost\/#website\"},\"datePublished\":\"2013-01-20T10:13:17+00:00\",\"dateModified\":\"2013-01-25T12:31:28+00:00\",\"author\":{\"@id\":\"https:\/\/blog.zeit.de\/ost\/#\/schema\/person\/dd5b77c2ba678e67c21b74618de55c3e\"},\"breadcrumb\":{\"@id\":\"https:\/\/blog.zeit.de\/ost\/2013\/01\/20\/pankower-regierung-verbietet-bie-dees\/#breadcrumb\"},\"inLanguage\":\"de\",\"potentialAction\":[{\"@type\":\"ReadAction\",\"target\":[\"https:\/\/blog.zeit.de\/ost\/2013\/01\/20\/pankower-regierung-verbietet-bie-dees\/\"]}]},{\"@type\":\"BreadcrumbList\",\"@id\":\"https:\/\/blog.zeit.de\/ost\/2013\/01\/20\/pankower-regierung-verbietet-bie-dees\/#breadcrumb\",\"itemListElement\":[{\"@type\":\"ListItem\",\"position\":1,\"name\":\"Startseite\",\"item\":\"https:\/\/blog.zeit.de\/ost\/\"},{\"@type\":\"ListItem\",\"position\":2,\"name\":\"Pankower Regierung verbietet &#8222;Bie Dees&#8220;\"}]},{\"@type\":\"WebSite\",\"@id\":\"https:\/\/blog.zeit.de\/ost\/#website\",\"url\":\"https:\/\/blog.zeit.de\/ost\/\",\"name\":\"Ost-Blog\",\"description\":\"Ostdeutschland ist anders. Wir schreiben dr\u00fcber.\",\"potentialAction\":[{\"@type\":\"SearchAction\",\"target\":{\"@type\":\"EntryPoint\",\"urlTemplate\":\"https:\/\/blog.zeit.de\/ost\/?s={search_term_string}\"},\"query-input\":\"required name=search_term_string\"}],\"inLanguage\":\"de\"},{\"@type\":\"Person\",\"@id\":\"https:\/\/blog.zeit.de\/ost\/#\/schema\/person\/dd5b77c2ba678e67c21b74618de55c3e\",\"name\":\"Stefan Ruwoldt\",\"image\":{\"@type\":\"ImageObject\",\"inLanguage\":\"de\",\"@id\":\"https:\/\/blog.zeit.de\/ost\/#\/schema\/person\/image\/\",\"url\":\"https:\/\/secure.gravatar.com\/avatar\/460d74c245796c7dbc11a8cac2dabf17beaf03be0ad9945625da36782991b17c?s=96&d=mm&r=g\",\"contentUrl\":\"https:\/\/secure.gravatar.com\/avatar\/460d74c245796c7dbc11a8cac2dabf17beaf03be0ad9945625da36782991b17c?s=96&d=mm&r=g\",\"caption\":\"Stefan Ruwoldt\"},\"url\":\"https:\/\/blog.zeit.de\/ost\/author\/sruwoldt\/\"}]}<\/script>\n<!-- \/ Yoast SEO plugin. -->","yoast_head_json":{"title":"Pankower Regierung verbietet \"Bie Dees\" - Ost-Blog","robots":{"index":"index","follow":"follow","max-snippet":"max-snippet:-1","max-image-preview":"max-image-preview:large","max-video-preview":"max-video-preview:-1"},"canonical":"https:\/\/blog.zeit.de\/ost\/2013\/01\/20\/pankower-regierung-verbietet-bie-dees\/","og_locale":"de_DE","og_type":"article","og_title":"Pankower Regierung verbietet \"Bie Dees\" - Ost-Blog","og_description":"Ist Berlin noch Osten? &#8211; Ja, und wie. Es ist zwar schon einige Jahre her, aber &#8222;lange&#8220; kann man das nun wirklich nicht nennen: Damals, so um die Jahrtausendwende, wurde in Berlin \u00fcber Leerstand diskutiert. Nat\u00fcrlich auch woanders im Osten und auch ein bisschen im Westen, aber eben &#8211; und das erscheint heute unwirklich &#8211; [&hellip;]","og_url":"https:\/\/blog.zeit.de\/ost\/2013\/01\/20\/pankower-regierung-verbietet-bie-dees\/","og_site_name":"Ost-Blog","article_published_time":"2013-01-20T10:13:17+00:00","article_modified_time":"2013-01-25T12:31:28+00:00","author":"Stefan Ruwoldt","twitter_card":"summary_large_image","twitter_misc":{"Geschrieben von":"Stefan Ruwoldt","Gesch\u00e4tzte Lesezeit":"2\u00a0Minuten"},"schema":{"@context":"https:\/\/schema.org","@graph":[{"@type":"WebPage","@id":"https:\/\/blog.zeit.de\/ost\/2013\/01\/20\/pankower-regierung-verbietet-bie-dees\/","url":"https:\/\/blog.zeit.de\/ost\/2013\/01\/20\/pankower-regierung-verbietet-bie-dees\/","name":"Pankower Regierung verbietet \"Bie Dees\" - Ost-Blog","isPartOf":{"@id":"https:\/\/blog.zeit.de\/ost\/#website"},"datePublished":"2013-01-20T10:13:17+00:00","dateModified":"2013-01-25T12:31:28+00:00","author":{"@id":"https:\/\/blog.zeit.de\/ost\/#\/schema\/person\/dd5b77c2ba678e67c21b74618de55c3e"},"breadcrumb":{"@id":"https:\/\/blog.zeit.de\/ost\/2013\/01\/20\/pankower-regierung-verbietet-bie-dees\/#breadcrumb"},"inLanguage":"de","potentialAction":[{"@type":"ReadAction","target":["https:\/\/blog.zeit.de\/ost\/2013\/01\/20\/pankower-regierung-verbietet-bie-dees\/"]}]},{"@type":"BreadcrumbList","@id":"https:\/\/blog.zeit.de\/ost\/2013\/01\/20\/pankower-regierung-verbietet-bie-dees\/#breadcrumb","itemListElement":[{"@type":"ListItem","position":1,"name":"Startseite","item":"https:\/\/blog.zeit.de\/ost\/"},{"@type":"ListItem","position":2,"name":"Pankower Regierung verbietet &#8222;Bie Dees&#8220;"}]},{"@type":"WebSite","@id":"https:\/\/blog.zeit.de\/ost\/#website","url":"https:\/\/blog.zeit.de\/ost\/","name":"Ost-Blog","description":"Ostdeutschland ist anders. Wir schreiben dr\u00fcber.","potentialAction":[{"@type":"SearchAction","target":{"@type":"EntryPoint","urlTemplate":"https:\/\/blog.zeit.de\/ost\/?s={search_term_string}"},"query-input":"required name=search_term_string"}],"inLanguage":"de"},{"@type":"Person","@id":"https:\/\/blog.zeit.de\/ost\/#\/schema\/person\/dd5b77c2ba678e67c21b74618de55c3e","name":"Stefan Ruwoldt","image":{"@type":"ImageObject","inLanguage":"de","@id":"https:\/\/blog.zeit.de\/ost\/#\/schema\/person\/image\/","url":"https:\/\/secure.gravatar.com\/avatar\/460d74c245796c7dbc11a8cac2dabf17beaf03be0ad9945625da36782991b17c?s=96&d=mm&r=g","contentUrl":"https:\/\/secure.gravatar.com\/avatar\/460d74c245796c7dbc11a8cac2dabf17beaf03be0ad9945625da36782991b17c?s=96&d=mm&r=g","caption":"Stefan Ruwoldt"},"url":"https:\/\/blog.zeit.de\/ost\/author\/sruwoldt\/"}]}},"jetpack_featured_media_url":"","jetpack_sharing_enabled":true,"_links":{"self":[{"href":"https:\/\/blog.zeit.de\/ost\/wp-json\/wp\/v2\/posts\/1458","targetHints":{"allow":["GET"]}}],"collection":[{"href":"https:\/\/blog.zeit.de\/ost\/wp-json\/wp\/v2\/posts"}],"about":[{"href":"https:\/\/blog.zeit.de\/ost\/wp-json\/wp\/v2\/types\/post"}],"author":[{"embeddable":true,"href":"https:\/\/blog.zeit.de\/ost\/wp-json\/wp\/v2\/users\/383"}],"replies":[{"embeddable":true,"href":"https:\/\/blog.zeit.de\/ost\/wp-json\/wp\/v2\/comments?post=1458"}],"version-history":[{"count":14,"href":"https:\/\/blog.zeit.de\/ost\/wp-json\/wp\/v2\/posts\/1458\/revisions"}],"predecessor-version":[{"id":1586,"href":"https:\/\/blog.zeit.de\/ost\/wp-json\/wp\/v2\/posts\/1458\/revisions\/1586"}],"wp:attachment":[{"href":"https:\/\/blog.zeit.de\/ost\/wp-json\/wp\/v2\/media?parent=1458"}],"wp:term":[{"taxonomy":"category","embeddable":true,"href":"https:\/\/blog.zeit.de\/ost\/wp-json\/wp\/v2\/categories?post=1458"},{"taxonomy":"post_tag","embeddable":true,"href":"https:\/\/blog.zeit.de\/ost\/wp-json\/wp\/v2\/tags?post=1458"}],"curies":[{"name":"wp","href":"https:\/\/api.w.org\/{rel}","templated":true}]}}