{"id":1842,"date":"2013-02-19T11:48:00","date_gmt":"2013-02-19T10:48:00","guid":{"rendered":"http:\/\/blog.zeit.de\/ost\/?p=1842"},"modified":"2013-02-26T22:28:05","modified_gmt":"2013-02-26T21:28:05","slug":"dorfkonsum-und-burgerkoffer-wir-machen-den-osten-zum-paradies-fur-west-rentner","status":"publish","type":"post","link":"https:\/\/blog.zeit.de\/ost\/2013\/02\/19\/dorfkonsum-und-burgerkoffer-wir-machen-den-osten-zum-paradies-fur-west-rentner\/","title":{"rendered":"Dorfkonsum und &#8222;B\u00fcrgerkoffer&#8220;: Wir machen den Osten zum Paradies f\u00fcr West-Rentner"},"content":{"rendered":"<p>Die Gemeinde Steigerthal in Nordth\u00fcringen will ihren Dorfkonsum wiederbeleben. Der kleine Laden steht seit einiger Zeit leer, teilte die Stadt Nordhausen, zu der Steigerthal geh\u00f6rt, j\u00fcngst mit. Und Ortsteilb\u00fcrgermeisterin Jutta-Karin Busch lockt Interessenten mit dem K\u00e4uferpotenzial im Ort: &#8222;Nicht alle Einwohner wollen oder k\u00f6nnen den Weg bis Nordhausen zum Einkaufen auf sich nehmen.&#8220; Weil sie alt und nicht mehr so mobil sind, meint sie wohl damit.<!--more--><\/p>\n<p>Steigerthal wendet sich gegen einen Trend, der vielerorts in Deutschland zu beobachten ist. Die Abwanderung junger Menschen in urbane Zentren sorgt vor allem in l\u00e4ndlichen Gegenden f\u00fcr Einwohnerschwund. Es bleiben die Alten und weniger mobilen zur\u00fcck. Nach den jungen Leuten wandern auch der Dorfladen, die Post, der Fleischer und der B\u00e4cker ab, irgendwann macht auch die Kneipe zu.<\/p>\n<p>Das ist kein spezifisch ostdeutsches Problem, aber vor allem eines des Ostens. Denn hier w\u00e4chst der Altersdurchschnitt der Bev\u00f6lkerung schneller als im Westen, vor allem wegen der Abwanderung. Und wenn die Kunden nicht mehr zu den L\u00e4den oder \u00c4mtern fahren k\u00f6nnen, m\u00fcssen diese eben zum Kunden kommen, lautet das Gebot der Stunde. Mobile B\u00e4cker und Fleischer touren schon seit L\u00e4ngerem \u00fcbers Land, und in einigen Regionen Sachsens folgt ihnen mittlerweile die Dame vom Amt \u2013 mit dem &#8222;B\u00fcrgerkoffer&#8220; in der Hand. Dieses kleine mobile Rathaus besteht im Wesentlichen aus einem Notebook, einem Fingerabdruck-Scanner und noch anderen Ger\u00e4tschaften, mit denen die Amtsmitarbeiterin Dokumente ausstellen und beglaubigen und Antr\u00e4ge bearbeiten kann. Den neuen Reisepass und gelbe S\u00e4cke bringt sie bei Bedarf auch noch mit. Wie man in der <em>S\u00e4chsischen Zeitung <\/em>j\u00fcngst lesen konnte, ist die Resonanz auf das Angebot gut. Eine Ausweitung des Projekts ist geplant, ist dazu aus dem Justizministerium zu h\u00f6ren.<\/p>\n<p>Der kleine Dorfkonsum und das mobile Rathaus \u2013 das ist die L\u00f6sung f\u00fcr Ostdeutschland und seine schwache Wirtschaft. Mit solchen Angeboten kann sich der Osten ganz auf \u00e4lteres Publikum (auch aus dem Westen) einstellen. Ein Rentnerparadies, in dem alles Notwendige bis an die Haust\u00fcr gebracht wird. Dann ziehen irgendwann die beg\u00fcterten Rentner aus M\u00fcnchen und Frankfurt am Main nicht mehr nur nach Weimar, weil man da vergleichsweise preiswert beim gro\u00dfen Goethe um die Ecke wohnen kann, sondern vielleicht auch nach Steigerthal in Th\u00fcringen und nach Radefeld in Sachsen. Und weil diese beg\u00fcterte Kundschaft betreut und gepflegt werden m\u00f6chte, gibt es auch Arbeitspl\u00e4tze und Einkommen f\u00fcr junge Menschen im Osten. Also liebe Senioren aus Westdeutschland: Fassen Sie sich ein Herz und siedeln Sie um nach Ostdeutschland. Wir pflegen Sie!<\/p>\n","protected":false},"excerpt":{"rendered":"<p>Die Gemeinde Steigerthal in Nordth\u00fcringen will ihren Dorfkonsum wiederbeleben. Der kleine Laden steht seit einiger Zeit leer, teilte die Stadt Nordhausen, zu der Steigerthal geh\u00f6rt, j\u00fcngst mit. Und Ortsteilb\u00fcrgermeisterin Jutta-Karin Busch lockt Interessenten mit dem K\u00e4uferpotenzial im Ort: &#8222;Nicht alle Einwohner wollen oder k\u00f6nnen den Weg bis Nordhausen zum Einkaufen auf sich nehmen.&#8220; Weil sie [&hellip;]<\/p>\n","protected":false},"author":373,"featured_media":0,"comment_status":"open","ping_status":"open","sticky":false,"template":"","format":"standard","meta":{"_jetpack_memberships_contains_paid_content":false,"footnotes":""},"categories":[16],"tags":[21309,12595,23741,23494,22341,23742,978,22382],"class_list":["post-1842","post","type-post","status-publish","format-standard","hentry","category-allgemein","tag-abwanderung","tag-ddr","tag-einwohnerschwund","tag-nordhausen","tag-osten","tag-sachsische-zeitung","tag-thuringen","tag-westen"],"yoast_head":"<!-- This site is optimized with the Yoast SEO plugin v21.0 - https:\/\/yoast.com\/wordpress\/plugins\/seo\/ -->\n<title>Dorfkonsum und &quot;B\u00fcrgerkoffer&quot;: Wir machen den Osten zum Paradies f\u00fcr West-Rentner - Ost-Blog<\/title>\n<meta name=\"robots\" content=\"index, follow, max-snippet:-1, max-image-preview:large, max-video-preview:-1\" \/>\n<link rel=\"canonical\" href=\"https:\/\/blog.zeit.de\/ost\/2013\/02\/19\/dorfkonsum-und-burgerkoffer-wir-machen-den-osten-zum-paradies-fur-west-rentner\/\" \/>\n<meta property=\"og:locale\" content=\"de_DE\" \/>\n<meta property=\"og:type\" content=\"article\" \/>\n<meta property=\"og:title\" content=\"Dorfkonsum und &quot;B\u00fcrgerkoffer&quot;: Wir machen den Osten zum Paradies f\u00fcr West-Rentner - Ost-Blog\" \/>\n<meta property=\"og:description\" content=\"Die Gemeinde Steigerthal in Nordth\u00fcringen will ihren Dorfkonsum wiederbeleben. Der kleine Laden steht seit einiger Zeit leer, teilte die Stadt Nordhausen, zu der Steigerthal geh\u00f6rt, j\u00fcngst mit. Und Ortsteilb\u00fcrgermeisterin Jutta-Karin Busch lockt Interessenten mit dem K\u00e4uferpotenzial im Ort: &#8222;Nicht alle Einwohner wollen oder k\u00f6nnen den Weg bis Nordhausen zum Einkaufen auf sich nehmen.&#8220; Weil sie [&hellip;]\" \/>\n<meta property=\"og:url\" content=\"https:\/\/blog.zeit.de\/ost\/2013\/02\/19\/dorfkonsum-und-burgerkoffer-wir-machen-den-osten-zum-paradies-fur-west-rentner\/\" \/>\n<meta property=\"og:site_name\" content=\"Ost-Blog\" \/>\n<meta property=\"article:published_time\" content=\"2013-02-19T10:48:00+00:00\" \/>\n<meta property=\"article:modified_time\" content=\"2013-02-26T21:28:05+00:00\" \/>\n<meta name=\"author\" content=\"Dirk Reinhardt\" \/>\n<meta name=\"twitter:card\" content=\"summary_large_image\" \/>\n<meta name=\"twitter:label1\" content=\"Geschrieben von\" \/>\n\t<meta name=\"twitter:data1\" content=\"Dirk Reinhardt\" \/>\n\t<meta name=\"twitter:label2\" content=\"Gesch\u00e4tzte Lesezeit\" \/>\n\t<meta name=\"twitter:data2\" content=\"2\u00a0Minuten\" \/>\n<script type=\"application\/ld+json\" class=\"yoast-schema-graph\">{\"@context\":\"https:\/\/schema.org\",\"@graph\":[{\"@type\":\"WebPage\",\"@id\":\"https:\/\/blog.zeit.de\/ost\/2013\/02\/19\/dorfkonsum-und-burgerkoffer-wir-machen-den-osten-zum-paradies-fur-west-rentner\/\",\"url\":\"https:\/\/blog.zeit.de\/ost\/2013\/02\/19\/dorfkonsum-und-burgerkoffer-wir-machen-den-osten-zum-paradies-fur-west-rentner\/\",\"name\":\"Dorfkonsum und \\\"B\u00fcrgerkoffer\\\": Wir machen den Osten zum Paradies f\u00fcr West-Rentner - Ost-Blog\",\"isPartOf\":{\"@id\":\"https:\/\/blog.zeit.de\/ost\/#website\"},\"datePublished\":\"2013-02-19T10:48:00+00:00\",\"dateModified\":\"2013-02-26T21:28:05+00:00\",\"author\":{\"@id\":\"https:\/\/blog.zeit.de\/ost\/#\/schema\/person\/86934966b9a3b4d9c853d4ee6429a98d\"},\"breadcrumb\":{\"@id\":\"https:\/\/blog.zeit.de\/ost\/2013\/02\/19\/dorfkonsum-und-burgerkoffer-wir-machen-den-osten-zum-paradies-fur-west-rentner\/#breadcrumb\"},\"inLanguage\":\"de\",\"potentialAction\":[{\"@type\":\"ReadAction\",\"target\":[\"https:\/\/blog.zeit.de\/ost\/2013\/02\/19\/dorfkonsum-und-burgerkoffer-wir-machen-den-osten-zum-paradies-fur-west-rentner\/\"]}]},{\"@type\":\"BreadcrumbList\",\"@id\":\"https:\/\/blog.zeit.de\/ost\/2013\/02\/19\/dorfkonsum-und-burgerkoffer-wir-machen-den-osten-zum-paradies-fur-west-rentner\/#breadcrumb\",\"itemListElement\":[{\"@type\":\"ListItem\",\"position\":1,\"name\":\"Startseite\",\"item\":\"https:\/\/blog.zeit.de\/ost\/\"},{\"@type\":\"ListItem\",\"position\":2,\"name\":\"Dorfkonsum und &#8222;B\u00fcrgerkoffer&#8220;: Wir machen den Osten zum Paradies f\u00fcr West-Rentner\"}]},{\"@type\":\"WebSite\",\"@id\":\"https:\/\/blog.zeit.de\/ost\/#website\",\"url\":\"https:\/\/blog.zeit.de\/ost\/\",\"name\":\"Ost-Blog\",\"description\":\"Ostdeutschland ist anders. Wir schreiben dr\u00fcber.\",\"potentialAction\":[{\"@type\":\"SearchAction\",\"target\":{\"@type\":\"EntryPoint\",\"urlTemplate\":\"https:\/\/blog.zeit.de\/ost\/?s={search_term_string}\"},\"query-input\":\"required name=search_term_string\"}],\"inLanguage\":\"de\"},{\"@type\":\"Person\",\"@id\":\"https:\/\/blog.zeit.de\/ost\/#\/schema\/person\/86934966b9a3b4d9c853d4ee6429a98d\",\"name\":\"Dirk Reinhardt\",\"image\":{\"@type\":\"ImageObject\",\"inLanguage\":\"de\",\"@id\":\"https:\/\/blog.zeit.de\/ost\/#\/schema\/person\/image\/\",\"url\":\"https:\/\/secure.gravatar.com\/avatar\/7506a4b250dd7ded84912c38fc9969e847107b2cb285c962fd350ee37c5eb18b?s=96&d=mm&r=g\",\"contentUrl\":\"https:\/\/secure.gravatar.com\/avatar\/7506a4b250dd7ded84912c38fc9969e847107b2cb285c962fd350ee37c5eb18b?s=96&d=mm&r=g\",\"caption\":\"Dirk Reinhardt\"},\"url\":\"https:\/\/blog.zeit.de\/ost\/author\/dreinhardt\/\"}]}<\/script>\n<!-- \/ Yoast SEO plugin. -->","yoast_head_json":{"title":"Dorfkonsum und \"B\u00fcrgerkoffer\": Wir machen den Osten zum Paradies f\u00fcr West-Rentner - Ost-Blog","robots":{"index":"index","follow":"follow","max-snippet":"max-snippet:-1","max-image-preview":"max-image-preview:large","max-video-preview":"max-video-preview:-1"},"canonical":"https:\/\/blog.zeit.de\/ost\/2013\/02\/19\/dorfkonsum-und-burgerkoffer-wir-machen-den-osten-zum-paradies-fur-west-rentner\/","og_locale":"de_DE","og_type":"article","og_title":"Dorfkonsum und \"B\u00fcrgerkoffer\": Wir machen den Osten zum Paradies f\u00fcr West-Rentner - Ost-Blog","og_description":"Die Gemeinde Steigerthal in Nordth\u00fcringen will ihren Dorfkonsum wiederbeleben. Der kleine Laden steht seit einiger Zeit leer, teilte die Stadt Nordhausen, zu der Steigerthal geh\u00f6rt, j\u00fcngst mit. Und Ortsteilb\u00fcrgermeisterin Jutta-Karin Busch lockt Interessenten mit dem K\u00e4uferpotenzial im Ort: &#8222;Nicht alle Einwohner wollen oder k\u00f6nnen den Weg bis Nordhausen zum Einkaufen auf sich nehmen.&#8220; Weil sie [&hellip;]","og_url":"https:\/\/blog.zeit.de\/ost\/2013\/02\/19\/dorfkonsum-und-burgerkoffer-wir-machen-den-osten-zum-paradies-fur-west-rentner\/","og_site_name":"Ost-Blog","article_published_time":"2013-02-19T10:48:00+00:00","article_modified_time":"2013-02-26T21:28:05+00:00","author":"Dirk Reinhardt","twitter_card":"summary_large_image","twitter_misc":{"Geschrieben von":"Dirk Reinhardt","Gesch\u00e4tzte Lesezeit":"2\u00a0Minuten"},"schema":{"@context":"https:\/\/schema.org","@graph":[{"@type":"WebPage","@id":"https:\/\/blog.zeit.de\/ost\/2013\/02\/19\/dorfkonsum-und-burgerkoffer-wir-machen-den-osten-zum-paradies-fur-west-rentner\/","url":"https:\/\/blog.zeit.de\/ost\/2013\/02\/19\/dorfkonsum-und-burgerkoffer-wir-machen-den-osten-zum-paradies-fur-west-rentner\/","name":"Dorfkonsum und \"B\u00fcrgerkoffer\": Wir machen den Osten zum Paradies f\u00fcr West-Rentner - Ost-Blog","isPartOf":{"@id":"https:\/\/blog.zeit.de\/ost\/#website"},"datePublished":"2013-02-19T10:48:00+00:00","dateModified":"2013-02-26T21:28:05+00:00","author":{"@id":"https:\/\/blog.zeit.de\/ost\/#\/schema\/person\/86934966b9a3b4d9c853d4ee6429a98d"},"breadcrumb":{"@id":"https:\/\/blog.zeit.de\/ost\/2013\/02\/19\/dorfkonsum-und-burgerkoffer-wir-machen-den-osten-zum-paradies-fur-west-rentner\/#breadcrumb"},"inLanguage":"de","potentialAction":[{"@type":"ReadAction","target":["https:\/\/blog.zeit.de\/ost\/2013\/02\/19\/dorfkonsum-und-burgerkoffer-wir-machen-den-osten-zum-paradies-fur-west-rentner\/"]}]},{"@type":"BreadcrumbList","@id":"https:\/\/blog.zeit.de\/ost\/2013\/02\/19\/dorfkonsum-und-burgerkoffer-wir-machen-den-osten-zum-paradies-fur-west-rentner\/#breadcrumb","itemListElement":[{"@type":"ListItem","position":1,"name":"Startseite","item":"https:\/\/blog.zeit.de\/ost\/"},{"@type":"ListItem","position":2,"name":"Dorfkonsum und &#8222;B\u00fcrgerkoffer&#8220;: Wir machen den Osten zum Paradies f\u00fcr West-Rentner"}]},{"@type":"WebSite","@id":"https:\/\/blog.zeit.de\/ost\/#website","url":"https:\/\/blog.zeit.de\/ost\/","name":"Ost-Blog","description":"Ostdeutschland ist anders. Wir schreiben dr\u00fcber.","potentialAction":[{"@type":"SearchAction","target":{"@type":"EntryPoint","urlTemplate":"https:\/\/blog.zeit.de\/ost\/?s={search_term_string}"},"query-input":"required name=search_term_string"}],"inLanguage":"de"},{"@type":"Person","@id":"https:\/\/blog.zeit.de\/ost\/#\/schema\/person\/86934966b9a3b4d9c853d4ee6429a98d","name":"Dirk Reinhardt","image":{"@type":"ImageObject","inLanguage":"de","@id":"https:\/\/blog.zeit.de\/ost\/#\/schema\/person\/image\/","url":"https:\/\/secure.gravatar.com\/avatar\/7506a4b250dd7ded84912c38fc9969e847107b2cb285c962fd350ee37c5eb18b?s=96&d=mm&r=g","contentUrl":"https:\/\/secure.gravatar.com\/avatar\/7506a4b250dd7ded84912c38fc9969e847107b2cb285c962fd350ee37c5eb18b?s=96&d=mm&r=g","caption":"Dirk Reinhardt"},"url":"https:\/\/blog.zeit.de\/ost\/author\/dreinhardt\/"}]}},"jetpack_featured_media_url":"","jetpack_sharing_enabled":true,"_links":{"self":[{"href":"https:\/\/blog.zeit.de\/ost\/wp-json\/wp\/v2\/posts\/1842","targetHints":{"allow":["GET"]}}],"collection":[{"href":"https:\/\/blog.zeit.de\/ost\/wp-json\/wp\/v2\/posts"}],"about":[{"href":"https:\/\/blog.zeit.de\/ost\/wp-json\/wp\/v2\/types\/post"}],"author":[{"embeddable":true,"href":"https:\/\/blog.zeit.de\/ost\/wp-json\/wp\/v2\/users\/373"}],"replies":[{"embeddable":true,"href":"https:\/\/blog.zeit.de\/ost\/wp-json\/wp\/v2\/comments?post=1842"}],"version-history":[{"count":34,"href":"https:\/\/blog.zeit.de\/ost\/wp-json\/wp\/v2\/posts\/1842\/revisions"}],"predecessor-version":[{"id":1900,"href":"https:\/\/blog.zeit.de\/ost\/wp-json\/wp\/v2\/posts\/1842\/revisions\/1900"}],"wp:attachment":[{"href":"https:\/\/blog.zeit.de\/ost\/wp-json\/wp\/v2\/media?parent=1842"}],"wp:term":[{"taxonomy":"category","embeddable":true,"href":"https:\/\/blog.zeit.de\/ost\/wp-json\/wp\/v2\/categories?post=1842"},{"taxonomy":"post_tag","embeddable":true,"href":"https:\/\/blog.zeit.de\/ost\/wp-json\/wp\/v2\/tags?post=1842"}],"curies":[{"name":"wp","href":"https:\/\/api.w.org\/{rel}","templated":true}]}}