{"id":1896,"date":"2013-03-01T09:08:17","date_gmt":"2013-03-01T08:08:17","guid":{"rendered":"http:\/\/blog.zeit.de\/ost\/?p=1896"},"modified":"2013-03-21T22:56:34","modified_gmt":"2013-03-21T21:56:34","slug":"beelitz-den-tarzan-im-namen","status":"publish","type":"post","link":"https:\/\/blog.zeit.de\/ost\/2013\/03\/01\/beelitz-den-tarzan-im-namen\/","title":{"rendered":"Beelitz  &#8211; den Tarzan im Namen"},"content":{"rendered":"<p>Seit der Wende k\u00e4mpfen viele Ost-Orte um ihren Namen. Korrekt ausgedr\u00fcckt k\u00e4mpfen sie um EINEN Namen, denn IHR Name steht eigentlich nicht zur Debatte; den kann ihnen eigentlich niemand nehmen. <\/p>\n<p>Doch sie k\u00e4mpfen, weil sie mehr in ihrem Namen wollen. Jedenfalls einige der gew\u00e4hlten und oder eingesetzten Verwaltungsvorsteher. Meistens haben die B\u00fcrgermeister zusammen mit den offiziell wohlmeinenden und gro\u00dfz\u00fcgigen Autohaus-Geldgebern die schicken Ideen. Und da die &#8222;Verantwortlichen&#8220; sich meistens beim Bier treffen und beim dritten Schnaps einigen (nat\u00fcrlich immer auf die Prima-Idee des Auto-Haus-M\u00e4zens), sind die dabei ausgew\u00e4hlten Ortnamen-Zus\u00e4tze genauso gut wie der Haarschnitt eines Zw\u00f6lfj\u00e4hrigen, den ihm gerade die Eltern verpasst haben: Nur die Mutti findet&#8217;s sch\u00f6n. <!--more--><\/p>\n<p>Im Osten, so dachte man, m\u00fcsste eigentlich die Sehnsucht nach solchen Auszeichnungszus\u00e4tzen gestillt und gekillt sein (Wilhelm-Pieck-Stadt-Guben; Karl-Marx-Stadt; Marxwalde; Berlin, Stadt den Friedens; Berlin, Hauptstadt der DDR usw.). Aber nee, der Zauber findet seine Fortsetzung. <a href=\"http:\/\/www.rbb-online.de\/nachrichten\/politik\/2013_02\/landtag_stimmt_fuer.html\" title=\"Jetzt\" target=\"_blank\">&#8222;Jetzt&#8220;<\/a> will Beelitz angeblich Spargelstadt sein. Teltow will R\u00fcbchenstadt werden, Halle bewirbt sich als H\u00e4ndelstadt, in Sch\u00f6nefeld wurde im Herbst dar\u00fcber diskutiert, die Besucher an den Ortseingangsschildern mit der Aufschrift <a href=\"http:\/\/www.maerkischeallgemeine.de\/cms\/beitrag\/12424105\/62129\/Namenszusaetze-auf-Ortsschildern-im-Gespraech-Rundfunkstadt-und-Flughafengemeinde.html\" title=\"Flughafengemeinde\" target=\"_blank\">&#8222;Flughafengemeinde&#8220;<\/a> zu empfangen (das ging klar schief) und Neustrelitz will sich k\u00fcnftig <a href=\"http:\/\/www.ostsee-zeitung.de\/nachrichten\/mv\/index_artikel_komplett.phtml?SID=45b1205a958847d83153f87e1e81d74c&#038;param=news&#038;id=3602066\" title=\"Residenzstadt\" target=\"_blank\">\u201cResidenzstadt\u201c<\/a> nennen (und das nicht etwa in Anlehnung an den hohen Altersdurchschnitt). <\/p>\n<p>Die einzigen, die in Sachen Namenzusatz noch ostiger sind als die Ostler sind, genau, die Rheinl\u00e4nder. &#8211; Kostprobe? Bitte: Schloss-Stadt H\u00fcckeswagen, Widukindstadt Enger, Sennegemeinde H\u00f6velhof, NRW-Klimakommune Saerbeck.<\/p>\n<p>Das muss man verhindern. Ins Grundgesetz geh\u00f6rt der Zusatz: H\u00e4nde weg vom Ortsschild \u2013 Verbot bei H\u00f6chststrafe insbesondere f\u00fcr den B\u00fcrgermeister und seine hinweisgebenden mittelst\u00e4ndischen Klempnermeisterbetriebschefs&#8230;<\/p>\n<p>&#8230;empfiehlt Stefan Ruwoldt aus Lotte-Ulbricht-Stadt-Pankow<\/p>\n","protected":false},"excerpt":{"rendered":"<p>Seit der Wende k\u00e4mpfen viele Ost-Orte um ihren Namen. Korrekt ausgedr\u00fcckt k\u00e4mpfen sie um EINEN Namen, denn IHR Name steht eigentlich nicht zur Debatte; den kann ihnen eigentlich niemand nehmen. Doch sie k\u00e4mpfen, weil sie mehr in ihrem Namen wollen. Jedenfalls einige der gew\u00e4hlten und oder eingesetzten Verwaltungsvorsteher. Meistens haben die B\u00fcrgermeister zusammen mit den [&hellip;]<\/p>\n","protected":false},"author":383,"featured_media":0,"comment_status":"open","ping_status":"open","sticky":false,"template":"","format":"standard","meta":{"_jetpack_memberships_contains_paid_content":false,"footnotes":""},"categories":[16],"tags":[23747,249,23749,23497,23744,23727,23746,23751,23750,23743,23748,23745],"class_list":["post-1896","post","type-post","status-publish","format-standard","hentry","category-allgemein","tag-beelitz","tag-berlin","tag-flughafengemeinde","tag-halle","tag-hauptstadt-der-ddr","tag-karl-marx-stadt","tag-marxwalde","tag-neustrelitz","tag-schonefeld","tag-stadt-den-friedens-berlin","tag-teltow","tag-wilhelm-pieck-stadt-guben"],"yoast_head":"<!-- This site is optimized with the Yoast SEO plugin v21.0 - https:\/\/yoast.com\/wordpress\/plugins\/seo\/ -->\n<title>Beelitz - den Tarzan im Namen - Ost-Blog<\/title>\n<meta name=\"robots\" content=\"index, follow, max-snippet:-1, max-image-preview:large, max-video-preview:-1\" \/>\n<link rel=\"canonical\" href=\"https:\/\/blog.zeit.de\/ost\/2013\/03\/01\/beelitz-den-tarzan-im-namen\/\" \/>\n<meta property=\"og:locale\" content=\"de_DE\" \/>\n<meta property=\"og:type\" content=\"article\" \/>\n<meta property=\"og:title\" content=\"Beelitz - den Tarzan im Namen - Ost-Blog\" \/>\n<meta property=\"og:description\" content=\"Seit der Wende k\u00e4mpfen viele Ost-Orte um ihren Namen. Korrekt ausgedr\u00fcckt k\u00e4mpfen sie um EINEN Namen, denn IHR Name steht eigentlich nicht zur Debatte; den kann ihnen eigentlich niemand nehmen. Doch sie k\u00e4mpfen, weil sie mehr in ihrem Namen wollen. Jedenfalls einige der gew\u00e4hlten und oder eingesetzten Verwaltungsvorsteher. Meistens haben die B\u00fcrgermeister zusammen mit den [&hellip;]\" \/>\n<meta property=\"og:url\" content=\"https:\/\/blog.zeit.de\/ost\/2013\/03\/01\/beelitz-den-tarzan-im-namen\/\" \/>\n<meta property=\"og:site_name\" content=\"Ost-Blog\" \/>\n<meta property=\"article:published_time\" content=\"2013-03-01T08:08:17+00:00\" \/>\n<meta property=\"article:modified_time\" content=\"2013-03-21T21:56:34+00:00\" \/>\n<meta name=\"author\" content=\"Stefan Ruwoldt\" \/>\n<meta name=\"twitter:card\" content=\"summary_large_image\" \/>\n<meta name=\"twitter:label1\" content=\"Geschrieben von\" \/>\n\t<meta name=\"twitter:data1\" content=\"Stefan Ruwoldt\" \/>\n\t<meta name=\"twitter:label2\" content=\"Gesch\u00e4tzte Lesezeit\" \/>\n\t<meta name=\"twitter:data2\" content=\"1\u00a0Minute\" \/>\n<script type=\"application\/ld+json\" class=\"yoast-schema-graph\">{\"@context\":\"https:\/\/schema.org\",\"@graph\":[{\"@type\":\"WebPage\",\"@id\":\"https:\/\/blog.zeit.de\/ost\/2013\/03\/01\/beelitz-den-tarzan-im-namen\/\",\"url\":\"https:\/\/blog.zeit.de\/ost\/2013\/03\/01\/beelitz-den-tarzan-im-namen\/\",\"name\":\"Beelitz - den Tarzan im Namen - Ost-Blog\",\"isPartOf\":{\"@id\":\"https:\/\/blog.zeit.de\/ost\/#website\"},\"datePublished\":\"2013-03-01T08:08:17+00:00\",\"dateModified\":\"2013-03-21T21:56:34+00:00\",\"author\":{\"@id\":\"https:\/\/blog.zeit.de\/ost\/#\/schema\/person\/dd5b77c2ba678e67c21b74618de55c3e\"},\"breadcrumb\":{\"@id\":\"https:\/\/blog.zeit.de\/ost\/2013\/03\/01\/beelitz-den-tarzan-im-namen\/#breadcrumb\"},\"inLanguage\":\"de\",\"potentialAction\":[{\"@type\":\"ReadAction\",\"target\":[\"https:\/\/blog.zeit.de\/ost\/2013\/03\/01\/beelitz-den-tarzan-im-namen\/\"]}]},{\"@type\":\"BreadcrumbList\",\"@id\":\"https:\/\/blog.zeit.de\/ost\/2013\/03\/01\/beelitz-den-tarzan-im-namen\/#breadcrumb\",\"itemListElement\":[{\"@type\":\"ListItem\",\"position\":1,\"name\":\"Startseite\",\"item\":\"https:\/\/blog.zeit.de\/ost\/\"},{\"@type\":\"ListItem\",\"position\":2,\"name\":\"Beelitz &#8211; den Tarzan im Namen\"}]},{\"@type\":\"WebSite\",\"@id\":\"https:\/\/blog.zeit.de\/ost\/#website\",\"url\":\"https:\/\/blog.zeit.de\/ost\/\",\"name\":\"Ost-Blog\",\"description\":\"Ostdeutschland ist anders. Wir schreiben dr\u00fcber.\",\"potentialAction\":[{\"@type\":\"SearchAction\",\"target\":{\"@type\":\"EntryPoint\",\"urlTemplate\":\"https:\/\/blog.zeit.de\/ost\/?s={search_term_string}\"},\"query-input\":\"required name=search_term_string\"}],\"inLanguage\":\"de\"},{\"@type\":\"Person\",\"@id\":\"https:\/\/blog.zeit.de\/ost\/#\/schema\/person\/dd5b77c2ba678e67c21b74618de55c3e\",\"name\":\"Stefan Ruwoldt\",\"image\":{\"@type\":\"ImageObject\",\"inLanguage\":\"de\",\"@id\":\"https:\/\/blog.zeit.de\/ost\/#\/schema\/person\/image\/\",\"url\":\"https:\/\/secure.gravatar.com\/avatar\/460d74c245796c7dbc11a8cac2dabf17beaf03be0ad9945625da36782991b17c?s=96&d=mm&r=g\",\"contentUrl\":\"https:\/\/secure.gravatar.com\/avatar\/460d74c245796c7dbc11a8cac2dabf17beaf03be0ad9945625da36782991b17c?s=96&d=mm&r=g\",\"caption\":\"Stefan Ruwoldt\"},\"url\":\"https:\/\/blog.zeit.de\/ost\/author\/sruwoldt\/\"}]}<\/script>\n<!-- \/ Yoast SEO plugin. -->","yoast_head_json":{"title":"Beelitz - den Tarzan im Namen - Ost-Blog","robots":{"index":"index","follow":"follow","max-snippet":"max-snippet:-1","max-image-preview":"max-image-preview:large","max-video-preview":"max-video-preview:-1"},"canonical":"https:\/\/blog.zeit.de\/ost\/2013\/03\/01\/beelitz-den-tarzan-im-namen\/","og_locale":"de_DE","og_type":"article","og_title":"Beelitz - den Tarzan im Namen - Ost-Blog","og_description":"Seit der Wende k\u00e4mpfen viele Ost-Orte um ihren Namen. Korrekt ausgedr\u00fcckt k\u00e4mpfen sie um EINEN Namen, denn IHR Name steht eigentlich nicht zur Debatte; den kann ihnen eigentlich niemand nehmen. Doch sie k\u00e4mpfen, weil sie mehr in ihrem Namen wollen. Jedenfalls einige der gew\u00e4hlten und oder eingesetzten Verwaltungsvorsteher. Meistens haben die B\u00fcrgermeister zusammen mit den [&hellip;]","og_url":"https:\/\/blog.zeit.de\/ost\/2013\/03\/01\/beelitz-den-tarzan-im-namen\/","og_site_name":"Ost-Blog","article_published_time":"2013-03-01T08:08:17+00:00","article_modified_time":"2013-03-21T21:56:34+00:00","author":"Stefan Ruwoldt","twitter_card":"summary_large_image","twitter_misc":{"Geschrieben von":"Stefan Ruwoldt","Gesch\u00e4tzte Lesezeit":"1\u00a0Minute"},"schema":{"@context":"https:\/\/schema.org","@graph":[{"@type":"WebPage","@id":"https:\/\/blog.zeit.de\/ost\/2013\/03\/01\/beelitz-den-tarzan-im-namen\/","url":"https:\/\/blog.zeit.de\/ost\/2013\/03\/01\/beelitz-den-tarzan-im-namen\/","name":"Beelitz - den Tarzan im Namen - Ost-Blog","isPartOf":{"@id":"https:\/\/blog.zeit.de\/ost\/#website"},"datePublished":"2013-03-01T08:08:17+00:00","dateModified":"2013-03-21T21:56:34+00:00","author":{"@id":"https:\/\/blog.zeit.de\/ost\/#\/schema\/person\/dd5b77c2ba678e67c21b74618de55c3e"},"breadcrumb":{"@id":"https:\/\/blog.zeit.de\/ost\/2013\/03\/01\/beelitz-den-tarzan-im-namen\/#breadcrumb"},"inLanguage":"de","potentialAction":[{"@type":"ReadAction","target":["https:\/\/blog.zeit.de\/ost\/2013\/03\/01\/beelitz-den-tarzan-im-namen\/"]}]},{"@type":"BreadcrumbList","@id":"https:\/\/blog.zeit.de\/ost\/2013\/03\/01\/beelitz-den-tarzan-im-namen\/#breadcrumb","itemListElement":[{"@type":"ListItem","position":1,"name":"Startseite","item":"https:\/\/blog.zeit.de\/ost\/"},{"@type":"ListItem","position":2,"name":"Beelitz &#8211; den Tarzan im Namen"}]},{"@type":"WebSite","@id":"https:\/\/blog.zeit.de\/ost\/#website","url":"https:\/\/blog.zeit.de\/ost\/","name":"Ost-Blog","description":"Ostdeutschland ist anders. Wir schreiben dr\u00fcber.","potentialAction":[{"@type":"SearchAction","target":{"@type":"EntryPoint","urlTemplate":"https:\/\/blog.zeit.de\/ost\/?s={search_term_string}"},"query-input":"required name=search_term_string"}],"inLanguage":"de"},{"@type":"Person","@id":"https:\/\/blog.zeit.de\/ost\/#\/schema\/person\/dd5b77c2ba678e67c21b74618de55c3e","name":"Stefan Ruwoldt","image":{"@type":"ImageObject","inLanguage":"de","@id":"https:\/\/blog.zeit.de\/ost\/#\/schema\/person\/image\/","url":"https:\/\/secure.gravatar.com\/avatar\/460d74c245796c7dbc11a8cac2dabf17beaf03be0ad9945625da36782991b17c?s=96&d=mm&r=g","contentUrl":"https:\/\/secure.gravatar.com\/avatar\/460d74c245796c7dbc11a8cac2dabf17beaf03be0ad9945625da36782991b17c?s=96&d=mm&r=g","caption":"Stefan Ruwoldt"},"url":"https:\/\/blog.zeit.de\/ost\/author\/sruwoldt\/"}]}},"jetpack_featured_media_url":"","jetpack_sharing_enabled":true,"_links":{"self":[{"href":"https:\/\/blog.zeit.de\/ost\/wp-json\/wp\/v2\/posts\/1896","targetHints":{"allow":["GET"]}}],"collection":[{"href":"https:\/\/blog.zeit.de\/ost\/wp-json\/wp\/v2\/posts"}],"about":[{"href":"https:\/\/blog.zeit.de\/ost\/wp-json\/wp\/v2\/types\/post"}],"author":[{"embeddable":true,"href":"https:\/\/blog.zeit.de\/ost\/wp-json\/wp\/v2\/users\/383"}],"replies":[{"embeddable":true,"href":"https:\/\/blog.zeit.de\/ost\/wp-json\/wp\/v2\/comments?post=1896"}],"version-history":[{"count":15,"href":"https:\/\/blog.zeit.de\/ost\/wp-json\/wp\/v2\/posts\/1896\/revisions"}],"predecessor-version":[{"id":2014,"href":"https:\/\/blog.zeit.de\/ost\/wp-json\/wp\/v2\/posts\/1896\/revisions\/2014"}],"wp:attachment":[{"href":"https:\/\/blog.zeit.de\/ost\/wp-json\/wp\/v2\/media?parent=1896"}],"wp:term":[{"taxonomy":"category","embeddable":true,"href":"https:\/\/blog.zeit.de\/ost\/wp-json\/wp\/v2\/categories?post=1896"},{"taxonomy":"post_tag","embeddable":true,"href":"https:\/\/blog.zeit.de\/ost\/wp-json\/wp\/v2\/tags?post=1896"}],"curies":[{"name":"wp","href":"https:\/\/api.w.org\/{rel}","templated":true}]}}