{"id":25,"date":"2012-07-25T00:10:39","date_gmt":"2012-07-24T22:10:39","guid":{"rendered":"http:\/\/blog.zeit.de\/ost\/?p=25"},"modified":"2012-10-31T23:08:55","modified_gmt":"2012-10-31T22:08:55","slug":"tatort-erfurt","status":"publish","type":"post","link":"https:\/\/blog.zeit.de\/ost\/2012\/07\/25\/tatort-erfurt\/","title":{"rendered":"Tatort Erfurt"},"content":{"rendered":"<p>Die ARD-Krimiserie <em>Tatort<\/em> bekommt ein weiteres Ermittlerteam. Wie der Mitteldeutsche Rundfunk als produzierende Anstalt am Montag mitteilte, werden Alina Levshin, Friedrich M\u00fccke und Benjamin Kramme ab 2013 in Erfurt als Fernsehkommissare auf Verbrecherjagd gehen. Damit wird Erfurt nach Berlin und Leipzig die dritte ostdeutsche <em>Tatort<\/em>-Stadt.<\/p>\n<p>In der Th\u00fcringer Landeshauptstadt ist man entz\u00fcckt. Oberb\u00fcrgermeister Andreas Bausewein hofft, so erz\u00e4hlte er es dem MDR, auf einen &#8222;immensen Schub f\u00fcr den Bekanntheitsgrad&#8220; der Stadt, w\u00e4hrend Th\u00fcringens Staatskanzlei-Chefin Marion Walsmann von &#8222;vief\u00e4ltigen wirtschaftlichen Perspektiven&#8220; spricht. Ob sie dabei potenzielle Auftr\u00e4ge f\u00fcr Erfurter Catering-Firmen (das Filmteam muss ja essen und trinken) oder die Beherbergungsbranche im Sinne hatte, lie\u00df sie einstweilen offen.<!--more--><\/p>\n<p>Seit der Bekanntgabe der Entscheidung sinniert man in Erfurt schon \u00fcber m\u00f6gliche Stoffe der Th\u00fcringer <em>Tatort<\/em>-Folgen. Da hat die Stadt ja doch einiges zu bieten. Anfang 2009 zum Beispiel wurde die Symbolfigur des in Erfurt ans\u00e4ssigen &#8222;Kinderkanals&#8220;, Bernd das Brot, von ihrem Standort am Rathaus entf\u00fchrt. Tagelang blieb die Suche nach der mannshohen Plastikpuppe erfolglos, bis im Internet ein &#8222;Bekennervideo&#8220; auftauchte. Das legte den Schluss nahe, bei den Entf\u00fchrern handele es sich um Hausbesetzer, die damit gegen die drohende R\u00e4umung ihres soziokulturellen Zentrums auf dem Gel\u00e4nde der ehemaligen Ofenfabrik Topf&#038;S\u00f6hne (die Firma, die unter dem Wahlspruch &#8222;Stets gern f\u00fcr Sie besch\u00e4ftigt&#8220; das Krematorium im NS-Vernichtungslager Auschwitz gebaut hat), protestieren wollten. Sp\u00e4ter stellte sich heraus, dass die Urheber des Videos wohl &#8222;nur&#8220; Sympathisanten ebenjener Besetzer waren. Bernd wurde schlie\u00dflich im Keller eines verlassenen Hauses in Nohra bei Weimar unversehrt gefunden.<\/p>\n<p>Apropos Kinderkanal: Der hatte ja vor nicht allzu langer Zeit auch einen Skandal mit einem Herstellungsleiter, der \u00fcber Jahre hinweg mehrere Millionen Euro aus dem Sender abgezweigt und in diversen Casinos verzockt hat. Der Mann sitzt mittlerweise im Gef\u00e4ngnis und soll dort, so h\u00f6rt man, hin und wieder Unterhaltungsabende organisieren.<\/p>\n<p>Da h\u00e4tten wir als m\u00f6gliche Themen also schon: Entf\u00fchrung, Hausbesetzung, Spielsucht und Betrug. Gel\u00e4nge es den <em>Tatort<\/em>-Machern, mit einem Augenzwinkern die &#8222;Puffbohne&#8220; aufzugreifen (so nennen sich die eingeborenen Erfurter scherzhaft selbst), k\u00e4me noch eine Geschichte im Rotlicht-Milieu in Frage. Wobei das aber den Erfurtern gegen\u00fcber dann doch ungerecht w\u00e4re, hat doch die lustige Bezeichnung eher was mit der Gartenbau-Geschichte der Stadt zu tun.<\/p>\n<p>Im Jahr 1978 war Erfurt Schauplatz eines Fernsehkrimis der DDR-Serie &#8222;Polizeiruf 110&#8220;. Die Folge mit dem Titel &#8222;Bonnys Blues&#8220; soll, so liest und h\u00f6rt man, eine der schlechtesten der ganzen Serie gewesen sein. Mal sehen, ob es die <em>Tatort<\/em>-Leute besser hinkriegen.<\/p>\n<p>&nbsp;<\/p>\n","protected":false},"excerpt":{"rendered":"<p>Die ARD-Krimiserie Tatort bekommt ein weiteres Ermittlerteam. Wie der Mitteldeutsche Rundfunk als produzierende Anstalt am Montag mitteilte, werden Alina Levshin, Friedrich M\u00fccke und Benjamin Kramme ab 2013 in Erfurt als Fernsehkommissare auf Verbrecherjagd gehen. Damit wird Erfurt nach Berlin und Leipzig die dritte ostdeutsche Tatort-Stadt. In der Th\u00fcringer Landeshauptstadt ist man entz\u00fcckt. Oberb\u00fcrgermeister Andreas Bausewein [&hellip;]<\/p>\n","protected":false},"author":373,"featured_media":0,"comment_status":"open","ping_status":"open","sticky":false,"template":"","format":"standard","meta":{"_jetpack_memberships_contains_paid_content":false,"footnotes":""},"categories":[16],"tags":[249,12595,17849,66,82,22363,22367,22365,471,22369,22364,22370,978,22371,20410],"class_list":["post-25","post","type-post","status-publish","format-standard","hentry","category-allgemein","tag-berlin","tag-ddr","tag-erfurt","tag-euro","tag-internet","tag-mdr","tag-millionen","tag-plaste","tag-plastik","tag-polizeiruf","tag-staatskanzlei","tag-tatort","tag-thuringen","tag-verzockt","tag-weimar"],"yoast_head":"<!-- This site is optimized with the Yoast SEO plugin v21.0 - https:\/\/yoast.com\/wordpress\/plugins\/seo\/ -->\n<title>Tatort Erfurt - Ost-Blog<\/title>\n<meta name=\"robots\" content=\"index, follow, max-snippet:-1, max-image-preview:large, max-video-preview:-1\" \/>\n<link rel=\"canonical\" href=\"https:\/\/blog.zeit.de\/ost\/2012\/07\/25\/tatort-erfurt\/\" \/>\n<meta property=\"og:locale\" content=\"de_DE\" \/>\n<meta property=\"og:type\" content=\"article\" \/>\n<meta property=\"og:title\" content=\"Tatort Erfurt - Ost-Blog\" \/>\n<meta property=\"og:description\" content=\"Die ARD-Krimiserie Tatort bekommt ein weiteres Ermittlerteam. Wie der Mitteldeutsche Rundfunk als produzierende Anstalt am Montag mitteilte, werden Alina Levshin, Friedrich M\u00fccke und Benjamin Kramme ab 2013 in Erfurt als Fernsehkommissare auf Verbrecherjagd gehen. Damit wird Erfurt nach Berlin und Leipzig die dritte ostdeutsche Tatort-Stadt. In der Th\u00fcringer Landeshauptstadt ist man entz\u00fcckt. Oberb\u00fcrgermeister Andreas Bausewein [&hellip;]\" \/>\n<meta property=\"og:url\" content=\"https:\/\/blog.zeit.de\/ost\/2012\/07\/25\/tatort-erfurt\/\" \/>\n<meta property=\"og:site_name\" content=\"Ost-Blog\" \/>\n<meta property=\"article:published_time\" content=\"2012-07-24T22:10:39+00:00\" \/>\n<meta property=\"article:modified_time\" content=\"2012-10-31T22:08:55+00:00\" \/>\n<meta name=\"author\" content=\"Dirk Reinhardt\" \/>\n<meta name=\"twitter:card\" content=\"summary_large_image\" \/>\n<meta name=\"twitter:label1\" content=\"Geschrieben von\" \/>\n\t<meta name=\"twitter:data1\" content=\"Dirk Reinhardt\" \/>\n\t<meta name=\"twitter:label2\" content=\"Gesch\u00e4tzte Lesezeit\" \/>\n\t<meta name=\"twitter:data2\" content=\"2\u00a0Minuten\" \/>\n<script type=\"application\/ld+json\" class=\"yoast-schema-graph\">{\"@context\":\"https:\/\/schema.org\",\"@graph\":[{\"@type\":\"WebPage\",\"@id\":\"https:\/\/blog.zeit.de\/ost\/2012\/07\/25\/tatort-erfurt\/\",\"url\":\"https:\/\/blog.zeit.de\/ost\/2012\/07\/25\/tatort-erfurt\/\",\"name\":\"Tatort Erfurt - Ost-Blog\",\"isPartOf\":{\"@id\":\"https:\/\/blog.zeit.de\/ost\/#website\"},\"datePublished\":\"2012-07-24T22:10:39+00:00\",\"dateModified\":\"2012-10-31T22:08:55+00:00\",\"author\":{\"@id\":\"https:\/\/blog.zeit.de\/ost\/#\/schema\/person\/86934966b9a3b4d9c853d4ee6429a98d\"},\"breadcrumb\":{\"@id\":\"https:\/\/blog.zeit.de\/ost\/2012\/07\/25\/tatort-erfurt\/#breadcrumb\"},\"inLanguage\":\"de\",\"potentialAction\":[{\"@type\":\"ReadAction\",\"target\":[\"https:\/\/blog.zeit.de\/ost\/2012\/07\/25\/tatort-erfurt\/\"]}]},{\"@type\":\"BreadcrumbList\",\"@id\":\"https:\/\/blog.zeit.de\/ost\/2012\/07\/25\/tatort-erfurt\/#breadcrumb\",\"itemListElement\":[{\"@type\":\"ListItem\",\"position\":1,\"name\":\"Startseite\",\"item\":\"https:\/\/blog.zeit.de\/ost\/\"},{\"@type\":\"ListItem\",\"position\":2,\"name\":\"Tatort Erfurt\"}]},{\"@type\":\"WebSite\",\"@id\":\"https:\/\/blog.zeit.de\/ost\/#website\",\"url\":\"https:\/\/blog.zeit.de\/ost\/\",\"name\":\"Ost-Blog\",\"description\":\"Ostdeutschland ist anders. Wir schreiben dr\u00fcber.\",\"potentialAction\":[{\"@type\":\"SearchAction\",\"target\":{\"@type\":\"EntryPoint\",\"urlTemplate\":\"https:\/\/blog.zeit.de\/ost\/?s={search_term_string}\"},\"query-input\":\"required name=search_term_string\"}],\"inLanguage\":\"de\"},{\"@type\":\"Person\",\"@id\":\"https:\/\/blog.zeit.de\/ost\/#\/schema\/person\/86934966b9a3b4d9c853d4ee6429a98d\",\"name\":\"Dirk Reinhardt\",\"image\":{\"@type\":\"ImageObject\",\"inLanguage\":\"de\",\"@id\":\"https:\/\/blog.zeit.de\/ost\/#\/schema\/person\/image\/\",\"url\":\"https:\/\/secure.gravatar.com\/avatar\/7506a4b250dd7ded84912c38fc9969e847107b2cb285c962fd350ee37c5eb18b?s=96&d=mm&r=g\",\"contentUrl\":\"https:\/\/secure.gravatar.com\/avatar\/7506a4b250dd7ded84912c38fc9969e847107b2cb285c962fd350ee37c5eb18b?s=96&d=mm&r=g\",\"caption\":\"Dirk Reinhardt\"},\"url\":\"https:\/\/blog.zeit.de\/ost\/author\/dreinhardt\/\"}]}<\/script>\n<!-- \/ Yoast SEO plugin. -->","yoast_head_json":{"title":"Tatort Erfurt - Ost-Blog","robots":{"index":"index","follow":"follow","max-snippet":"max-snippet:-1","max-image-preview":"max-image-preview:large","max-video-preview":"max-video-preview:-1"},"canonical":"https:\/\/blog.zeit.de\/ost\/2012\/07\/25\/tatort-erfurt\/","og_locale":"de_DE","og_type":"article","og_title":"Tatort Erfurt - Ost-Blog","og_description":"Die ARD-Krimiserie Tatort bekommt ein weiteres Ermittlerteam. Wie der Mitteldeutsche Rundfunk als produzierende Anstalt am Montag mitteilte, werden Alina Levshin, Friedrich M\u00fccke und Benjamin Kramme ab 2013 in Erfurt als Fernsehkommissare auf Verbrecherjagd gehen. Damit wird Erfurt nach Berlin und Leipzig die dritte ostdeutsche Tatort-Stadt. In der Th\u00fcringer Landeshauptstadt ist man entz\u00fcckt. Oberb\u00fcrgermeister Andreas Bausewein [&hellip;]","og_url":"https:\/\/blog.zeit.de\/ost\/2012\/07\/25\/tatort-erfurt\/","og_site_name":"Ost-Blog","article_published_time":"2012-07-24T22:10:39+00:00","article_modified_time":"2012-10-31T22:08:55+00:00","author":"Dirk Reinhardt","twitter_card":"summary_large_image","twitter_misc":{"Geschrieben von":"Dirk Reinhardt","Gesch\u00e4tzte Lesezeit":"2\u00a0Minuten"},"schema":{"@context":"https:\/\/schema.org","@graph":[{"@type":"WebPage","@id":"https:\/\/blog.zeit.de\/ost\/2012\/07\/25\/tatort-erfurt\/","url":"https:\/\/blog.zeit.de\/ost\/2012\/07\/25\/tatort-erfurt\/","name":"Tatort Erfurt - Ost-Blog","isPartOf":{"@id":"https:\/\/blog.zeit.de\/ost\/#website"},"datePublished":"2012-07-24T22:10:39+00:00","dateModified":"2012-10-31T22:08:55+00:00","author":{"@id":"https:\/\/blog.zeit.de\/ost\/#\/schema\/person\/86934966b9a3b4d9c853d4ee6429a98d"},"breadcrumb":{"@id":"https:\/\/blog.zeit.de\/ost\/2012\/07\/25\/tatort-erfurt\/#breadcrumb"},"inLanguage":"de","potentialAction":[{"@type":"ReadAction","target":["https:\/\/blog.zeit.de\/ost\/2012\/07\/25\/tatort-erfurt\/"]}]},{"@type":"BreadcrumbList","@id":"https:\/\/blog.zeit.de\/ost\/2012\/07\/25\/tatort-erfurt\/#breadcrumb","itemListElement":[{"@type":"ListItem","position":1,"name":"Startseite","item":"https:\/\/blog.zeit.de\/ost\/"},{"@type":"ListItem","position":2,"name":"Tatort Erfurt"}]},{"@type":"WebSite","@id":"https:\/\/blog.zeit.de\/ost\/#website","url":"https:\/\/blog.zeit.de\/ost\/","name":"Ost-Blog","description":"Ostdeutschland ist anders. Wir schreiben dr\u00fcber.","potentialAction":[{"@type":"SearchAction","target":{"@type":"EntryPoint","urlTemplate":"https:\/\/blog.zeit.de\/ost\/?s={search_term_string}"},"query-input":"required name=search_term_string"}],"inLanguage":"de"},{"@type":"Person","@id":"https:\/\/blog.zeit.de\/ost\/#\/schema\/person\/86934966b9a3b4d9c853d4ee6429a98d","name":"Dirk Reinhardt","image":{"@type":"ImageObject","inLanguage":"de","@id":"https:\/\/blog.zeit.de\/ost\/#\/schema\/person\/image\/","url":"https:\/\/secure.gravatar.com\/avatar\/7506a4b250dd7ded84912c38fc9969e847107b2cb285c962fd350ee37c5eb18b?s=96&d=mm&r=g","contentUrl":"https:\/\/secure.gravatar.com\/avatar\/7506a4b250dd7ded84912c38fc9969e847107b2cb285c962fd350ee37c5eb18b?s=96&d=mm&r=g","caption":"Dirk Reinhardt"},"url":"https:\/\/blog.zeit.de\/ost\/author\/dreinhardt\/"}]}},"jetpack_featured_media_url":"","jetpack_sharing_enabled":true,"_links":{"self":[{"href":"https:\/\/blog.zeit.de\/ost\/wp-json\/wp\/v2\/posts\/25","targetHints":{"allow":["GET"]}}],"collection":[{"href":"https:\/\/blog.zeit.de\/ost\/wp-json\/wp\/v2\/posts"}],"about":[{"href":"https:\/\/blog.zeit.de\/ost\/wp-json\/wp\/v2\/types\/post"}],"author":[{"embeddable":true,"href":"https:\/\/blog.zeit.de\/ost\/wp-json\/wp\/v2\/users\/373"}],"replies":[{"embeddable":true,"href":"https:\/\/blog.zeit.de\/ost\/wp-json\/wp\/v2\/comments?post=25"}],"version-history":[{"count":14,"href":"https:\/\/blog.zeit.de\/ost\/wp-json\/wp\/v2\/posts\/25\/revisions"}],"predecessor-version":[{"id":35,"href":"https:\/\/blog.zeit.de\/ost\/wp-json\/wp\/v2\/posts\/25\/revisions\/35"}],"wp:attachment":[{"href":"https:\/\/blog.zeit.de\/ost\/wp-json\/wp\/v2\/media?parent=25"}],"wp:term":[{"taxonomy":"category","embeddable":true,"href":"https:\/\/blog.zeit.de\/ost\/wp-json\/wp\/v2\/categories?post=25"},{"taxonomy":"post_tag","embeddable":true,"href":"https:\/\/blog.zeit.de\/ost\/wp-json\/wp\/v2\/tags?post=25"}],"curies":[{"name":"wp","href":"https:\/\/api.w.org\/{rel}","templated":true}]}}