{"id":551,"date":"2012-10-18T22:38:39","date_gmt":"2012-10-18T20:38:39","guid":{"rendered":"http:\/\/blog.zeit.de\/ost\/?p=551"},"modified":"2012-11-03T18:06:24","modified_gmt":"2012-11-03T17:06:24","slug":"kein-gluck-in-magdeburg","status":"publish","type":"post","link":"https:\/\/blog.zeit.de\/ost\/2012\/10\/18\/kein-gluck-in-magdeburg\/","title":{"rendered":"Kein Gl\u00fcck in Magdeburg"},"content":{"rendered":"<p>Auch wenn es ein Allgemeinplatz ist, fange ich jetzt trotzdem &#8218;mal so an: Mitteldeutschland ist ausgesprochen gezeichnet von den Umbr\u00fcchen nach der Wende. <\/p>\n<p>Damit aber diese h\u00f6chst repr\u00e4sentative Aussage nicht gleich alle in schlechte Laune versetzt, muss man ebenso prominent betonen: Deswegen ist aber zum Beispiel Sachsen-Anhalt nun kein trauriges Land. Die Leute sind &#8211; nat\u00fcrlich aufgrund ihrer j\u00fcngsten Erfahrungen &#8211; ganz einfach ein wenig skeptisch, wenn es darum geht, etwas zu bejubeln. Dabei allerdings, gibt es ein erstaunliches Ph\u00e4nomen: In Sachen Zuversicht hat Sachsen-Anhalt, das mitteldeutscheste aller miteldeutschen L\u00e4nder, ein klares Nord-S\u00fcd-Gef\u00e4lle.<!--more--> Ein wenig plastischer ausgedr\u00fcckt hei\u00dft diese holprige Alltagsbeobachtung: Der Magdeburger sagt, wenn er eine Million geboten bekommt: &#8222;Lass mich in Ruhe, das is&#8216; doch Falschgeld?&#8220; Der Hallenser dagegen: &#8222;Ne Million, wirklich? Na gib schon her, wenn blo\u00df n F\u00fcnfer davon echt is&#8216;, krieg ich wenigstens &#8217;n Bier.&#8220; &#8211; Ja, das ist jetzt eine Behauptung. Aber die l\u00e4sst sich belegen: <\/p>\n<p>K\u00fcrzlich wurde der <a href=\"http:\/\/www.gluecksatlas.de\/cms\/2012\/regionen.html\" title=\"Gl\u00fccksatlas\" target=\"_blank\">Gl\u00fccksatlas<\/a> der Deutschen Post ver\u00f6ffentlicht. (Warum ausgerechnet die Deutsche Post diese Studie \u00fcber die Unterschiede des Wohlbefindens der Deutschen finanziert hat, war nicht so schnell rauszukriegen.) Und dieser Gl\u00fccksatlas wies f\u00fcr den deutschen Osten die geringsten Lebenszufriedenheitswerte aus. Deutschlandweit wurde die Studie gedruckt und in Radio und Fernsehen reportiert. Ein bisschen mehr Aufmerksamkeit allerdings hat das Ding im Osten bekommen. Ganze Seiten, Hintergr\u00fcnde, Umfragen und Interviews gab es. <\/p>\n<p>In Magdeburg und Halle machten es die beiden \u00f6rtlichen Fast-Monopolbl\u00e4tter ganz genauso: Sie pr\u00e4sentierten ihren Lesern Mehrspalter \u00fcber dem Bruch im ersten Zeitungsbuch. In Magdeburg in der <em>Volksstimme<\/em> geschah das unter der \u00dcberschrift: &#8222;Wenig Gl\u00fcckspunkte f\u00fcr Sachsen-Anhalt&#8220; und in der <em>Mitteldeutschen Zeitung<\/em> aus Halle mit der Schlagzeile &#8222;Gl\u00fccksl\u00fccke wird kleiner&#8220;. Nach Ansicht der Magdeburger Redakteure mussten gleich neben die Studie die folgenden traurigen Nachrichten auf die Seite: &#8222;Erste Liste 100 bedrohtester Arten&#8220;, &#8222;Ist das Handy Schuld am Gehirntumor?&#8220; und &#8222;Betrunkener steckt mit Arm im WC fest&#8220;. <\/p>\n<p>Die <em>Mitteldeutsche Zeitung<\/em> versuchte die Unlust der Ostdeutschen dagegen auf ein theoretisches Fundament zu stellen, erkl\u00e4rte die &#8222;Begrifflichkeit des Gl\u00fccks&#8220; und endete mit der Aufstellung der vier S\u00e4ulen des &#8222;Bruttonationalgl\u00fccks&#8220;. Und was machten die Magdeburger: Ein winzig kleiner Erkl\u00e4rungskasten sollte den Extrakt der Studie \u00fcber das Gl\u00fcck in Sachsen-Anhalt wiedergeben. Er hatte die \u00dcberschrift: &#8222;Unzufrieden und \u00e4ngstlich&#8220;. <\/p>\n<p>Nun besagte die Studie in der Tat, dass die ostdeutschen, nach ihrem Gl\u00fcck befragt, weniger begeistert antworten. Allerdings hei\u00dft es in dieser Studie auch, dass in Bayern und in Niedersachsen die gl\u00fccklichsten Deutschen wohnen. Dieser Fakt ist nat\u00fcrlich Quatsch, denn in Bayern wohnen ja auch die reichsten Deutschen und Geld macht doch \u2013 wissenschaftlich bestimmt auch schon oft belegt \u2013 nicht gl\u00fccklich. <\/p>\n<p>So richtig interessant ist dann allerdings auch folgender Unterschied in der Berichterstattung: Ganz offensichtlich waren die Redakteure aus Halle deutlich positiver an diesen Gl\u00fccksreport herangegangen, verga\u00dfen dabei aber nicht zu erw\u00e4hnen, wie sich der gemessene Gl\u00fcckswert zusammensetzt und welches Gewicht dabei Besch\u00e4ftigungszufriedenheit, Arbeitslosigkeit und soziale N\u00f6te haben. Die Magdeburger dagegen erw\u00e4hnten die Besch\u00e4ftigungsn\u00f6te lediglich als einen von vielen gl\u00fcckshemmenden Aspekten.<\/p>\n<p>Der Lichtblick zum Abschluss: &#8222;Frau kauft Renoir f\u00fcr sieben Dollar&#8220; lautete dann noch eine Kurzmeldung der <em>Magdeburger Volksstimme <\/em> auf der gleichen Seite. Hier schien ein Redakteur Hoffnung gesch\u00f6pft zu haben, dass manchmal die Kacke nicht ganz zu doll dampft.<\/p>\n","protected":false},"excerpt":{"rendered":"<p>Auch wenn es ein Allgemeinplatz ist, fange ich jetzt trotzdem &#8218;mal so an: Mitteldeutschland ist ausgesprochen gezeichnet von den Umbr\u00fcchen nach der Wende. Damit aber diese h\u00f6chst repr\u00e4sentative Aussage nicht gleich alle in schlechte Laune versetzt, muss man ebenso prominent betonen: Deswegen ist aber zum Beispiel Sachsen-Anhalt nun kein trauriges Land. Die Leute sind &#8211; [&hellip;]<\/p>\n","protected":false},"author":383,"featured_media":0,"comment_status":"open","ping_status":"open","sticky":false,"template":"","format":"standard","meta":{"_jetpack_memberships_contains_paid_content":false,"footnotes":""},"categories":[16],"tags":[962,12595,23497,23499,22367,23498,1730,22341,1457,537,20750],"class_list":["post-551","post","type-post","status-publish","format-standard","hentry","category-allgemein","tag-arbeitslosigkeit","tag-ddr","tag-halle","tag-magdeburg","tag-millionen","tag-mitteldeutschland","tag-ostdeutschland","tag-osten","tag-sachsen-anhalt","tag-studie","tag-wende"],"yoast_head":"<!-- This site is optimized with the Yoast SEO plugin v21.0 - https:\/\/yoast.com\/wordpress\/plugins\/seo\/ -->\n<title>Kein Gl\u00fcck in Magdeburg - Ost-Blog<\/title>\n<meta name=\"robots\" content=\"index, follow, max-snippet:-1, max-image-preview:large, max-video-preview:-1\" \/>\n<link rel=\"canonical\" href=\"https:\/\/blog.zeit.de\/ost\/2012\/10\/18\/kein-gluck-in-magdeburg\/\" \/>\n<meta property=\"og:locale\" content=\"de_DE\" \/>\n<meta property=\"og:type\" content=\"article\" \/>\n<meta property=\"og:title\" content=\"Kein Gl\u00fcck in Magdeburg - Ost-Blog\" \/>\n<meta property=\"og:description\" content=\"Auch wenn es ein Allgemeinplatz ist, fange ich jetzt trotzdem &#8218;mal so an: Mitteldeutschland ist ausgesprochen gezeichnet von den Umbr\u00fcchen nach der Wende. Damit aber diese h\u00f6chst repr\u00e4sentative Aussage nicht gleich alle in schlechte Laune versetzt, muss man ebenso prominent betonen: Deswegen ist aber zum Beispiel Sachsen-Anhalt nun kein trauriges Land. Die Leute sind &#8211; [&hellip;]\" \/>\n<meta property=\"og:url\" content=\"https:\/\/blog.zeit.de\/ost\/2012\/10\/18\/kein-gluck-in-magdeburg\/\" \/>\n<meta property=\"og:site_name\" content=\"Ost-Blog\" \/>\n<meta property=\"article:published_time\" content=\"2012-10-18T20:38:39+00:00\" \/>\n<meta property=\"article:modified_time\" content=\"2012-11-03T17:06:24+00:00\" \/>\n<meta name=\"author\" content=\"Stefan Ruwoldt\" \/>\n<meta name=\"twitter:card\" content=\"summary_large_image\" \/>\n<meta name=\"twitter:label1\" content=\"Geschrieben von\" \/>\n\t<meta name=\"twitter:data1\" content=\"Stefan Ruwoldt\" \/>\n\t<meta name=\"twitter:label2\" content=\"Gesch\u00e4tzte Lesezeit\" \/>\n\t<meta name=\"twitter:data2\" content=\"3\u00a0Minuten\" \/>\n<script type=\"application\/ld+json\" class=\"yoast-schema-graph\">{\"@context\":\"https:\/\/schema.org\",\"@graph\":[{\"@type\":\"WebPage\",\"@id\":\"https:\/\/blog.zeit.de\/ost\/2012\/10\/18\/kein-gluck-in-magdeburg\/\",\"url\":\"https:\/\/blog.zeit.de\/ost\/2012\/10\/18\/kein-gluck-in-magdeburg\/\",\"name\":\"Kein Gl\u00fcck in Magdeburg - Ost-Blog\",\"isPartOf\":{\"@id\":\"https:\/\/blog.zeit.de\/ost\/#website\"},\"datePublished\":\"2012-10-18T20:38:39+00:00\",\"dateModified\":\"2012-11-03T17:06:24+00:00\",\"author\":{\"@id\":\"https:\/\/blog.zeit.de\/ost\/#\/schema\/person\/dd5b77c2ba678e67c21b74618de55c3e\"},\"breadcrumb\":{\"@id\":\"https:\/\/blog.zeit.de\/ost\/2012\/10\/18\/kein-gluck-in-magdeburg\/#breadcrumb\"},\"inLanguage\":\"de\",\"potentialAction\":[{\"@type\":\"ReadAction\",\"target\":[\"https:\/\/blog.zeit.de\/ost\/2012\/10\/18\/kein-gluck-in-magdeburg\/\"]}]},{\"@type\":\"BreadcrumbList\",\"@id\":\"https:\/\/blog.zeit.de\/ost\/2012\/10\/18\/kein-gluck-in-magdeburg\/#breadcrumb\",\"itemListElement\":[{\"@type\":\"ListItem\",\"position\":1,\"name\":\"Startseite\",\"item\":\"https:\/\/blog.zeit.de\/ost\/\"},{\"@type\":\"ListItem\",\"position\":2,\"name\":\"Kein Gl\u00fcck in Magdeburg\"}]},{\"@type\":\"WebSite\",\"@id\":\"https:\/\/blog.zeit.de\/ost\/#website\",\"url\":\"https:\/\/blog.zeit.de\/ost\/\",\"name\":\"Ost-Blog\",\"description\":\"Ostdeutschland ist anders. Wir schreiben dr\u00fcber.\",\"potentialAction\":[{\"@type\":\"SearchAction\",\"target\":{\"@type\":\"EntryPoint\",\"urlTemplate\":\"https:\/\/blog.zeit.de\/ost\/?s={search_term_string}\"},\"query-input\":\"required name=search_term_string\"}],\"inLanguage\":\"de\"},{\"@type\":\"Person\",\"@id\":\"https:\/\/blog.zeit.de\/ost\/#\/schema\/person\/dd5b77c2ba678e67c21b74618de55c3e\",\"name\":\"Stefan Ruwoldt\",\"image\":{\"@type\":\"ImageObject\",\"inLanguage\":\"de\",\"@id\":\"https:\/\/blog.zeit.de\/ost\/#\/schema\/person\/image\/\",\"url\":\"https:\/\/secure.gravatar.com\/avatar\/460d74c245796c7dbc11a8cac2dabf17beaf03be0ad9945625da36782991b17c?s=96&d=mm&r=g\",\"contentUrl\":\"https:\/\/secure.gravatar.com\/avatar\/460d74c245796c7dbc11a8cac2dabf17beaf03be0ad9945625da36782991b17c?s=96&d=mm&r=g\",\"caption\":\"Stefan Ruwoldt\"},\"url\":\"https:\/\/blog.zeit.de\/ost\/author\/sruwoldt\/\"}]}<\/script>\n<!-- \/ Yoast SEO plugin. -->","yoast_head_json":{"title":"Kein Gl\u00fcck in Magdeburg - Ost-Blog","robots":{"index":"index","follow":"follow","max-snippet":"max-snippet:-1","max-image-preview":"max-image-preview:large","max-video-preview":"max-video-preview:-1"},"canonical":"https:\/\/blog.zeit.de\/ost\/2012\/10\/18\/kein-gluck-in-magdeburg\/","og_locale":"de_DE","og_type":"article","og_title":"Kein Gl\u00fcck in Magdeburg - Ost-Blog","og_description":"Auch wenn es ein Allgemeinplatz ist, fange ich jetzt trotzdem &#8218;mal so an: Mitteldeutschland ist ausgesprochen gezeichnet von den Umbr\u00fcchen nach der Wende. Damit aber diese h\u00f6chst repr\u00e4sentative Aussage nicht gleich alle in schlechte Laune versetzt, muss man ebenso prominent betonen: Deswegen ist aber zum Beispiel Sachsen-Anhalt nun kein trauriges Land. Die Leute sind &#8211; [&hellip;]","og_url":"https:\/\/blog.zeit.de\/ost\/2012\/10\/18\/kein-gluck-in-magdeburg\/","og_site_name":"Ost-Blog","article_published_time":"2012-10-18T20:38:39+00:00","article_modified_time":"2012-11-03T17:06:24+00:00","author":"Stefan Ruwoldt","twitter_card":"summary_large_image","twitter_misc":{"Geschrieben von":"Stefan Ruwoldt","Gesch\u00e4tzte Lesezeit":"3\u00a0Minuten"},"schema":{"@context":"https:\/\/schema.org","@graph":[{"@type":"WebPage","@id":"https:\/\/blog.zeit.de\/ost\/2012\/10\/18\/kein-gluck-in-magdeburg\/","url":"https:\/\/blog.zeit.de\/ost\/2012\/10\/18\/kein-gluck-in-magdeburg\/","name":"Kein Gl\u00fcck in Magdeburg - Ost-Blog","isPartOf":{"@id":"https:\/\/blog.zeit.de\/ost\/#website"},"datePublished":"2012-10-18T20:38:39+00:00","dateModified":"2012-11-03T17:06:24+00:00","author":{"@id":"https:\/\/blog.zeit.de\/ost\/#\/schema\/person\/dd5b77c2ba678e67c21b74618de55c3e"},"breadcrumb":{"@id":"https:\/\/blog.zeit.de\/ost\/2012\/10\/18\/kein-gluck-in-magdeburg\/#breadcrumb"},"inLanguage":"de","potentialAction":[{"@type":"ReadAction","target":["https:\/\/blog.zeit.de\/ost\/2012\/10\/18\/kein-gluck-in-magdeburg\/"]}]},{"@type":"BreadcrumbList","@id":"https:\/\/blog.zeit.de\/ost\/2012\/10\/18\/kein-gluck-in-magdeburg\/#breadcrumb","itemListElement":[{"@type":"ListItem","position":1,"name":"Startseite","item":"https:\/\/blog.zeit.de\/ost\/"},{"@type":"ListItem","position":2,"name":"Kein Gl\u00fcck in Magdeburg"}]},{"@type":"WebSite","@id":"https:\/\/blog.zeit.de\/ost\/#website","url":"https:\/\/blog.zeit.de\/ost\/","name":"Ost-Blog","description":"Ostdeutschland ist anders. Wir schreiben dr\u00fcber.","potentialAction":[{"@type":"SearchAction","target":{"@type":"EntryPoint","urlTemplate":"https:\/\/blog.zeit.de\/ost\/?s={search_term_string}"},"query-input":"required name=search_term_string"}],"inLanguage":"de"},{"@type":"Person","@id":"https:\/\/blog.zeit.de\/ost\/#\/schema\/person\/dd5b77c2ba678e67c21b74618de55c3e","name":"Stefan Ruwoldt","image":{"@type":"ImageObject","inLanguage":"de","@id":"https:\/\/blog.zeit.de\/ost\/#\/schema\/person\/image\/","url":"https:\/\/secure.gravatar.com\/avatar\/460d74c245796c7dbc11a8cac2dabf17beaf03be0ad9945625da36782991b17c?s=96&d=mm&r=g","contentUrl":"https:\/\/secure.gravatar.com\/avatar\/460d74c245796c7dbc11a8cac2dabf17beaf03be0ad9945625da36782991b17c?s=96&d=mm&r=g","caption":"Stefan Ruwoldt"},"url":"https:\/\/blog.zeit.de\/ost\/author\/sruwoldt\/"}]}},"jetpack_featured_media_url":"","jetpack_sharing_enabled":true,"_links":{"self":[{"href":"https:\/\/blog.zeit.de\/ost\/wp-json\/wp\/v2\/posts\/551","targetHints":{"allow":["GET"]}}],"collection":[{"href":"https:\/\/blog.zeit.de\/ost\/wp-json\/wp\/v2\/posts"}],"about":[{"href":"https:\/\/blog.zeit.de\/ost\/wp-json\/wp\/v2\/types\/post"}],"author":[{"embeddable":true,"href":"https:\/\/blog.zeit.de\/ost\/wp-json\/wp\/v2\/users\/383"}],"replies":[{"embeddable":true,"href":"https:\/\/blog.zeit.de\/ost\/wp-json\/wp\/v2\/comments?post=551"}],"version-history":[{"count":7,"href":"https:\/\/blog.zeit.de\/ost\/wp-json\/wp\/v2\/posts\/551\/revisions"}],"predecessor-version":[{"id":773,"href":"https:\/\/blog.zeit.de\/ost\/wp-json\/wp\/v2\/posts\/551\/revisions\/773"}],"wp:attachment":[{"href":"https:\/\/blog.zeit.de\/ost\/wp-json\/wp\/v2\/media?parent=551"}],"wp:term":[{"taxonomy":"category","embeddable":true,"href":"https:\/\/blog.zeit.de\/ost\/wp-json\/wp\/v2\/categories?post=551"},{"taxonomy":"post_tag","embeddable":true,"href":"https:\/\/blog.zeit.de\/ost\/wp-json\/wp\/v2\/tags?post=551"}],"curies":[{"name":"wp","href":"https:\/\/api.w.org\/{rel}","templated":true}]}}