{"id":569,"date":"2012-10-25T23:15:54","date_gmt":"2012-10-25T21:15:54","guid":{"rendered":"http:\/\/blog.zeit.de\/ost\/?p=569"},"modified":"2012-10-31T13:41:54","modified_gmt":"2012-10-31T12:41:54","slug":"das-eigentor-vor-dem-spiel","status":"publish","type":"post","link":"https:\/\/blog.zeit.de\/ost\/2012\/10\/25\/das-eigentor-vor-dem-spiel\/","title":{"rendered":"Das Eigentor vor dem Spiel"},"content":{"rendered":"<p>Fu\u00dfball ist manchmal komisch. Spiele verlaufen kurios, Spieler, Trainer und oft auch Schiedsrichter machen Dinge, bei denen sich die Zuschauer an den Kopf fassen. Und Fans sind sowieso nicht zu verstehen. Mindestens genauso \u00fcbel kann es werden, wenn dann pl\u00f6tzlich ein Vereinsboss oder einer seiner B\u00fcroangestellten eine Idee hat. Die nennen ihre unausgegorenen Einf\u00e4lle oder \u00c4u\u00dferungen dann vielleicht &#8222;innovativ&#8220;, &#8222;gegen den Strich geb\u00fcrstet&#8220; oder &#8222;witzig&#8220; und denken, dass ihre Ideen dann nicht gleich als v\u00f6llig doof auffallen.<\/p>\n<p>Eine Idee von dieser Sorte hatte ein Verein aus Berlin-Hohensch\u00f6nhausen in der vergangenen Woche geliefert: Fans des Berliner Oberligisten BFC Dynamo erinnerten sich wieder einmal ihrer staatlich geh\u00e4tschelten Ost-Vergangenheit und warben damit. <!--more-->Nun war diese Vergangenheit in der Tat sportlich nicht so \u00fcbel, wenn auch umstritten, weil die Siege in der Oberliga nicht immer ganz koscher zustande kamen. Oder weil diese Siege zumindest unter dem Verdacht standen, dass die Stasi durch Einflussnahme an allen m\u00f6glichen Enden &#8211; immer dann, wenn es sportlich wackelte &#8211; schwer mitgearbeitet hatte an der Sicherung des n\u00e4chsten und \u00fcbern\u00e4chsten Planziels: Dauer-Meister BFC. Aber naja, das ist nun mehr als 20 Jahre her.<\/p>\n<p>Das Innovative und das Gegen-den-Strich-Geb\u00fcrstete an dieser aktuellen BFC-Dynamo-Idee war nun aber, dass da einer der Vereinsfunktion\u00e4re offenbar Erich Mielke total lustig findet: &#8222;Diesen Weg musste schon Erich machen&#8230; Die Normannenstra\u00dfe kommt ins Sportforum&#8220; lautete eine im Web verbreitete Parole, illustriert mit einem Mielke sehr \u00e4hnlichen Offizier in Ost-Uniform auf einer Stadiontrib\u00fcne. Als allererstes k\u00f6nnte man sagen: &#8222;Fans eben, die m\u00fcssen st\u00e4nkern.&#8220; Aber: So ist das eben nicht, denn das war keine &#8222;Ick hab da mal &#8217;ne echt juhte Idee&#8220;-Aktion eines Ultras, nein: BFC-Vereinssprecher Martin Richter h\u00f6chstpers\u00f6nlich erkl\u00e4rte seine volle Unterst\u00fctzung \u2013 offenbar auch noch stolz auf die Collage: &#8222;Das Medienecho war enorm. Jetzt wissen sehr viele Menschen, dass wir gegen Lichtenberg spielen.&#8220;<\/p>\n<p>Zum Hintergrund f\u00fcr all jene, die das Problem nicht so richtig kennen: Der BFC Dynamo war Stasi-Chef Mielkes Liebslingsverein. Mielkes krakenhafter Apparat residierte an der Lichtenberger Normannenstra\u00dfe und breitete sich rund um das Hans-Zoschke-Stadion aus, wo Lichtenberg 47 damals spielte und auch heute noch zuhause ist. Bis zur Wende war das 18.000-Zuschauer-Stadion vom Abriss bedroht, weil die benachbarte Stasi-Zentrale den Platz begehrte f\u00fcr weitere Garagen und Aktenschr\u00e4nke. Umzingelt von den Verwaltungsgeb\u00e4uden der Stasi wurde im 47er-Stadion der Spielbetrieb immer st\u00e4rker behindert durch Mauern und Z\u00e4une und Zuschauereinschr\u00e4nkungen.<\/p>\n<p>BFC-Sprecher Richter verteidigte nun die &#8222;Mielke-fetzt&#8220;-Aktion als Idee der so genannten negativen Werbung mit dem Satz: &#8222;Wir werden 23 Jahre nach dem Fall der Mauer immer noch als Stasi-Club bezeichnet. Die Fans haben einfach mit dieser Bezeichnung gespielt.&#8220; Spielen? Richter wei\u00df mit Sicherheit, dass viele BFC-Fans alles andere als &#8222;Spielen&#8220;. Jahrelang und auch heute gern wiederholt im BFC-Fanblock ist die Parole: &#8222;Wer soll unser F\u00fchrer sein? &#8211; Erich Mielke.&#8220; Wer mit Erich Mielke wirbt, ist ein Stasi-Verein. Ganz einfach. Schade allerdings um die \u2013 in vielen Belangen \u2013 beispielhafte Nachwuchsarbeit, die durch die Hirngespinste von Funktion\u00e4ren ruiniert wird, traurig f\u00fcr alle Kinder- und Jugendmannschaften des BFC, die vorher und nun nat\u00fcrlich erst recht als Stasi-Mannschaften beschimpft werden. Der BFC hat bis runter zur G-Jugend Mannschaften in allen Alltagsklassen.<\/p>\n<p>Die gerechte Strafe blieb leider aus. Oder zum Gl\u00fcck. Lichtenberg 47 und der BFC trennten sich ziemlich br\u00fcderlich 1:1. Auch wenn es platt klingt muss man sich f\u00fcr das Fazit auf das Niveau der BFC-Vereinsf\u00fchrung begeben: Planziel verfehlt, aber die Parole hat gestimmt. Ein Verein der Worth\u00fclsen. Oder zumindest eine Vereinsf\u00fchrung.<\/p>\n","protected":false},"excerpt":{"rendered":"<p>Fu\u00dfball ist manchmal komisch. Spiele verlaufen kurios, Spieler, Trainer und oft auch Schiedsrichter machen Dinge, bei denen sich die Zuschauer an den Kopf fassen. Und Fans sind sowieso nicht zu verstehen. Mindestens genauso \u00fcbel kann es werden, wenn dann pl\u00f6tzlich ein Vereinsboss oder einer seiner B\u00fcroangestellten eine Idee hat. Die nennen ihre unausgegorenen Einf\u00e4lle oder [&hellip;]<\/p>\n","protected":false},"author":383,"featured_media":0,"comment_status":"open","ping_status":"open","sticky":false,"template":"","format":"standard","meta":{"_jetpack_memberships_contains_paid_content":false,"footnotes":""},"categories":[16],"tags":[12595,666,1730,526,22351,1803],"class_list":["post-569","post","type-post","status-publish","format-standard","hentry","category-allgemein","tag-ddr","tag-fusball","tag-ostdeutschland","tag-sport","tag-staatssicherheit","tag-stasi"],"yoast_head":"<!-- This site is optimized with the Yoast SEO plugin v21.0 - https:\/\/yoast.com\/wordpress\/plugins\/seo\/ -->\n<title>Das Eigentor vor dem Spiel - Ost-Blog<\/title>\n<meta name=\"robots\" content=\"index, follow, max-snippet:-1, max-image-preview:large, max-video-preview:-1\" \/>\n<link rel=\"canonical\" href=\"https:\/\/blog.zeit.de\/ost\/2012\/10\/25\/das-eigentor-vor-dem-spiel\/\" \/>\n<meta property=\"og:locale\" content=\"de_DE\" \/>\n<meta property=\"og:type\" content=\"article\" \/>\n<meta property=\"og:title\" content=\"Das Eigentor vor dem Spiel - Ost-Blog\" \/>\n<meta property=\"og:description\" content=\"Fu\u00dfball ist manchmal komisch. Spiele verlaufen kurios, Spieler, Trainer und oft auch Schiedsrichter machen Dinge, bei denen sich die Zuschauer an den Kopf fassen. Und Fans sind sowieso nicht zu verstehen. Mindestens genauso \u00fcbel kann es werden, wenn dann pl\u00f6tzlich ein Vereinsboss oder einer seiner B\u00fcroangestellten eine Idee hat. Die nennen ihre unausgegorenen Einf\u00e4lle oder [&hellip;]\" \/>\n<meta property=\"og:url\" content=\"https:\/\/blog.zeit.de\/ost\/2012\/10\/25\/das-eigentor-vor-dem-spiel\/\" \/>\n<meta property=\"og:site_name\" content=\"Ost-Blog\" \/>\n<meta property=\"article:published_time\" content=\"2012-10-25T21:15:54+00:00\" \/>\n<meta property=\"article:modified_time\" content=\"2012-10-31T12:41:54+00:00\" \/>\n<meta name=\"author\" content=\"Stefan Ruwoldt\" \/>\n<meta name=\"twitter:card\" content=\"summary_large_image\" \/>\n<meta name=\"twitter:label1\" content=\"Geschrieben von\" \/>\n\t<meta name=\"twitter:data1\" content=\"Stefan Ruwoldt\" \/>\n\t<meta name=\"twitter:label2\" content=\"Gesch\u00e4tzte Lesezeit\" \/>\n\t<meta name=\"twitter:data2\" content=\"3\u00a0Minuten\" \/>\n<script type=\"application\/ld+json\" class=\"yoast-schema-graph\">{\"@context\":\"https:\/\/schema.org\",\"@graph\":[{\"@type\":\"WebPage\",\"@id\":\"https:\/\/blog.zeit.de\/ost\/2012\/10\/25\/das-eigentor-vor-dem-spiel\/\",\"url\":\"https:\/\/blog.zeit.de\/ost\/2012\/10\/25\/das-eigentor-vor-dem-spiel\/\",\"name\":\"Das Eigentor vor dem Spiel - Ost-Blog\",\"isPartOf\":{\"@id\":\"https:\/\/blog.zeit.de\/ost\/#website\"},\"datePublished\":\"2012-10-25T21:15:54+00:00\",\"dateModified\":\"2012-10-31T12:41:54+00:00\",\"author\":{\"@id\":\"https:\/\/blog.zeit.de\/ost\/#\/schema\/person\/dd5b77c2ba678e67c21b74618de55c3e\"},\"breadcrumb\":{\"@id\":\"https:\/\/blog.zeit.de\/ost\/2012\/10\/25\/das-eigentor-vor-dem-spiel\/#breadcrumb\"},\"inLanguage\":\"de\",\"potentialAction\":[{\"@type\":\"ReadAction\",\"target\":[\"https:\/\/blog.zeit.de\/ost\/2012\/10\/25\/das-eigentor-vor-dem-spiel\/\"]}]},{\"@type\":\"BreadcrumbList\",\"@id\":\"https:\/\/blog.zeit.de\/ost\/2012\/10\/25\/das-eigentor-vor-dem-spiel\/#breadcrumb\",\"itemListElement\":[{\"@type\":\"ListItem\",\"position\":1,\"name\":\"Startseite\",\"item\":\"https:\/\/blog.zeit.de\/ost\/\"},{\"@type\":\"ListItem\",\"position\":2,\"name\":\"Das Eigentor vor dem Spiel\"}]},{\"@type\":\"WebSite\",\"@id\":\"https:\/\/blog.zeit.de\/ost\/#website\",\"url\":\"https:\/\/blog.zeit.de\/ost\/\",\"name\":\"Ost-Blog\",\"description\":\"Ostdeutschland ist anders. Wir schreiben dr\u00fcber.\",\"potentialAction\":[{\"@type\":\"SearchAction\",\"target\":{\"@type\":\"EntryPoint\",\"urlTemplate\":\"https:\/\/blog.zeit.de\/ost\/?s={search_term_string}\"},\"query-input\":\"required name=search_term_string\"}],\"inLanguage\":\"de\"},{\"@type\":\"Person\",\"@id\":\"https:\/\/blog.zeit.de\/ost\/#\/schema\/person\/dd5b77c2ba678e67c21b74618de55c3e\",\"name\":\"Stefan Ruwoldt\",\"image\":{\"@type\":\"ImageObject\",\"inLanguage\":\"de\",\"@id\":\"https:\/\/blog.zeit.de\/ost\/#\/schema\/person\/image\/\",\"url\":\"https:\/\/secure.gravatar.com\/avatar\/460d74c245796c7dbc11a8cac2dabf17beaf03be0ad9945625da36782991b17c?s=96&d=mm&r=g\",\"contentUrl\":\"https:\/\/secure.gravatar.com\/avatar\/460d74c245796c7dbc11a8cac2dabf17beaf03be0ad9945625da36782991b17c?s=96&d=mm&r=g\",\"caption\":\"Stefan Ruwoldt\"},\"url\":\"https:\/\/blog.zeit.de\/ost\/author\/sruwoldt\/\"}]}<\/script>\n<!-- \/ Yoast SEO plugin. -->","yoast_head_json":{"title":"Das Eigentor vor dem Spiel - Ost-Blog","robots":{"index":"index","follow":"follow","max-snippet":"max-snippet:-1","max-image-preview":"max-image-preview:large","max-video-preview":"max-video-preview:-1"},"canonical":"https:\/\/blog.zeit.de\/ost\/2012\/10\/25\/das-eigentor-vor-dem-spiel\/","og_locale":"de_DE","og_type":"article","og_title":"Das Eigentor vor dem Spiel - Ost-Blog","og_description":"Fu\u00dfball ist manchmal komisch. Spiele verlaufen kurios, Spieler, Trainer und oft auch Schiedsrichter machen Dinge, bei denen sich die Zuschauer an den Kopf fassen. Und Fans sind sowieso nicht zu verstehen. Mindestens genauso \u00fcbel kann es werden, wenn dann pl\u00f6tzlich ein Vereinsboss oder einer seiner B\u00fcroangestellten eine Idee hat. Die nennen ihre unausgegorenen Einf\u00e4lle oder [&hellip;]","og_url":"https:\/\/blog.zeit.de\/ost\/2012\/10\/25\/das-eigentor-vor-dem-spiel\/","og_site_name":"Ost-Blog","article_published_time":"2012-10-25T21:15:54+00:00","article_modified_time":"2012-10-31T12:41:54+00:00","author":"Stefan Ruwoldt","twitter_card":"summary_large_image","twitter_misc":{"Geschrieben von":"Stefan Ruwoldt","Gesch\u00e4tzte Lesezeit":"3\u00a0Minuten"},"schema":{"@context":"https:\/\/schema.org","@graph":[{"@type":"WebPage","@id":"https:\/\/blog.zeit.de\/ost\/2012\/10\/25\/das-eigentor-vor-dem-spiel\/","url":"https:\/\/blog.zeit.de\/ost\/2012\/10\/25\/das-eigentor-vor-dem-spiel\/","name":"Das Eigentor vor dem Spiel - Ost-Blog","isPartOf":{"@id":"https:\/\/blog.zeit.de\/ost\/#website"},"datePublished":"2012-10-25T21:15:54+00:00","dateModified":"2012-10-31T12:41:54+00:00","author":{"@id":"https:\/\/blog.zeit.de\/ost\/#\/schema\/person\/dd5b77c2ba678e67c21b74618de55c3e"},"breadcrumb":{"@id":"https:\/\/blog.zeit.de\/ost\/2012\/10\/25\/das-eigentor-vor-dem-spiel\/#breadcrumb"},"inLanguage":"de","potentialAction":[{"@type":"ReadAction","target":["https:\/\/blog.zeit.de\/ost\/2012\/10\/25\/das-eigentor-vor-dem-spiel\/"]}]},{"@type":"BreadcrumbList","@id":"https:\/\/blog.zeit.de\/ost\/2012\/10\/25\/das-eigentor-vor-dem-spiel\/#breadcrumb","itemListElement":[{"@type":"ListItem","position":1,"name":"Startseite","item":"https:\/\/blog.zeit.de\/ost\/"},{"@type":"ListItem","position":2,"name":"Das Eigentor vor dem Spiel"}]},{"@type":"WebSite","@id":"https:\/\/blog.zeit.de\/ost\/#website","url":"https:\/\/blog.zeit.de\/ost\/","name":"Ost-Blog","description":"Ostdeutschland ist anders. Wir schreiben dr\u00fcber.","potentialAction":[{"@type":"SearchAction","target":{"@type":"EntryPoint","urlTemplate":"https:\/\/blog.zeit.de\/ost\/?s={search_term_string}"},"query-input":"required name=search_term_string"}],"inLanguage":"de"},{"@type":"Person","@id":"https:\/\/blog.zeit.de\/ost\/#\/schema\/person\/dd5b77c2ba678e67c21b74618de55c3e","name":"Stefan Ruwoldt","image":{"@type":"ImageObject","inLanguage":"de","@id":"https:\/\/blog.zeit.de\/ost\/#\/schema\/person\/image\/","url":"https:\/\/secure.gravatar.com\/avatar\/460d74c245796c7dbc11a8cac2dabf17beaf03be0ad9945625da36782991b17c?s=96&d=mm&r=g","contentUrl":"https:\/\/secure.gravatar.com\/avatar\/460d74c245796c7dbc11a8cac2dabf17beaf03be0ad9945625da36782991b17c?s=96&d=mm&r=g","caption":"Stefan Ruwoldt"},"url":"https:\/\/blog.zeit.de\/ost\/author\/sruwoldt\/"}]}},"jetpack_featured_media_url":"","jetpack_sharing_enabled":true,"_links":{"self":[{"href":"https:\/\/blog.zeit.de\/ost\/wp-json\/wp\/v2\/posts\/569","targetHints":{"allow":["GET"]}}],"collection":[{"href":"https:\/\/blog.zeit.de\/ost\/wp-json\/wp\/v2\/posts"}],"about":[{"href":"https:\/\/blog.zeit.de\/ost\/wp-json\/wp\/v2\/types\/post"}],"author":[{"embeddable":true,"href":"https:\/\/blog.zeit.de\/ost\/wp-json\/wp\/v2\/users\/383"}],"replies":[{"embeddable":true,"href":"https:\/\/blog.zeit.de\/ost\/wp-json\/wp\/v2\/comments?post=569"}],"version-history":[{"count":13,"href":"https:\/\/blog.zeit.de\/ost\/wp-json\/wp\/v2\/posts\/569\/revisions"}],"predecessor-version":[{"id":731,"href":"https:\/\/blog.zeit.de\/ost\/wp-json\/wp\/v2\/posts\/569\/revisions\/731"}],"wp:attachment":[{"href":"https:\/\/blog.zeit.de\/ost\/wp-json\/wp\/v2\/media?parent=569"}],"wp:term":[{"taxonomy":"category","embeddable":true,"href":"https:\/\/blog.zeit.de\/ost\/wp-json\/wp\/v2\/categories?post=569"},{"taxonomy":"post_tag","embeddable":true,"href":"https:\/\/blog.zeit.de\/ost\/wp-json\/wp\/v2\/tags?post=569"}],"curies":[{"name":"wp","href":"https:\/\/api.w.org\/{rel}","templated":true}]}}