{"id":737,"date":"2012-11-01T23:04:48","date_gmt":"2012-11-01T22:04:48","guid":{"rendered":"http:\/\/blog.zeit.de\/ost\/?p=737"},"modified":"2012-11-12T12:07:49","modified_gmt":"2012-11-12T11:07:49","slug":"thomana-800-gegonnt-seis-den-guten","status":"publish","type":"post","link":"https:\/\/blog.zeit.de\/ost\/2012\/11\/01\/thomana-800-gegonnt-seis-den-guten\/","title":{"rendered":"Geg\u00f6nnt sei&#8217;s den Guten\u2026"},"content":{"rendered":"<p>Die Thomana, die ber\u00fchmte Leipziger Dreifaltigkeit aus Thomaskirche, Thomasschule und Thomanerchor feiert in dieser Woche ihr 800-j\u00e4hriges Bestehen. Im Grunde tut sie das schon seit Anfang dieses Jahres. Doch die eigentliche Festwoche wurde erst gestern, am Reformationstag, er\u00f6ffnet. Einen Herzlichen Gl\u00fcckwunsch also auch von hier aus!<!--more--><\/p>\n<p>Den warmen Worten, die nicht zuletzt beim Festgottesdienst in der Thomaskirche gesagt worden sind, will ich aber nichts hinzuf\u00fcgen. Was w\u00e4re ich auch f\u00fcr ein Journalist, w\u00e4re ich nicht immer auch ein wenig unzufrieden mit der Zufriedenheit und f\u00e4nde ich nicht auch in dieser Suppe das Haar: Da w\u00fcrdigt also der Ratsvorsitzende der Evangelischen Kirche in Deutschland (EKD), Pr\u00e4ses Nikolaus Schneider, die &#8222;Verantwortlichen in Kirche und Stadt&#8220;, dass sie &#8222;auch in widerst\u00e4ndigen Zeiten f\u00fcr das Zusammenhalten von Glauben, Singen und Lernen gestritten&#8220; h\u00e4tten. Worauf er &#8222;Gott und vielen glaubensstarken Menschen&#8220; daf\u00fcr dankte, dass man jetzt feiern kann.<\/p>\n<p>Auch wenn der EKD-Chef sicher nicht nur darauf anspielte: So einfach gesagt, klingt es aber, als w\u00e4ren Kirche, Chor und Kasten einst auch gegen die M\u00e4chtigen in der DDR mutig verteidigt worden. Das stimmt so nicht. Danken k\u00f6nnen h\u00e4tte der Pr\u00e4ses neben Gott und den Genannten auch den DDR-M\u00e4chtigen. Daf\u00fcr dass sie sich einmal nicht wie die Taliban vor den Buddhas von Bamiyan aufgef\u00fchrt haben. Daf\u00fcr dass sie die Thomaskirche nicht wie viele andere samt ihrem kulturellen und geistlichen Erbe platt machten, wie die Paulinerkirche, nur wenige hundert Meter entfernt.<\/p>\n<p>Warum nicht, ist klar: So wie Kreuzchor und Semperoper in Dresden oder Preu\u00dfens Bauten in Berlin waren die Thomaskirche und vor allem der Chor viel zu bedeutend \u2013 f\u00fcr das internationale Ansehen und als Magneten f\u00fcr Touristen und Devisen. Darum wurden solche Nischen beobachtet und verschont. Aus demselben Grund, aus dem sogar DDR-Bonzen einst in der Thomaskirche and\u00e4chtig klatschten, kann sich Leipzigs Oberb\u00fcrgermeister heute \u00fcber einen der &#8222;wichtigsten Bausteine&#8220; eines &#8222;Tourismusmagneten&#8220; freuen. Das ist gar nicht schlimm, es ist am Ende sogar gut so. Es ist nur einfach so &#8211; und nicht so, wie es in manchen Festreden klingt.<\/p>\n<p>Trotzdem seien den Guten die guten Worte ebenso geg\u00f6nnt wie die Tatsache, dass sie heute nicht an einem Grab gesprochen werden m\u00fcssen. Denn Gr\u00e4ber gab es vor allem in der fr\u00fcheren DDR-Zeit genug, auch f\u00fcr Kultur. Und an vielen spricht oder singt heute kein Mensch mehr.<\/p>\n","protected":false},"excerpt":{"rendered":"<p>Die Thomana, die ber\u00fchmte Leipziger Dreifaltigkeit aus Thomaskirche, Thomasschule und Thomanerchor feiert in dieser Woche ihr 800-j\u00e4hriges Bestehen. Im Grunde tut sie das schon seit Anfang dieses Jahres. Doch die eigentliche Festwoche wurde erst gestern, am Reformationstag, er\u00f6ffnet. Einen Herzlichen Gl\u00fcckwunsch also auch von hier aus!<\/p>\n","protected":false},"author":382,"featured_media":0,"comment_status":"open","ping_status":"open","sticky":false,"template":"","format":"standard","meta":{"_jetpack_memberships_contains_paid_content":false,"footnotes":""},"categories":[16],"tags":[23533,12595,23531,1785,22439,1886,23530],"class_list":["post-737","post","type-post","status-publish","format-standard","hentry","category-allgemein","tag-bonzen","tag-ddr","tag-ekd","tag-schneider","tag-semperoper","tag-thomaner","tag-thomaskirche"],"yoast_head":"<!-- This site is optimized with the Yoast SEO plugin v21.0 - https:\/\/yoast.com\/wordpress\/plugins\/seo\/ -->\n<title>Geg\u00f6nnt sei&#039;s den Guten\u2026 - Ost-Blog<\/title>\n<meta name=\"robots\" content=\"index, follow, max-snippet:-1, max-image-preview:large, max-video-preview:-1\" \/>\n<link rel=\"canonical\" href=\"https:\/\/blog.zeit.de\/ost\/2012\/11\/01\/thomana-800-gegonnt-seis-den-guten\/\" \/>\n<meta property=\"og:locale\" content=\"de_DE\" \/>\n<meta property=\"og:type\" content=\"article\" \/>\n<meta property=\"og:title\" content=\"Geg\u00f6nnt sei&#039;s den Guten\u2026 - Ost-Blog\" \/>\n<meta property=\"og:description\" content=\"Die Thomana, die ber\u00fchmte Leipziger Dreifaltigkeit aus Thomaskirche, Thomasschule und Thomanerchor feiert in dieser Woche ihr 800-j\u00e4hriges Bestehen. Im Grunde tut sie das schon seit Anfang dieses Jahres. Doch die eigentliche Festwoche wurde erst gestern, am Reformationstag, er\u00f6ffnet. Einen Herzlichen Gl\u00fcckwunsch also auch von hier aus!\" \/>\n<meta property=\"og:url\" content=\"https:\/\/blog.zeit.de\/ost\/2012\/11\/01\/thomana-800-gegonnt-seis-den-guten\/\" \/>\n<meta property=\"og:site_name\" content=\"Ost-Blog\" \/>\n<meta property=\"article:published_time\" content=\"2012-11-01T22:04:48+00:00\" \/>\n<meta property=\"article:modified_time\" content=\"2012-11-12T11:07:49+00:00\" \/>\n<meta name=\"author\" content=\"Kristian Schulze\" \/>\n<meta name=\"twitter:card\" content=\"summary_large_image\" \/>\n<meta name=\"twitter:label1\" content=\"Geschrieben von\" \/>\n\t<meta name=\"twitter:data1\" content=\"Kristian Schulze\" \/>\n\t<meta name=\"twitter:label2\" content=\"Gesch\u00e4tzte Lesezeit\" \/>\n\t<meta name=\"twitter:data2\" content=\"2\u00a0Minuten\" \/>\n<script type=\"application\/ld+json\" class=\"yoast-schema-graph\">{\"@context\":\"https:\/\/schema.org\",\"@graph\":[{\"@type\":\"WebPage\",\"@id\":\"https:\/\/blog.zeit.de\/ost\/2012\/11\/01\/thomana-800-gegonnt-seis-den-guten\/\",\"url\":\"https:\/\/blog.zeit.de\/ost\/2012\/11\/01\/thomana-800-gegonnt-seis-den-guten\/\",\"name\":\"Geg\u00f6nnt sei's den Guten\u2026 - Ost-Blog\",\"isPartOf\":{\"@id\":\"https:\/\/blog.zeit.de\/ost\/#website\"},\"datePublished\":\"2012-11-01T22:04:48+00:00\",\"dateModified\":\"2012-11-12T11:07:49+00:00\",\"author\":{\"@id\":\"https:\/\/blog.zeit.de\/ost\/#\/schema\/person\/17a7300abf7c17f4304d13c2d1d9ef38\"},\"breadcrumb\":{\"@id\":\"https:\/\/blog.zeit.de\/ost\/2012\/11\/01\/thomana-800-gegonnt-seis-den-guten\/#breadcrumb\"},\"inLanguage\":\"de\",\"potentialAction\":[{\"@type\":\"ReadAction\",\"target\":[\"https:\/\/blog.zeit.de\/ost\/2012\/11\/01\/thomana-800-gegonnt-seis-den-guten\/\"]}]},{\"@type\":\"BreadcrumbList\",\"@id\":\"https:\/\/blog.zeit.de\/ost\/2012\/11\/01\/thomana-800-gegonnt-seis-den-guten\/#breadcrumb\",\"itemListElement\":[{\"@type\":\"ListItem\",\"position\":1,\"name\":\"Startseite\",\"item\":\"https:\/\/blog.zeit.de\/ost\/\"},{\"@type\":\"ListItem\",\"position\":2,\"name\":\"Geg\u00f6nnt sei&#8217;s den Guten\u2026\"}]},{\"@type\":\"WebSite\",\"@id\":\"https:\/\/blog.zeit.de\/ost\/#website\",\"url\":\"https:\/\/blog.zeit.de\/ost\/\",\"name\":\"Ost-Blog\",\"description\":\"Ostdeutschland ist anders. Wir schreiben dr\u00fcber.\",\"potentialAction\":[{\"@type\":\"SearchAction\",\"target\":{\"@type\":\"EntryPoint\",\"urlTemplate\":\"https:\/\/blog.zeit.de\/ost\/?s={search_term_string}\"},\"query-input\":\"required name=search_term_string\"}],\"inLanguage\":\"de\"},{\"@type\":\"Person\",\"@id\":\"https:\/\/blog.zeit.de\/ost\/#\/schema\/person\/17a7300abf7c17f4304d13c2d1d9ef38\",\"name\":\"Kristian Schulze\",\"image\":{\"@type\":\"ImageObject\",\"inLanguage\":\"de\",\"@id\":\"https:\/\/blog.zeit.de\/ost\/#\/schema\/person\/image\/\",\"url\":\"https:\/\/secure.gravatar.com\/avatar\/f6d654bdc7351dc5bb38d7575a13d86c3a8c3df89fcf1cfcf110db04325a2959?s=96&d=mm&r=g\",\"contentUrl\":\"https:\/\/secure.gravatar.com\/avatar\/f6d654bdc7351dc5bb38d7575a13d86c3a8c3df89fcf1cfcf110db04325a2959?s=96&d=mm&r=g\",\"caption\":\"Kristian Schulze\"},\"url\":\"https:\/\/blog.zeit.de\/ost\/author\/kschulze\/\"}]}<\/script>\n<!-- \/ Yoast SEO plugin. -->","yoast_head_json":{"title":"Geg\u00f6nnt sei's den Guten\u2026 - Ost-Blog","robots":{"index":"index","follow":"follow","max-snippet":"max-snippet:-1","max-image-preview":"max-image-preview:large","max-video-preview":"max-video-preview:-1"},"canonical":"https:\/\/blog.zeit.de\/ost\/2012\/11\/01\/thomana-800-gegonnt-seis-den-guten\/","og_locale":"de_DE","og_type":"article","og_title":"Geg\u00f6nnt sei's den Guten\u2026 - Ost-Blog","og_description":"Die Thomana, die ber\u00fchmte Leipziger Dreifaltigkeit aus Thomaskirche, Thomasschule und Thomanerchor feiert in dieser Woche ihr 800-j\u00e4hriges Bestehen. Im Grunde tut sie das schon seit Anfang dieses Jahres. Doch die eigentliche Festwoche wurde erst gestern, am Reformationstag, er\u00f6ffnet. Einen Herzlichen Gl\u00fcckwunsch also auch von hier aus!","og_url":"https:\/\/blog.zeit.de\/ost\/2012\/11\/01\/thomana-800-gegonnt-seis-den-guten\/","og_site_name":"Ost-Blog","article_published_time":"2012-11-01T22:04:48+00:00","article_modified_time":"2012-11-12T11:07:49+00:00","author":"Kristian Schulze","twitter_card":"summary_large_image","twitter_misc":{"Geschrieben von":"Kristian Schulze","Gesch\u00e4tzte Lesezeit":"2\u00a0Minuten"},"schema":{"@context":"https:\/\/schema.org","@graph":[{"@type":"WebPage","@id":"https:\/\/blog.zeit.de\/ost\/2012\/11\/01\/thomana-800-gegonnt-seis-den-guten\/","url":"https:\/\/blog.zeit.de\/ost\/2012\/11\/01\/thomana-800-gegonnt-seis-den-guten\/","name":"Geg\u00f6nnt sei's den Guten\u2026 - Ost-Blog","isPartOf":{"@id":"https:\/\/blog.zeit.de\/ost\/#website"},"datePublished":"2012-11-01T22:04:48+00:00","dateModified":"2012-11-12T11:07:49+00:00","author":{"@id":"https:\/\/blog.zeit.de\/ost\/#\/schema\/person\/17a7300abf7c17f4304d13c2d1d9ef38"},"breadcrumb":{"@id":"https:\/\/blog.zeit.de\/ost\/2012\/11\/01\/thomana-800-gegonnt-seis-den-guten\/#breadcrumb"},"inLanguage":"de","potentialAction":[{"@type":"ReadAction","target":["https:\/\/blog.zeit.de\/ost\/2012\/11\/01\/thomana-800-gegonnt-seis-den-guten\/"]}]},{"@type":"BreadcrumbList","@id":"https:\/\/blog.zeit.de\/ost\/2012\/11\/01\/thomana-800-gegonnt-seis-den-guten\/#breadcrumb","itemListElement":[{"@type":"ListItem","position":1,"name":"Startseite","item":"https:\/\/blog.zeit.de\/ost\/"},{"@type":"ListItem","position":2,"name":"Geg\u00f6nnt sei&#8217;s den Guten\u2026"}]},{"@type":"WebSite","@id":"https:\/\/blog.zeit.de\/ost\/#website","url":"https:\/\/blog.zeit.de\/ost\/","name":"Ost-Blog","description":"Ostdeutschland ist anders. Wir schreiben dr\u00fcber.","potentialAction":[{"@type":"SearchAction","target":{"@type":"EntryPoint","urlTemplate":"https:\/\/blog.zeit.de\/ost\/?s={search_term_string}"},"query-input":"required name=search_term_string"}],"inLanguage":"de"},{"@type":"Person","@id":"https:\/\/blog.zeit.de\/ost\/#\/schema\/person\/17a7300abf7c17f4304d13c2d1d9ef38","name":"Kristian Schulze","image":{"@type":"ImageObject","inLanguage":"de","@id":"https:\/\/blog.zeit.de\/ost\/#\/schema\/person\/image\/","url":"https:\/\/secure.gravatar.com\/avatar\/f6d654bdc7351dc5bb38d7575a13d86c3a8c3df89fcf1cfcf110db04325a2959?s=96&d=mm&r=g","contentUrl":"https:\/\/secure.gravatar.com\/avatar\/f6d654bdc7351dc5bb38d7575a13d86c3a8c3df89fcf1cfcf110db04325a2959?s=96&d=mm&r=g","caption":"Kristian Schulze"},"url":"https:\/\/blog.zeit.de\/ost\/author\/kschulze\/"}]}},"jetpack_featured_media_url":"","jetpack_sharing_enabled":true,"_links":{"self":[{"href":"https:\/\/blog.zeit.de\/ost\/wp-json\/wp\/v2\/posts\/737","targetHints":{"allow":["GET"]}}],"collection":[{"href":"https:\/\/blog.zeit.de\/ost\/wp-json\/wp\/v2\/posts"}],"about":[{"href":"https:\/\/blog.zeit.de\/ost\/wp-json\/wp\/v2\/types\/post"}],"author":[{"embeddable":true,"href":"https:\/\/blog.zeit.de\/ost\/wp-json\/wp\/v2\/users\/382"}],"replies":[{"embeddable":true,"href":"https:\/\/blog.zeit.de\/ost\/wp-json\/wp\/v2\/comments?post=737"}],"version-history":[{"count":29,"href":"https:\/\/blog.zeit.de\/ost\/wp-json\/wp\/v2\/posts\/737\/revisions"}],"predecessor-version":[{"id":883,"href":"https:\/\/blog.zeit.de\/ost\/wp-json\/wp\/v2\/posts\/737\/revisions\/883"}],"wp:attachment":[{"href":"https:\/\/blog.zeit.de\/ost\/wp-json\/wp\/v2\/media?parent=737"}],"wp:term":[{"taxonomy":"category","embeddable":true,"href":"https:\/\/blog.zeit.de\/ost\/wp-json\/wp\/v2\/categories?post=737"},{"taxonomy":"post_tag","embeddable":true,"href":"https:\/\/blog.zeit.de\/ost\/wp-json\/wp\/v2\/tags?post=737"}],"curies":[{"name":"wp","href":"https:\/\/api.w.org\/{rel}","templated":true}]}}