{"id":843,"date":"2012-11-09T14:10:58","date_gmt":"2012-11-09T13:10:58","guid":{"rendered":"http:\/\/blog.zeit.de\/ost\/?p=843"},"modified":"2012-11-12T19:23:54","modified_gmt":"2012-11-12T18:23:54","slug":"damals-wars-ein-film-vom-abschied","status":"publish","type":"post","link":"https:\/\/blog.zeit.de\/ost\/2012\/11\/09\/damals-wars-ein-film-vom-abschied\/","title":{"rendered":"Damals war&#8217;s: Ein Film vom Abschied"},"content":{"rendered":"<p><em>Damals war&#8217;s<\/em> ist eine Sendung des Mitteldeutschen Rundfunks. Damals hei\u00dft hier nicht &#8222;vor dem Krieg&#8220;, &#8222;vor der gro\u00dfen Inflation&#8220; oder &#8222;als es noch kein Feuer gab&#8220;. Nein: Es hei\u00dft &#8211; &#8222;zu Ostzeiten&#8220;. Die Sendung spielt DDR- und Westschlager, zeigt Ausschnitte aus der <em>Aktuellen Kamera<\/em> und der <em>Tagesschau<\/em>, Berichte \u00fcber &#8222;das pulsierende Alltagsleben&#8220; von &#8222;damals&#8220;. Oma und Opa holen dann gerne die Enkel ran und sagen: &#8222;Hier, so war das, DAS ist Geschichte.&#8220; Und weil Oma und Opa die Nase vorn haben, wenn es um &#8222;fr\u00fcher&#8220; geht, haben die Enkel keine Chance. <!--more--><\/p>\n<p>Wie kann man Oma und Opa widersprechen, wie kann man wegkommen von der MDR-Masche, wonach der Osten damals aus Trabi, Nudossi, FKK und Frank Sch\u00f6bel bestand? Man k\u00f6nnte etwa nach Cottbus fahren und ins Kino gehen, zum <a title=\"Filmfestival Cottbus\" href=\"http:\/\/www.filmfestivalcottbus.de\/\">Festival des Osteurop\u00e4ischen Films<\/a>, das sich in diesen Tagen mit dem auseinandersetzt, was im Osten war und und ist.<\/p>\n<p>Eine Chronistin des Ostens ist Helke Misselwitz. Sie machte vor allem Dokumentarfilme im Osten, bei der DEFA und sp\u00e4ter auch ohne sie. Ihrem Werk hat das Filmfestival Cottbus 2012 einen Schwerpunkt gewidmet. Von ganz besonderer Gr\u00f6\u00dfe und Bedeutung ist dabei ihr Film <em>Winter ad\u00e9<\/em> von 1988, in dem sie Frauen in der DDR portraitierte.\u00a0Misselwitz fuhr damals mit dem Zug durchs Land, von Zwickau an die Ostsee. Sie traf Frauen, die von ihrem Leben erz\u00e4hlten, von kleinen und gro\u00dfen Lieben, von Tr\u00e4umen und Entt\u00e4uschungen, Hoffnungen und K\u00e4mpfen. Sie sprach mit M\u00fcttern und Omas, mit Jugendlichen in der Tanzstunde, vor dem Jugendwerkhof oder der Einberufung der S\u00f6hne, in der Fabrik, bei der diamantenen Hochzeit oder der Auszeichnung zum Banner der Arbeit.<\/p>\n<p>Der Film schaffte es irgendwie durch die Zensur und wurde 1988 auf der Dokfilmwoche in Leipzig ausgezeichnet. Erst danach offenbar schauten die Funktion\u00e4re genauer hin und sahen, was auch die Kinozuschauer und die Jury der Dokwoche entdeckt hatten: Dass Misselwitz in brillianter Klarheit dokumentiert hat, dass die Menschen der DDR &#8211; in diesem Fall die Frauen &#8211; nicht mit gedruckten Bilanzen arbeiteten oder nickend die <em>Aktuelle Kamera<\/em> sahen, dass sie vielmehr ihr Leben bilanzierten und &#8211; ehrlich waren.<\/p>\n<p>Heute wie damals ist man tief ber\u00fchrt von Misselwitz&#8216; Kunst, die Frauen zum Reden zu bringen, sie erz\u00e4hlen zu lassen ohne Floskeln und Phrasen. Sie zeigte, wie wenig die Menschen damals wollten und wie entt\u00e4uscht sie doch trotzdem wurden. Sie hat gezeigt, wie schwer es wiegt, betrogen zu werden.<\/p>\n<p>Nat\u00fcrlich kann man den MDR in Schutz nehmen und sagen, dass er sich um den Osten und osteurop\u00e4ische Filme k\u00fcmmert. Aber so viele Filme k\u00f6nnen und konnten Filmemacher wie Helke Misselwitz, Volker Koepp oder J\u00fcrgen B\u00f6ttcher gar nicht machen. So viele &#8222;echte&#8220; Filme kann man gar nicht zeigen, um den Ged\u00e4chtnisschaden zu reparieren, den <a title=\"Damals war's\" href=\"http:\/\/www.mdr.de\/damals-wars\/verteilseite2676.html\">&#8222;Damals war&#8217;s&#8220;<\/a> anrichtet.<\/p>\n<p>Im Jahr 1989 wurde <em>Winter ad\u00e9<\/em> zwar nicht im Fernsehen, zumindest aber in einigen Kinos der DDR gezeigt. Der Film endet auf einem Schiff am Meer &#8211; mit dem Bild eines damals fernen Traums. &#8222;Winter ad\u00e9&#8220; war schon 1988 ein Abschiedsfilm. F\u00fcr ein Land, dass sich nur ein Jahr sp\u00e4ter, am 9. November 1989, endlich doch auf die Reise gemacht hat.<\/p>\n","protected":false},"excerpt":{"rendered":"<p>Damals war&#8217;s ist eine Sendung des Mitteldeutschen Rundfunks. Damals hei\u00dft hier nicht &#8222;vor dem Krieg&#8220;, &#8222;vor der gro\u00dfen Inflation&#8220; oder &#8222;als es noch kein Feuer gab&#8220;. Nein: Es hei\u00dft &#8211; &#8222;zu Ostzeiten&#8220;. Die Sendung spielt DDR- und Westschlager, zeigt Ausschnitte aus der Aktuellen Kamera und der Tagesschau, Berichte \u00fcber &#8222;das pulsierende Alltagsleben&#8220; von &#8222;damals&#8220;. Oma [&hellip;]<\/p>\n","protected":false},"author":383,"featured_media":0,"comment_status":"open","ping_status":"open","sticky":false,"template":"","format":"standard","meta":{"_jetpack_memberships_contains_paid_content":false,"footnotes":""},"categories":[16],"tags":[23524,12595,23527,317,23526,1730,22341,23528],"class_list":["post-843","post","type-post","status-publish","format-standard","hentry","category-allgemein","tag-23524","tag-ddr","tag-defa","tag-film","tag-helke-misselwitz","tag-ostdeutschland","tag-osten","tag-winter-ade"],"yoast_head":"<!-- This site is optimized with the Yoast SEO plugin v21.0 - https:\/\/yoast.com\/wordpress\/plugins\/seo\/ -->\n<title>Damals war&#039;s: Ein Film vom Abschied - Ost-Blog<\/title>\n<meta name=\"robots\" content=\"index, follow, max-snippet:-1, max-image-preview:large, max-video-preview:-1\" \/>\n<link rel=\"canonical\" href=\"https:\/\/blog.zeit.de\/ost\/2012\/11\/09\/damals-wars-ein-film-vom-abschied\/\" \/>\n<meta property=\"og:locale\" content=\"de_DE\" \/>\n<meta property=\"og:type\" content=\"article\" \/>\n<meta property=\"og:title\" content=\"Damals war&#039;s: Ein Film vom Abschied - Ost-Blog\" \/>\n<meta property=\"og:description\" content=\"Damals war&#8217;s ist eine Sendung des Mitteldeutschen Rundfunks. Damals hei\u00dft hier nicht &#8222;vor dem Krieg&#8220;, &#8222;vor der gro\u00dfen Inflation&#8220; oder &#8222;als es noch kein Feuer gab&#8220;. Nein: Es hei\u00dft &#8211; &#8222;zu Ostzeiten&#8220;. Die Sendung spielt DDR- und Westschlager, zeigt Ausschnitte aus der Aktuellen Kamera und der Tagesschau, Berichte \u00fcber &#8222;das pulsierende Alltagsleben&#8220; von &#8222;damals&#8220;. Oma [&hellip;]\" \/>\n<meta property=\"og:url\" content=\"https:\/\/blog.zeit.de\/ost\/2012\/11\/09\/damals-wars-ein-film-vom-abschied\/\" \/>\n<meta property=\"og:site_name\" content=\"Ost-Blog\" \/>\n<meta property=\"article:published_time\" content=\"2012-11-09T13:10:58+00:00\" \/>\n<meta property=\"article:modified_time\" content=\"2012-11-12T18:23:54+00:00\" \/>\n<meta name=\"author\" content=\"Stefan Ruwoldt\" \/>\n<meta name=\"twitter:card\" content=\"summary_large_image\" \/>\n<meta name=\"twitter:label1\" content=\"Geschrieben von\" \/>\n\t<meta name=\"twitter:data1\" content=\"Stefan Ruwoldt\" \/>\n\t<meta name=\"twitter:label2\" content=\"Gesch\u00e4tzte Lesezeit\" \/>\n\t<meta name=\"twitter:data2\" content=\"3\u00a0Minuten\" \/>\n<script type=\"application\/ld+json\" class=\"yoast-schema-graph\">{\"@context\":\"https:\/\/schema.org\",\"@graph\":[{\"@type\":\"WebPage\",\"@id\":\"https:\/\/blog.zeit.de\/ost\/2012\/11\/09\/damals-wars-ein-film-vom-abschied\/\",\"url\":\"https:\/\/blog.zeit.de\/ost\/2012\/11\/09\/damals-wars-ein-film-vom-abschied\/\",\"name\":\"Damals war's: Ein Film vom Abschied - Ost-Blog\",\"isPartOf\":{\"@id\":\"https:\/\/blog.zeit.de\/ost\/#website\"},\"datePublished\":\"2012-11-09T13:10:58+00:00\",\"dateModified\":\"2012-11-12T18:23:54+00:00\",\"author\":{\"@id\":\"https:\/\/blog.zeit.de\/ost\/#\/schema\/person\/dd5b77c2ba678e67c21b74618de55c3e\"},\"breadcrumb\":{\"@id\":\"https:\/\/blog.zeit.de\/ost\/2012\/11\/09\/damals-wars-ein-film-vom-abschied\/#breadcrumb\"},\"inLanguage\":\"de\",\"potentialAction\":[{\"@type\":\"ReadAction\",\"target\":[\"https:\/\/blog.zeit.de\/ost\/2012\/11\/09\/damals-wars-ein-film-vom-abschied\/\"]}]},{\"@type\":\"BreadcrumbList\",\"@id\":\"https:\/\/blog.zeit.de\/ost\/2012\/11\/09\/damals-wars-ein-film-vom-abschied\/#breadcrumb\",\"itemListElement\":[{\"@type\":\"ListItem\",\"position\":1,\"name\":\"Startseite\",\"item\":\"https:\/\/blog.zeit.de\/ost\/\"},{\"@type\":\"ListItem\",\"position\":2,\"name\":\"Damals war&#8217;s: Ein Film vom Abschied\"}]},{\"@type\":\"WebSite\",\"@id\":\"https:\/\/blog.zeit.de\/ost\/#website\",\"url\":\"https:\/\/blog.zeit.de\/ost\/\",\"name\":\"Ost-Blog\",\"description\":\"Ostdeutschland ist anders. Wir schreiben dr\u00fcber.\",\"potentialAction\":[{\"@type\":\"SearchAction\",\"target\":{\"@type\":\"EntryPoint\",\"urlTemplate\":\"https:\/\/blog.zeit.de\/ost\/?s={search_term_string}\"},\"query-input\":\"required name=search_term_string\"}],\"inLanguage\":\"de\"},{\"@type\":\"Person\",\"@id\":\"https:\/\/blog.zeit.de\/ost\/#\/schema\/person\/dd5b77c2ba678e67c21b74618de55c3e\",\"name\":\"Stefan Ruwoldt\",\"image\":{\"@type\":\"ImageObject\",\"inLanguage\":\"de\",\"@id\":\"https:\/\/blog.zeit.de\/ost\/#\/schema\/person\/image\/\",\"url\":\"https:\/\/secure.gravatar.com\/avatar\/460d74c245796c7dbc11a8cac2dabf17beaf03be0ad9945625da36782991b17c?s=96&d=mm&r=g\",\"contentUrl\":\"https:\/\/secure.gravatar.com\/avatar\/460d74c245796c7dbc11a8cac2dabf17beaf03be0ad9945625da36782991b17c?s=96&d=mm&r=g\",\"caption\":\"Stefan Ruwoldt\"},\"url\":\"https:\/\/blog.zeit.de\/ost\/author\/sruwoldt\/\"}]}<\/script>\n<!-- \/ Yoast SEO plugin. -->","yoast_head_json":{"title":"Damals war's: Ein Film vom Abschied - Ost-Blog","robots":{"index":"index","follow":"follow","max-snippet":"max-snippet:-1","max-image-preview":"max-image-preview:large","max-video-preview":"max-video-preview:-1"},"canonical":"https:\/\/blog.zeit.de\/ost\/2012\/11\/09\/damals-wars-ein-film-vom-abschied\/","og_locale":"de_DE","og_type":"article","og_title":"Damals war's: Ein Film vom Abschied - Ost-Blog","og_description":"Damals war&#8217;s ist eine Sendung des Mitteldeutschen Rundfunks. Damals hei\u00dft hier nicht &#8222;vor dem Krieg&#8220;, &#8222;vor der gro\u00dfen Inflation&#8220; oder &#8222;als es noch kein Feuer gab&#8220;. Nein: Es hei\u00dft &#8211; &#8222;zu Ostzeiten&#8220;. Die Sendung spielt DDR- und Westschlager, zeigt Ausschnitte aus der Aktuellen Kamera und der Tagesschau, Berichte \u00fcber &#8222;das pulsierende Alltagsleben&#8220; von &#8222;damals&#8220;. Oma [&hellip;]","og_url":"https:\/\/blog.zeit.de\/ost\/2012\/11\/09\/damals-wars-ein-film-vom-abschied\/","og_site_name":"Ost-Blog","article_published_time":"2012-11-09T13:10:58+00:00","article_modified_time":"2012-11-12T18:23:54+00:00","author":"Stefan Ruwoldt","twitter_card":"summary_large_image","twitter_misc":{"Geschrieben von":"Stefan Ruwoldt","Gesch\u00e4tzte Lesezeit":"3\u00a0Minuten"},"schema":{"@context":"https:\/\/schema.org","@graph":[{"@type":"WebPage","@id":"https:\/\/blog.zeit.de\/ost\/2012\/11\/09\/damals-wars-ein-film-vom-abschied\/","url":"https:\/\/blog.zeit.de\/ost\/2012\/11\/09\/damals-wars-ein-film-vom-abschied\/","name":"Damals war's: Ein Film vom Abschied - Ost-Blog","isPartOf":{"@id":"https:\/\/blog.zeit.de\/ost\/#website"},"datePublished":"2012-11-09T13:10:58+00:00","dateModified":"2012-11-12T18:23:54+00:00","author":{"@id":"https:\/\/blog.zeit.de\/ost\/#\/schema\/person\/dd5b77c2ba678e67c21b74618de55c3e"},"breadcrumb":{"@id":"https:\/\/blog.zeit.de\/ost\/2012\/11\/09\/damals-wars-ein-film-vom-abschied\/#breadcrumb"},"inLanguage":"de","potentialAction":[{"@type":"ReadAction","target":["https:\/\/blog.zeit.de\/ost\/2012\/11\/09\/damals-wars-ein-film-vom-abschied\/"]}]},{"@type":"BreadcrumbList","@id":"https:\/\/blog.zeit.de\/ost\/2012\/11\/09\/damals-wars-ein-film-vom-abschied\/#breadcrumb","itemListElement":[{"@type":"ListItem","position":1,"name":"Startseite","item":"https:\/\/blog.zeit.de\/ost\/"},{"@type":"ListItem","position":2,"name":"Damals war&#8217;s: Ein Film vom Abschied"}]},{"@type":"WebSite","@id":"https:\/\/blog.zeit.de\/ost\/#website","url":"https:\/\/blog.zeit.de\/ost\/","name":"Ost-Blog","description":"Ostdeutschland ist anders. Wir schreiben dr\u00fcber.","potentialAction":[{"@type":"SearchAction","target":{"@type":"EntryPoint","urlTemplate":"https:\/\/blog.zeit.de\/ost\/?s={search_term_string}"},"query-input":"required name=search_term_string"}],"inLanguage":"de"},{"@type":"Person","@id":"https:\/\/blog.zeit.de\/ost\/#\/schema\/person\/dd5b77c2ba678e67c21b74618de55c3e","name":"Stefan Ruwoldt","image":{"@type":"ImageObject","inLanguage":"de","@id":"https:\/\/blog.zeit.de\/ost\/#\/schema\/person\/image\/","url":"https:\/\/secure.gravatar.com\/avatar\/460d74c245796c7dbc11a8cac2dabf17beaf03be0ad9945625da36782991b17c?s=96&d=mm&r=g","contentUrl":"https:\/\/secure.gravatar.com\/avatar\/460d74c245796c7dbc11a8cac2dabf17beaf03be0ad9945625da36782991b17c?s=96&d=mm&r=g","caption":"Stefan Ruwoldt"},"url":"https:\/\/blog.zeit.de\/ost\/author\/sruwoldt\/"}]}},"jetpack_featured_media_url":"","jetpack_sharing_enabled":true,"_links":{"self":[{"href":"https:\/\/blog.zeit.de\/ost\/wp-json\/wp\/v2\/posts\/843","targetHints":{"allow":["GET"]}}],"collection":[{"href":"https:\/\/blog.zeit.de\/ost\/wp-json\/wp\/v2\/posts"}],"about":[{"href":"https:\/\/blog.zeit.de\/ost\/wp-json\/wp\/v2\/types\/post"}],"author":[{"embeddable":true,"href":"https:\/\/blog.zeit.de\/ost\/wp-json\/wp\/v2\/users\/383"}],"replies":[{"embeddable":true,"href":"https:\/\/blog.zeit.de\/ost\/wp-json\/wp\/v2\/comments?post=843"}],"version-history":[{"count":35,"href":"https:\/\/blog.zeit.de\/ost\/wp-json\/wp\/v2\/posts\/843\/revisions"}],"predecessor-version":[{"id":872,"href":"https:\/\/blog.zeit.de\/ost\/wp-json\/wp\/v2\/posts\/843\/revisions\/872"}],"wp:attachment":[{"href":"https:\/\/blog.zeit.de\/ost\/wp-json\/wp\/v2\/media?parent=843"}],"wp:term":[{"taxonomy":"category","embeddable":true,"href":"https:\/\/blog.zeit.de\/ost\/wp-json\/wp\/v2\/categories?post=843"},{"taxonomy":"post_tag","embeddable":true,"href":"https:\/\/blog.zeit.de\/ost\/wp-json\/wp\/v2\/tags?post=843"}],"curies":[{"name":"wp","href":"https:\/\/api.w.org\/{rel}","templated":true}]}}