{"id":910,"date":"2012-11-16T19:40:49","date_gmt":"2012-11-16T18:40:49","guid":{"rendered":"http:\/\/blog.zeit.de\/ost\/?p=910"},"modified":"2012-11-19T09:47:12","modified_gmt":"2012-11-19T08:47:12","slug":"geschlossene-weltbilder","status":"publish","type":"post","link":"https:\/\/blog.zeit.de\/ost\/2012\/11\/16\/geschlossene-weltbilder\/","title":{"rendered":"Geschlossene Weltbilder"},"content":{"rendered":"<p>Vor einigen Tagen hat die Friedrich-Ebert-Stiftung ihre neue <a href=\"http:\/\/www.fes-gegen-rechtsextremismus.de\/pdf_12\/mitte-im-umbruch_www.pdf\">Studie zur Entwicklung rechtsextremer Einstellungen in Deutschland<\/a> ver\u00f6ffentlicht. Danach sank der Anteil &#8222;geschlossen rechtsextremer Weltbilder&#8220; seit zehn Jahren bundesweit, vor allem im Westen, <a href=\"http:\/\/www.zeit.de\/gesellschaft\/zeitgeschehen\/2012-11\/rechtsextremismus-studie\">w\u00e4hrend er sich im Osten auf fast 16 Prozent nahezu verdoppelt<\/a> habe. Vor allem unter jungen Ostdeutschen von 14 bis 30 Jahren sehen die FES-Forscher eine neue &#8222;Generation des Rechtsextremismus&#8220; heraufziehen.<!--more--><\/p>\n<p>Die Reaktionen waren so \u00fcberraschend wie der Befund \u2013 lustlose und reflexartige S\u00e4tze aus dem politischen Phrasendrescher: Die Sache wird als <a href=\"http:\/\/www.derwesten.de\/politik\/friedrich-ganze-gesellschaft-muss-gegen-rassismus-kaempfen-id7288237.html\">&#8222;gesamtgesellschaftliche Aufgabe&#8220;<\/a> erledigt (Bundesinnenminister Friedrich) oder es wird mehr Pr\u00e4vention gefordert, wobei die Integrationsbeauftragte des Bundes, Maria B\u00f6hmer (CDU), wohl \u00fcbersehen hat, dass der Etat des Familienministeriums daf\u00fcr gerade eingedampft wird. Erwartbare Reflexe zeigten ostdeutsche Politiker wie Unionsfraktionsvize Michael Kretschmer. Der warnte vor einer Stigmatisierung der Ostdeutschen und lobte deren &#8222;b\u00fcrgerliches Engagement&#8220;, das nach seiner &#8222;Alltagserfahrung&#8220; zuletzt stark gewachsen sei. Eine Erkl\u00e4rung, warum dies wohl trotzdem auch f\u00fcr rechte Weltbilder gilt, fehlte. Vorhersehbar aber auch die Reaktion der Linken: F\u00fcr Vorstandsmitglied Martin Schirdewan etwa ist das Problem &#8222;ausdr\u00fccklich kein ostdeutsches&#8220;, sondern eines in &#8222;allen gesellschaftlichen Schichten&#8220;.<\/p>\n<p>Herr Schirdewan hat die Studie wohl nicht gelesen. Als Gr\u00fcnde f\u00fcr die rechtsextremen Weltbilder nennen die FES-Forscher ausdr\u00fccklich die wirtschaftliche Abkoppelung ganzer Regionen sowie das Gef\u00fchl einer Generation, nicht gebraucht zu werden. Das sei zwar nicht allein ein Problem im Osten, wo es viele &#8222;abw\u00e4rtsdriftende Regionen&#8220; gebe, und die befragten Arbeitslosen \u00e4u\u00dferten sich im ganzen Land ausl\u00e4nderfeindlich. Doch bedeutet dies auch, dass das Problem nicht \u00fcberall und in allen Schichten gleich ist. Es zeigt eher, dass es in Ost und West viele Menschen gibt, die sich abgeh\u00e4ngt f\u00fchlen, sich nicht mehr gemein f\u00fchlen mit der Mitte der Gesellschaft, mit denen, die Arbeit, Geld und Auto haben, ein Haus oder sch\u00f6ne Wohnungen, mit denen, die auch eine Fremdsprache im Repertoire haben und sogar Freunde, die aus dem Ausland stammen.<\/p>\n<p>Fraglich ist also auch, ob <a href=\"http:\/\/www.welt.de\/newsticker\/news3\/article111020267\/Thierse-fordert-Demokratie-Erziehung-fuer-Ostdeutsche.htmlhttp:\/\/\">Bundestagsvizepr\u00e4sident Wolfgang Thierse (SPD) mit bildungspolitischen Offensiven zur Demokratie-Erziehung<\/a> richtig liegt. Unterricht in politischer Bildung erreicht schon heute vor allem diejenigen, die sie kaum n\u00f6tig haben, w\u00e4hrend man bei anderen damit auf taube Ohren st\u00f6\u00dft. Auf den ersten Blick mag er zwar Recht haben, auch die FES-Sudie sieht die Bildung und das Weltbild im Zusammenhang: Die Zustimmung der Befragten ohne Abitur zu als rechtsextrem eingestuften Positionen sei mehr als doppelt so hoch wie in der Gruppe mit Abitur. Nicht gesehen wird dabei: Wer Abitur hat, ist meist schon l\u00e4nger in ganz anderen Gruppen unterwegs. Es wird ma\u00dflos \u00fcbersch\u00e4tzt, welchen Einfluss die Schule auf die K\u00f6pfe der Sch\u00fcler hat. Zugleich wird der Einfluss dessen, was die Heranwachsenden untereinander austauschen, grob untersch\u00e4tzt.<\/p>\n<p>Zu fordern w\u00e4re daher auch eine &#8222;gesamtgesellschaftliche&#8220; Schule. Auch die viel zu fr\u00fche Segregation in der bundesdeutschen Schule f\u00f6rdert die Bildung von Gruppen mit &#8222;geschlossenen&#8220; Weltbildern. Eine Auseinandersetzung der Denkmuster findet nicht statt, wenn in v\u00f6llig entmischten Schulklassen verschiedene soziale Herk\u00fcnfte \u00fcberhaupt nicht pr\u00e4sent sind. Hier wird eine Abkoppelung der Jugendlichen untereinander organisiert, die Best\u00e4tigung und Auseinandersetzung nur noch unter &#8222;ihresgleichen&#8220; finden. Wenn dies etwa im Osten nach der Schule auf die genannten wirtschaftlichen Probleme trifft, muss man sich \u00fcber geschlossene Weltbilder nicht mehr wundern.<\/p>\n","protected":false},"excerpt":{"rendered":"<p>Vor einigen Tagen hat die Friedrich-Ebert-Stiftung ihre neue Studie zur Entwicklung rechtsextremer Einstellungen in Deutschland ver\u00f6ffentlicht. Danach sank der Anteil &#8222;geschlossen rechtsextremer Weltbilder&#8220; seit zehn Jahren bundesweit, vor allem im Westen, w\u00e4hrend er sich im Osten auf fast 16 Prozent nahezu verdoppelt habe. Vor allem unter jungen Ostdeutschen von 14 bis 30 Jahren sehen die [&hellip;]<\/p>\n","protected":false},"author":382,"featured_media":0,"comment_status":"open","ping_status":"open","sticky":false,"template":"","format":"standard","meta":{"_jetpack_memberships_contains_paid_content":false,"footnotes":""},"categories":[16],"tags":[964,23597,23560,23596,17915,23595,23566,1730,99,23598,1296,23593],"class_list":["post-910","post","type-post","status-publish","format-standard","hentry","category-allgemein","tag-bildung","tag-bohmer","tag-bundesinnenminister","tag-fes","tag-friedrich","tag-friedrich-ebert-stiftung","tag-neonazi","tag-ostdeutschland","tag-rechtsextremismus","tag-schirdewan","tag-schule","tag-thierse"],"yoast_head":"<!-- This site is optimized with the Yoast SEO plugin v21.0 - https:\/\/yoast.com\/wordpress\/plugins\/seo\/ -->\n<title>Geschlossene Weltbilder - Ost-Blog<\/title>\n<meta name=\"robots\" content=\"index, follow, max-snippet:-1, max-image-preview:large, max-video-preview:-1\" \/>\n<link rel=\"canonical\" href=\"https:\/\/blog.zeit.de\/ost\/2012\/11\/16\/geschlossene-weltbilder\/\" \/>\n<meta property=\"og:locale\" content=\"de_DE\" \/>\n<meta property=\"og:type\" content=\"article\" \/>\n<meta property=\"og:title\" content=\"Geschlossene Weltbilder - Ost-Blog\" \/>\n<meta property=\"og:description\" content=\"Vor einigen Tagen hat die Friedrich-Ebert-Stiftung ihre neue Studie zur Entwicklung rechtsextremer Einstellungen in Deutschland ver\u00f6ffentlicht. Danach sank der Anteil &#8222;geschlossen rechtsextremer Weltbilder&#8220; seit zehn Jahren bundesweit, vor allem im Westen, w\u00e4hrend er sich im Osten auf fast 16 Prozent nahezu verdoppelt habe. Vor allem unter jungen Ostdeutschen von 14 bis 30 Jahren sehen die [&hellip;]\" \/>\n<meta property=\"og:url\" content=\"https:\/\/blog.zeit.de\/ost\/2012\/11\/16\/geschlossene-weltbilder\/\" \/>\n<meta property=\"og:site_name\" content=\"Ost-Blog\" \/>\n<meta property=\"article:published_time\" content=\"2012-11-16T18:40:49+00:00\" \/>\n<meta property=\"article:modified_time\" content=\"2012-11-19T08:47:12+00:00\" \/>\n<meta name=\"author\" content=\"Kristian Schulze\" \/>\n<meta name=\"twitter:card\" content=\"summary_large_image\" \/>\n<meta name=\"twitter:label1\" content=\"Geschrieben von\" \/>\n\t<meta name=\"twitter:data1\" content=\"Kristian Schulze\" \/>\n\t<meta name=\"twitter:label2\" content=\"Gesch\u00e4tzte Lesezeit\" \/>\n\t<meta name=\"twitter:data2\" content=\"3\u00a0Minuten\" \/>\n<script type=\"application\/ld+json\" class=\"yoast-schema-graph\">{\"@context\":\"https:\/\/schema.org\",\"@graph\":[{\"@type\":\"WebPage\",\"@id\":\"https:\/\/blog.zeit.de\/ost\/2012\/11\/16\/geschlossene-weltbilder\/\",\"url\":\"https:\/\/blog.zeit.de\/ost\/2012\/11\/16\/geschlossene-weltbilder\/\",\"name\":\"Geschlossene Weltbilder - Ost-Blog\",\"isPartOf\":{\"@id\":\"https:\/\/blog.zeit.de\/ost\/#website\"},\"datePublished\":\"2012-11-16T18:40:49+00:00\",\"dateModified\":\"2012-11-19T08:47:12+00:00\",\"author\":{\"@id\":\"https:\/\/blog.zeit.de\/ost\/#\/schema\/person\/17a7300abf7c17f4304d13c2d1d9ef38\"},\"breadcrumb\":{\"@id\":\"https:\/\/blog.zeit.de\/ost\/2012\/11\/16\/geschlossene-weltbilder\/#breadcrumb\"},\"inLanguage\":\"de\",\"potentialAction\":[{\"@type\":\"ReadAction\",\"target\":[\"https:\/\/blog.zeit.de\/ost\/2012\/11\/16\/geschlossene-weltbilder\/\"]}]},{\"@type\":\"BreadcrumbList\",\"@id\":\"https:\/\/blog.zeit.de\/ost\/2012\/11\/16\/geschlossene-weltbilder\/#breadcrumb\",\"itemListElement\":[{\"@type\":\"ListItem\",\"position\":1,\"name\":\"Startseite\",\"item\":\"https:\/\/blog.zeit.de\/ost\/\"},{\"@type\":\"ListItem\",\"position\":2,\"name\":\"Geschlossene Weltbilder\"}]},{\"@type\":\"WebSite\",\"@id\":\"https:\/\/blog.zeit.de\/ost\/#website\",\"url\":\"https:\/\/blog.zeit.de\/ost\/\",\"name\":\"Ost-Blog\",\"description\":\"Ostdeutschland ist anders. Wir schreiben dr\u00fcber.\",\"potentialAction\":[{\"@type\":\"SearchAction\",\"target\":{\"@type\":\"EntryPoint\",\"urlTemplate\":\"https:\/\/blog.zeit.de\/ost\/?s={search_term_string}\"},\"query-input\":\"required name=search_term_string\"}],\"inLanguage\":\"de\"},{\"@type\":\"Person\",\"@id\":\"https:\/\/blog.zeit.de\/ost\/#\/schema\/person\/17a7300abf7c17f4304d13c2d1d9ef38\",\"name\":\"Kristian Schulze\",\"image\":{\"@type\":\"ImageObject\",\"inLanguage\":\"de\",\"@id\":\"https:\/\/blog.zeit.de\/ost\/#\/schema\/person\/image\/\",\"url\":\"https:\/\/secure.gravatar.com\/avatar\/f6d654bdc7351dc5bb38d7575a13d86c3a8c3df89fcf1cfcf110db04325a2959?s=96&d=mm&r=g\",\"contentUrl\":\"https:\/\/secure.gravatar.com\/avatar\/f6d654bdc7351dc5bb38d7575a13d86c3a8c3df89fcf1cfcf110db04325a2959?s=96&d=mm&r=g\",\"caption\":\"Kristian Schulze\"},\"url\":\"https:\/\/blog.zeit.de\/ost\/author\/kschulze\/\"}]}<\/script>\n<!-- \/ Yoast SEO plugin. -->","yoast_head_json":{"title":"Geschlossene Weltbilder - Ost-Blog","robots":{"index":"index","follow":"follow","max-snippet":"max-snippet:-1","max-image-preview":"max-image-preview:large","max-video-preview":"max-video-preview:-1"},"canonical":"https:\/\/blog.zeit.de\/ost\/2012\/11\/16\/geschlossene-weltbilder\/","og_locale":"de_DE","og_type":"article","og_title":"Geschlossene Weltbilder - Ost-Blog","og_description":"Vor einigen Tagen hat die Friedrich-Ebert-Stiftung ihre neue Studie zur Entwicklung rechtsextremer Einstellungen in Deutschland ver\u00f6ffentlicht. Danach sank der Anteil &#8222;geschlossen rechtsextremer Weltbilder&#8220; seit zehn Jahren bundesweit, vor allem im Westen, w\u00e4hrend er sich im Osten auf fast 16 Prozent nahezu verdoppelt habe. Vor allem unter jungen Ostdeutschen von 14 bis 30 Jahren sehen die [&hellip;]","og_url":"https:\/\/blog.zeit.de\/ost\/2012\/11\/16\/geschlossene-weltbilder\/","og_site_name":"Ost-Blog","article_published_time":"2012-11-16T18:40:49+00:00","article_modified_time":"2012-11-19T08:47:12+00:00","author":"Kristian Schulze","twitter_card":"summary_large_image","twitter_misc":{"Geschrieben von":"Kristian Schulze","Gesch\u00e4tzte Lesezeit":"3\u00a0Minuten"},"schema":{"@context":"https:\/\/schema.org","@graph":[{"@type":"WebPage","@id":"https:\/\/blog.zeit.de\/ost\/2012\/11\/16\/geschlossene-weltbilder\/","url":"https:\/\/blog.zeit.de\/ost\/2012\/11\/16\/geschlossene-weltbilder\/","name":"Geschlossene Weltbilder - Ost-Blog","isPartOf":{"@id":"https:\/\/blog.zeit.de\/ost\/#website"},"datePublished":"2012-11-16T18:40:49+00:00","dateModified":"2012-11-19T08:47:12+00:00","author":{"@id":"https:\/\/blog.zeit.de\/ost\/#\/schema\/person\/17a7300abf7c17f4304d13c2d1d9ef38"},"breadcrumb":{"@id":"https:\/\/blog.zeit.de\/ost\/2012\/11\/16\/geschlossene-weltbilder\/#breadcrumb"},"inLanguage":"de","potentialAction":[{"@type":"ReadAction","target":["https:\/\/blog.zeit.de\/ost\/2012\/11\/16\/geschlossene-weltbilder\/"]}]},{"@type":"BreadcrumbList","@id":"https:\/\/blog.zeit.de\/ost\/2012\/11\/16\/geschlossene-weltbilder\/#breadcrumb","itemListElement":[{"@type":"ListItem","position":1,"name":"Startseite","item":"https:\/\/blog.zeit.de\/ost\/"},{"@type":"ListItem","position":2,"name":"Geschlossene Weltbilder"}]},{"@type":"WebSite","@id":"https:\/\/blog.zeit.de\/ost\/#website","url":"https:\/\/blog.zeit.de\/ost\/","name":"Ost-Blog","description":"Ostdeutschland ist anders. Wir schreiben dr\u00fcber.","potentialAction":[{"@type":"SearchAction","target":{"@type":"EntryPoint","urlTemplate":"https:\/\/blog.zeit.de\/ost\/?s={search_term_string}"},"query-input":"required name=search_term_string"}],"inLanguage":"de"},{"@type":"Person","@id":"https:\/\/blog.zeit.de\/ost\/#\/schema\/person\/17a7300abf7c17f4304d13c2d1d9ef38","name":"Kristian Schulze","image":{"@type":"ImageObject","inLanguage":"de","@id":"https:\/\/blog.zeit.de\/ost\/#\/schema\/person\/image\/","url":"https:\/\/secure.gravatar.com\/avatar\/f6d654bdc7351dc5bb38d7575a13d86c3a8c3df89fcf1cfcf110db04325a2959?s=96&d=mm&r=g","contentUrl":"https:\/\/secure.gravatar.com\/avatar\/f6d654bdc7351dc5bb38d7575a13d86c3a8c3df89fcf1cfcf110db04325a2959?s=96&d=mm&r=g","caption":"Kristian Schulze"},"url":"https:\/\/blog.zeit.de\/ost\/author\/kschulze\/"}]}},"jetpack_featured_media_url":"","jetpack_sharing_enabled":true,"_links":{"self":[{"href":"https:\/\/blog.zeit.de\/ost\/wp-json\/wp\/v2\/posts\/910","targetHints":{"allow":["GET"]}}],"collection":[{"href":"https:\/\/blog.zeit.de\/ost\/wp-json\/wp\/v2\/posts"}],"about":[{"href":"https:\/\/blog.zeit.de\/ost\/wp-json\/wp\/v2\/types\/post"}],"author":[{"embeddable":true,"href":"https:\/\/blog.zeit.de\/ost\/wp-json\/wp\/v2\/users\/382"}],"replies":[{"embeddable":true,"href":"https:\/\/blog.zeit.de\/ost\/wp-json\/wp\/v2\/comments?post=910"}],"version-history":[{"count":50,"href":"https:\/\/blog.zeit.de\/ost\/wp-json\/wp\/v2\/posts\/910\/revisions"}],"predecessor-version":[{"id":967,"href":"https:\/\/blog.zeit.de\/ost\/wp-json\/wp\/v2\/posts\/910\/revisions\/967"}],"wp:attachment":[{"href":"https:\/\/blog.zeit.de\/ost\/wp-json\/wp\/v2\/media?parent=910"}],"wp:term":[{"taxonomy":"category","embeddable":true,"href":"https:\/\/blog.zeit.de\/ost\/wp-json\/wp\/v2\/categories?post=910"},{"taxonomy":"post_tag","embeddable":true,"href":"https:\/\/blog.zeit.de\/ost\/wp-json\/wp\/v2\/tags?post=910"}],"curies":[{"name":"wp","href":"https:\/\/api.w.org\/{rel}","templated":true}]}}