{"id":990,"date":"2012-11-22T09:34:30","date_gmt":"2012-11-22T08:34:30","guid":{"rendered":"http:\/\/blog.zeit.de\/ost\/?p=990"},"modified":"2012-11-25T10:03:45","modified_gmt":"2012-11-25T09:03:45","slug":"berlin-bonn-die-finale-abrechnung","status":"publish","type":"post","link":"https:\/\/blog.zeit.de\/ost\/2012\/11\/22\/berlin-bonn-die-finale-abrechnung\/","title":{"rendered":"Berlin-Bonn: Die finale Abrechnung"},"content":{"rendered":"<p>Wenn Fehlentwicklungen nicht mehr zu leugnen sind, wenn klar wird, dass etwas nicht hinhaut, dann gibt es meist nicht mehr viele M\u00f6glichkeiten. Fast immer aber bleiben zumindest zwei: 1. Man stellt sich der Sache und bilanziert. Oder, 2., man fl\u00fcchtet und h\u00e4lt sich dabei wom\u00f6glich noch die Ohren zu, um das Geschrei nicht zu h\u00f6ren. Da das hier das Ostblog ist, stellen wir uns der gro\u00dfen Abrechnung und rennen nat\u00fcrlich nicht weg. <\/p>\n<p>Es geht um Bonn vs. Berlin. <!--more--><\/p>\n<p>Dazu gehen wir nach vorn an die Tafel und schreiben links &#8222;Westen&#8220; (also Bonn) und rechts &#8222;Osten&#8220; (Berlin). Dann versuchen wir &#8222;Plus&#8220;- und &#8222;Minus&#8220;-Zeichen zu verteilen. Das h\u00f6rt sich konstruiert an, hat aber folgenden Hintergrund: Bonn macht gegen Berlin mobil. Und zwar nicht irgendwie latent und nur ein bisschen verst\u00e4nkert, sondern ganz offiziell. &#8222;Bonn&#8220; hei\u00dft in diesem Fall ein Rechtswissenschaftler namens <a href=\"http:\/\/www.zeit.de\/politik\/deutschland\/2012-10\/Bonn-Berlin-Gesetz-Gutachten-Bundesregierung\">Markus Heintzen<\/a> und an seiner Seite der Bonner Oberb\u00fcrgermeister J\u00fcrgen Nimptsch. Heintzen hat ein Gutachten vorgestellt, in dem er sagt, dass Berlin gegen das <a href=\"http:\/\/www.zeit.de\/politik\/deutschland\/2011-06\/umzug-regierung-bonn-berlin\">Berlin-Bonn-Gesetz<\/a> verst\u00f6\u00dft. Und Nimptsch sagt: Stimmt! <\/p>\n<p>Nun k\u00f6nnte man sagen: Lass doch, soll Wowereit antworten. Aber der macht n\u00fcscht. Und so m\u00fcssen wir hier zwei Rollen \u00fcbernehmen: 1. die des Schiedsrichters und 2. die von Berlin.<\/p>\n<p>Bonns Vorwurf lautet im Wesentlichen: Zu viele Ministeriumsmitarbeiter arbeiten in Berlin. Nach Nimptschs Rechnung sind das 10.029. In Bonn sind es dagegen nur 8095. Und in dieser 2000er Differenz steckt das &#8222;Auweiha!&#8220; der Bonner. Denn nach dem Berlin-Bonn-Gesetz muss die Mehrzahl der Ministerialarbeitspl\u00e4tze in Bonn angesiedelt sein. Und in der Expertise hei\u00dft es zu der aktuell ausgez\u00e4hlten Differenz: <\/p>\n<blockquote><p>&#8222;Das ist objektiv rechtswidrig und verletzt m\u00f6glicherweise subjektive Rechte der Bundesstadt Bonn.&#8220;<\/p><\/blockquote>\n<p>Was also spricht &#8222;subjektiv f\u00fcr Bonn&#8220;, um das &#8222;objektiv rechtswidrige&#8220; wieder gerade zu r\u00fccken? <\/p>\n<p><strong>&#8211;<\/strong> Bonn hat 10.000 Einwohner und 2000 SV-Jobs mehr als damals <strong>(Plus Bonn)<\/strong><br \/>\n<strong>&#8211;<\/strong> Irans Ex-Botschaft verschimmelt in Bonn <strong>(Minus Bonn)<\/strong><br \/>\n<strong>&#8211;<\/strong>Sachsen-Anhalts Landesvertretungsinnenhof in Berlin hat ein neues Dach <strong>(Plus Berlin)<\/strong><br \/>\n<strong>&#8211;<\/strong>In Bonn sitzt das Bundesinstitut f\u00fcr Arzneiprodukte <strong>(Plus Bonn)<\/strong><br \/>\n<strong>&#8211;<\/strong>S\u00fcdkoreas Ex-Botschaft in Bonn ist ein Luxus-Seniorenquartier <strong>(Plus Bonn)<\/strong><br \/>\n<strong>&#8211;<\/strong>Die Amerikanische Ex-Botschaft in Bonn ist nun die Bundesanstalt f\u00fcr Landwirtschaft <strong>(Plus Bonn)<\/strong><br \/>\n<strong>&#8211;<\/strong>In der UN-Stadt Bonn gibt es 18 UN-Einrichtungen <strong>(Plus Bonn)<\/strong><br \/>\n<strong>&#8211;<\/strong>Wolfgang Thierse findet: Bonn ist eine &#8222;bl\u00fchende Stadt&#8220; <strong>(Plus Berlin, weil der Berliner Thierse das nat\u00fcrlich ironisch gemeint hat)<\/strong><br \/>\n<strong>&#8211;<\/strong> Bonn hat den Karneval <strong>(Minus f\u00fcr Bonn &#8211; Schiedsrichterentscheidung)<\/strong><br \/>\n<strong>&#8211;<\/strong> <a href=\"http:\/\/www.zeit.de\/politik\/2012-11\/spd-kandidat-peer-steinbrueck-nebeneinkuenfte\">Peer Steinbr\u00fcck<\/a> lebt in Bonn <strong>(Steuerplus Bonn) <\/strong>\u2026<\/p>\n<p><strong>5:2 f\u00fcr Bonn<\/strong>! &#8211; Stimmt das?<\/p>\n","protected":false},"excerpt":{"rendered":"<p>Wenn Fehlentwicklungen nicht mehr zu leugnen sind, wenn klar wird, dass etwas nicht hinhaut, dann gibt es meist nicht mehr viele M\u00f6glichkeiten. Fast immer aber bleiben zumindest zwei: 1. Man stellt sich der Sache und bilanziert. Oder, 2., man fl\u00fcchtet und h\u00e4lt sich dabei wom\u00f6glich noch die Ohren zu, um das Geschrei nicht zu h\u00f6ren. [&hellip;]<\/p>\n","protected":false},"author":383,"featured_media":0,"comment_status":"open","ping_status":"open","sticky":false,"template":"","format":"standard","meta":{"_jetpack_memberships_contains_paid_content":false,"footnotes":""},"categories":[16],"tags":[249,23615,23593,7929,23616],"class_list":["post-990","post","type-post","status-publish","format-standard","hentry","category-allgemein","tag-berlin","tag-bonn","tag-thierse","tag-wiedervereinigung","tag-wowereit"],"yoast_head":"<!-- This site is optimized with the Yoast SEO plugin v21.0 - https:\/\/yoast.com\/wordpress\/plugins\/seo\/ -->\n<title>Berlin-Bonn: Die finale Abrechnung - Ost-Blog<\/title>\n<meta name=\"robots\" content=\"index, follow, max-snippet:-1, max-image-preview:large, max-video-preview:-1\" \/>\n<link rel=\"canonical\" href=\"https:\/\/blog.zeit.de\/ost\/2012\/11\/22\/berlin-bonn-die-finale-abrechnung\/\" \/>\n<meta property=\"og:locale\" content=\"de_DE\" \/>\n<meta property=\"og:type\" content=\"article\" \/>\n<meta property=\"og:title\" content=\"Berlin-Bonn: Die finale Abrechnung - Ost-Blog\" \/>\n<meta property=\"og:description\" content=\"Wenn Fehlentwicklungen nicht mehr zu leugnen sind, wenn klar wird, dass etwas nicht hinhaut, dann gibt es meist nicht mehr viele M\u00f6glichkeiten. Fast immer aber bleiben zumindest zwei: 1. Man stellt sich der Sache und bilanziert. Oder, 2., man fl\u00fcchtet und h\u00e4lt sich dabei wom\u00f6glich noch die Ohren zu, um das Geschrei nicht zu h\u00f6ren. [&hellip;]\" \/>\n<meta property=\"og:url\" content=\"https:\/\/blog.zeit.de\/ost\/2012\/11\/22\/berlin-bonn-die-finale-abrechnung\/\" \/>\n<meta property=\"og:site_name\" content=\"Ost-Blog\" \/>\n<meta property=\"article:published_time\" content=\"2012-11-22T08:34:30+00:00\" \/>\n<meta property=\"article:modified_time\" content=\"2012-11-25T09:03:45+00:00\" \/>\n<meta name=\"author\" content=\"Stefan Ruwoldt\" \/>\n<meta name=\"twitter:card\" content=\"summary_large_image\" \/>\n<meta name=\"twitter:label1\" content=\"Geschrieben von\" \/>\n\t<meta name=\"twitter:data1\" content=\"Stefan Ruwoldt\" \/>\n\t<meta name=\"twitter:label2\" content=\"Gesch\u00e4tzte Lesezeit\" \/>\n\t<meta name=\"twitter:data2\" content=\"2\u00a0Minuten\" \/>\n<script type=\"application\/ld+json\" class=\"yoast-schema-graph\">{\"@context\":\"https:\/\/schema.org\",\"@graph\":[{\"@type\":\"WebPage\",\"@id\":\"https:\/\/blog.zeit.de\/ost\/2012\/11\/22\/berlin-bonn-die-finale-abrechnung\/\",\"url\":\"https:\/\/blog.zeit.de\/ost\/2012\/11\/22\/berlin-bonn-die-finale-abrechnung\/\",\"name\":\"Berlin-Bonn: Die finale Abrechnung - Ost-Blog\",\"isPartOf\":{\"@id\":\"https:\/\/blog.zeit.de\/ost\/#website\"},\"datePublished\":\"2012-11-22T08:34:30+00:00\",\"dateModified\":\"2012-11-25T09:03:45+00:00\",\"author\":{\"@id\":\"https:\/\/blog.zeit.de\/ost\/#\/schema\/person\/dd5b77c2ba678e67c21b74618de55c3e\"},\"breadcrumb\":{\"@id\":\"https:\/\/blog.zeit.de\/ost\/2012\/11\/22\/berlin-bonn-die-finale-abrechnung\/#breadcrumb\"},\"inLanguage\":\"de\",\"potentialAction\":[{\"@type\":\"ReadAction\",\"target\":[\"https:\/\/blog.zeit.de\/ost\/2012\/11\/22\/berlin-bonn-die-finale-abrechnung\/\"]}]},{\"@type\":\"BreadcrumbList\",\"@id\":\"https:\/\/blog.zeit.de\/ost\/2012\/11\/22\/berlin-bonn-die-finale-abrechnung\/#breadcrumb\",\"itemListElement\":[{\"@type\":\"ListItem\",\"position\":1,\"name\":\"Startseite\",\"item\":\"https:\/\/blog.zeit.de\/ost\/\"},{\"@type\":\"ListItem\",\"position\":2,\"name\":\"Berlin-Bonn: Die finale Abrechnung\"}]},{\"@type\":\"WebSite\",\"@id\":\"https:\/\/blog.zeit.de\/ost\/#website\",\"url\":\"https:\/\/blog.zeit.de\/ost\/\",\"name\":\"Ost-Blog\",\"description\":\"Ostdeutschland ist anders. Wir schreiben dr\u00fcber.\",\"potentialAction\":[{\"@type\":\"SearchAction\",\"target\":{\"@type\":\"EntryPoint\",\"urlTemplate\":\"https:\/\/blog.zeit.de\/ost\/?s={search_term_string}\"},\"query-input\":\"required name=search_term_string\"}],\"inLanguage\":\"de\"},{\"@type\":\"Person\",\"@id\":\"https:\/\/blog.zeit.de\/ost\/#\/schema\/person\/dd5b77c2ba678e67c21b74618de55c3e\",\"name\":\"Stefan Ruwoldt\",\"image\":{\"@type\":\"ImageObject\",\"inLanguage\":\"de\",\"@id\":\"https:\/\/blog.zeit.de\/ost\/#\/schema\/person\/image\/\",\"url\":\"https:\/\/secure.gravatar.com\/avatar\/460d74c245796c7dbc11a8cac2dabf17beaf03be0ad9945625da36782991b17c?s=96&d=mm&r=g\",\"contentUrl\":\"https:\/\/secure.gravatar.com\/avatar\/460d74c245796c7dbc11a8cac2dabf17beaf03be0ad9945625da36782991b17c?s=96&d=mm&r=g\",\"caption\":\"Stefan Ruwoldt\"},\"url\":\"https:\/\/blog.zeit.de\/ost\/author\/sruwoldt\/\"}]}<\/script>\n<!-- \/ Yoast SEO plugin. -->","yoast_head_json":{"title":"Berlin-Bonn: Die finale Abrechnung - Ost-Blog","robots":{"index":"index","follow":"follow","max-snippet":"max-snippet:-1","max-image-preview":"max-image-preview:large","max-video-preview":"max-video-preview:-1"},"canonical":"https:\/\/blog.zeit.de\/ost\/2012\/11\/22\/berlin-bonn-die-finale-abrechnung\/","og_locale":"de_DE","og_type":"article","og_title":"Berlin-Bonn: Die finale Abrechnung - Ost-Blog","og_description":"Wenn Fehlentwicklungen nicht mehr zu leugnen sind, wenn klar wird, dass etwas nicht hinhaut, dann gibt es meist nicht mehr viele M\u00f6glichkeiten. Fast immer aber bleiben zumindest zwei: 1. Man stellt sich der Sache und bilanziert. Oder, 2., man fl\u00fcchtet und h\u00e4lt sich dabei wom\u00f6glich noch die Ohren zu, um das Geschrei nicht zu h\u00f6ren. [&hellip;]","og_url":"https:\/\/blog.zeit.de\/ost\/2012\/11\/22\/berlin-bonn-die-finale-abrechnung\/","og_site_name":"Ost-Blog","article_published_time":"2012-11-22T08:34:30+00:00","article_modified_time":"2012-11-25T09:03:45+00:00","author":"Stefan Ruwoldt","twitter_card":"summary_large_image","twitter_misc":{"Geschrieben von":"Stefan Ruwoldt","Gesch\u00e4tzte Lesezeit":"2\u00a0Minuten"},"schema":{"@context":"https:\/\/schema.org","@graph":[{"@type":"WebPage","@id":"https:\/\/blog.zeit.de\/ost\/2012\/11\/22\/berlin-bonn-die-finale-abrechnung\/","url":"https:\/\/blog.zeit.de\/ost\/2012\/11\/22\/berlin-bonn-die-finale-abrechnung\/","name":"Berlin-Bonn: Die finale Abrechnung - Ost-Blog","isPartOf":{"@id":"https:\/\/blog.zeit.de\/ost\/#website"},"datePublished":"2012-11-22T08:34:30+00:00","dateModified":"2012-11-25T09:03:45+00:00","author":{"@id":"https:\/\/blog.zeit.de\/ost\/#\/schema\/person\/dd5b77c2ba678e67c21b74618de55c3e"},"breadcrumb":{"@id":"https:\/\/blog.zeit.de\/ost\/2012\/11\/22\/berlin-bonn-die-finale-abrechnung\/#breadcrumb"},"inLanguage":"de","potentialAction":[{"@type":"ReadAction","target":["https:\/\/blog.zeit.de\/ost\/2012\/11\/22\/berlin-bonn-die-finale-abrechnung\/"]}]},{"@type":"BreadcrumbList","@id":"https:\/\/blog.zeit.de\/ost\/2012\/11\/22\/berlin-bonn-die-finale-abrechnung\/#breadcrumb","itemListElement":[{"@type":"ListItem","position":1,"name":"Startseite","item":"https:\/\/blog.zeit.de\/ost\/"},{"@type":"ListItem","position":2,"name":"Berlin-Bonn: Die finale Abrechnung"}]},{"@type":"WebSite","@id":"https:\/\/blog.zeit.de\/ost\/#website","url":"https:\/\/blog.zeit.de\/ost\/","name":"Ost-Blog","description":"Ostdeutschland ist anders. Wir schreiben dr\u00fcber.","potentialAction":[{"@type":"SearchAction","target":{"@type":"EntryPoint","urlTemplate":"https:\/\/blog.zeit.de\/ost\/?s={search_term_string}"},"query-input":"required name=search_term_string"}],"inLanguage":"de"},{"@type":"Person","@id":"https:\/\/blog.zeit.de\/ost\/#\/schema\/person\/dd5b77c2ba678e67c21b74618de55c3e","name":"Stefan Ruwoldt","image":{"@type":"ImageObject","inLanguage":"de","@id":"https:\/\/blog.zeit.de\/ost\/#\/schema\/person\/image\/","url":"https:\/\/secure.gravatar.com\/avatar\/460d74c245796c7dbc11a8cac2dabf17beaf03be0ad9945625da36782991b17c?s=96&d=mm&r=g","contentUrl":"https:\/\/secure.gravatar.com\/avatar\/460d74c245796c7dbc11a8cac2dabf17beaf03be0ad9945625da36782991b17c?s=96&d=mm&r=g","caption":"Stefan Ruwoldt"},"url":"https:\/\/blog.zeit.de\/ost\/author\/sruwoldt\/"}]}},"jetpack_featured_media_url":"","jetpack_sharing_enabled":true,"_links":{"self":[{"href":"https:\/\/blog.zeit.de\/ost\/wp-json\/wp\/v2\/posts\/990","targetHints":{"allow":["GET"]}}],"collection":[{"href":"https:\/\/blog.zeit.de\/ost\/wp-json\/wp\/v2\/posts"}],"about":[{"href":"https:\/\/blog.zeit.de\/ost\/wp-json\/wp\/v2\/types\/post"}],"author":[{"embeddable":true,"href":"https:\/\/blog.zeit.de\/ost\/wp-json\/wp\/v2\/users\/383"}],"replies":[{"embeddable":true,"href":"https:\/\/blog.zeit.de\/ost\/wp-json\/wp\/v2\/comments?post=990"}],"version-history":[{"count":21,"href":"https:\/\/blog.zeit.de\/ost\/wp-json\/wp\/v2\/posts\/990\/revisions"}],"predecessor-version":[{"id":1027,"href":"https:\/\/blog.zeit.de\/ost\/wp-json\/wp\/v2\/posts\/990\/revisions\/1027"}],"wp:attachment":[{"href":"https:\/\/blog.zeit.de\/ost\/wp-json\/wp\/v2\/media?parent=990"}],"wp:term":[{"taxonomy":"category","embeddable":true,"href":"https:\/\/blog.zeit.de\/ost\/wp-json\/wp\/v2\/categories?post=990"},{"taxonomy":"post_tag","embeddable":true,"href":"https:\/\/blog.zeit.de\/ost\/wp-json\/wp\/v2\/tags?post=990"}],"curies":[{"name":"wp","href":"https:\/\/api.w.org\/{rel}","templated":true}]}}