{"id":1067,"date":"2015-09-21T09:11:11","date_gmt":"2015-09-21T07:11:11","guid":{"rendered":"http:\/\/blog.zeit.de\/radikale-ansichten\/?p=1067"},"modified":"2015-09-22T07:31:36","modified_gmt":"2015-09-22T05:31:36","slug":"warum-is-kampfer-desertieren","status":"publish","type":"post","link":"https:\/\/blog.zeit.de\/radikale-ansichten\/2015\/09\/21\/warum-is-kampfer-desertieren\/","title":{"rendered":"Warum IS-K\u00e4mpfer desertieren"},"content":{"rendered":"<p>Wer nach Mallorca auswandert und nach einem Jahr feststellt, dass sein Biergarten gar nichts abwirft oder dass ihm das Wetter doch nicht behagt, dem steht der Weg zur\u00fcck offen. F\u00fcr Dschihadisten, die sich dem\u00a0&#8222;Islamischen Staat&#8220; (IS) in Syrien oder dem Irak angeschlossen haben und im &#8222;Kalifat&#8220; leben, gilt das nicht. Die IS-Kommandeure betrachten jeden Ausreiseversuch als Verbrechen und Verrat; es gibt glaubw\u00fcrdige Hinweise, dass Dutzende ausl\u00e4ndische IS-K\u00e4mpfer vom IS get\u00f6tet wurden, nur weil sie (tats\u00e4chlich oder vermeintlich) desertieren wollten; es sind den deutschen (und gewiss auch anderen)\u00a0Sicherheitsbeh\u00f6rden mehrere F\u00e4lle bekannt, in denen aus Deutschland ins Kalifat Ausgewanderte am liebsten wieder zur\u00fcckkehren w\u00fcrden.<!--more--><\/p>\n<p>Das renommierte &#8222;International Centre for the Study of Radicalization and Political Violence&#8220; (ICSR) am Londoner King&#8217;s College hat nun erstmals 58 \u00f6ffentlich bekannte F\u00e4lle von desertierten IS-Anh\u00e4ngern ausgewertet. &#8222;<em>Victims, Perpetrators, Assets:\u00a0The Narratives of Islamic State Defectors<\/em>&#8222;, hat der Terrorismusforscher Peter R. Neumann seine Studie genannt. Sie lag ZEIT ONLINE vorab vor und <a href=\"http:\/\/icsr.info\/wp-content\/uploads\/2015\/09\/ICSR-Report-Victims-Perpertrators-Assets-The-Narratives-of-Islamic-State-Defectors.pdf\">ist ab heute \u00f6ffentlich zug\u00e4nglich.<\/a><\/p>\n<p>Die Studie macht zwei wichtige Dinge richtig: Sie schafft\u00a0einen wertvollen \u00dcberblick \u00fcber dieses relativ neue, aber bedeutsame Ph\u00e4nomen (die F\u00e4lle stammen aus dem Zeitraum zwischen Januar 2014 und August 2015) \u2013 und zugleich vermeidet Neumann es,\u00a0die manchmal nur skizzenhaften Informationen, die \u00fcber diese\u00a0F\u00e4lle bekannt sind, \u00fcberzustrapazieren. Er weist selbst darauf hin, dass einige der\u00a0Deserteure\u00a0ein Interesse haben k\u00f6nnten, ihre eigene Rolle oder das, was sie erlebt haben, nicht immer vollst\u00e4ndig\u00a0wahrhaftig wiederzugeben.<\/p>\n<p>Die Gr\u00fcnde, die dazu f\u00fchrten, dass diese IS-Anh\u00e4nger (51) und -Anh\u00e4ngerinnen (7) der Terrorgruppe den R\u00fccken kehrten, hat Neumann auf\u00a0vier &#8222;Narrative&#8220; eingedampft:<\/p>\n<ol>\n<li>Der IS k\u00e4mpft zu viel gegen andere sunnitische Muslime (die in anderen islamistischen Gruppen oder Rebellen-Milizen organisiert sind) und zu wenig gegen das Assad-Regime.<\/li>\n<li>Die Brutalit\u00e4t des IS, etwa in der Form von Gewalt gegen Zivilisten oder Ermordungen von Geiseln. (Allerdings, so erg\u00e4nzt Neumann, habe niemand unter den Deserteuren IS-Gewalt gegen nicht-sunnitische Minderheiten oder Gruppen angeprangert.)<\/li>\n<li>&#8222;Un-islamisches Verhalten&#8220; von IS-F\u00fchrern, etwa Ungerechtigkeit oder Rassismus. Ein Beispiel: Syrische Deserteure beklagten, dass ausl\u00e4ndische K\u00e4mpfer privilegiert wurden.<\/li>\n<li>Problematische Lebensumst\u00e4nde. Hier finden sich banal anmutende Kritikpunkte wie etwa &#8222;langweilige Arbeiten&#8220;, die zu verrichten gewesen seien, oder die Erkenntnis, dass das versprochene Luxus-Auto sich nicht manifestieren wird.<\/li>\n<\/ol>\n<p>Die Deserteure, deren Aussagen Neumann untersucht hat, stammen aus insgesamt 17 Staaten, neun von ihnen aus West-Europa und Australien. Wenn es \u2013 wonach es aussieht \u2013 irgendwann eine gr\u00f6\u00dfere Datengrundlage gibt,\u00a0k\u00f6nnte man versuchen, herauszuarbeiten, ob westliche <em>foreign fighters<\/em> aus anderen Gr\u00fcnden desertieren als solche aus den arabischen Staaten. Aber daf\u00fcr ist es noch zu fr\u00fch. Wenn es einen gemeinsamen Nenner gibt, dann ist es, so Neumann, wohl am ehesten der, dass der IS in den Augen der Deserteure nicht das eingel\u00f6st hat, was sie als Versprechen wahrgenommen haben \u2013 ob es sich dabei nun um ein Auto oder religi\u00f6se Reinheit gehandelt hat.<\/p>\n<p>Die Studie schlie\u00dft mit Vorschl\u00e4gen an Politik und Zivilgesellschaft. Ausgehend von der Vermutung, dass die Bekenntnisse der Deserteure eine wichtige Rolle dabei spielen k\u00f6nnten, junge Menschen davon abzuhalten, sich radikalisieren und rekrutieren zu lassen, schl\u00e4gt Neumann vor, dass Deserteuren die M\u00f6glichkeit gegeben werden sollte, ihre Erfahrungen mitzuteilen. Das klingt banaler als es ist \u2013 oftmals sind Justiz und Sicherheitsbeh\u00f6rden zum Beispiel nicht gerade daran interessiert, dass zum Beispiel Journalisten mit solchen Deserteuren in Kontakt treten.<\/p>\n<p>Die ICSR-Studie wirft ein Schlaglicht auf Probleme, die der IS durch stete Propaganda zu \u00fcbert\u00fcnchen versucht. Keineswegs gelingt es der Terrororganisation, alle ihre Anh\u00e4nger zufriedenzustellen. Keineswegs zeigen die Werbevideos aus dem Kalifat die Wahrheit. In Zukunft d\u00fcrfte\u00a0es noch mehr Deserteure geben. Neumann betont freilich, dass es unm\u00f6glich ist\u00a0einzusch\u00e4tzen, wie viele unter den IS-Rekruten unzufrieden sind. Wenn man die 58 F\u00e4lle auf einer Zeitleiste eintr\u00e4gt, erh\u00e4lt man allerdings ein Muster, das auf einen Anstieg der Desertionen \u00fcber die Zeit hindeutet.<\/p>\n<p>Das kann\u00a0nat\u00fcrlich auch auf\u00a0ebenfalls \u00fcber die Zeit gestiegenes journalistisches Interesse\u00a0zur\u00fcckgehen. Aber andererseits gibt es nun wirklich \u00fcberhaupt keine\u00a0Hinweise daf\u00fcr, dass IS-Rekruten heute gl\u00fccklicher und zufriedener w\u00e4ren\u00a0als zu fr\u00fcheren Zeitpunkten.<\/p>\n","protected":false},"excerpt":{"rendered":"<p>Wer nach Mallorca auswandert und nach einem Jahr feststellt, dass sein Biergarten gar nichts abwirft oder dass ihm das Wetter doch nicht behagt, dem steht der Weg zur\u00fcck offen. F\u00fcr Dschihadisten, die sich dem\u00a0&#8222;Islamischen Staat&#8220; (IS) in Syrien oder dem Irak angeschlossen haben und im &#8222;Kalifat&#8220; leben, gilt das nicht. Die IS-Kommandeure betrachten jeden Ausreiseversuch [&hellip;]<\/p>\n","protected":false},"author":407,"featured_media":1074,"comment_status":"open","ping_status":"open","sticky":false,"template":"","format":"standard","meta":{"_jetpack_memberships_contains_paid_content":false,"footnotes":""},"categories":[24009,82,27792,27793,35369,32211,1354,35366,15398,35362],"tags":[],"class_list":["post-1067","post","type-post","status-publish","format-standard","has-post-thumbnail","hentry","category-islamischer-staat","category-internet","category-isis-2","category-kalifat","category-medien","category-radikalisierung","category-social-media","category-syrien","category-terrorismus","category-tuerkei"],"yoast_head":"<!-- This site is optimized with the Yoast SEO plugin v21.0 - https:\/\/yoast.com\/wordpress\/plugins\/seo\/ -->\n<title>Warum IS-K\u00e4mpfer desertieren - Radikale Ansichten<\/title>\n<meta name=\"description\" content=\"Das renommierte ICSR hat erstmals 58 bekannte F\u00e4lle von desertierten IS-Anh\u00e4ngern ausgewertet. Die Studie lag ZEIT ONLINE vorab vor.\" \/>\n<meta name=\"robots\" content=\"index, follow, max-snippet:-1, max-image-preview:large, max-video-preview:-1\" \/>\n<link rel=\"canonical\" href=\"https:\/\/blog.zeit.de\/radikale-ansichten\/2015\/09\/21\/warum-is-kampfer-desertieren\/\" \/>\n<meta property=\"og:locale\" content=\"de_DE\" \/>\n<meta property=\"og:type\" content=\"article\" \/>\n<meta property=\"og:title\" content=\"Warum IS-K\u00e4mpfer desertieren - Radikale Ansichten\" \/>\n<meta property=\"og:description\" content=\"Das renommierte ICSR hat erstmals 58 bekannte F\u00e4lle von desertierten IS-Anh\u00e4ngern ausgewertet. Die Studie lag ZEIT ONLINE vorab vor.\" \/>\n<meta property=\"og:url\" content=\"https:\/\/blog.zeit.de\/radikale-ansichten\/2015\/09\/21\/warum-is-kampfer-desertieren\/\" \/>\n<meta property=\"og:site_name\" content=\"Radikale Ansichten\" \/>\n<meta property=\"article:published_time\" content=\"2015-09-21T07:11:11+00:00\" \/>\n<meta property=\"article:modified_time\" content=\"2015-09-22T05:31:36+00:00\" \/>\n<meta property=\"og:image\" content=\"https:\/\/blog.zeit.de\/radikale-ansichten\/files\/2015\/09\/preview.jpg\" \/>\n\t<meta property=\"og:image:width\" content=\"500\" \/>\n\t<meta property=\"og:image:height\" content=\"281\" \/>\n\t<meta property=\"og:image:type\" content=\"image\/jpeg\" \/>\n<meta name=\"author\" content=\"Yassin Musharbash\" \/>\n<meta name=\"twitter:card\" content=\"summary_large_image\" \/>\n<meta name=\"twitter:creator\" content=\"@zeitonline\" \/>\n<meta name=\"twitter:site\" content=\"@zeitonline\" \/>\n<meta name=\"twitter:label1\" content=\"Geschrieben von\" \/>\n\t<meta name=\"twitter:data1\" content=\"Yassin Musharbash\" \/>\n\t<meta name=\"twitter:label2\" content=\"Gesch\u00e4tzte Lesezeit\" \/>\n\t<meta name=\"twitter:data2\" content=\"4\u00a0Minuten\" \/>\n<script type=\"application\/ld+json\" class=\"yoast-schema-graph\">{\"@context\":\"https:\/\/schema.org\",\"@graph\":[{\"@type\":\"WebPage\",\"@id\":\"https:\/\/blog.zeit.de\/radikale-ansichten\/2015\/09\/21\/warum-is-kampfer-desertieren\/\",\"url\":\"https:\/\/blog.zeit.de\/radikale-ansichten\/2015\/09\/21\/warum-is-kampfer-desertieren\/\",\"name\":\"Warum IS-K\u00e4mpfer desertieren - Radikale Ansichten\",\"isPartOf\":{\"@id\":\"https:\/\/blog.zeit.de\/radikale-ansichten\/#website\"},\"datePublished\":\"2015-09-21T07:11:11+00:00\",\"dateModified\":\"2015-09-22T05:31:36+00:00\",\"author\":{\"@id\":\"https:\/\/blog.zeit.de\/radikale-ansichten\/#\/schema\/person\/465bac226337a64c313a8af277552d9f\"},\"description\":\"Das renommierte ICSR hat erstmals 58 bekannte F\u00e4lle von desertierten IS-Anh\u00e4ngern ausgewertet. Die Studie lag ZEIT ONLINE vorab vor.\",\"breadcrumb\":{\"@id\":\"https:\/\/blog.zeit.de\/radikale-ansichten\/2015\/09\/21\/warum-is-kampfer-desertieren\/#breadcrumb\"},\"inLanguage\":\"de\",\"potentialAction\":[{\"@type\":\"ReadAction\",\"target\":[\"https:\/\/blog.zeit.de\/radikale-ansichten\/2015\/09\/21\/warum-is-kampfer-desertieren\/\"]}]},{\"@type\":\"BreadcrumbList\",\"@id\":\"https:\/\/blog.zeit.de\/radikale-ansichten\/2015\/09\/21\/warum-is-kampfer-desertieren\/#breadcrumb\",\"itemListElement\":[{\"@type\":\"ListItem\",\"position\":1,\"name\":\"Startseite\",\"item\":\"https:\/\/blog.zeit.de\/radikale-ansichten\/\"},{\"@type\":\"ListItem\",\"position\":2,\"name\":\"Warum IS-K\u00e4mpfer desertieren\"}]},{\"@type\":\"WebSite\",\"@id\":\"https:\/\/blog.zeit.de\/radikale-ansichten\/#website\",\"url\":\"https:\/\/blog.zeit.de\/radikale-ansichten\/\",\"name\":\"Radikale Ansichten\",\"description\":\"Ein Blog \u00fcber Islamismus und Islamophobie, Nahost und Neuk\u00f6lln, virtuell und analog\",\"potentialAction\":[{\"@type\":\"SearchAction\",\"target\":{\"@type\":\"EntryPoint\",\"urlTemplate\":\"https:\/\/blog.zeit.de\/radikale-ansichten\/?s={search_term_string}\"},\"query-input\":\"required name=search_term_string\"}],\"inLanguage\":\"de\"},{\"@type\":\"Person\",\"@id\":\"https:\/\/blog.zeit.de\/radikale-ansichten\/#\/schema\/person\/465bac226337a64c313a8af277552d9f\",\"name\":\"Yassin Musharbash\",\"image\":{\"@type\":\"ImageObject\",\"inLanguage\":\"de\",\"@id\":\"https:\/\/blog.zeit.de\/radikale-ansichten\/#\/schema\/person\/image\/\",\"url\":\"https:\/\/secure.gravatar.com\/avatar\/f6f234e277517dab0b4477c53078db345a367d24aeb82125991d0839d0bde91e?s=96&d=mm&r=g\",\"contentUrl\":\"https:\/\/secure.gravatar.com\/avatar\/f6f234e277517dab0b4477c53078db345a367d24aeb82125991d0839d0bde91e?s=96&d=mm&r=g\",\"caption\":\"Yassin Musharbash\"},\"url\":\"https:\/\/blog.zeit.de\/radikale-ansichten\/author\/ymusharbash\/\"}]}<\/script>\n<!-- \/ Yoast SEO plugin. -->","yoast_head_json":{"title":"Warum IS-K\u00e4mpfer desertieren - Radikale Ansichten","description":"Das renommierte ICSR hat erstmals 58 bekannte F\u00e4lle von desertierten IS-Anh\u00e4ngern ausgewertet. Die Studie lag ZEIT ONLINE vorab vor.","robots":{"index":"index","follow":"follow","max-snippet":"max-snippet:-1","max-image-preview":"max-image-preview:large","max-video-preview":"max-video-preview:-1"},"canonical":"https:\/\/blog.zeit.de\/radikale-ansichten\/2015\/09\/21\/warum-is-kampfer-desertieren\/","og_locale":"de_DE","og_type":"article","og_title":"Warum IS-K\u00e4mpfer desertieren - Radikale Ansichten","og_description":"Das renommierte ICSR hat erstmals 58 bekannte F\u00e4lle von desertierten IS-Anh\u00e4ngern ausgewertet. Die Studie lag ZEIT ONLINE vorab vor.","og_url":"https:\/\/blog.zeit.de\/radikale-ansichten\/2015\/09\/21\/warum-is-kampfer-desertieren\/","og_site_name":"Radikale Ansichten","article_published_time":"2015-09-21T07:11:11+00:00","article_modified_time":"2015-09-22T05:31:36+00:00","og_image":[{"width":500,"height":281,"url":"https:\/\/blog.zeit.de\/radikale-ansichten\/files\/2015\/09\/preview.jpg","type":"image\/jpeg"}],"author":"Yassin Musharbash","twitter_card":"summary_large_image","twitter_creator":"@zeitonline","twitter_site":"@zeitonline","twitter_misc":{"Geschrieben von":"Yassin Musharbash","Gesch\u00e4tzte Lesezeit":"4\u00a0Minuten"},"schema":{"@context":"https:\/\/schema.org","@graph":[{"@type":"WebPage","@id":"https:\/\/blog.zeit.de\/radikale-ansichten\/2015\/09\/21\/warum-is-kampfer-desertieren\/","url":"https:\/\/blog.zeit.de\/radikale-ansichten\/2015\/09\/21\/warum-is-kampfer-desertieren\/","name":"Warum IS-K\u00e4mpfer desertieren - Radikale Ansichten","isPartOf":{"@id":"https:\/\/blog.zeit.de\/radikale-ansichten\/#website"},"datePublished":"2015-09-21T07:11:11+00:00","dateModified":"2015-09-22T05:31:36+00:00","author":{"@id":"https:\/\/blog.zeit.de\/radikale-ansichten\/#\/schema\/person\/465bac226337a64c313a8af277552d9f"},"description":"Das renommierte ICSR hat erstmals 58 bekannte F\u00e4lle von desertierten IS-Anh\u00e4ngern ausgewertet. Die Studie lag ZEIT ONLINE vorab vor.","breadcrumb":{"@id":"https:\/\/blog.zeit.de\/radikale-ansichten\/2015\/09\/21\/warum-is-kampfer-desertieren\/#breadcrumb"},"inLanguage":"de","potentialAction":[{"@type":"ReadAction","target":["https:\/\/blog.zeit.de\/radikale-ansichten\/2015\/09\/21\/warum-is-kampfer-desertieren\/"]}]},{"@type":"BreadcrumbList","@id":"https:\/\/blog.zeit.de\/radikale-ansichten\/2015\/09\/21\/warum-is-kampfer-desertieren\/#breadcrumb","itemListElement":[{"@type":"ListItem","position":1,"name":"Startseite","item":"https:\/\/blog.zeit.de\/radikale-ansichten\/"},{"@type":"ListItem","position":2,"name":"Warum IS-K\u00e4mpfer desertieren"}]},{"@type":"WebSite","@id":"https:\/\/blog.zeit.de\/radikale-ansichten\/#website","url":"https:\/\/blog.zeit.de\/radikale-ansichten\/","name":"Radikale Ansichten","description":"Ein Blog \u00fcber Islamismus und Islamophobie, Nahost und Neuk\u00f6lln, virtuell und analog","potentialAction":[{"@type":"SearchAction","target":{"@type":"EntryPoint","urlTemplate":"https:\/\/blog.zeit.de\/radikale-ansichten\/?s={search_term_string}"},"query-input":"required name=search_term_string"}],"inLanguage":"de"},{"@type":"Person","@id":"https:\/\/blog.zeit.de\/radikale-ansichten\/#\/schema\/person\/465bac226337a64c313a8af277552d9f","name":"Yassin Musharbash","image":{"@type":"ImageObject","inLanguage":"de","@id":"https:\/\/blog.zeit.de\/radikale-ansichten\/#\/schema\/person\/image\/","url":"https:\/\/secure.gravatar.com\/avatar\/f6f234e277517dab0b4477c53078db345a367d24aeb82125991d0839d0bde91e?s=96&d=mm&r=g","contentUrl":"https:\/\/secure.gravatar.com\/avatar\/f6f234e277517dab0b4477c53078db345a367d24aeb82125991d0839d0bde91e?s=96&d=mm&r=g","caption":"Yassin Musharbash"},"url":"https:\/\/blog.zeit.de\/radikale-ansichten\/author\/ymusharbash\/"}]}},"jetpack_featured_media_url":"https:\/\/blog.zeit.de\/radikale-ansichten\/files\/2015\/09\/preview.jpg","jetpack_sharing_enabled":true,"_links":{"self":[{"href":"https:\/\/blog.zeit.de\/radikale-ansichten\/wp-json\/wp\/v2\/posts\/1067","targetHints":{"allow":["GET"]}}],"collection":[{"href":"https:\/\/blog.zeit.de\/radikale-ansichten\/wp-json\/wp\/v2\/posts"}],"about":[{"href":"https:\/\/blog.zeit.de\/radikale-ansichten\/wp-json\/wp\/v2\/types\/post"}],"author":[{"embeddable":true,"href":"https:\/\/blog.zeit.de\/radikale-ansichten\/wp-json\/wp\/v2\/users\/407"}],"replies":[{"embeddable":true,"href":"https:\/\/blog.zeit.de\/radikale-ansichten\/wp-json\/wp\/v2\/comments?post=1067"}],"version-history":[{"count":9,"href":"https:\/\/blog.zeit.de\/radikale-ansichten\/wp-json\/wp\/v2\/posts\/1067\/revisions"}],"predecessor-version":[{"id":1080,"href":"https:\/\/blog.zeit.de\/radikale-ansichten\/wp-json\/wp\/v2\/posts\/1067\/revisions\/1080"}],"wp:featuredmedia":[{"embeddable":true,"href":"https:\/\/blog.zeit.de\/radikale-ansichten\/wp-json\/wp\/v2\/media\/1074"}],"wp:attachment":[{"href":"https:\/\/blog.zeit.de\/radikale-ansichten\/wp-json\/wp\/v2\/media?parent=1067"}],"wp:term":[{"taxonomy":"category","embeddable":true,"href":"https:\/\/blog.zeit.de\/radikale-ansichten\/wp-json\/wp\/v2\/categories?post=1067"},{"taxonomy":"post_tag","embeddable":true,"href":"https:\/\/blog.zeit.de\/radikale-ansichten\/wp-json\/wp\/v2\/tags?post=1067"}],"curies":[{"name":"wp","href":"https:\/\/api.w.org\/{rel}","templated":true}]}}