{"id":1207,"date":"2016-05-31T20:42:00","date_gmt":"2016-05-31T18:42:00","guid":{"rendered":"http:\/\/blog.zeit.de\/radikale-ansichten\/?p=1207"},"modified":"2016-06-01T11:06:11","modified_gmt":"2016-06-01T09:06:11","slug":"die-matrix-des-is-terrors","status":"publish","type":"post","link":"https:\/\/blog.zeit.de\/radikale-ansichten\/2016\/05\/31\/die-matrix-des-is-terrors\/","title":{"rendered":"Die Matrix des IS-Terrors"},"content":{"rendered":"<p>Fast alle Fehleinsch\u00e4tzungen im &#8222;Krieg gegen den Terror&#8220;, und zwar egal ob gegen Al-Kaida oder den sogenannten &#8222;Islamischen Staat&#8220; (IS), beruhen darauf, dass wir dazu tendieren, dschihadistische Terrororganisationen nach uns vertrauten Ma\u00dfst\u00e4ben zu analysieren. Das funktioniert aber nicht. Dschihadistische Terrororganisationen sind ebenso wenig\u00a0Armeen, wie sie Abbilder der Terrorgruppen sind, die wir aus dem Westen kennen (RAF, Eta, IRA, etc.). Sie stehen in einer eigenen Tradition, die durch eine sehr spezifische Ideologie (mit-)gepr\u00e4gt ist. Deshalb wirken Gruppen wie der IS auf uns mitunter widerspr\u00fcchlich \u2013 auch wenn sie es in ihren eigenen Augen \u00fcberhaupt nicht sind.<!--more--><\/p>\n<p>Die <em>S\u00fcddeutsche Zeitung<\/em> <a href=\"http:\/\/www.sueddeutsche.de\/politik\/anschlag-in-hannover-jaehrige-soll-im-auftrag-des-is-polizisten-verletzt-haben-1.3011720\">berichtete j\u00fcngst neue Details<\/a> aus dem Fall der 15-j\u00e4hrigen Safia S., die im Februar einem Bundespolizisten in den Hals gestochen\u00a0hatte. Dem Bericht zufolge hatte Safia S. in einem Chat einem Bekannten in Hannover berichtet, sie habe in der T\u00fcrkei Kontakt mit &#8222;Angestellten&#8220; des IS gehabt. Eigentlich hatte sie sich der Gruppe in Syrien anschlie\u00dfen wollen, aber die &#8222;Angestellten&#8220; h\u00e4tten ihr gesagt, es sei besser, wenn sie in Deutschland eine\u00a0&#8222;\u00dcberraschung f\u00fcr die Ungl\u00e4ubigen&#8220;\u00a0mache:\u00a0&#8222;Sie haben mir gesagt, es hat einen gr\u00f6\u00dferen Nutzen&#8220;, zitiert die <em>SZ<\/em> aus dem Chat.<\/p>\n<p>Denkbar, dass Safia S. \u00fcberzeugt war, dies sei eine Direktive des IS. Ebenso denkbar ist aber, dass die Personen, die sie in der T\u00fcrkei getroffen hat, keine wichtigen IS-Kader waren. Wir wissen es nicht.<\/p>\n<p>Es geht aber um etwas anderes, n\u00e4mlich um die m\u00f6gliche Deutung dieses Vorgangs. Denn schon lassen\u00a0sich Analyse-Versuche finden, die den Vorfall als Indiz f\u00fcr die &#8222;Verzweiflung&#8220; des IS lesen. Die Gruppe sei milit\u00e4risch derartig unter Druck geraten, dass sie nun quasi jeden beziehungsweise jede n\u00e4hme, der oder die bereit sei, in ihrem Namen Terror auszu\u00fcben. Auch wenn die daraus resultierenden Anschl\u00e4ge noch so unspektakul\u00e4r seien.<\/p>\n<p><strong>Taktisch und operativ geschultes Personal<\/strong><\/p>\n<p>Es ist aber Unfug, einen solchen einzelnen Vorfall, \u00fcber den wir zudem wenig wissen, in diesem Fall nicht einmal die Namen oder den Status der Beteiligten, in dieser Weise aufzubauschen. Tats\u00e4chlich liegt die von Safia S. dem Chat zufolge empfangene Empfehlung sogar auf der Linie dessen, was der IS seinen Anh\u00e4ngern und Sympathisanten seit \u00fcber einem Jahr eintrichtert: Schreitet selbst zur Tat! Tut, was ihr nur k\u00f6nnt, um Angst und Schrecken zu verbreiten! Erst letzte Woche erkl\u00e4rte der IS-Sprecher al-Adnani: &#8222;Wahrlich, der kleine Akt, den ihr dort fertigbringt, ist f\u00fcr uns wichtiger als der gr\u00f6\u00dfte Akt, den ihr hier vollbringt.&#8220; Daraus muss nicht Verzweiflung sprechen. Das kann auch eine Taktik sein: Warum eine 15-J\u00e4hrige ins Kalifat importieren, wo sie als K\u00e4mpferin nichts nutzt? Warum sie nicht stattdessen wieder zur\u00fcckschicken und etwas tun lassen, was alleine schon deshalb Aufsehen erregen wird, weil sie erst 15 Jahre alt ist?<\/p>\n<p>Der IS verf\u00fcgt in seiner F\u00fchrung \u00fcber taktisch und operativ geschultes Personal. Seiner Anschlagspolitik, wenn man es einmal so nennen darf, liegt mit ziemlicher Gewissheit eine Matrix zugrunde. Eine 15-J\u00e4hrige, die einen Anschlag entweder zustande bringt oder auch nicht, ist in einem solchen Abw\u00e4gungsraster ein Investment, das wenig kostet, keine Ressourcen bindet, im Erfolgsfall nutzt, und zugleich nicht schadet, wenn es sich nicht rentiert. Also: Lasst sie es versuchen! So d\u00fcrften die IS-M\u00e4nner gedacht haben.<\/p>\n<p>Zugleich hat der IS\u00a0mittlerweile einen Grad an Komplexit\u00e4t erreicht, dass er in der Lage ist, mehrere Ziele gleichzeitig zu verfolgen. Auch dieser Aspekt geht oft unter. Denn es ist keineswegs so, dass der jeweils letzte Anschlagsplan des IS, der bekannt wird, absolute Aussagekraft \u00fcber die derzeitigen Priorit\u00e4ten des IS besitzt. Anders gesagt: W\u00e4hrend es &#8222;stimmt&#8220;, \u00a0was Adnani sagt, dass also jeder seinen eigenen Anschlag planen solle, &#8222;stimmt&#8220; zugleich, dass der IS eine Abteilung f\u00fcr die Planung von gro\u00dfen Anschl\u00e4gen im Westen betreibt. Der ausgefeilte Massenmord von Paris und die Messerattacke von Hannover geh\u00f6ren beide zu den Zielen des IS. Das ist kein Widerspruch. Das ist, aus Sicht des IS, sogar sinnvoll. Denn Anschl\u00e4ge wie in Paris oder Br\u00fcssel kann man nicht alle paar Wochen aus\u00fcben. Aber wenn in den Intervallen kleinere, umso unerwartetere Attacken stattfinden, zahlt das alles auf das Publicity- und Angst-Konto des IS ein.<\/p>\n<p>Die Komplexit\u00e4t des IS geht sogar noch weiter. Es ist n\u00e4mlich denkbar, dass er gleichzeitig milit\u00e4risch unter Druck ist und trotzdem in Sachen Anschlagsplanungen gegen den Westen sehr gut aufgestellt ist. Wir wissen zu wenig aus dem Inneren der Organisation, um das beurteilen zu k\u00f6nnen. Das gilt im \u00dcbrigen auch f\u00fcr die Geheimdienste. Aber gerade deshalb sollten wir uns vor zu schnellen Schl\u00fcssen h\u00fcten.<\/p>\n<p>Derzeit zum Beispiel verteidigt der IS seine Gebiete in Syrien und im Irak mit H\u00e4nden und Klauen, an einigen Orten ist er sogar in die Offensive gegangen. Gleichzeit hat die IS-F\u00fchrung \u00f6ffentlich klargestellt: Selbst wenn wir unsere Hauptst\u00e4dte Rakka und Mossul verlieren sollten, w\u00e4re das egal. Und es stimmt sogar: Der IS, beziehungsweise seine Vorl\u00e4uferorganisationen, sind durch lange Jahre\u00a0gegangen, in denen sie als Guerilla\/Mafia\/Terror-Organisation Geld, Ressourcen und Rekruten anh\u00e4ufen konnten, auch ohne St\u00e4dte direkt zu kontrollieren. Und St\u00e4dte wechseln im Irak derzeit oft \u00fcber Nacht die H\u00e4nde.<\/p>\n<p>Tats\u00e4chlich sind <a href=\"http:\/\/www.zeit.de\/gesellschaft\/zeitgeschehen\/2016-05\/terrorismus-hannover-anschlag-polizist-auftrag-islamischer-staat\">die neuen Erkenntnisse aus dem Fall Safia S. <\/a>interessant. Aber sie haben keine Aussagekraft \u00fcber die generelle Verfasstheit des IS. Daf\u00fcr ist ihr Fall zu klein, sind die t\u00fcrkischen Kader mutma\u00dflich zu weit von der IS-Zentrale. Die Information ist ein Puzzlest\u00fcck. Wenn sich \u00e4hnliche Erkenntnisse h\u00e4ufen, dann steigt auch die Bedeutung dieser Information.<\/p>\n<p>Bis dahin gilt die Regel: Nie vergessen, wie wenig wir \u00fcber den IS wissen!<\/p>\n<p>&nbsp;<\/p>\n","protected":false},"excerpt":{"rendered":"<p>Fast alle Fehleinsch\u00e4tzungen im &#8222;Krieg gegen den Terror&#8220;, und zwar egal ob gegen Al-Kaida oder den sogenannten &#8222;Islamischen Staat&#8220; (IS), beruhen darauf, dass wir dazu tendieren, dschihadistische Terrororganisationen nach uns vertrauten Ma\u00dfst\u00e4ben zu analysieren. Das funktioniert aber nicht. Dschihadistische Terrororganisationen sind ebenso wenig\u00a0Armeen, wie sie Abbilder der Terrorgruppen sind, die wir aus dem Westen kennen [&hellip;]<\/p>\n","protected":false},"author":407,"featured_media":0,"comment_status":"open","ping_status":"open","sticky":false,"template":"","format":"standard","meta":{"_jetpack_memberships_contains_paid_content":false,"footnotes":""},"categories":[24009,82,27791,27792,27793,27787,35366,15398,35362],"tags":[],"class_list":["post-1207","post","type-post","status-publish","format-standard","hentry","category-islamischer-staat","category-internet","category-irak-2","category-isis-2","category-kalifat","category-sicherheitsbehorden","category-syrien","category-terrorismus","category-tuerkei"],"yoast_head":"<!-- This site is optimized with the Yoast SEO plugin v21.0 - https:\/\/yoast.com\/wordpress\/plugins\/seo\/ -->\n<title>Die Matrix des IS-Terrors<\/title>\n<meta name=\"description\" content=\"Wenn der Westen die Taktiken des IS verstehen will, muss er sich von seinen vertrauten Ma\u00dfst\u00e4ben l\u00f6sen.\" \/>\n<meta name=\"robots\" content=\"index, follow, max-snippet:-1, max-image-preview:large, max-video-preview:-1\" \/>\n<link rel=\"canonical\" href=\"https:\/\/blog.zeit.de\/radikale-ansichten\/2016\/05\/31\/die-matrix-des-is-terrors\/\" \/>\n<meta property=\"og:locale\" content=\"de_DE\" \/>\n<meta property=\"og:type\" content=\"article\" \/>\n<meta property=\"og:title\" content=\"Die Matrix des IS-Terrors\" \/>\n<meta property=\"og:description\" content=\"Wenn der Westen die Taktiken des IS verstehen will, muss er sich von seinen vertrauten Ma\u00dfst\u00e4ben l\u00f6sen.\" \/>\n<meta property=\"og:url\" content=\"https:\/\/blog.zeit.de\/radikale-ansichten\/2016\/05\/31\/die-matrix-des-is-terrors\/\" \/>\n<meta property=\"og:site_name\" content=\"Radikale Ansichten\" \/>\n<meta property=\"article:published_time\" content=\"2016-05-31T18:42:00+00:00\" \/>\n<meta property=\"article:modified_time\" content=\"2016-06-01T09:06:11+00:00\" \/>\n<meta name=\"author\" content=\"Yassin Musharbash\" \/>\n<meta name=\"twitter:card\" content=\"summary_large_image\" \/>\n<meta name=\"twitter:creator\" content=\"@zeitonline\" \/>\n<meta name=\"twitter:site\" content=\"@zeitonline\" \/>\n<meta name=\"twitter:label1\" content=\"Geschrieben von\" \/>\n\t<meta name=\"twitter:data1\" content=\"Yassin Musharbash\" \/>\n\t<meta name=\"twitter:label2\" content=\"Gesch\u00e4tzte Lesezeit\" \/>\n\t<meta name=\"twitter:data2\" content=\"5\u00a0Minuten\" \/>\n<script type=\"application\/ld+json\" class=\"yoast-schema-graph\">{\"@context\":\"https:\/\/schema.org\",\"@graph\":[{\"@type\":\"WebPage\",\"@id\":\"https:\/\/blog.zeit.de\/radikale-ansichten\/2016\/05\/31\/die-matrix-des-is-terrors\/\",\"url\":\"https:\/\/blog.zeit.de\/radikale-ansichten\/2016\/05\/31\/die-matrix-des-is-terrors\/\",\"name\":\"Die Matrix des IS-Terrors\",\"isPartOf\":{\"@id\":\"https:\/\/blog.zeit.de\/radikale-ansichten\/#website\"},\"datePublished\":\"2016-05-31T18:42:00+00:00\",\"dateModified\":\"2016-06-01T09:06:11+00:00\",\"author\":{\"@id\":\"https:\/\/blog.zeit.de\/radikale-ansichten\/#\/schema\/person\/465bac226337a64c313a8af277552d9f\"},\"description\":\"Wenn der Westen die Taktiken des IS verstehen will, muss er sich von seinen vertrauten Ma\u00dfst\u00e4ben l\u00f6sen.\",\"breadcrumb\":{\"@id\":\"https:\/\/blog.zeit.de\/radikale-ansichten\/2016\/05\/31\/die-matrix-des-is-terrors\/#breadcrumb\"},\"inLanguage\":\"de\",\"potentialAction\":[{\"@type\":\"ReadAction\",\"target\":[\"https:\/\/blog.zeit.de\/radikale-ansichten\/2016\/05\/31\/die-matrix-des-is-terrors\/\"]}]},{\"@type\":\"BreadcrumbList\",\"@id\":\"https:\/\/blog.zeit.de\/radikale-ansichten\/2016\/05\/31\/die-matrix-des-is-terrors\/#breadcrumb\",\"itemListElement\":[{\"@type\":\"ListItem\",\"position\":1,\"name\":\"Startseite\",\"item\":\"https:\/\/blog.zeit.de\/radikale-ansichten\/\"},{\"@type\":\"ListItem\",\"position\":2,\"name\":\"Die Matrix des IS-Terrors\"}]},{\"@type\":\"WebSite\",\"@id\":\"https:\/\/blog.zeit.de\/radikale-ansichten\/#website\",\"url\":\"https:\/\/blog.zeit.de\/radikale-ansichten\/\",\"name\":\"Radikale Ansichten\",\"description\":\"Ein Blog \u00fcber Islamismus und Islamophobie, Nahost und Neuk\u00f6lln, virtuell und analog\",\"potentialAction\":[{\"@type\":\"SearchAction\",\"target\":{\"@type\":\"EntryPoint\",\"urlTemplate\":\"https:\/\/blog.zeit.de\/radikale-ansichten\/?s={search_term_string}\"},\"query-input\":\"required name=search_term_string\"}],\"inLanguage\":\"de\"},{\"@type\":\"Person\",\"@id\":\"https:\/\/blog.zeit.de\/radikale-ansichten\/#\/schema\/person\/465bac226337a64c313a8af277552d9f\",\"name\":\"Yassin Musharbash\",\"image\":{\"@type\":\"ImageObject\",\"inLanguage\":\"de\",\"@id\":\"https:\/\/blog.zeit.de\/radikale-ansichten\/#\/schema\/person\/image\/\",\"url\":\"https:\/\/secure.gravatar.com\/avatar\/f6f234e277517dab0b4477c53078db345a367d24aeb82125991d0839d0bde91e?s=96&d=mm&r=g\",\"contentUrl\":\"https:\/\/secure.gravatar.com\/avatar\/f6f234e277517dab0b4477c53078db345a367d24aeb82125991d0839d0bde91e?s=96&d=mm&r=g\",\"caption\":\"Yassin Musharbash\"},\"url\":\"https:\/\/blog.zeit.de\/radikale-ansichten\/author\/ymusharbash\/\"}]}<\/script>\n<!-- \/ Yoast SEO plugin. -->","yoast_head_json":{"title":"Die Matrix des IS-Terrors","description":"Wenn der Westen die Taktiken des IS verstehen will, muss er sich von seinen vertrauten Ma\u00dfst\u00e4ben l\u00f6sen.","robots":{"index":"index","follow":"follow","max-snippet":"max-snippet:-1","max-image-preview":"max-image-preview:large","max-video-preview":"max-video-preview:-1"},"canonical":"https:\/\/blog.zeit.de\/radikale-ansichten\/2016\/05\/31\/die-matrix-des-is-terrors\/","og_locale":"de_DE","og_type":"article","og_title":"Die Matrix des IS-Terrors","og_description":"Wenn der Westen die Taktiken des IS verstehen will, muss er sich von seinen vertrauten Ma\u00dfst\u00e4ben l\u00f6sen.","og_url":"https:\/\/blog.zeit.de\/radikale-ansichten\/2016\/05\/31\/die-matrix-des-is-terrors\/","og_site_name":"Radikale Ansichten","article_published_time":"2016-05-31T18:42:00+00:00","article_modified_time":"2016-06-01T09:06:11+00:00","author":"Yassin Musharbash","twitter_card":"summary_large_image","twitter_creator":"@zeitonline","twitter_site":"@zeitonline","twitter_misc":{"Geschrieben von":"Yassin Musharbash","Gesch\u00e4tzte Lesezeit":"5\u00a0Minuten"},"schema":{"@context":"https:\/\/schema.org","@graph":[{"@type":"WebPage","@id":"https:\/\/blog.zeit.de\/radikale-ansichten\/2016\/05\/31\/die-matrix-des-is-terrors\/","url":"https:\/\/blog.zeit.de\/radikale-ansichten\/2016\/05\/31\/die-matrix-des-is-terrors\/","name":"Die Matrix des IS-Terrors","isPartOf":{"@id":"https:\/\/blog.zeit.de\/radikale-ansichten\/#website"},"datePublished":"2016-05-31T18:42:00+00:00","dateModified":"2016-06-01T09:06:11+00:00","author":{"@id":"https:\/\/blog.zeit.de\/radikale-ansichten\/#\/schema\/person\/465bac226337a64c313a8af277552d9f"},"description":"Wenn der Westen die Taktiken des IS verstehen will, muss er sich von seinen vertrauten Ma\u00dfst\u00e4ben l\u00f6sen.","breadcrumb":{"@id":"https:\/\/blog.zeit.de\/radikale-ansichten\/2016\/05\/31\/die-matrix-des-is-terrors\/#breadcrumb"},"inLanguage":"de","potentialAction":[{"@type":"ReadAction","target":["https:\/\/blog.zeit.de\/radikale-ansichten\/2016\/05\/31\/die-matrix-des-is-terrors\/"]}]},{"@type":"BreadcrumbList","@id":"https:\/\/blog.zeit.de\/radikale-ansichten\/2016\/05\/31\/die-matrix-des-is-terrors\/#breadcrumb","itemListElement":[{"@type":"ListItem","position":1,"name":"Startseite","item":"https:\/\/blog.zeit.de\/radikale-ansichten\/"},{"@type":"ListItem","position":2,"name":"Die Matrix des IS-Terrors"}]},{"@type":"WebSite","@id":"https:\/\/blog.zeit.de\/radikale-ansichten\/#website","url":"https:\/\/blog.zeit.de\/radikale-ansichten\/","name":"Radikale Ansichten","description":"Ein Blog \u00fcber Islamismus und Islamophobie, Nahost und Neuk\u00f6lln, virtuell und analog","potentialAction":[{"@type":"SearchAction","target":{"@type":"EntryPoint","urlTemplate":"https:\/\/blog.zeit.de\/radikale-ansichten\/?s={search_term_string}"},"query-input":"required name=search_term_string"}],"inLanguage":"de"},{"@type":"Person","@id":"https:\/\/blog.zeit.de\/radikale-ansichten\/#\/schema\/person\/465bac226337a64c313a8af277552d9f","name":"Yassin Musharbash","image":{"@type":"ImageObject","inLanguage":"de","@id":"https:\/\/blog.zeit.de\/radikale-ansichten\/#\/schema\/person\/image\/","url":"https:\/\/secure.gravatar.com\/avatar\/f6f234e277517dab0b4477c53078db345a367d24aeb82125991d0839d0bde91e?s=96&d=mm&r=g","contentUrl":"https:\/\/secure.gravatar.com\/avatar\/f6f234e277517dab0b4477c53078db345a367d24aeb82125991d0839d0bde91e?s=96&d=mm&r=g","caption":"Yassin Musharbash"},"url":"https:\/\/blog.zeit.de\/radikale-ansichten\/author\/ymusharbash\/"}]}},"jetpack_featured_media_url":"","jetpack_sharing_enabled":true,"_links":{"self":[{"href":"https:\/\/blog.zeit.de\/radikale-ansichten\/wp-json\/wp\/v2\/posts\/1207","targetHints":{"allow":["GET"]}}],"collection":[{"href":"https:\/\/blog.zeit.de\/radikale-ansichten\/wp-json\/wp\/v2\/posts"}],"about":[{"href":"https:\/\/blog.zeit.de\/radikale-ansichten\/wp-json\/wp\/v2\/types\/post"}],"author":[{"embeddable":true,"href":"https:\/\/blog.zeit.de\/radikale-ansichten\/wp-json\/wp\/v2\/users\/407"}],"replies":[{"embeddable":true,"href":"https:\/\/blog.zeit.de\/radikale-ansichten\/wp-json\/wp\/v2\/comments?post=1207"}],"version-history":[{"count":8,"href":"https:\/\/blog.zeit.de\/radikale-ansichten\/wp-json\/wp\/v2\/posts\/1207\/revisions"}],"predecessor-version":[{"id":1219,"href":"https:\/\/blog.zeit.de\/radikale-ansichten\/wp-json\/wp\/v2\/posts\/1207\/revisions\/1219"}],"wp:attachment":[{"href":"https:\/\/blog.zeit.de\/radikale-ansichten\/wp-json\/wp\/v2\/media?parent=1207"}],"wp:term":[{"taxonomy":"category","embeddable":true,"href":"https:\/\/blog.zeit.de\/radikale-ansichten\/wp-json\/wp\/v2\/categories?post=1207"},{"taxonomy":"post_tag","embeddable":true,"href":"https:\/\/blog.zeit.de\/radikale-ansichten\/wp-json\/wp\/v2\/tags?post=1207"}],"curies":[{"name":"wp","href":"https:\/\/api.w.org\/{rel}","templated":true}]}}