{"id":1282,"date":"2016-07-26T10:38:54","date_gmt":"2016-07-26T08:38:54","guid":{"rendered":"http:\/\/blog.zeit.de\/radikale-ansichten\/?p=1282"},"modified":"2016-07-26T11:04:30","modified_gmt":"2016-07-26T09:04:30","slug":"is-verkauft-den-anschlag-von-ansbach-als-rache","status":"publish","type":"post","link":"https:\/\/blog.zeit.de\/radikale-ansichten\/2016\/07\/26\/is-verkauft-den-anschlag-von-ansbach-als-rache\/","title":{"rendered":"IS will den Anschlag von Ansbach als Vergeltungsakt verkaufen"},"content":{"rendered":"<p>Um 23 Uhr 47\u00a0am Montagabend hat Amaq, eine dschihadistische Propagandastelle, die offensichtlich enge Beziehung zur Terrorgruppe &#8222;Islamischer Staat&#8220; (IS) unterh\u00e4lt, ein Video ver\u00f6ffentlicht, das den Attent\u00e4ter von Ansbach zeigen soll. Die Authentizit\u00e4t kann ich nicht\u00a0best\u00e4tigen. Zum einen, weil der Mann in dem Video vermummt ist. Zum anderen, weil ich keine Vergleichsbilder und auch keine anderen Tonaufnahmen von ihm habe. Ich vermute aber, dass er es ist, denn auch nach dem Anschlag von W\u00fcrzburg ver\u00f6ffentlichte Amaq ein \u00e4hnliches Video des Attent\u00e4ters, dessen Echtheit von den Ermittlern kurze Zeit sp\u00e4ter best\u00e4tigt wurde.<\/p>\n<p>Das Video ist nicht sehr lang und auch nicht spektakul\u00e4r;\u00a0der Attent\u00e4ter spricht zun\u00e4chst einen Treueeid auf Abu Bakr al-Baghdadi, den selbsternannten &#8222;Kalifen&#8220; des IS. (W\u00f6rtlich sagt er: &#8222;erneuern&#8220;; ob das auf eine schon l\u00e4nger zur\u00fcckreichende Beziehung zum IS hindeuten, ist jedoch\u00a0unklar.) Sodann identifiziert er Deutschland als Mitglied der internationalen Anti-IS-Koalition, der er vorwirft, &#8222;M\u00e4nner, Frauen und Kinder&#8220; zu t\u00f6ten. Dann k\u00fcndigt er an, dass er einen Anschlag begehen wird.<\/p>\n<p>Wenn sich das Video als authentisch herausstellen sollte, lautet die n\u00e4chste Frage: Wie gelangte es an Amaq? Eine Frage, auf die wir auch im Falle des W\u00fcrzburger Attent\u00e4ters noch keine Antwort haben. Diese Frage ist deshalb bedeutsam, weil sie einen Hinweis darauf geben\u00a0k\u00f6nnte, ob\u00a0die beiden Attent\u00e4ter zuvor Kontakt zum IS aufgenommen hatten. Wir kennen andere F\u00e4lle, in denen T\u00e4ter im Namen des IS zur Tat schritten, ohne zuvor eine Beziehung hergestellt zu haben. Der Angriff von Orlando zum Beispiel. Wenn es aber eine Beziehung gab, stellt sich gleich die n\u00e4chste Frage: War der Anschlag von Ansbach (und der von W\u00fcrzburg) auch vom IS angeleitet? Oder haben die T\u00e4ter auf eigene Faust ihren Plan entwickelt und ihre Videos lediglich zum Zwecke der Benennung an die Dschihadisten versendet? Die Antworten auf diese Fragen w\u00fcrden helfen, die Vorgehensweise des IS besser zu verstehen.<\/p>\n<p>Ich erspare mir, weitere Einzelheiten oder Eindr\u00fccke aus dem Video wiederzugeben, die keinen nachrichtlichen oder analytischen Wert haben; es\u00a0handelt sich schlie\u00dflich um Propaganda des IS.<\/p>\n","protected":false},"excerpt":{"rendered":"<p>Um 23 Uhr 47\u00a0am Montagabend hat Amaq, eine dschihadistische Propagandastelle, die offensichtlich enge Beziehung zur Terrorgruppe &#8222;Islamischer Staat&#8220; (IS) unterh\u00e4lt, ein Video ver\u00f6ffentlicht, das den Attent\u00e4ter von Ansbach zeigen soll. Die Authentizit\u00e4t kann ich nicht\u00a0best\u00e4tigen. Zum einen, weil der Mann in dem Video vermummt ist. Zum anderen, weil ich keine Vergleichsbilder und auch keine anderen [&hellip;]<\/p>\n","protected":false},"author":407,"featured_media":1292,"comment_status":"open","ping_status":"open","sticky":false,"template":"","format":"standard","meta":{"_jetpack_memberships_contains_paid_content":false,"footnotes":""},"categories":[24009,82,27792,27793,27787,15398],"tags":[],"class_list":["post-1282","post","type-post","status-publish","format-standard","has-post-thumbnail","hentry","category-islamischer-staat","category-internet","category-isis-2","category-kalifat","category-sicherheitsbehorden","category-terrorismus"],"yoast_head":"<!-- This site is optimized with the Yoast SEO plugin v21.0 - https:\/\/yoast.com\/wordpress\/plugins\/seo\/ -->\n<title>IS will den Anschlag von Ansbach als Vergeltungsakt verkaufen - Radikale Ansichten<\/title>\n<meta name=\"robots\" content=\"index, follow, max-snippet:-1, max-image-preview:large, max-video-preview:-1\" \/>\n<link rel=\"canonical\" href=\"https:\/\/blog.zeit.de\/radikale-ansichten\/2016\/07\/26\/is-verkauft-den-anschlag-von-ansbach-als-rache\/\" \/>\n<meta property=\"og:locale\" content=\"de_DE\" \/>\n<meta property=\"og:type\" content=\"article\" \/>\n<meta property=\"og:title\" content=\"IS will den Anschlag von Ansbach als Vergeltungsakt verkaufen - Radikale Ansichten\" \/>\n<meta property=\"og:description\" content=\"Um 23 Uhr 47\u00a0am Montagabend hat Amaq, eine dschihadistische Propagandastelle, die offensichtlich enge Beziehung zur Terrorgruppe &#8222;Islamischer Staat&#8220; (IS) unterh\u00e4lt, ein Video ver\u00f6ffentlicht, das den Attent\u00e4ter von Ansbach zeigen soll. Die Authentizit\u00e4t kann ich nicht\u00a0best\u00e4tigen. Zum einen, weil der Mann in dem Video vermummt ist. Zum anderen, weil ich keine Vergleichsbilder und auch keine anderen [&hellip;]\" \/>\n<meta property=\"og:url\" content=\"https:\/\/blog.zeit.de\/radikale-ansichten\/2016\/07\/26\/is-verkauft-den-anschlag-von-ansbach-als-rache\/\" \/>\n<meta property=\"og:site_name\" content=\"Radikale Ansichten\" \/>\n<meta property=\"article:published_time\" content=\"2016-07-26T08:38:54+00:00\" \/>\n<meta property=\"article:modified_time\" content=\"2016-07-26T09:04:30+00:00\" \/>\n<meta property=\"og:image\" content=\"https:\/\/blog.zeit.de\/radikale-ansichten\/files\/2016\/07\/raw.jpg\" \/>\n\t<meta property=\"og:image:width\" content=\"970\" \/>\n\t<meta property=\"og:image:height\" content=\"546\" \/>\n\t<meta property=\"og:image:type\" content=\"image\/jpeg\" \/>\n<meta name=\"author\" content=\"Yassin Musharbash\" \/>\n<meta name=\"twitter:card\" content=\"summary_large_image\" \/>\n<meta name=\"twitter:creator\" content=\"@zeitonline\" \/>\n<meta name=\"twitter:site\" content=\"@zeitonline\" \/>\n<meta name=\"twitter:label1\" content=\"Geschrieben von\" \/>\n\t<meta name=\"twitter:data1\" content=\"Yassin Musharbash\" \/>\n\t<meta name=\"twitter:label2\" content=\"Gesch\u00e4tzte Lesezeit\" \/>\n\t<meta name=\"twitter:data2\" content=\"2\u00a0Minuten\" \/>\n<script type=\"application\/ld+json\" class=\"yoast-schema-graph\">{\"@context\":\"https:\/\/schema.org\",\"@graph\":[{\"@type\":\"WebPage\",\"@id\":\"https:\/\/blog.zeit.de\/radikale-ansichten\/2016\/07\/26\/is-verkauft-den-anschlag-von-ansbach-als-rache\/\",\"url\":\"https:\/\/blog.zeit.de\/radikale-ansichten\/2016\/07\/26\/is-verkauft-den-anschlag-von-ansbach-als-rache\/\",\"name\":\"IS will den Anschlag von Ansbach als Vergeltungsakt verkaufen - Radikale Ansichten\",\"isPartOf\":{\"@id\":\"https:\/\/blog.zeit.de\/radikale-ansichten\/#website\"},\"datePublished\":\"2016-07-26T08:38:54+00:00\",\"dateModified\":\"2016-07-26T09:04:30+00:00\",\"author\":{\"@id\":\"https:\/\/blog.zeit.de\/radikale-ansichten\/#\/schema\/person\/465bac226337a64c313a8af277552d9f\"},\"breadcrumb\":{\"@id\":\"https:\/\/blog.zeit.de\/radikale-ansichten\/2016\/07\/26\/is-verkauft-den-anschlag-von-ansbach-als-rache\/#breadcrumb\"},\"inLanguage\":\"de\",\"potentialAction\":[{\"@type\":\"ReadAction\",\"target\":[\"https:\/\/blog.zeit.de\/radikale-ansichten\/2016\/07\/26\/is-verkauft-den-anschlag-von-ansbach-als-rache\/\"]}]},{\"@type\":\"BreadcrumbList\",\"@id\":\"https:\/\/blog.zeit.de\/radikale-ansichten\/2016\/07\/26\/is-verkauft-den-anschlag-von-ansbach-als-rache\/#breadcrumb\",\"itemListElement\":[{\"@type\":\"ListItem\",\"position\":1,\"name\":\"Startseite\",\"item\":\"https:\/\/blog.zeit.de\/radikale-ansichten\/\"},{\"@type\":\"ListItem\",\"position\":2,\"name\":\"IS will den Anschlag von Ansbach als Vergeltungsakt verkaufen\"}]},{\"@type\":\"WebSite\",\"@id\":\"https:\/\/blog.zeit.de\/radikale-ansichten\/#website\",\"url\":\"https:\/\/blog.zeit.de\/radikale-ansichten\/\",\"name\":\"Radikale Ansichten\",\"description\":\"Ein Blog \u00fcber Islamismus und Islamophobie, Nahost und Neuk\u00f6lln, virtuell und analog\",\"potentialAction\":[{\"@type\":\"SearchAction\",\"target\":{\"@type\":\"EntryPoint\",\"urlTemplate\":\"https:\/\/blog.zeit.de\/radikale-ansichten\/?s={search_term_string}\"},\"query-input\":\"required name=search_term_string\"}],\"inLanguage\":\"de\"},{\"@type\":\"Person\",\"@id\":\"https:\/\/blog.zeit.de\/radikale-ansichten\/#\/schema\/person\/465bac226337a64c313a8af277552d9f\",\"name\":\"Yassin Musharbash\",\"image\":{\"@type\":\"ImageObject\",\"inLanguage\":\"de\",\"@id\":\"https:\/\/blog.zeit.de\/radikale-ansichten\/#\/schema\/person\/image\/\",\"url\":\"https:\/\/secure.gravatar.com\/avatar\/f6f234e277517dab0b4477c53078db345a367d24aeb82125991d0839d0bde91e?s=96&d=mm&r=g\",\"contentUrl\":\"https:\/\/secure.gravatar.com\/avatar\/f6f234e277517dab0b4477c53078db345a367d24aeb82125991d0839d0bde91e?s=96&d=mm&r=g\",\"caption\":\"Yassin Musharbash\"},\"url\":\"https:\/\/blog.zeit.de\/radikale-ansichten\/author\/ymusharbash\/\"}]}<\/script>\n<!-- \/ Yoast SEO plugin. -->","yoast_head_json":{"title":"IS will den Anschlag von Ansbach als Vergeltungsakt verkaufen - Radikale Ansichten","robots":{"index":"index","follow":"follow","max-snippet":"max-snippet:-1","max-image-preview":"max-image-preview:large","max-video-preview":"max-video-preview:-1"},"canonical":"https:\/\/blog.zeit.de\/radikale-ansichten\/2016\/07\/26\/is-verkauft-den-anschlag-von-ansbach-als-rache\/","og_locale":"de_DE","og_type":"article","og_title":"IS will den Anschlag von Ansbach als Vergeltungsakt verkaufen - Radikale Ansichten","og_description":"Um 23 Uhr 47\u00a0am Montagabend hat Amaq, eine dschihadistische Propagandastelle, die offensichtlich enge Beziehung zur Terrorgruppe &#8222;Islamischer Staat&#8220; (IS) unterh\u00e4lt, ein Video ver\u00f6ffentlicht, das den Attent\u00e4ter von Ansbach zeigen soll. Die Authentizit\u00e4t kann ich nicht\u00a0best\u00e4tigen. Zum einen, weil der Mann in dem Video vermummt ist. Zum anderen, weil ich keine Vergleichsbilder und auch keine anderen [&hellip;]","og_url":"https:\/\/blog.zeit.de\/radikale-ansichten\/2016\/07\/26\/is-verkauft-den-anschlag-von-ansbach-als-rache\/","og_site_name":"Radikale Ansichten","article_published_time":"2016-07-26T08:38:54+00:00","article_modified_time":"2016-07-26T09:04:30+00:00","og_image":[{"width":970,"height":546,"url":"https:\/\/blog.zeit.de\/radikale-ansichten\/files\/2016\/07\/raw.jpg","type":"image\/jpeg"}],"author":"Yassin Musharbash","twitter_card":"summary_large_image","twitter_creator":"@zeitonline","twitter_site":"@zeitonline","twitter_misc":{"Geschrieben von":"Yassin Musharbash","Gesch\u00e4tzte Lesezeit":"2\u00a0Minuten"},"schema":{"@context":"https:\/\/schema.org","@graph":[{"@type":"WebPage","@id":"https:\/\/blog.zeit.de\/radikale-ansichten\/2016\/07\/26\/is-verkauft-den-anschlag-von-ansbach-als-rache\/","url":"https:\/\/blog.zeit.de\/radikale-ansichten\/2016\/07\/26\/is-verkauft-den-anschlag-von-ansbach-als-rache\/","name":"IS will den Anschlag von Ansbach als Vergeltungsakt verkaufen - Radikale Ansichten","isPartOf":{"@id":"https:\/\/blog.zeit.de\/radikale-ansichten\/#website"},"datePublished":"2016-07-26T08:38:54+00:00","dateModified":"2016-07-26T09:04:30+00:00","author":{"@id":"https:\/\/blog.zeit.de\/radikale-ansichten\/#\/schema\/person\/465bac226337a64c313a8af277552d9f"},"breadcrumb":{"@id":"https:\/\/blog.zeit.de\/radikale-ansichten\/2016\/07\/26\/is-verkauft-den-anschlag-von-ansbach-als-rache\/#breadcrumb"},"inLanguage":"de","potentialAction":[{"@type":"ReadAction","target":["https:\/\/blog.zeit.de\/radikale-ansichten\/2016\/07\/26\/is-verkauft-den-anschlag-von-ansbach-als-rache\/"]}]},{"@type":"BreadcrumbList","@id":"https:\/\/blog.zeit.de\/radikale-ansichten\/2016\/07\/26\/is-verkauft-den-anschlag-von-ansbach-als-rache\/#breadcrumb","itemListElement":[{"@type":"ListItem","position":1,"name":"Startseite","item":"https:\/\/blog.zeit.de\/radikale-ansichten\/"},{"@type":"ListItem","position":2,"name":"IS will den Anschlag von Ansbach als Vergeltungsakt verkaufen"}]},{"@type":"WebSite","@id":"https:\/\/blog.zeit.de\/radikale-ansichten\/#website","url":"https:\/\/blog.zeit.de\/radikale-ansichten\/","name":"Radikale Ansichten","description":"Ein Blog \u00fcber Islamismus und Islamophobie, Nahost und Neuk\u00f6lln, virtuell und analog","potentialAction":[{"@type":"SearchAction","target":{"@type":"EntryPoint","urlTemplate":"https:\/\/blog.zeit.de\/radikale-ansichten\/?s={search_term_string}"},"query-input":"required name=search_term_string"}],"inLanguage":"de"},{"@type":"Person","@id":"https:\/\/blog.zeit.de\/radikale-ansichten\/#\/schema\/person\/465bac226337a64c313a8af277552d9f","name":"Yassin Musharbash","image":{"@type":"ImageObject","inLanguage":"de","@id":"https:\/\/blog.zeit.de\/radikale-ansichten\/#\/schema\/person\/image\/","url":"https:\/\/secure.gravatar.com\/avatar\/f6f234e277517dab0b4477c53078db345a367d24aeb82125991d0839d0bde91e?s=96&d=mm&r=g","contentUrl":"https:\/\/secure.gravatar.com\/avatar\/f6f234e277517dab0b4477c53078db345a367d24aeb82125991d0839d0bde91e?s=96&d=mm&r=g","caption":"Yassin Musharbash"},"url":"https:\/\/blog.zeit.de\/radikale-ansichten\/author\/ymusharbash\/"}]}},"jetpack_featured_media_url":"https:\/\/blog.zeit.de\/radikale-ansichten\/files\/2016\/07\/raw.jpg","jetpack_sharing_enabled":true,"_links":{"self":[{"href":"https:\/\/blog.zeit.de\/radikale-ansichten\/wp-json\/wp\/v2\/posts\/1282","targetHints":{"allow":["GET"]}}],"collection":[{"href":"https:\/\/blog.zeit.de\/radikale-ansichten\/wp-json\/wp\/v2\/posts"}],"about":[{"href":"https:\/\/blog.zeit.de\/radikale-ansichten\/wp-json\/wp\/v2\/types\/post"}],"author":[{"embeddable":true,"href":"https:\/\/blog.zeit.de\/radikale-ansichten\/wp-json\/wp\/v2\/users\/407"}],"replies":[{"embeddable":true,"href":"https:\/\/blog.zeit.de\/radikale-ansichten\/wp-json\/wp\/v2\/comments?post=1282"}],"version-history":[{"count":8,"href":"https:\/\/blog.zeit.de\/radikale-ansichten\/wp-json\/wp\/v2\/posts\/1282\/revisions"}],"predecessor-version":[{"id":1291,"href":"https:\/\/blog.zeit.de\/radikale-ansichten\/wp-json\/wp\/v2\/posts\/1282\/revisions\/1291"}],"wp:featuredmedia":[{"embeddable":true,"href":"https:\/\/blog.zeit.de\/radikale-ansichten\/wp-json\/wp\/v2\/media\/1292"}],"wp:attachment":[{"href":"https:\/\/blog.zeit.de\/radikale-ansichten\/wp-json\/wp\/v2\/media?parent=1282"}],"wp:term":[{"taxonomy":"category","embeddable":true,"href":"https:\/\/blog.zeit.de\/radikale-ansichten\/wp-json\/wp\/v2\/categories?post=1282"},{"taxonomy":"post_tag","embeddable":true,"href":"https:\/\/blog.zeit.de\/radikale-ansichten\/wp-json\/wp\/v2\/tags?post=1282"}],"curies":[{"name":"wp","href":"https:\/\/api.w.org\/{rel}","templated":true}]}}