{"id":392,"date":"2014-01-23T11:38:40","date_gmt":"2014-01-23T10:38:40","guid":{"rendered":"http:\/\/blog.zeit.de\/radikale-ansichten\/?p=392"},"modified":"2014-01-23T12:10:02","modified_gmt":"2014-01-23T11:10:02","slug":"al-kaida-will-ende-der-kampfe-zwischen-dschihadisten-in-syrien","status":"publish","type":"post","link":"https:\/\/blog.zeit.de\/radikale-ansichten\/2014\/01\/23\/al-kaida-will-ende-der-kampfe-zwischen-dschihadisten-in-syrien\/","title":{"rendered":"Al-Kaida will Ende der K\u00e4mpfe zwischen Dschihadisten in Syrien"},"content":{"rendered":"<p>Zum ersten Mal hat sich heute Al-Kaidas Chef Aiman al-Sawahiri zu den K\u00e4mpfen zwischen islamistischen und dschihadistischen Gruppen in Syrien ge\u00e4u\u00dfert. Seine kurze Ansprache wurde offenbar via YouTube ver\u00f6ffentlicht, was ungew\u00f6hnlich ist; aber die einschl\u00e4gigen und von Al-Kaida seit Jahren zu diesem Zweck genutzten Internetforen sind derzeit nicht stabil und haben technische Schwierigkeiten. Authentisch ist die Publikation vermutlich trotzdem. Der Inhalt und Sawahiris ziemlich unverkennbare Stimme sprechen daf\u00fcr, dar\u00fcber hinaus aber auch der Umstand, dass Dschihadisten die Rede f\u00fcr echt halten.<\/p>\n<p>Sawahiri versucht mit seiner Rede, seinen Anspruch als Spiritus Rector der globalen dschihadistischen Bewegung zu festigen. Er fordert, dass die islamistischen und dschihadistischen Gruppen in Syrien ihren vor einigen Wochen ausgebrochenen Bruderkrieg einstellen. Er mache keinen Unterschied zwischen Gruppierungen, sagt Sawahiri, wichtig seien die Ideologie, das Verhalten jedes Einzelnen und die gemeinsamen Ziele. Die Einheit der Bewegung sei bedeutender als Parteiungen, er betrachte alle &#8222;Mudschahidin&#8220;, also Gotteskrieger, &#8222;als Br\u00fcder&#8220;; nicht zul\u00e4ssig sei es allerdings, sich gegenseitig zu Ungl\u00e4ubigen zu erkl\u00e4ren, was in Syrien auch schon vorgekommen ist.<\/p>\n<p>In Syrien besteht die aus Sawahiris Sicht paradoxe Situation, dass gleich zwei Al-Kaida-verbundene Gruppen existieren, die einander auch noch teilweise bekriegen. Da ist einmal Dschabhat al-Nusra, ein syrisch dominierter Dschihadisten-Verbund, der Sawahiri und der Al-Kaida-Zentrale seiner Loyalit\u00e4t versichert hat; und da ist Isis, der &#8222;Islamische Staat in Irak und Gro\u00dfsyrien&#8220;, im Grunde eine Ausweitung der Irak-Filiale Al-Kaidas, die deren Anf\u00fchrer Abu Bakr al-Baghdadi die Treue geschworen hat \u2013 und zwar in Abgrenzung zu Sawahiri. Derzeit k\u00e4mpfen verschiedene weitere islamistische Rebellengruppen gegen Isis, und auch Dschabhat al-Nusra ist in diese K\u00e4mpfe schon einbezogen worden. F\u00fcr Sawahiri ist das alarmierend, er macht sich Sorgen, dass Al-Kaida sich selbst erledigt.<\/p>\n<p>Auch deshalb nun der Ruf zur &#8222;Einheit&#8220; und die Betonung der gemeinsamen Ziele und Feinde. Selten zuvor hat Sawahiri in einer Ansprache so viel von der Notwendigkeit gesprochen, eine &#8222;islamische Herrschaft&#8220; zu errichten; er vermutet hinter dem Gedanken, die Gotteskrieger k\u00f6nnten in Syrien gebietsweise regieren, offenbar ein vereinigendes Element. Als Gegner benennt er das Regime des syrischen Diktators Baschar al-Assad, die Kreuzfahrer, die Russen (die Assad unterst\u00fctzen), aber auch China und die Schiiten (auch der Iran unterst\u00fctzt das syrische Regime).<\/p>\n<p>Ob al-Sawahiris Rede auf fruchtbaren Boden f\u00e4llt, ist ungewiss. Viel Autorit\u00e4t wird ihm nicht mehr zugetraut, seit Isis Al-Kaida de facto gespalten hat. Isis-Kader werden die Rede zur Kenntnis nehmen, aber nicht f\u00fcr verbindlich erachten.<\/p>\n<p>Ohnehin ist die Lage in Syrien an den vielen Fronten verwirrend &#8211; nicht nur f\u00fcr Au\u00dfenstehende, sondern anscheinend auch f\u00fcr Beteiligte, wovon irritierte und verwirrte Twitter-Nachrichten von einzelnen Gotteskriegern zeugen, die teils offenbar nicht mehr sicher sind, warum sie nun gegen wen genau k\u00e4mpfen sollen. B\u00fcndnisse verschiedener Gruppen werden geschmiedet und zerfallen wieder, lokale Anf\u00fchrer vereinigen Autorit\u00e4t auf sich und werden im n\u00e4chsten Moment get\u00f6tet. Sicher scheint, dass Isis in diesen Auseinandersetzungen an Boden verloren hat, aber das muss nicht dauerhaft oder gar endg\u00fcltig sein.<\/p>\n<p>In der vergangenen Woche gab es (unbest\u00e4tigte, aber nicht unwahrscheinliche) Berichte \u00fcber einen auf dschihadistischen Websites ver\u00f6ffentlichten Brief, den ein von al-Sawahiri benannter Unterh\u00e4ndler an Isis-Kader gerichtet hatte. Dieses Schreiben hatte demnach eine \u00e4hnliche Sto\u00dfrichtung und bezeichnete Isis-Praktiken als &#8222;inkorrekt&#8220;; das d\u00fcrfte vor allem auf zwei Praktiken gem\u00fcnzt gewesen sein, die Anfang des Jahres auch zum Ausbruch des Bruderkampfes im Rebellenlager gef\u00fchrt hatten: Isis ging selbst anderen Dschihadisten zu brutal gegen Zivilisten vor; au\u00dferdem griffen Isis-K\u00e4mpfer h\u00e4ufig F\u00fchrer anderer Gruppen an, was die Frage aufwarf, ob Isis eigentlich alle anderen Gruppen als feindlich ansieht.<\/p>\n<p>Al-Kaidas Zentrale erlebt in Syrien in gewisser Weise ein D\u00e9j\u00e0-vu, allerdings um einige Potenzen problematischer. Aber schon 2005\/2006 im Irak war die dortige Filiale mit ihren brutalen Angriffen auf Schiiten aus Sicht der Zentrale aus dem Ruder gelaufen. Was Isis heute in Syrien treibt, ist die Fortsetzung dieser Schule. Nur dass Isis diesmal offensichtlich keine Angst hat, es sich mit der zentralen F\u00fchrung zu verderben. Sie betrachtet das dschihadistische Projekt im Nahen Osten als das derzeit wichtigste und die eigene Rolle dabei als die bedeutendste.<\/p>\n<p>Dass Al-Sawahiri in besonderer Weise auf das Thema islamische Regierung eingeht, hat derweil damit zu tun, dass genau das in Teilen bereits Realit\u00e4t ist: In mehreren St\u00e4dten und D\u00f6rfern herrschen de facto dschihadistische Gruppen. Isis und Dschabhat al-Nusra haben bereits vereinzelt Schulen gegr\u00fcndet und Scharia-Gerichtsh\u00f6fe eingerichtet. Sogar Nummernschilder stellt Isis aus. Das mag grotesk wirken, hat aber den Hintergrund, dass in der dschihadistischen Ideologie selbst die nominelle Herrschaft eines Ungl\u00e4ubigen nach M\u00f6glichkeit vermieden werden muss &#8211; und das geht am besten, in dem man eigene Herrschaftsgebilde ausruft.<\/p>\n<p>Mittelfristig k\u00f6nnte der Konflikt innerhalb Al-Kaidas und der dschihadistischen Bewegung tats\u00e4chlich dazu f\u00fchren, dass die Organisation, die Osama Bin Laden einst gr\u00fcndete, ihr Gesicht komplett ver\u00e4ndert &#8211; die Zentrale am Hindukusch verf\u00fcgt kaum \u00fcber eigene K\u00e4mpfer und Ressourcen und hat wegen der US-Drohnen fast keine Bewegungsfreiheit. Die Filialen im Irak, in Nordafrika und auf der Arabischen Halbinsel haben daher an Gewicht gewonnen, sind aber miteinander nur lose verbunden und verfolgen eigene Ziele. Hinzugekommen sind zudem eine ganze Reihe wiederum mit den einzelnen Filialen lose verbundenen lokalen Dschihadisten-Gruppen wie Ansar al-Sharia in Libyen oder einzelne Gruppierungen auf der \u00e4gyptischen Sinai-Halbinsel. Das alles d\u00fcrfte dazu f\u00fchren, dass es eine einzelne, ma\u00dfgebliche und koh\u00e4rente Al-Kaida-Strategie, die in Pakistan definiert wird, immer weniger wahrscheinlich wird. Die neuen Aktionsfelder, die sich Dschihadisten in den Unruhestaaten der arabischen Welt nach den Rebellionen dort ge\u00f6ffnet haben, sind dabei, Al-Kaidas Gesicht zu ver\u00e4ndern. Wom\u00f6glich dauerhaft und irreversibel.<\/p>\n","protected":false},"excerpt":{"rendered":"<p>Zum ersten Mal hat sich heute Al-Kaidas Chef Aiman al-Sawahiri zu den K\u00e4mpfen zwischen islamistischen und dschihadistischen Gruppen in Syrien ge\u00e4u\u00dfert. Seine kurze Ansprache wurde offenbar via YouTube ver\u00f6ffentlicht, was ungew\u00f6hnlich ist; aber die einschl\u00e4gigen und von Al-Kaida seit Jahren zu diesem Zweck genutzten Internetforen sind derzeit nicht stabil und haben technische Schwierigkeiten. Authentisch ist [&hellip;]<\/p>\n","protected":false},"author":407,"featured_media":0,"comment_status":"open","ping_status":"open","sticky":false,"template":"","format":"standard","meta":{"_jetpack_memberships_contains_paid_content":false,"footnotes":""},"categories":[12162,16,35366],"tags":[35368,27783,27779,27784,15706,9841],"class_list":["post-392","post","type-post","status-publish","format-standard","hentry","category-al-kaida","category-allgemein","category-syrien","tag-al-kaida","tag-al-sawahiri","tag-dschihad","tag-isis","tag-islamisten","tag-syrien"],"yoast_head":"<!-- This site is optimized with the Yoast SEO plugin v21.0 - https:\/\/yoast.com\/wordpress\/plugins\/seo\/ -->\n<title>Al-Kaida will Ende der K\u00e4mpfe zwischen Dschihadisten in Syrien  - Radikale Ansichten<\/title>\n<meta name=\"robots\" content=\"index, follow, max-snippet:-1, max-image-preview:large, max-video-preview:-1\" \/>\n<link rel=\"canonical\" href=\"https:\/\/blog.zeit.de\/radikale-ansichten\/2014\/01\/23\/al-kaida-will-ende-der-kampfe-zwischen-dschihadisten-in-syrien\/\" \/>\n<meta property=\"og:locale\" content=\"de_DE\" \/>\n<meta property=\"og:type\" content=\"article\" \/>\n<meta property=\"og:title\" content=\"Al-Kaida will Ende der K\u00e4mpfe zwischen Dschihadisten in Syrien  - Radikale Ansichten\" \/>\n<meta property=\"og:description\" content=\"Zum ersten Mal hat sich heute Al-Kaidas Chef Aiman al-Sawahiri zu den K\u00e4mpfen zwischen islamistischen und dschihadistischen Gruppen in Syrien ge\u00e4u\u00dfert. Seine kurze Ansprache wurde offenbar via YouTube ver\u00f6ffentlicht, was ungew\u00f6hnlich ist; aber die einschl\u00e4gigen und von Al-Kaida seit Jahren zu diesem Zweck genutzten Internetforen sind derzeit nicht stabil und haben technische Schwierigkeiten. Authentisch ist [&hellip;]\" \/>\n<meta property=\"og:url\" content=\"https:\/\/blog.zeit.de\/radikale-ansichten\/2014\/01\/23\/al-kaida-will-ende-der-kampfe-zwischen-dschihadisten-in-syrien\/\" \/>\n<meta property=\"og:site_name\" content=\"Radikale Ansichten\" \/>\n<meta property=\"article:published_time\" content=\"2014-01-23T10:38:40+00:00\" \/>\n<meta property=\"article:modified_time\" content=\"2014-01-23T11:10:02+00:00\" \/>\n<meta name=\"author\" content=\"Yassin Musharbash\" \/>\n<meta name=\"twitter:card\" content=\"summary_large_image\" \/>\n<meta name=\"twitter:creator\" content=\"@zeitonline\" \/>\n<meta name=\"twitter:site\" content=\"@zeitonline\" \/>\n<meta name=\"twitter:label1\" content=\"Geschrieben von\" \/>\n\t<meta name=\"twitter:data1\" content=\"Yassin Musharbash\" \/>\n\t<meta name=\"twitter:label2\" content=\"Gesch\u00e4tzte Lesezeit\" \/>\n\t<meta name=\"twitter:data2\" content=\"5\u00a0Minuten\" \/>\n<script type=\"application\/ld+json\" class=\"yoast-schema-graph\">{\"@context\":\"https:\/\/schema.org\",\"@graph\":[{\"@type\":\"WebPage\",\"@id\":\"https:\/\/blog.zeit.de\/radikale-ansichten\/2014\/01\/23\/al-kaida-will-ende-der-kampfe-zwischen-dschihadisten-in-syrien\/\",\"url\":\"https:\/\/blog.zeit.de\/radikale-ansichten\/2014\/01\/23\/al-kaida-will-ende-der-kampfe-zwischen-dschihadisten-in-syrien\/\",\"name\":\"Al-Kaida will Ende der K\u00e4mpfe zwischen Dschihadisten in Syrien - Radikale Ansichten\",\"isPartOf\":{\"@id\":\"https:\/\/blog.zeit.de\/radikale-ansichten\/#website\"},\"datePublished\":\"2014-01-23T10:38:40+00:00\",\"dateModified\":\"2014-01-23T11:10:02+00:00\",\"author\":{\"@id\":\"https:\/\/blog.zeit.de\/radikale-ansichten\/#\/schema\/person\/465bac226337a64c313a8af277552d9f\"},\"breadcrumb\":{\"@id\":\"https:\/\/blog.zeit.de\/radikale-ansichten\/2014\/01\/23\/al-kaida-will-ende-der-kampfe-zwischen-dschihadisten-in-syrien\/#breadcrumb\"},\"inLanguage\":\"de\",\"potentialAction\":[{\"@type\":\"ReadAction\",\"target\":[\"https:\/\/blog.zeit.de\/radikale-ansichten\/2014\/01\/23\/al-kaida-will-ende-der-kampfe-zwischen-dschihadisten-in-syrien\/\"]}]},{\"@type\":\"BreadcrumbList\",\"@id\":\"https:\/\/blog.zeit.de\/radikale-ansichten\/2014\/01\/23\/al-kaida-will-ende-der-kampfe-zwischen-dschihadisten-in-syrien\/#breadcrumb\",\"itemListElement\":[{\"@type\":\"ListItem\",\"position\":1,\"name\":\"Startseite\",\"item\":\"https:\/\/blog.zeit.de\/radikale-ansichten\/\"},{\"@type\":\"ListItem\",\"position\":2,\"name\":\"Al-Kaida will Ende der K\u00e4mpfe zwischen Dschihadisten in Syrien\"}]},{\"@type\":\"WebSite\",\"@id\":\"https:\/\/blog.zeit.de\/radikale-ansichten\/#website\",\"url\":\"https:\/\/blog.zeit.de\/radikale-ansichten\/\",\"name\":\"Radikale Ansichten\",\"description\":\"Ein Blog \u00fcber Islamismus und Islamophobie, Nahost und Neuk\u00f6lln, virtuell und analog\",\"potentialAction\":[{\"@type\":\"SearchAction\",\"target\":{\"@type\":\"EntryPoint\",\"urlTemplate\":\"https:\/\/blog.zeit.de\/radikale-ansichten\/?s={search_term_string}\"},\"query-input\":\"required name=search_term_string\"}],\"inLanguage\":\"de\"},{\"@type\":\"Person\",\"@id\":\"https:\/\/blog.zeit.de\/radikale-ansichten\/#\/schema\/person\/465bac226337a64c313a8af277552d9f\",\"name\":\"Yassin Musharbash\",\"image\":{\"@type\":\"ImageObject\",\"inLanguage\":\"de\",\"@id\":\"https:\/\/blog.zeit.de\/radikale-ansichten\/#\/schema\/person\/image\/\",\"url\":\"https:\/\/secure.gravatar.com\/avatar\/f6f234e277517dab0b4477c53078db345a367d24aeb82125991d0839d0bde91e?s=96&d=mm&r=g\",\"contentUrl\":\"https:\/\/secure.gravatar.com\/avatar\/f6f234e277517dab0b4477c53078db345a367d24aeb82125991d0839d0bde91e?s=96&d=mm&r=g\",\"caption\":\"Yassin Musharbash\"},\"url\":\"https:\/\/blog.zeit.de\/radikale-ansichten\/author\/ymusharbash\/\"}]}<\/script>\n<!-- \/ Yoast SEO plugin. -->","yoast_head_json":{"title":"Al-Kaida will Ende der K\u00e4mpfe zwischen Dschihadisten in Syrien  - Radikale Ansichten","robots":{"index":"index","follow":"follow","max-snippet":"max-snippet:-1","max-image-preview":"max-image-preview:large","max-video-preview":"max-video-preview:-1"},"canonical":"https:\/\/blog.zeit.de\/radikale-ansichten\/2014\/01\/23\/al-kaida-will-ende-der-kampfe-zwischen-dschihadisten-in-syrien\/","og_locale":"de_DE","og_type":"article","og_title":"Al-Kaida will Ende der K\u00e4mpfe zwischen Dschihadisten in Syrien  - Radikale Ansichten","og_description":"Zum ersten Mal hat sich heute Al-Kaidas Chef Aiman al-Sawahiri zu den K\u00e4mpfen zwischen islamistischen und dschihadistischen Gruppen in Syrien ge\u00e4u\u00dfert. Seine kurze Ansprache wurde offenbar via YouTube ver\u00f6ffentlicht, was ungew\u00f6hnlich ist; aber die einschl\u00e4gigen und von Al-Kaida seit Jahren zu diesem Zweck genutzten Internetforen sind derzeit nicht stabil und haben technische Schwierigkeiten. Authentisch ist [&hellip;]","og_url":"https:\/\/blog.zeit.de\/radikale-ansichten\/2014\/01\/23\/al-kaida-will-ende-der-kampfe-zwischen-dschihadisten-in-syrien\/","og_site_name":"Radikale Ansichten","article_published_time":"2014-01-23T10:38:40+00:00","article_modified_time":"2014-01-23T11:10:02+00:00","author":"Yassin Musharbash","twitter_card":"summary_large_image","twitter_creator":"@zeitonline","twitter_site":"@zeitonline","twitter_misc":{"Geschrieben von":"Yassin Musharbash","Gesch\u00e4tzte Lesezeit":"5\u00a0Minuten"},"schema":{"@context":"https:\/\/schema.org","@graph":[{"@type":"WebPage","@id":"https:\/\/blog.zeit.de\/radikale-ansichten\/2014\/01\/23\/al-kaida-will-ende-der-kampfe-zwischen-dschihadisten-in-syrien\/","url":"https:\/\/blog.zeit.de\/radikale-ansichten\/2014\/01\/23\/al-kaida-will-ende-der-kampfe-zwischen-dschihadisten-in-syrien\/","name":"Al-Kaida will Ende der K\u00e4mpfe zwischen Dschihadisten in Syrien - Radikale Ansichten","isPartOf":{"@id":"https:\/\/blog.zeit.de\/radikale-ansichten\/#website"},"datePublished":"2014-01-23T10:38:40+00:00","dateModified":"2014-01-23T11:10:02+00:00","author":{"@id":"https:\/\/blog.zeit.de\/radikale-ansichten\/#\/schema\/person\/465bac226337a64c313a8af277552d9f"},"breadcrumb":{"@id":"https:\/\/blog.zeit.de\/radikale-ansichten\/2014\/01\/23\/al-kaida-will-ende-der-kampfe-zwischen-dschihadisten-in-syrien\/#breadcrumb"},"inLanguage":"de","potentialAction":[{"@type":"ReadAction","target":["https:\/\/blog.zeit.de\/radikale-ansichten\/2014\/01\/23\/al-kaida-will-ende-der-kampfe-zwischen-dschihadisten-in-syrien\/"]}]},{"@type":"BreadcrumbList","@id":"https:\/\/blog.zeit.de\/radikale-ansichten\/2014\/01\/23\/al-kaida-will-ende-der-kampfe-zwischen-dschihadisten-in-syrien\/#breadcrumb","itemListElement":[{"@type":"ListItem","position":1,"name":"Startseite","item":"https:\/\/blog.zeit.de\/radikale-ansichten\/"},{"@type":"ListItem","position":2,"name":"Al-Kaida will Ende der K\u00e4mpfe zwischen Dschihadisten in Syrien"}]},{"@type":"WebSite","@id":"https:\/\/blog.zeit.de\/radikale-ansichten\/#website","url":"https:\/\/blog.zeit.de\/radikale-ansichten\/","name":"Radikale Ansichten","description":"Ein Blog \u00fcber Islamismus und Islamophobie, Nahost und Neuk\u00f6lln, virtuell und analog","potentialAction":[{"@type":"SearchAction","target":{"@type":"EntryPoint","urlTemplate":"https:\/\/blog.zeit.de\/radikale-ansichten\/?s={search_term_string}"},"query-input":"required name=search_term_string"}],"inLanguage":"de"},{"@type":"Person","@id":"https:\/\/blog.zeit.de\/radikale-ansichten\/#\/schema\/person\/465bac226337a64c313a8af277552d9f","name":"Yassin Musharbash","image":{"@type":"ImageObject","inLanguage":"de","@id":"https:\/\/blog.zeit.de\/radikale-ansichten\/#\/schema\/person\/image\/","url":"https:\/\/secure.gravatar.com\/avatar\/f6f234e277517dab0b4477c53078db345a367d24aeb82125991d0839d0bde91e?s=96&d=mm&r=g","contentUrl":"https:\/\/secure.gravatar.com\/avatar\/f6f234e277517dab0b4477c53078db345a367d24aeb82125991d0839d0bde91e?s=96&d=mm&r=g","caption":"Yassin Musharbash"},"url":"https:\/\/blog.zeit.de\/radikale-ansichten\/author\/ymusharbash\/"}]}},"jetpack_featured_media_url":"","jetpack_sharing_enabled":true,"_links":{"self":[{"href":"https:\/\/blog.zeit.de\/radikale-ansichten\/wp-json\/wp\/v2\/posts\/392","targetHints":{"allow":["GET"]}}],"collection":[{"href":"https:\/\/blog.zeit.de\/radikale-ansichten\/wp-json\/wp\/v2\/posts"}],"about":[{"href":"https:\/\/blog.zeit.de\/radikale-ansichten\/wp-json\/wp\/v2\/types\/post"}],"author":[{"embeddable":true,"href":"https:\/\/blog.zeit.de\/radikale-ansichten\/wp-json\/wp\/v2\/users\/407"}],"replies":[{"embeddable":true,"href":"https:\/\/blog.zeit.de\/radikale-ansichten\/wp-json\/wp\/v2\/comments?post=392"}],"version-history":[{"count":8,"href":"https:\/\/blog.zeit.de\/radikale-ansichten\/wp-json\/wp\/v2\/posts\/392\/revisions"}],"predecessor-version":[{"id":401,"href":"https:\/\/blog.zeit.de\/radikale-ansichten\/wp-json\/wp\/v2\/posts\/392\/revisions\/401"}],"wp:attachment":[{"href":"https:\/\/blog.zeit.de\/radikale-ansichten\/wp-json\/wp\/v2\/media?parent=392"}],"wp:term":[{"taxonomy":"category","embeddable":true,"href":"https:\/\/blog.zeit.de\/radikale-ansichten\/wp-json\/wp\/v2\/categories?post=392"},{"taxonomy":"post_tag","embeddable":true,"href":"https:\/\/blog.zeit.de\/radikale-ansichten\/wp-json\/wp\/v2\/tags?post=392"}],"curies":[{"name":"wp","href":"https:\/\/api.w.org\/{rel}","templated":true}]}}