{"id":548,"date":"2014-06-19T11:33:22","date_gmt":"2014-06-19T09:33:22","guid":{"rendered":"http:\/\/blog.zeit.de\/radikale-ansichten\/?p=548"},"modified":"2014-06-19T13:38:53","modified_gmt":"2014-06-19T11:38:53","slug":"die-aktuelle-lage-im-irak-5","status":"publish","type":"post","link":"https:\/\/blog.zeit.de\/radikale-ansichten\/2014\/06\/19\/die-aktuelle-lage-im-irak-5\/","title":{"rendered":"Die aktuelle Lage im Irak (5)"},"content":{"rendered":"<p><em>Vorbemerkung: Dieser Post bildet den Stand von Donnerstag, 19. Juni, 12 Uhr ab.<\/em><\/p>\n<p><strong>Schlacht um Baidschi und andere Scharm\u00fctzel<\/strong><\/p>\n<p>Der Ort, an dem aktuell wohl die wichtigste Auseinandersetzung stattfindet, scheint die Stadt Baidschi mit der dazugeh\u00f6rigen <strong>\u00d6lraffinerie<\/strong> zu sein. Diese Raffinerie ist zentral f\u00fcr den gesamten n\u00f6rdlichen Irak. Die Lage in Baidschi ist allerdings widerspr\u00fcchlich. Sympathisanten des \u201eIslamischen Staates in Irak und Gro\u00dfsyrien&#8220; (Isis) behaupten, dass die schwarze Flagge der Dschihadisten \u00fcber der Raffinerie wehe. Regierungsbeamte lassen hingegen verlauten, das Gel\u00e4nde sei von ihnen gesichert. Andererseits gibt es in Sozialen Netzwerken Fotos, die angeblich brennende Teile der Einrichtung zeigen \u2013 allerdings ist unklar, von wann genau diese Aufnahmen stammen. Medienberichten zufolge haben Anwohner Schusswechsel gemeldet. Nimmt man alles zusammen, kann man mit hinreichender Gewissheit sagen, dass es Gefechte um Baidschi gibt oder zumindest gestern noch gab. Dar\u00fcber hinausgehende Aussagen sind schwierig.<\/p>\n<p>In anderen Teilen des Irak scheint es immer wieder zu Gefechten oder Scharm\u00fctzeln zwischen Regierungssoldaten auf der einen und Isis-K\u00e4mpfern auf der anderen Seite zu kommen; darunter sind viele Mittelst\u00e4dte oder kleinere Orte. F\u00fcr die angek\u00fcndigten <strong>Gro\u00dfoffensiven<\/strong> gegen Bagdad, Nadschaf und Kerbala sehe ich derzeit keine Anzeichen.<\/p>\n<p>Hingegen verdichten sich die Anzeichen, dass Isis punktuell <strong>B\u00fcndnisse mit Gruppen<\/strong> des irakischen Widerstandes eingegangen ist \u2013 dabei handelt es sich vor allem um sunnitisch dominierte Gruppen, die zum Teil von alten Kadern des Saddam-Regimes gef\u00fchrt werden, so etwa die Brigaden der 1920er-Revolution, eine Gruppe, die vor Jahren eine einigerma\u00dfen prominente Rolle im Kampf gegen die US-Besatzung spielte und von Hass auf die schiitisch dominierte Regierung in Bagdad getrieben ist. Diese B\u00fcndnisse sind rein taktischer Natur, inhaltlich und ideologisch passt zu Isis keine dieser Gruppen. Aber Isis verf\u00fcgt nicht \u00fcber gen\u00fcgend K\u00e4mpfer, um die \u00fcberrannten Gebiete zu sichern und gleichzeitig weiter vorzusto\u00dfen. Das d\u00fcrfte der Grund f\u00fcr die Allianzen sein.<\/p>\n<p>Aus Mossul dringen \u2013 vor allem \u00fcber Twitter \u2013 Ger\u00fcchte, denen zu Folge die harsche, islamistisch gepr\u00e4gte <strong>\u201eStadtverordnung\u201c<\/strong>, die Isis vergangene Woche erlassen hat, wieder aufgehoben wurde, angeblich auf Druck der nicht-dschihadistischen B\u00fcndnispartner. Das w\u00e4re interessant, weil ein echter Kompromiss von Isis, der anzeigen w\u00fcrde, wie angewiesen sie darauf sind, Allianzen zu bilden. Leider kann ich aber nicht best\u00e4tigen, dass die Ger\u00fcchte stimmen. Isis selbst hat sich nicht dazu ge\u00e4u\u00dfert. Das wiederum k\u00f6nnte damit zusammenh\u00e4ngen, dass nach wie vor etliche offizielle Isis-Twitter-Accounts suspendiert sind und kein Ersatz etabliert wurde.<\/p>\n<p><strong>Indische Geiseln bei Isis<\/strong><\/p>\n<p>Unterdessen hat Isis mehrere Dutzend <a title=\"Bericht auf The Hindu \" href=\"http:\/\/www.thehindu.com\/news\/national\/missing-nationals-in-mosul-were-kidnapped-india\/article6126697.ece\">Gastarbeiter als Geiseln genommen<\/a>, darunter 40 Inder und mehrere Pakistaner. Schon letzte Woche setzte Isis etliche t\u00fcrkische Arbeiter fest. Bis jetzt hat sich die Gruppe noch nicht dazu ge\u00e4u\u00dfert, ob und in welcher Weise sie die Freilassung an Forderungen kn\u00fcpfen wird.<\/p>\n<p><strong>USA weiten Luftaufkl\u00e4rung aus<\/strong><\/p>\n<p>Die USA lassen <a title=\"Bericht bei CNN\" href=\"http:\/\/edition.cnn.com\/2014\/06\/18\/politics\/us-iraq\/index.html?hpt=hp_t1\">laut CNN<\/a> bereits seit Tagen Aufkl\u00e4rungsdrohnen \u00fcber den Irak fliegen, um sich ein Bild von Isis-Stellungen zu machen. Nun wird das Land auch von bemannten Aufkl\u00e4rungsflugzeugen \u00fcberwacht. US-Pr\u00e4sident Obama hat sich dem Bericht zufolge noch nicht festgelegt, ob und falls ja wie sein Land im Irak milit\u00e4risch eingreifen k\u00f6nnte. Eine Invasion steht au\u00dfer Frage, aber Luftschl\u00e4ge, ob von Kampfjets ausgef\u00fchrt oder mit Hilfe von Flugzeugtr\u00e4gern im Golf, sind denkbar. Die Regierung des Irak hat mittlerweile <a title=\"Bericht bei abc\" href=\"http:\/\/www.abc.net.au\/news\/2014-06-19\/iraq-requests-us-airstrikes-to-fight-isis-insurgency\/5534512\">offiziell um solche Luftschl\u00e4ge gegen Isis gebeten<\/a>.<\/p>\n<p><b>Und sonst?<\/b><\/p>\n<p>Isis in der syrischen Stadt <strong>Raqqa<\/strong> beschwert sich, dass die t\u00fcrkische Regierung ihnen angeblich das Wasser abdreht, in dem sie einen Staudamm entsprechend manipuliert habe.<\/p>\n<p>In sozialen Netzwerken rufen Isis-Sympathisanten dazu auf, sich als Anh\u00e4nger des Netzwerks zu outen und entsprechende<b> Stellungnahmen \u00fcber YouTube <\/b>zu ver\u00f6ffentlichen, das Motto lautet \u201eeine Milliarde Muslime f\u00fcr Isis\u201c. Erste Videos sind schon eingegangen, von \u00c4gyptern, Jordaniern, Indonesiern. Es ist nat\u00fcrlich eine klare PR-Aktion.<\/p>\n<p>In ungenannten Orten in der irakischen Provinz Niniweh haben nach Isis-Angaben mehrere Pro-Isis-Demonstrationen stattgefunden. Entsprechende Bilder ver\u00f6ffentlichte Isis in der Nacht zum Donnerstag. Tats\u00e4chlich zeigen sie gr\u00f6\u00dfere Mengen von Zivilisten, die Isis zu preisen scheinen. Leider gibt es<strong> keine konkreten Ortsangaben<\/strong>, noch l\u00e4sst sich verifizieren, dass die Aufnahmen tats\u00e4chlich aktuell sind. Ich finde das interessant, denn mein Eindruck ist, dass Isis immer verschwommener wird, wenn es um Orte und Zeiten geht \u2013 offensichtlich eine Ma\u00dfnahme, die sicherstellen soll, dass die Gegner nicht allzu genau wissen, wo sich die K\u00e4mpfer gerade aufhalten.<\/p>\n","protected":false},"excerpt":{"rendered":"<p>Vorbemerkung: Dieser Post bildet den Stand von Donnerstag, 19. Juni, 12 Uhr ab. Schlacht um Baidschi und andere Scharm\u00fctzel Der Ort, an dem aktuell wohl die wichtigste Auseinandersetzung stattfindet, scheint die Stadt Baidschi mit der dazugeh\u00f6rigen \u00d6lraffinerie zu sein. Diese Raffinerie ist zentral f\u00fcr den gesamten n\u00f6rdlichen Irak. Die Lage in Baidschi ist allerdings widerspr\u00fcchlich. [&hellip;]<\/p>\n","protected":false},"author":407,"featured_media":0,"comment_status":"open","ping_status":"open","sticky":false,"template":"","format":"standard","meta":{"_jetpack_memberships_contains_paid_content":false,"footnotes":""},"categories":[16,82,27791,27792,27787,1354,35366,15398],"tags":[],"class_list":["post-548","post","type-post","status-publish","format-standard","hentry","category-allgemein","category-internet","category-irak-2","category-isis-2","category-sicherheitsbehorden","category-social-media","category-syrien","category-terrorismus"],"yoast_head":"<!-- This site is optimized with the Yoast SEO plugin v21.0 - https:\/\/yoast.com\/wordpress\/plugins\/seo\/ -->\n<title>Die aktuelle Lage im Irak (5)  - Radikale Ansichten<\/title>\n<meta name=\"robots\" content=\"index, follow, max-snippet:-1, max-image-preview:large, max-video-preview:-1\" \/>\n<link rel=\"canonical\" href=\"https:\/\/blog.zeit.de\/radikale-ansichten\/2014\/06\/19\/die-aktuelle-lage-im-irak-5\/\" \/>\n<meta property=\"og:locale\" content=\"de_DE\" \/>\n<meta property=\"og:type\" content=\"article\" \/>\n<meta property=\"og:title\" content=\"Die aktuelle Lage im Irak (5)  - Radikale Ansichten\" \/>\n<meta property=\"og:description\" content=\"Vorbemerkung: Dieser Post bildet den Stand von Donnerstag, 19. Juni, 12 Uhr ab. Schlacht um Baidschi und andere Scharm\u00fctzel Der Ort, an dem aktuell wohl die wichtigste Auseinandersetzung stattfindet, scheint die Stadt Baidschi mit der dazugeh\u00f6rigen \u00d6lraffinerie zu sein. Diese Raffinerie ist zentral f\u00fcr den gesamten n\u00f6rdlichen Irak. Die Lage in Baidschi ist allerdings widerspr\u00fcchlich. [&hellip;]\" \/>\n<meta property=\"og:url\" content=\"https:\/\/blog.zeit.de\/radikale-ansichten\/2014\/06\/19\/die-aktuelle-lage-im-irak-5\/\" \/>\n<meta property=\"og:site_name\" content=\"Radikale Ansichten\" \/>\n<meta property=\"article:published_time\" content=\"2014-06-19T09:33:22+00:00\" \/>\n<meta property=\"article:modified_time\" content=\"2014-06-19T11:38:53+00:00\" \/>\n<meta name=\"author\" content=\"Yassin Musharbash\" \/>\n<meta name=\"twitter:card\" content=\"summary_large_image\" \/>\n<meta name=\"twitter:creator\" content=\"@zeitonline\" \/>\n<meta name=\"twitter:site\" content=\"@zeitonline\" \/>\n<meta name=\"twitter:label1\" content=\"Geschrieben von\" \/>\n\t<meta name=\"twitter:data1\" content=\"Yassin Musharbash\" \/>\n\t<meta name=\"twitter:label2\" content=\"Gesch\u00e4tzte Lesezeit\" \/>\n\t<meta name=\"twitter:data2\" content=\"4\u00a0Minuten\" \/>\n<script type=\"application\/ld+json\" class=\"yoast-schema-graph\">{\"@context\":\"https:\/\/schema.org\",\"@graph\":[{\"@type\":\"WebPage\",\"@id\":\"https:\/\/blog.zeit.de\/radikale-ansichten\/2014\/06\/19\/die-aktuelle-lage-im-irak-5\/\",\"url\":\"https:\/\/blog.zeit.de\/radikale-ansichten\/2014\/06\/19\/die-aktuelle-lage-im-irak-5\/\",\"name\":\"Die aktuelle Lage im Irak (5) - Radikale Ansichten\",\"isPartOf\":{\"@id\":\"https:\/\/blog.zeit.de\/radikale-ansichten\/#website\"},\"datePublished\":\"2014-06-19T09:33:22+00:00\",\"dateModified\":\"2014-06-19T11:38:53+00:00\",\"author\":{\"@id\":\"https:\/\/blog.zeit.de\/radikale-ansichten\/#\/schema\/person\/465bac226337a64c313a8af277552d9f\"},\"breadcrumb\":{\"@id\":\"https:\/\/blog.zeit.de\/radikale-ansichten\/2014\/06\/19\/die-aktuelle-lage-im-irak-5\/#breadcrumb\"},\"inLanguage\":\"de\",\"potentialAction\":[{\"@type\":\"ReadAction\",\"target\":[\"https:\/\/blog.zeit.de\/radikale-ansichten\/2014\/06\/19\/die-aktuelle-lage-im-irak-5\/\"]}]},{\"@type\":\"BreadcrumbList\",\"@id\":\"https:\/\/blog.zeit.de\/radikale-ansichten\/2014\/06\/19\/die-aktuelle-lage-im-irak-5\/#breadcrumb\",\"itemListElement\":[{\"@type\":\"ListItem\",\"position\":1,\"name\":\"Startseite\",\"item\":\"https:\/\/blog.zeit.de\/radikale-ansichten\/\"},{\"@type\":\"ListItem\",\"position\":2,\"name\":\"Die aktuelle Lage im Irak (5)\"}]},{\"@type\":\"WebSite\",\"@id\":\"https:\/\/blog.zeit.de\/radikale-ansichten\/#website\",\"url\":\"https:\/\/blog.zeit.de\/radikale-ansichten\/\",\"name\":\"Radikale Ansichten\",\"description\":\"Ein Blog \u00fcber Islamismus und Islamophobie, Nahost und Neuk\u00f6lln, virtuell und analog\",\"potentialAction\":[{\"@type\":\"SearchAction\",\"target\":{\"@type\":\"EntryPoint\",\"urlTemplate\":\"https:\/\/blog.zeit.de\/radikale-ansichten\/?s={search_term_string}\"},\"query-input\":\"required name=search_term_string\"}],\"inLanguage\":\"de\"},{\"@type\":\"Person\",\"@id\":\"https:\/\/blog.zeit.de\/radikale-ansichten\/#\/schema\/person\/465bac226337a64c313a8af277552d9f\",\"name\":\"Yassin Musharbash\",\"image\":{\"@type\":\"ImageObject\",\"inLanguage\":\"de\",\"@id\":\"https:\/\/blog.zeit.de\/radikale-ansichten\/#\/schema\/person\/image\/\",\"url\":\"https:\/\/secure.gravatar.com\/avatar\/f6f234e277517dab0b4477c53078db345a367d24aeb82125991d0839d0bde91e?s=96&d=mm&r=g\",\"contentUrl\":\"https:\/\/secure.gravatar.com\/avatar\/f6f234e277517dab0b4477c53078db345a367d24aeb82125991d0839d0bde91e?s=96&d=mm&r=g\",\"caption\":\"Yassin Musharbash\"},\"url\":\"https:\/\/blog.zeit.de\/radikale-ansichten\/author\/ymusharbash\/\"}]}<\/script>\n<!-- \/ Yoast SEO plugin. -->","yoast_head_json":{"title":"Die aktuelle Lage im Irak (5)  - Radikale Ansichten","robots":{"index":"index","follow":"follow","max-snippet":"max-snippet:-1","max-image-preview":"max-image-preview:large","max-video-preview":"max-video-preview:-1"},"canonical":"https:\/\/blog.zeit.de\/radikale-ansichten\/2014\/06\/19\/die-aktuelle-lage-im-irak-5\/","og_locale":"de_DE","og_type":"article","og_title":"Die aktuelle Lage im Irak (5)  - Radikale Ansichten","og_description":"Vorbemerkung: Dieser Post bildet den Stand von Donnerstag, 19. Juni, 12 Uhr ab. Schlacht um Baidschi und andere Scharm\u00fctzel Der Ort, an dem aktuell wohl die wichtigste Auseinandersetzung stattfindet, scheint die Stadt Baidschi mit der dazugeh\u00f6rigen \u00d6lraffinerie zu sein. Diese Raffinerie ist zentral f\u00fcr den gesamten n\u00f6rdlichen Irak. Die Lage in Baidschi ist allerdings widerspr\u00fcchlich. [&hellip;]","og_url":"https:\/\/blog.zeit.de\/radikale-ansichten\/2014\/06\/19\/die-aktuelle-lage-im-irak-5\/","og_site_name":"Radikale Ansichten","article_published_time":"2014-06-19T09:33:22+00:00","article_modified_time":"2014-06-19T11:38:53+00:00","author":"Yassin Musharbash","twitter_card":"summary_large_image","twitter_creator":"@zeitonline","twitter_site":"@zeitonline","twitter_misc":{"Geschrieben von":"Yassin Musharbash","Gesch\u00e4tzte Lesezeit":"4\u00a0Minuten"},"schema":{"@context":"https:\/\/schema.org","@graph":[{"@type":"WebPage","@id":"https:\/\/blog.zeit.de\/radikale-ansichten\/2014\/06\/19\/die-aktuelle-lage-im-irak-5\/","url":"https:\/\/blog.zeit.de\/radikale-ansichten\/2014\/06\/19\/die-aktuelle-lage-im-irak-5\/","name":"Die aktuelle Lage im Irak (5) - Radikale Ansichten","isPartOf":{"@id":"https:\/\/blog.zeit.de\/radikale-ansichten\/#website"},"datePublished":"2014-06-19T09:33:22+00:00","dateModified":"2014-06-19T11:38:53+00:00","author":{"@id":"https:\/\/blog.zeit.de\/radikale-ansichten\/#\/schema\/person\/465bac226337a64c313a8af277552d9f"},"breadcrumb":{"@id":"https:\/\/blog.zeit.de\/radikale-ansichten\/2014\/06\/19\/die-aktuelle-lage-im-irak-5\/#breadcrumb"},"inLanguage":"de","potentialAction":[{"@type":"ReadAction","target":["https:\/\/blog.zeit.de\/radikale-ansichten\/2014\/06\/19\/die-aktuelle-lage-im-irak-5\/"]}]},{"@type":"BreadcrumbList","@id":"https:\/\/blog.zeit.de\/radikale-ansichten\/2014\/06\/19\/die-aktuelle-lage-im-irak-5\/#breadcrumb","itemListElement":[{"@type":"ListItem","position":1,"name":"Startseite","item":"https:\/\/blog.zeit.de\/radikale-ansichten\/"},{"@type":"ListItem","position":2,"name":"Die aktuelle Lage im Irak (5)"}]},{"@type":"WebSite","@id":"https:\/\/blog.zeit.de\/radikale-ansichten\/#website","url":"https:\/\/blog.zeit.de\/radikale-ansichten\/","name":"Radikale Ansichten","description":"Ein Blog \u00fcber Islamismus und Islamophobie, Nahost und Neuk\u00f6lln, virtuell und analog","potentialAction":[{"@type":"SearchAction","target":{"@type":"EntryPoint","urlTemplate":"https:\/\/blog.zeit.de\/radikale-ansichten\/?s={search_term_string}"},"query-input":"required name=search_term_string"}],"inLanguage":"de"},{"@type":"Person","@id":"https:\/\/blog.zeit.de\/radikale-ansichten\/#\/schema\/person\/465bac226337a64c313a8af277552d9f","name":"Yassin Musharbash","image":{"@type":"ImageObject","inLanguage":"de","@id":"https:\/\/blog.zeit.de\/radikale-ansichten\/#\/schema\/person\/image\/","url":"https:\/\/secure.gravatar.com\/avatar\/f6f234e277517dab0b4477c53078db345a367d24aeb82125991d0839d0bde91e?s=96&d=mm&r=g","contentUrl":"https:\/\/secure.gravatar.com\/avatar\/f6f234e277517dab0b4477c53078db345a367d24aeb82125991d0839d0bde91e?s=96&d=mm&r=g","caption":"Yassin Musharbash"},"url":"https:\/\/blog.zeit.de\/radikale-ansichten\/author\/ymusharbash\/"}]}},"jetpack_featured_media_url":"","jetpack_sharing_enabled":true,"_links":{"self":[{"href":"https:\/\/blog.zeit.de\/radikale-ansichten\/wp-json\/wp\/v2\/posts\/548","targetHints":{"allow":["GET"]}}],"collection":[{"href":"https:\/\/blog.zeit.de\/radikale-ansichten\/wp-json\/wp\/v2\/posts"}],"about":[{"href":"https:\/\/blog.zeit.de\/radikale-ansichten\/wp-json\/wp\/v2\/types\/post"}],"author":[{"embeddable":true,"href":"https:\/\/blog.zeit.de\/radikale-ansichten\/wp-json\/wp\/v2\/users\/407"}],"replies":[{"embeddable":true,"href":"https:\/\/blog.zeit.de\/radikale-ansichten\/wp-json\/wp\/v2\/comments?post=548"}],"version-history":[{"count":9,"href":"https:\/\/blog.zeit.de\/radikale-ansichten\/wp-json\/wp\/v2\/posts\/548\/revisions"}],"predecessor-version":[{"id":559,"href":"https:\/\/blog.zeit.de\/radikale-ansichten\/wp-json\/wp\/v2\/posts\/548\/revisions\/559"}],"wp:attachment":[{"href":"https:\/\/blog.zeit.de\/radikale-ansichten\/wp-json\/wp\/v2\/media?parent=548"}],"wp:term":[{"taxonomy":"category","embeddable":true,"href":"https:\/\/blog.zeit.de\/radikale-ansichten\/wp-json\/wp\/v2\/categories?post=548"},{"taxonomy":"post_tag","embeddable":true,"href":"https:\/\/blog.zeit.de\/radikale-ansichten\/wp-json\/wp\/v2\/tags?post=548"}],"curies":[{"name":"wp","href":"https:\/\/api.w.org\/{rel}","templated":true}]}}