{"id":569,"date":"2014-06-23T11:26:11","date_gmt":"2014-06-23T09:26:11","guid":{"rendered":"http:\/\/blog.zeit.de\/radikale-ansichten\/?p=569"},"modified":"2014-06-26T10:55:43","modified_gmt":"2014-06-26T08:55:43","slug":"die-aktuelle-lage-im-irak-6","status":"publish","type":"post","link":"https:\/\/blog.zeit.de\/radikale-ansichten\/2014\/06\/23\/die-aktuelle-lage-im-irak-6\/","title":{"rendered":"Die aktuelle Lage im Irak (6)"},"content":{"rendered":"<p><i>Vorbemerkung: Dieses Posting bildet den aktuellen Stand von Montag, den 23. Juni, 11 Uhr ab. Von Yassin Musharbash\u00a0<\/i><\/p>\n<p><i><\/i><b>Irak verliert Kontrolle \u00fcber Westgrenze an Isis<\/b><\/p>\n<p>K\u00e4mpfer der Terrorgruppe Islamischer Staat im Irak und in Syrien (Isis) haben <a title=\"BBC-Bericht \" href=\"http:\/\/www.bbc.com\/news\/world-middle-east-27966774\">\u00fcber das Wochenende <\/a>vier Ortschaften im Irak eingenommen, nachdem die irakische Armee sie ger\u00e4umt hatte, darunter die strategisch wichtige Stadt Rutba. Am Sonntag <a title=\"Bloomberg-Bericht \" href=\"http:\/\/www.bloomberg.com\/news\/2014-06-21\/iraq-pressed-by-u-s-to-solve-as-isil-takes-more-towns.html\">\u00fcbernahmen sie in der Folge auch den Grenz\u00fcbergang Turaibil<\/a> zwischen dem Irak und Jordanien. Laut der <em><a title=\"Jordan Times-Bericht\" href=\"http:\/\/jordantimes.com\/jordan-border-safe-despite-militants-gains-in-iraq\">Jordan Times<\/a><\/em> hat Jordanien Gendarmerie, paramilit\u00e4rische Einheiten und Spezialkr\u00e4fte in Richtung des Grenz\u00fcberganges entsandt; in anderen Medien war von einer Teilmobilmachung die Rede, aber das k\u00f6nnte sich um eine Interpretation desselben Vorgangs handeln. Jordanien und der Irak haben eine 180 Kilometer lange gemeinsame Grenze. Diese liegt sehr weit entfernt von jordanischen Bev\u00f6lkerungszentren mitten in der W\u00fcste, ist aber f\u00fcr den Handel bedeutsam. Aus Isis-Sicht ist die Kontrolle der Grenze aus einem anderen Grund wichtig. So kann sie entscheiden, was aus Jordanien in den Irak gelangt.<\/p>\n<p><b>Gefechte in Ramadi und Kirkuk<\/b><\/p>\n<p>Offizielle Twitter-Accounts von Isis vermeldeten gestern und heute Kampfhandlungen zwischen Isis und kurdischen Peschmerga-K\u00e4mpfern bei Kirkuk sowie zwischen Isis und irakischer Armee in Ramadi. Isis behauptet au\u00dferdem, die Kontrolle \u00fcber die Stra\u00dfe zwischen Tikrit und Kirkuk gewonnen zu haben. Unabh\u00e4ngige Best\u00e4tigungen f\u00fcr diese Informationen gibt es nicht. Unwahrscheinlich sind sie nicht. Die <a title=\"NYT-Bericht \" href=\"http:\/\/www.nytimes.com\/2014\/06\/23\/world\/middleeast\/iraqs-military-seen-as-unlikely-to-turn-the-tide.html?partner=rss&amp;emc=rss&amp;smid=tw-nytimes&amp;_r=0\"><em>New York Times<\/em> sch\u00e4tzt<\/a>, dass ein Viertel der irakischen Armee \u201enicht kampf-effektiv\u201c ist. Kurdische Quellen berichten zudem, dass ein Isis-Sprengsatz nahe der syrischen Grenze bei Rabia zwei Peschmerga-K\u00e4mpfer get\u00f6tet und sieben verletzt habe; auch an anderen Orten habe es Gefechte gegeben, die kurdischen Milizen seien in erh\u00f6hter Alarmbereitschaft.<\/p>\n<p><b>Kerry in Bagdad<\/b><\/p>\n<p>Unterdessen ist US-Au\u00dfenminister John Kerry in Bagdad eingetroffen. <a title=\"NBC-Bericht \" href=\"http:\/\/www.nbcnews.com\/storyline\/iraq-turmoil\/john-kerry-lands-baghdad-amid-surge-isis-militants-iraq-n138161\">Sein Besuch<\/a> lenkt den Blick auf die Tatsache, dass der Irak derzeit keine funktionierende Regierung hat. Kerry will offenbar Druck auf Premier Nuri al-Maliki aus\u00fcben, endlich eine Koalition hinzubekommen, um die Abwehr der Isis-Offensive zu vereinfachen.<\/p>\n<p><b>Und sonst<\/b><\/p>\n<p>Zahlreichen Berichten zufolge, die vor allem in sozialen Netzwerken kursieren, haben Isis-Kader Rauf Rashid Abd al-Rahman zum Tode verurteilt und hingerichtet. Er hatte als Richter 2006 das Todesurteil gegen Saddam Hussein gesprochen. Berichte \u00fcber seine Hinrichtung gibt es seit fast einer Woche, jetzt rollt eine zweite Welle. Eine seri\u00f6se oder offizielle Best\u00e4tigung kenne ich nicht. Sollte die Nachricht stimmen, w\u00fcrde ich sie als Beleg f\u00fcr die Allianz zwischen fr\u00fcheren Baath-Kadern und Isis interpretieren.<\/p>\n<p>Scott Peterson vom <em>Christian Science Monitor<\/em> ist in die Schiiten-Hochburg Kerbela gereist und\u00a0<a title=\"CSM-Report\" href=\"http:\/\/www.csmonitor.com\/World\/Middle-East\/2014\/0622\/In-Iraqi-shrine-city-call-to-arms-reverberates-loudly-video?cmpid=addthis_twitter\">berichtet<\/a>\u00a0\u00fcber die Entschiedenheit dort, jeden etwaigen Angriff von Isis zur\u00fcckzuschlagen.<\/p>\n<p><a title=\"HRW-Report\" href=\"http:\/\/www.hrw.org\/node\/126639 \">Human Rights Watch zufolge<\/a> haben Isis und andere Fraktionen des syrischen B\u00fcrgerkrieges Kindersoldaten rekrutiert. Ich kann auf Grundlage etlicher geposteter Bilder aus sozialen Netzwerken zumindest best\u00e4tigen, dass Isis in Syrien minderj\u00e4hrige K\u00e4mpfer ausstattet, darunter sind allem Anschein nach auch einige, die aus dem Westen stammen.<\/p>\n<p>F\u00fcr alle, die sich f\u00fcr die Social-Media-Strategie von Isis interessieren: Der Beitrag, den Sie dazu lesen sollten, ist <a title=\"J.M. Berger in \u00bbAtlantic\u00ab\" href=\"http:\/\/www.theatlantic.com\/international\/archive\/2014\/06\/isis-iraq-twitter-social-media-strategy\/372856\/\">dieser<\/a>.<\/p>\n","protected":false},"excerpt":{"rendered":"<p>Vorbemerkung: Dieses Posting bildet den aktuellen Stand von Montag, den 23. Juni, 11 Uhr ab. Von Yassin Musharbash\u00a0 Irak verliert Kontrolle \u00fcber Westgrenze an Isis K\u00e4mpfer der Terrorgruppe Islamischer Staat im Irak und in Syrien (Isis) haben \u00fcber das Wochenende vier Ortschaften im Irak eingenommen, nachdem die irakische Armee sie ger\u00e4umt hatte, darunter die strategisch [&hellip;]<\/p>\n","protected":false},"author":407,"featured_media":0,"comment_status":"open","ping_status":"open","sticky":false,"template":"","format":"standard","meta":{"_jetpack_memberships_contains_paid_content":false,"footnotes":""},"categories":[16,82,27791,27792,1354,15398],"tags":[],"class_list":["post-569","post","type-post","status-publish","format-standard","hentry","category-allgemein","category-internet","category-irak-2","category-isis-2","category-social-media","category-terrorismus"],"yoast_head":"<!-- This site is optimized with the Yoast SEO plugin v21.0 - https:\/\/yoast.com\/wordpress\/plugins\/seo\/ -->\n<title>Die aktuelle Lage im Irak (6)  - Radikale Ansichten<\/title>\n<meta name=\"robots\" content=\"index, follow, max-snippet:-1, max-image-preview:large, max-video-preview:-1\" \/>\n<link rel=\"canonical\" href=\"https:\/\/blog.zeit.de\/radikale-ansichten\/2014\/06\/23\/die-aktuelle-lage-im-irak-6\/\" \/>\n<meta property=\"og:locale\" content=\"de_DE\" \/>\n<meta property=\"og:type\" content=\"article\" \/>\n<meta property=\"og:title\" content=\"Die aktuelle Lage im Irak (6)  - Radikale Ansichten\" \/>\n<meta property=\"og:description\" content=\"Vorbemerkung: Dieses Posting bildet den aktuellen Stand von Montag, den 23. Juni, 11 Uhr ab. Von Yassin Musharbash\u00a0 Irak verliert Kontrolle \u00fcber Westgrenze an Isis K\u00e4mpfer der Terrorgruppe Islamischer Staat im Irak und in Syrien (Isis) haben \u00fcber das Wochenende vier Ortschaften im Irak eingenommen, nachdem die irakische Armee sie ger\u00e4umt hatte, darunter die strategisch [&hellip;]\" \/>\n<meta property=\"og:url\" content=\"https:\/\/blog.zeit.de\/radikale-ansichten\/2014\/06\/23\/die-aktuelle-lage-im-irak-6\/\" \/>\n<meta property=\"og:site_name\" content=\"Radikale Ansichten\" \/>\n<meta property=\"article:published_time\" content=\"2014-06-23T09:26:11+00:00\" \/>\n<meta property=\"article:modified_time\" content=\"2014-06-26T08:55:43+00:00\" \/>\n<meta name=\"author\" content=\"Yassin Musharbash\" \/>\n<meta name=\"twitter:card\" content=\"summary_large_image\" \/>\n<meta name=\"twitter:creator\" content=\"@zeitonline\" \/>\n<meta name=\"twitter:site\" content=\"@zeitonline\" \/>\n<meta name=\"twitter:label1\" content=\"Geschrieben von\" \/>\n\t<meta name=\"twitter:data1\" content=\"Yassin Musharbash\" \/>\n\t<meta name=\"twitter:label2\" content=\"Gesch\u00e4tzte Lesezeit\" \/>\n\t<meta name=\"twitter:data2\" content=\"3\u00a0Minuten\" \/>\n<script type=\"application\/ld+json\" class=\"yoast-schema-graph\">{\"@context\":\"https:\/\/schema.org\",\"@graph\":[{\"@type\":\"WebPage\",\"@id\":\"https:\/\/blog.zeit.de\/radikale-ansichten\/2014\/06\/23\/die-aktuelle-lage-im-irak-6\/\",\"url\":\"https:\/\/blog.zeit.de\/radikale-ansichten\/2014\/06\/23\/die-aktuelle-lage-im-irak-6\/\",\"name\":\"Die aktuelle Lage im Irak (6) - Radikale Ansichten\",\"isPartOf\":{\"@id\":\"https:\/\/blog.zeit.de\/radikale-ansichten\/#website\"},\"datePublished\":\"2014-06-23T09:26:11+00:00\",\"dateModified\":\"2014-06-26T08:55:43+00:00\",\"author\":{\"@id\":\"https:\/\/blog.zeit.de\/radikale-ansichten\/#\/schema\/person\/465bac226337a64c313a8af277552d9f\"},\"breadcrumb\":{\"@id\":\"https:\/\/blog.zeit.de\/radikale-ansichten\/2014\/06\/23\/die-aktuelle-lage-im-irak-6\/#breadcrumb\"},\"inLanguage\":\"de\",\"potentialAction\":[{\"@type\":\"ReadAction\",\"target\":[\"https:\/\/blog.zeit.de\/radikale-ansichten\/2014\/06\/23\/die-aktuelle-lage-im-irak-6\/\"]}]},{\"@type\":\"BreadcrumbList\",\"@id\":\"https:\/\/blog.zeit.de\/radikale-ansichten\/2014\/06\/23\/die-aktuelle-lage-im-irak-6\/#breadcrumb\",\"itemListElement\":[{\"@type\":\"ListItem\",\"position\":1,\"name\":\"Startseite\",\"item\":\"https:\/\/blog.zeit.de\/radikale-ansichten\/\"},{\"@type\":\"ListItem\",\"position\":2,\"name\":\"Die aktuelle Lage im Irak (6)\"}]},{\"@type\":\"WebSite\",\"@id\":\"https:\/\/blog.zeit.de\/radikale-ansichten\/#website\",\"url\":\"https:\/\/blog.zeit.de\/radikale-ansichten\/\",\"name\":\"Radikale Ansichten\",\"description\":\"Ein Blog \u00fcber Islamismus und Islamophobie, Nahost und Neuk\u00f6lln, virtuell und analog\",\"potentialAction\":[{\"@type\":\"SearchAction\",\"target\":{\"@type\":\"EntryPoint\",\"urlTemplate\":\"https:\/\/blog.zeit.de\/radikale-ansichten\/?s={search_term_string}\"},\"query-input\":\"required name=search_term_string\"}],\"inLanguage\":\"de\"},{\"@type\":\"Person\",\"@id\":\"https:\/\/blog.zeit.de\/radikale-ansichten\/#\/schema\/person\/465bac226337a64c313a8af277552d9f\",\"name\":\"Yassin Musharbash\",\"image\":{\"@type\":\"ImageObject\",\"inLanguage\":\"de\",\"@id\":\"https:\/\/blog.zeit.de\/radikale-ansichten\/#\/schema\/person\/image\/\",\"url\":\"https:\/\/secure.gravatar.com\/avatar\/f6f234e277517dab0b4477c53078db345a367d24aeb82125991d0839d0bde91e?s=96&d=mm&r=g\",\"contentUrl\":\"https:\/\/secure.gravatar.com\/avatar\/f6f234e277517dab0b4477c53078db345a367d24aeb82125991d0839d0bde91e?s=96&d=mm&r=g\",\"caption\":\"Yassin Musharbash\"},\"url\":\"https:\/\/blog.zeit.de\/radikale-ansichten\/author\/ymusharbash\/\"}]}<\/script>\n<!-- \/ Yoast SEO plugin. -->","yoast_head_json":{"title":"Die aktuelle Lage im Irak (6)  - Radikale Ansichten","robots":{"index":"index","follow":"follow","max-snippet":"max-snippet:-1","max-image-preview":"max-image-preview:large","max-video-preview":"max-video-preview:-1"},"canonical":"https:\/\/blog.zeit.de\/radikale-ansichten\/2014\/06\/23\/die-aktuelle-lage-im-irak-6\/","og_locale":"de_DE","og_type":"article","og_title":"Die aktuelle Lage im Irak (6)  - Radikale Ansichten","og_description":"Vorbemerkung: Dieses Posting bildet den aktuellen Stand von Montag, den 23. Juni, 11 Uhr ab. Von Yassin Musharbash\u00a0 Irak verliert Kontrolle \u00fcber Westgrenze an Isis K\u00e4mpfer der Terrorgruppe Islamischer Staat im Irak und in Syrien (Isis) haben \u00fcber das Wochenende vier Ortschaften im Irak eingenommen, nachdem die irakische Armee sie ger\u00e4umt hatte, darunter die strategisch [&hellip;]","og_url":"https:\/\/blog.zeit.de\/radikale-ansichten\/2014\/06\/23\/die-aktuelle-lage-im-irak-6\/","og_site_name":"Radikale Ansichten","article_published_time":"2014-06-23T09:26:11+00:00","article_modified_time":"2014-06-26T08:55:43+00:00","author":"Yassin Musharbash","twitter_card":"summary_large_image","twitter_creator":"@zeitonline","twitter_site":"@zeitonline","twitter_misc":{"Geschrieben von":"Yassin Musharbash","Gesch\u00e4tzte Lesezeit":"3\u00a0Minuten"},"schema":{"@context":"https:\/\/schema.org","@graph":[{"@type":"WebPage","@id":"https:\/\/blog.zeit.de\/radikale-ansichten\/2014\/06\/23\/die-aktuelle-lage-im-irak-6\/","url":"https:\/\/blog.zeit.de\/radikale-ansichten\/2014\/06\/23\/die-aktuelle-lage-im-irak-6\/","name":"Die aktuelle Lage im Irak (6) - Radikale Ansichten","isPartOf":{"@id":"https:\/\/blog.zeit.de\/radikale-ansichten\/#website"},"datePublished":"2014-06-23T09:26:11+00:00","dateModified":"2014-06-26T08:55:43+00:00","author":{"@id":"https:\/\/blog.zeit.de\/radikale-ansichten\/#\/schema\/person\/465bac226337a64c313a8af277552d9f"},"breadcrumb":{"@id":"https:\/\/blog.zeit.de\/radikale-ansichten\/2014\/06\/23\/die-aktuelle-lage-im-irak-6\/#breadcrumb"},"inLanguage":"de","potentialAction":[{"@type":"ReadAction","target":["https:\/\/blog.zeit.de\/radikale-ansichten\/2014\/06\/23\/die-aktuelle-lage-im-irak-6\/"]}]},{"@type":"BreadcrumbList","@id":"https:\/\/blog.zeit.de\/radikale-ansichten\/2014\/06\/23\/die-aktuelle-lage-im-irak-6\/#breadcrumb","itemListElement":[{"@type":"ListItem","position":1,"name":"Startseite","item":"https:\/\/blog.zeit.de\/radikale-ansichten\/"},{"@type":"ListItem","position":2,"name":"Die aktuelle Lage im Irak (6)"}]},{"@type":"WebSite","@id":"https:\/\/blog.zeit.de\/radikale-ansichten\/#website","url":"https:\/\/blog.zeit.de\/radikale-ansichten\/","name":"Radikale Ansichten","description":"Ein Blog \u00fcber Islamismus und Islamophobie, Nahost und Neuk\u00f6lln, virtuell und analog","potentialAction":[{"@type":"SearchAction","target":{"@type":"EntryPoint","urlTemplate":"https:\/\/blog.zeit.de\/radikale-ansichten\/?s={search_term_string}"},"query-input":"required name=search_term_string"}],"inLanguage":"de"},{"@type":"Person","@id":"https:\/\/blog.zeit.de\/radikale-ansichten\/#\/schema\/person\/465bac226337a64c313a8af277552d9f","name":"Yassin Musharbash","image":{"@type":"ImageObject","inLanguage":"de","@id":"https:\/\/blog.zeit.de\/radikale-ansichten\/#\/schema\/person\/image\/","url":"https:\/\/secure.gravatar.com\/avatar\/f6f234e277517dab0b4477c53078db345a367d24aeb82125991d0839d0bde91e?s=96&d=mm&r=g","contentUrl":"https:\/\/secure.gravatar.com\/avatar\/f6f234e277517dab0b4477c53078db345a367d24aeb82125991d0839d0bde91e?s=96&d=mm&r=g","caption":"Yassin Musharbash"},"url":"https:\/\/blog.zeit.de\/radikale-ansichten\/author\/ymusharbash\/"}]}},"jetpack_featured_media_url":"","jetpack_sharing_enabled":true,"_links":{"self":[{"href":"https:\/\/blog.zeit.de\/radikale-ansichten\/wp-json\/wp\/v2\/posts\/569","targetHints":{"allow":["GET"]}}],"collection":[{"href":"https:\/\/blog.zeit.de\/radikale-ansichten\/wp-json\/wp\/v2\/posts"}],"about":[{"href":"https:\/\/blog.zeit.de\/radikale-ansichten\/wp-json\/wp\/v2\/types\/post"}],"author":[{"embeddable":true,"href":"https:\/\/blog.zeit.de\/radikale-ansichten\/wp-json\/wp\/v2\/users\/407"}],"replies":[{"embeddable":true,"href":"https:\/\/blog.zeit.de\/radikale-ansichten\/wp-json\/wp\/v2\/comments?post=569"}],"version-history":[{"count":11,"href":"https:\/\/blog.zeit.de\/radikale-ansichten\/wp-json\/wp\/v2\/posts\/569\/revisions"}],"predecessor-version":[{"id":596,"href":"https:\/\/blog.zeit.de\/radikale-ansichten\/wp-json\/wp\/v2\/posts\/569\/revisions\/596"}],"wp:attachment":[{"href":"https:\/\/blog.zeit.de\/radikale-ansichten\/wp-json\/wp\/v2\/media?parent=569"}],"wp:term":[{"taxonomy":"category","embeddable":true,"href":"https:\/\/blog.zeit.de\/radikale-ansichten\/wp-json\/wp\/v2\/categories?post=569"},{"taxonomy":"post_tag","embeddable":true,"href":"https:\/\/blog.zeit.de\/radikale-ansichten\/wp-json\/wp\/v2\/tags?post=569"}],"curies":[{"name":"wp","href":"https:\/\/api.w.org\/{rel}","templated":true}]}}