{"id":599,"date":"2014-06-27T11:50:52","date_gmt":"2014-06-27T09:50:52","guid":{"rendered":"http:\/\/blog.zeit.de\/radikale-ansichten\/?p=599"},"modified":"2014-06-27T13:04:51","modified_gmt":"2014-06-27T11:04:51","slug":"isis-anhaenger-warnen-usa-vor-terroranschlaegen","status":"publish","type":"post","link":"https:\/\/blog.zeit.de\/radikale-ansichten\/2014\/06\/27\/isis-anhaenger-warnen-usa-vor-terroranschlaegen\/","title":{"rendered":"Isis-Anh\u00e4nger warnen USA vor Terroranschl\u00e4gen"},"content":{"rendered":"<p>Schon <a href=\"https:\/\/blog.zeit.de\/radikale-ansichten\/2014\/06\/25\/nein-messi-wird-nicht-amir-von-suedamerika\/\">mein letzter Blog-Post <\/a>drehte sich um das Thema Propaganda. Heute m\u00fcssen wir uns aus gegebenem Anlass noch einmal damit befassen. Denn heute ist der &#8222;Freitag der Warnung an das amerikanische Volk&#8220;, den Anh\u00e4nger der Terrorgruppe &#8222;Islamischer Staat im Irak und Gro\u00dfsyrien&#8220; (Isis) ausgerufen haben.<\/p>\n<p>Austragungsort ist haupts\u00e4chlich Twitter. Dort haben die Terror-Sympathisanten einen arabischen Hashtag und einem \u00e4hnlichen englischen Hashtag (#CalamityWillBefallUS, also &#8222;Ein Desaster wird den USA widerfahren&#8220;) etabliert. Seither laufen im Sekundentakt Drohungen, Warnungen und h\u00e4mische Kommentare ein.<\/p>\n<p>Nat\u00fcrlich ist das ganze eine PR-Aktion. Sie ist vermutlich auch nicht von irgendwelchen relevanten Isis-Kadern instigiert worden, f\u00fcr mich sieht es eher aus wie eine unabh\u00e4ngige Idee von sogenannten &#8222;Sessel-Dschihadisten&#8220;. Das bedeutet auch, dass die dort gewitterten und teils drastischen Drohungen nicht unmittelbar ernst genommen werden m\u00fcssen.<\/p>\n<p>Sie gehen zum Beispiel so:<\/p>\n<p>&#8222;Unsere Konvois werden eure vorgebliche Zivilisation zerst\u00f6ren, sobald wir einen Fu\u00df auf euer Land setzen.&#8220;<\/p>\n<p>&#8222;Sollte Amerika im Irak angreifen, wird jede US-Botschaft der Welt zum Ziel und mit Autobomben angegriffen.&#8220;<\/p>\n<p>&#8222;Niemand in Amerika wird sicher sein.&#8220;<\/p>\n<p>&#8222;Wir wollen nur Frieden \u2013 in unserer Weise\u2026 also wenn die Schwarze Flagge auf dem Wei\u00dfen Haus gehisst sein wird.&#8220;<\/p>\n<p>&#8222;Der Countdown zur Zerst\u00f6rung der USA wurde gestartet.&#8220;<\/p>\n<p>&#8222;Jedes Land, das den USA erlaubt, von dort aus im Irak anzugreifen, wird ein legitimes Ziel.&#8220;<\/p>\n<p>Die Kampagne zu beobachten, ist trotzdem aufschlussreich. Sie verr\u00e4t etwas dar\u00fcber, wie Isis-Anh\u00e4nger denken und was sie von Isis erwarten. Da besteht zum einen die Sorge, dass die USA im Irak eingreifen k\u00f6nnten, um Isis zu bek\u00e4mpfen. Und da gibt es zum anderen die Erwartung, dass Isis in Al-Kaidas Fu\u00dfstapfen tritt und Anschl\u00e4ge im Westen ver\u00fcbt oder wenigstens dazu aufruft.<\/p>\n<p>Bisher hat Isis offiziell nicht angek\u00fcndigt, im Westen Terrorakte auszu\u00fcben. Das bedeutet nicht, dass die Gruppe es nicht vorhat. Aber Al-Kaida (ich wei\u00df, das klingt bizarr, es ist aber so) hat stets gro\u00dfen Wert darauf gelegt, behaupten zu k\u00f6nnen, dass die USA ja gewarnt waren \u2013 und zwar von ihnen selbst, \u00f6ffentlich und Jahre vor dem 11. September.<\/p>\n<p>Al-Kaidas F\u00fchrung brachte f\u00fcr diese Warnungen an die USA (und sp\u00e4ter an Europa) sogar islamrechtliche Begr\u00fcndungen vor, um den Anh\u00e4ngern zu suggerieren, dass die Gruppe sich an die religi\u00f6sen Regeln halte. Es w\u00e4re daher nicht verwunderlich, wenn Isis \u00e4hnlich denkt. Aber wir wissen das nicht. Denn wir kennen das Denken der Isis-F\u00fchrung nicht gut genug. Im Vergleich zu Osama Bin Laden ist der Isis-Chef Abu Bakr al-Baghdadi ein nahezu unbeschriebenes Blatt. (Das gilt \u00fcbrigens auch f\u00fcr die Isis-Anh\u00e4nger; ihr Bild von Al-Baghdadi ist ebenfalls eine Projektion.)<\/p>\n<p>Die Frage, ob und in welcher Weise Isis Al-Kaida als Speerspitze des internationalen dschihadistischen Terrorismus abl\u00f6sen will, ist also einstweilen nicht klar zu beantworten. Wir wissen auch nicht, wie Al-Kaida dar\u00fcber denkt, denn seit Monaten herrscht in dieser Hinsicht beredtes Schweigen. Isis hat sich vor Monaten von Al-Kaida losgesagt und die Kooperation beendet. Die beiden Gruppen k\u00e4mpfen in Syrien sogar aktiv gegeneinander, wo Al-Kaida durch die Zweigstelle &#8222;Dschabhat al-Nusra&#8220; vertreten ist.<\/p>\n<p>Der Konflikt, der die Trennung verursachte, hatte weniger mit Ideologie als mit Fragen der Kontrolle und Befehlsgewalt zu tun. Das Verh\u00e4ltnis ist also zerr\u00fcttet, vermutlich unrettbar. Oder k\u00f6nnte es eine Art Putsch bei Al-Kaida geben, und ein B\u00fcndnis unter umgekehrten Vorzeichen \u2013 also mit al-Baghdadi an der Spitze?<\/p>\n<p>Ist es vielleicht auch vorstellbar, dass einzelne Filialen Al-Kaidas, die auf der Arabischen Halbinsel (AQAP) oder die in Nordafrika (AQIM) die Seiten wechseln und sich Isis unterstellen? Das sind relevante Fragen, deren Antwort wir noch nicht kennen \u2013 die aber ernste Auswirkungen haben k\u00f6nnten. Ich bin kein gro\u00dfer Freund von Spekulationen, aber auf Twitter und anderswo \u00e4u\u00dfert sich eine gewisse unter Dschihadisten verbreitete Sehnsucht nach einer einheitlichen Organisation, einem unangefochtenen Oberkommando. Die Zentrale Al-Kaidas in Pakistan ist schwach; Al-Baghdadi ist stark. Stark genug und willens genug, Al-Kaida durch eine Art &#8222;feindliche \u00dcbernahme&#8220; in seine Organisation zu integrieren?<\/p>\n<p>Vergessen wir die Propaganda, sie liefert uns keine Antworten. Aber ich warte gespannt darauf, dass sich Al-Baghdadi, Al-Kaida oder die Filialen Al-Kaidas zu Wort melden.<\/p>\n","protected":false},"excerpt":{"rendered":"<p>Schon mein letzter Blog-Post drehte sich um das Thema Propaganda. Heute m\u00fcssen wir uns aus gegebenem Anlass noch einmal damit befassen. Denn heute ist der &#8222;Freitag der Warnung an das amerikanische Volk&#8220;, den Anh\u00e4nger der Terrorgruppe &#8222;Islamischer Staat im Irak und Gro\u00dfsyrien&#8220; (Isis) ausgerufen haben. Austragungsort ist haupts\u00e4chlich Twitter. Dort haben die Terror-Sympathisanten einen arabischen [&hellip;]<\/p>\n","protected":false},"author":407,"featured_media":0,"comment_status":"open","ping_status":"open","sticky":false,"template":"","format":"standard","meta":{"_jetpack_memberships_contains_paid_content":false,"footnotes":""},"categories":[12162,16,82,27791,27792,1354,35366,15398],"tags":[],"class_list":["post-599","post","type-post","status-publish","format-standard","hentry","category-al-kaida","category-allgemein","category-internet","category-irak-2","category-isis-2","category-social-media","category-syrien","category-terrorismus"],"yoast_head":"<!-- This site is optimized with the Yoast SEO plugin v21.0 - https:\/\/yoast.com\/wordpress\/plugins\/seo\/ -->\n<title>Isis-Anh\u00e4nger warnen USA vor Terroranschl\u00e4gen  - Radikale Ansichten<\/title>\n<meta name=\"robots\" content=\"index, follow, max-snippet:-1, max-image-preview:large, max-video-preview:-1\" \/>\n<link rel=\"canonical\" href=\"https:\/\/blog.zeit.de\/radikale-ansichten\/2014\/06\/27\/isis-anhaenger-warnen-usa-vor-terroranschlaegen\/\" \/>\n<meta property=\"og:locale\" content=\"de_DE\" \/>\n<meta property=\"og:type\" content=\"article\" \/>\n<meta property=\"og:title\" content=\"Isis-Anh\u00e4nger warnen USA vor Terroranschl\u00e4gen  - Radikale Ansichten\" \/>\n<meta property=\"og:description\" content=\"Schon mein letzter Blog-Post drehte sich um das Thema Propaganda. Heute m\u00fcssen wir uns aus gegebenem Anlass noch einmal damit befassen. Denn heute ist der &#8222;Freitag der Warnung an das amerikanische Volk&#8220;, den Anh\u00e4nger der Terrorgruppe &#8222;Islamischer Staat im Irak und Gro\u00dfsyrien&#8220; (Isis) ausgerufen haben. Austragungsort ist haupts\u00e4chlich Twitter. Dort haben die Terror-Sympathisanten einen arabischen [&hellip;]\" \/>\n<meta property=\"og:url\" content=\"https:\/\/blog.zeit.de\/radikale-ansichten\/2014\/06\/27\/isis-anhaenger-warnen-usa-vor-terroranschlaegen\/\" \/>\n<meta property=\"og:site_name\" content=\"Radikale Ansichten\" \/>\n<meta property=\"article:published_time\" content=\"2014-06-27T09:50:52+00:00\" \/>\n<meta property=\"article:modified_time\" content=\"2014-06-27T11:04:51+00:00\" \/>\n<meta name=\"author\" content=\"Yassin Musharbash\" \/>\n<meta name=\"twitter:card\" content=\"summary_large_image\" \/>\n<meta name=\"twitter:creator\" content=\"@zeitonline\" \/>\n<meta name=\"twitter:site\" content=\"@zeitonline\" \/>\n<meta name=\"twitter:label1\" content=\"Geschrieben von\" \/>\n\t<meta name=\"twitter:data1\" content=\"Yassin Musharbash\" \/>\n\t<meta name=\"twitter:label2\" content=\"Gesch\u00e4tzte Lesezeit\" \/>\n\t<meta name=\"twitter:data2\" content=\"3\u00a0Minuten\" \/>\n<script type=\"application\/ld+json\" class=\"yoast-schema-graph\">{\"@context\":\"https:\/\/schema.org\",\"@graph\":[{\"@type\":\"WebPage\",\"@id\":\"https:\/\/blog.zeit.de\/radikale-ansichten\/2014\/06\/27\/isis-anhaenger-warnen-usa-vor-terroranschlaegen\/\",\"url\":\"https:\/\/blog.zeit.de\/radikale-ansichten\/2014\/06\/27\/isis-anhaenger-warnen-usa-vor-terroranschlaegen\/\",\"name\":\"Isis-Anh\u00e4nger warnen USA vor Terroranschl\u00e4gen - Radikale Ansichten\",\"isPartOf\":{\"@id\":\"https:\/\/blog.zeit.de\/radikale-ansichten\/#website\"},\"datePublished\":\"2014-06-27T09:50:52+00:00\",\"dateModified\":\"2014-06-27T11:04:51+00:00\",\"author\":{\"@id\":\"https:\/\/blog.zeit.de\/radikale-ansichten\/#\/schema\/person\/465bac226337a64c313a8af277552d9f\"},\"breadcrumb\":{\"@id\":\"https:\/\/blog.zeit.de\/radikale-ansichten\/2014\/06\/27\/isis-anhaenger-warnen-usa-vor-terroranschlaegen\/#breadcrumb\"},\"inLanguage\":\"de\",\"potentialAction\":[{\"@type\":\"ReadAction\",\"target\":[\"https:\/\/blog.zeit.de\/radikale-ansichten\/2014\/06\/27\/isis-anhaenger-warnen-usa-vor-terroranschlaegen\/\"]}]},{\"@type\":\"BreadcrumbList\",\"@id\":\"https:\/\/blog.zeit.de\/radikale-ansichten\/2014\/06\/27\/isis-anhaenger-warnen-usa-vor-terroranschlaegen\/#breadcrumb\",\"itemListElement\":[{\"@type\":\"ListItem\",\"position\":1,\"name\":\"Startseite\",\"item\":\"https:\/\/blog.zeit.de\/radikale-ansichten\/\"},{\"@type\":\"ListItem\",\"position\":2,\"name\":\"Isis-Anh\u00e4nger warnen USA vor Terroranschl\u00e4gen\"}]},{\"@type\":\"WebSite\",\"@id\":\"https:\/\/blog.zeit.de\/radikale-ansichten\/#website\",\"url\":\"https:\/\/blog.zeit.de\/radikale-ansichten\/\",\"name\":\"Radikale Ansichten\",\"description\":\"Ein Blog \u00fcber Islamismus und Islamophobie, Nahost und Neuk\u00f6lln, virtuell und analog\",\"potentialAction\":[{\"@type\":\"SearchAction\",\"target\":{\"@type\":\"EntryPoint\",\"urlTemplate\":\"https:\/\/blog.zeit.de\/radikale-ansichten\/?s={search_term_string}\"},\"query-input\":\"required name=search_term_string\"}],\"inLanguage\":\"de\"},{\"@type\":\"Person\",\"@id\":\"https:\/\/blog.zeit.de\/radikale-ansichten\/#\/schema\/person\/465bac226337a64c313a8af277552d9f\",\"name\":\"Yassin Musharbash\",\"image\":{\"@type\":\"ImageObject\",\"inLanguage\":\"de\",\"@id\":\"https:\/\/blog.zeit.de\/radikale-ansichten\/#\/schema\/person\/image\/\",\"url\":\"https:\/\/secure.gravatar.com\/avatar\/f6f234e277517dab0b4477c53078db345a367d24aeb82125991d0839d0bde91e?s=96&d=mm&r=g\",\"contentUrl\":\"https:\/\/secure.gravatar.com\/avatar\/f6f234e277517dab0b4477c53078db345a367d24aeb82125991d0839d0bde91e?s=96&d=mm&r=g\",\"caption\":\"Yassin Musharbash\"},\"url\":\"https:\/\/blog.zeit.de\/radikale-ansichten\/author\/ymusharbash\/\"}]}<\/script>\n<!-- \/ Yoast SEO plugin. -->","yoast_head_json":{"title":"Isis-Anh\u00e4nger warnen USA vor Terroranschl\u00e4gen  - Radikale Ansichten","robots":{"index":"index","follow":"follow","max-snippet":"max-snippet:-1","max-image-preview":"max-image-preview:large","max-video-preview":"max-video-preview:-1"},"canonical":"https:\/\/blog.zeit.de\/radikale-ansichten\/2014\/06\/27\/isis-anhaenger-warnen-usa-vor-terroranschlaegen\/","og_locale":"de_DE","og_type":"article","og_title":"Isis-Anh\u00e4nger warnen USA vor Terroranschl\u00e4gen  - Radikale Ansichten","og_description":"Schon mein letzter Blog-Post drehte sich um das Thema Propaganda. Heute m\u00fcssen wir uns aus gegebenem Anlass noch einmal damit befassen. Denn heute ist der &#8222;Freitag der Warnung an das amerikanische Volk&#8220;, den Anh\u00e4nger der Terrorgruppe &#8222;Islamischer Staat im Irak und Gro\u00dfsyrien&#8220; (Isis) ausgerufen haben. Austragungsort ist haupts\u00e4chlich Twitter. Dort haben die Terror-Sympathisanten einen arabischen [&hellip;]","og_url":"https:\/\/blog.zeit.de\/radikale-ansichten\/2014\/06\/27\/isis-anhaenger-warnen-usa-vor-terroranschlaegen\/","og_site_name":"Radikale Ansichten","article_published_time":"2014-06-27T09:50:52+00:00","article_modified_time":"2014-06-27T11:04:51+00:00","author":"Yassin Musharbash","twitter_card":"summary_large_image","twitter_creator":"@zeitonline","twitter_site":"@zeitonline","twitter_misc":{"Geschrieben von":"Yassin Musharbash","Gesch\u00e4tzte Lesezeit":"3\u00a0Minuten"},"schema":{"@context":"https:\/\/schema.org","@graph":[{"@type":"WebPage","@id":"https:\/\/blog.zeit.de\/radikale-ansichten\/2014\/06\/27\/isis-anhaenger-warnen-usa-vor-terroranschlaegen\/","url":"https:\/\/blog.zeit.de\/radikale-ansichten\/2014\/06\/27\/isis-anhaenger-warnen-usa-vor-terroranschlaegen\/","name":"Isis-Anh\u00e4nger warnen USA vor Terroranschl\u00e4gen - Radikale Ansichten","isPartOf":{"@id":"https:\/\/blog.zeit.de\/radikale-ansichten\/#website"},"datePublished":"2014-06-27T09:50:52+00:00","dateModified":"2014-06-27T11:04:51+00:00","author":{"@id":"https:\/\/blog.zeit.de\/radikale-ansichten\/#\/schema\/person\/465bac226337a64c313a8af277552d9f"},"breadcrumb":{"@id":"https:\/\/blog.zeit.de\/radikale-ansichten\/2014\/06\/27\/isis-anhaenger-warnen-usa-vor-terroranschlaegen\/#breadcrumb"},"inLanguage":"de","potentialAction":[{"@type":"ReadAction","target":["https:\/\/blog.zeit.de\/radikale-ansichten\/2014\/06\/27\/isis-anhaenger-warnen-usa-vor-terroranschlaegen\/"]}]},{"@type":"BreadcrumbList","@id":"https:\/\/blog.zeit.de\/radikale-ansichten\/2014\/06\/27\/isis-anhaenger-warnen-usa-vor-terroranschlaegen\/#breadcrumb","itemListElement":[{"@type":"ListItem","position":1,"name":"Startseite","item":"https:\/\/blog.zeit.de\/radikale-ansichten\/"},{"@type":"ListItem","position":2,"name":"Isis-Anh\u00e4nger warnen USA vor Terroranschl\u00e4gen"}]},{"@type":"WebSite","@id":"https:\/\/blog.zeit.de\/radikale-ansichten\/#website","url":"https:\/\/blog.zeit.de\/radikale-ansichten\/","name":"Radikale Ansichten","description":"Ein Blog \u00fcber Islamismus und Islamophobie, Nahost und Neuk\u00f6lln, virtuell und analog","potentialAction":[{"@type":"SearchAction","target":{"@type":"EntryPoint","urlTemplate":"https:\/\/blog.zeit.de\/radikale-ansichten\/?s={search_term_string}"},"query-input":"required name=search_term_string"}],"inLanguage":"de"},{"@type":"Person","@id":"https:\/\/blog.zeit.de\/radikale-ansichten\/#\/schema\/person\/465bac226337a64c313a8af277552d9f","name":"Yassin Musharbash","image":{"@type":"ImageObject","inLanguage":"de","@id":"https:\/\/blog.zeit.de\/radikale-ansichten\/#\/schema\/person\/image\/","url":"https:\/\/secure.gravatar.com\/avatar\/f6f234e277517dab0b4477c53078db345a367d24aeb82125991d0839d0bde91e?s=96&d=mm&r=g","contentUrl":"https:\/\/secure.gravatar.com\/avatar\/f6f234e277517dab0b4477c53078db345a367d24aeb82125991d0839d0bde91e?s=96&d=mm&r=g","caption":"Yassin Musharbash"},"url":"https:\/\/blog.zeit.de\/radikale-ansichten\/author\/ymusharbash\/"}]}},"jetpack_featured_media_url":"","jetpack_sharing_enabled":true,"_links":{"self":[{"href":"https:\/\/blog.zeit.de\/radikale-ansichten\/wp-json\/wp\/v2\/posts\/599","targetHints":{"allow":["GET"]}}],"collection":[{"href":"https:\/\/blog.zeit.de\/radikale-ansichten\/wp-json\/wp\/v2\/posts"}],"about":[{"href":"https:\/\/blog.zeit.de\/radikale-ansichten\/wp-json\/wp\/v2\/types\/post"}],"author":[{"embeddable":true,"href":"https:\/\/blog.zeit.de\/radikale-ansichten\/wp-json\/wp\/v2\/users\/407"}],"replies":[{"embeddable":true,"href":"https:\/\/blog.zeit.de\/radikale-ansichten\/wp-json\/wp\/v2\/comments?post=599"}],"version-history":[{"count":5,"href":"https:\/\/blog.zeit.de\/radikale-ansichten\/wp-json\/wp\/v2\/posts\/599\/revisions"}],"predecessor-version":[{"id":606,"href":"https:\/\/blog.zeit.de\/radikale-ansichten\/wp-json\/wp\/v2\/posts\/599\/revisions\/606"}],"wp:attachment":[{"href":"https:\/\/blog.zeit.de\/radikale-ansichten\/wp-json\/wp\/v2\/media?parent=599"}],"wp:term":[{"taxonomy":"category","embeddable":true,"href":"https:\/\/blog.zeit.de\/radikale-ansichten\/wp-json\/wp\/v2\/categories?post=599"},{"taxonomy":"post_tag","embeddable":true,"href":"https:\/\/blog.zeit.de\/radikale-ansichten\/wp-json\/wp\/v2\/tags?post=599"}],"curies":[{"name":"wp","href":"https:\/\/api.w.org\/{rel}","templated":true}]}}