{"id":751,"date":"2015-01-14T12:02:24","date_gmt":"2015-01-14T11:02:24","guid":{"rendered":"http:\/\/blog.zeit.de\/radikale-ansichten\/?p=751"},"modified":"2015-01-27T11:17:27","modified_gmt":"2015-01-27T10:17:27","slug":"bedeutet-das-bekennervideo-von-al-kaida-zum-anschlag-von-paris","status":"publish","type":"post","link":"https:\/\/blog.zeit.de\/radikale-ansichten\/2015\/01\/14\/bedeutet-das-bekennervideo-von-al-kaida-zum-anschlag-von-paris\/","title":{"rendered":"Was bedeutet das Bekennervideo von Al-Kaida zum Anschlag von Paris?"},"content":{"rendered":"<p>Am Mittwochvormittag hat die Filiale des Terrornetzwerks Al-Kaida auf der Arabischen Halbinsel, deren Operationszentrale im Jemen liegt, ein elf Minuten langes Video ver\u00f6ffentlicht. Darin \u00fcbernimmt die Organisation die Verantwortung f\u00fcr den Anschlag auf die Redaktion des franz\u00f6sischen Satiremagazins <em>Charlie Hebdo<\/em> vergangene Woche. Ich habe mir das Video angesehen und die wichtigsten Fragen und Antworten dazu zusammengestellt.<\/p>\n<p><!--more--><\/p>\n<p><b>Ist das Video echt?\u00a0<\/b><\/p>\n<p>Die schwierigste Frage zuerst. Also: Auf dem Video ist ohne Zweifel\u00a0Nasser Ben Ali al-Anassi zu sehen, ein f\u00fchrender AQAP-Kommandeur. Der Inhalt des Videos ist plausibel \u2013 schon am Freitagabend hatte ein AQAP-Mann sich in Tweets zu der Pariser Tat bekannt; die Attent\u00e4ter Said und Ch\u00e9rif Kouachi\u00a0haben zudem ihrerseits behauptet, im Auftrag AQAPs zu handeln. Das Video\u00a0enth\u00e4lt das &#8222;richtige&#8220; Logo, n\u00e4mlich das der AQAP-Propagandaabteilung Al-Malahim. Parallel wurde eine schriftliche Fassung des Textes verbreitet, der inhaltlich identisch ist. Das alles spricht f\u00fcr die Authentizit\u00e4t.<\/p>\n<div class=\"zol_video art_wide vid3988646129001\"><\/div>\n<p>Gegen die Echtheit spricht nichts Gravierendes. Ich bin nur etwas verdutzt, dass das Video\u00a0nicht parallel auch auf den dschihadistischen Internetforen verbreitet wurde, auf denen AQAP und andere dschihadistische Organisationen ihr Material sonst zumindest auch und zeitnah publizieren. Diese Foren sind seit Jahren etabliert und haben in Person\u00a0ihrer Administratoren eine Art eingebauten Filter, der die Wahrscheinlichkeit der Authentizit\u00e4t erh\u00f6ht. In diesem Fall ist das Video bisher (Stand 12 Uhr an diesem Mittwoch) anscheinend lediglich \u00fcber Twitter verbreitet worden. Ich versuche noch herauszufinden, von welchem Account aus die Links als erstes verbreitet wurden. Ein letzter Beweis f\u00fcr die Echtheit steht damit aus. Sie ist aber wahrscheinlich.<\/p>\n<p><strong>Was sagt AQAP?\u00a0<\/strong><\/p>\n<p>Das Video hei\u00dft &#8222;Eine Botschaft betreffend die gesegnete Schlacht von Paris&#8220;. Die wichtigsten Aussagen:<\/p>\n<ul>\n<li>&#8222;Wir stellen gegen\u00fcber der Umma klar, dass diejenige, die das Ziel ausgesucht, den Plan gemacht, die Operation finanziert und den Anf\u00fchrer ernannt hat, die F\u00fchrung dieser Organisation war.&#8220;<\/li>\n<li>&#8222;Die gesegnete Operation wurde ausgef\u00fchrt von zwei Helden des Islams, den Br\u00fcdern Ch\u00e9rif und Said Kouachi.&#8220;<\/li>\n<li>Es gab ein &#8222;Arrangement&#8220; zwischen dem Anf\u00fchrer der &#8222;Operation&#8220; und Anwar al-Awlaki (einem mittlerweile get\u00f6teten AQAP-Kader, der eng mit ausl\u00e4ndischen Freiwilligen zusammenarbeitete und an mehreren Anschlagsversuchen von AQAP im Ausland beteiligt war, YM).<\/li>\n<\/ul>\n<p><strong>Reklamiert\u00a0AQAP nur das Attentat auf <em>Charlie Hebdo<\/em> oder auch die Ermordung der Polizistin und die zweite Geiselnahme?<\/strong><\/p>\n<p>Nur der Anschlag auf die Redaktion ist von dem Bekennervideo gemeint. Ausdr\u00fccklich sagt Al-Anassi, dass der zweite Strang der Pariser Terrortage, n\u00e4mlich die T\u00f6tung einer Polizistin und die Geiselnahme in einem j\u00fcdischen Supermarkt, nur zuf\u00e4lligerweise zeitgleich stattfanden. Den dritten Terroristen, Amedy Koulibaly, der diese Taten beging, nennt er aber auch namentlich und bezeichnet ihn ebenfalls als &#8222;M\u00e4rtyrer&#8220; und &#8222;Mudschahid&#8220;.<\/p>\n<p><strong>Was bedeutet das?\u00a0<\/strong><\/p>\n<p>Das bedeutet vermutlich, dass nur die beiden Kouachi-Br\u00fcder bei AQAP bekannt waren. Nach allem, was wir bisher wissen, kannten die beiden Koulibaly allerdings schon eine ganze Weile. Sie sollen ihn franz\u00f6sischen Medienberichten zufolge um Geld gebeten haben, vermutlich f\u00fcr den Anschlag. Auf die Weise k\u00f6nnte er zum lose koordinierten Mitt\u00e4ter geworden sein. In diesem Zusammenhang ist wichtig, dass Koulibaly seine Tat tats\u00e4chlich nicht f\u00fcr AQAP reklamierte, sondern erkl\u00e4rte, er handle im Namen der Terrorgruppe &#8222;Islamischer Staat&#8220;, die mit Al-Kaida verfeindet ist. Er erkl\u00e4rte allerdings auch, er habe sich mit den Br\u00fcdern abgesprochen. (Eine ausf\u00fchrliche Analyse dieses Zusammenspiels habe ich f\u00fcr die an diesem Donnerstag erscheinende Ausgabe der ZEIT geschrieben.)<\/p>\n<p><strong>Droht AQAP mit weiteren Anschl\u00e4gen?<\/strong><\/p>\n<p>Nur indirekt: Wenn der Prophet weiter beleidigt wird, wollen die Terroristen auch neuerlich Rache nehmen. Auch die &#8222;Todesliste&#8220; aus AQAPs Magazin <em>Inspire<\/em> wird ausdr\u00fccklich erw\u00e4hnt. Darauf stand einer der ermordeten <em>Charlie-Hebdo<\/em>-Zeichner. Sie enth\u00e4lt zudem Namen anderer Mohammed-Karikaturisten, Salman Rushdie steht darauf, sowie weitere missliebige Menschen, die AQAP als Feinde des Islams betrachtet, zum Beispiel den niederl\u00e4ndischen Politiker Geert Wilders.<\/p>\n<p><strong>Wer ist AQAP?\u00a0<\/strong><\/p>\n<p>AQAP ist die schlagkr\u00e4ftigste der Kaida-Filialen, die bereits mehrfach Anschl\u00e4ge im Westen oder auf westliche Ziele unternommen hat und oft nur knapp scheiterte. Sie hat erfahrene Bombenbauer, gute Verbindungen in die Kaida-Zentrale und sichere R\u00fcckzugsr\u00e4ume im Jemen. Sie verf\u00fcgt \u00fcber mehrere Tausend K\u00e4mpfer, und ihr Anf\u00fchrer, Nasir al-Wuhaishi, ist der Stellvertreter des Kaida-Chefs Aiman al-Zawahiri. AQAP ist eher als die Kaida-Zentrale zu planungsintensiven Anschl\u00e4gen im Westen in der Lage.<\/p>\n<p><strong>Gibt es Ungereimtheiten in dem Video?<\/strong><\/p>\n<p>Ja, eine: Bislang hat AQAP kein T\u00e4terwissen offenbart und keine Bilder gezeigt, die man nicht aus der Presse kennen w\u00fcrde. In der Vergangenheit hat AQAP Video- oder Bildmaterial von ausl\u00e4ndischen Freiwilligen verbreitet, um zu beweisen, dass diese im Jemen waren, so wie auch Said Kouachi im Jemen gewesen sein soll. Darauf warte ich, ehrlich gesagt, noch. Gut m\u00f6glich, dass AQAP oder die Kaida-Zentrale, die sicher etwas Strahlkraft abbekommen m\u00f6chte, da noch nachlegen. Falls die Belegbilder dauerhaft ausbleiben, w\u00fcrde ich allm\u00e4hlich beginnen, den Jemen-Aufenthalt Saids infrage zu stellen.<\/p>\n","protected":false},"excerpt":{"rendered":"<p>Am Mittwochvormittag hat die Filiale des Terrornetzwerks Al-Kaida auf der Arabischen Halbinsel, deren Operationszentrale im Jemen liegt, ein elf Minuten langes Video ver\u00f6ffentlicht. Darin \u00fcbernimmt die Organisation die Verantwortung f\u00fcr den Anschlag auf die Redaktion des franz\u00f6sischen Satiremagazins Charlie Hebdo vergangene Woche. Ich habe mir das Video angesehen und die wichtigsten Fragen und Antworten dazu [&hellip;]<\/p>\n","protected":false},"author":407,"featured_media":0,"comment_status":"open","ping_status":"open","sticky":false,"template":"","format":"standard","meta":{"_jetpack_memberships_contains_paid_content":false,"footnotes":""},"categories":[12162,16,82,27792,1354,15398],"tags":[],"class_list":["post-751","post","type-post","status-publish","format-standard","hentry","category-al-kaida","category-allgemein","category-internet","category-isis-2","category-social-media","category-terrorismus"],"yoast_head":"<!-- This site is optimized with the Yoast SEO plugin v21.0 - https:\/\/yoast.com\/wordpress\/plugins\/seo\/ -->\n<title>Was bedeutet das Bekennervideo von Al-Kaida?<\/title>\n<meta name=\"description\" content=\"Die Al-Kaida-Filiale im Jemen bekennt sich zum Anschlag in Paris und droht mit neuer Gewalt. Die wichtigsten Fragen und Antworten dazu\" \/>\n<meta name=\"robots\" content=\"index, follow, max-snippet:-1, max-image-preview:large, max-video-preview:-1\" \/>\n<link rel=\"canonical\" href=\"https:\/\/blog.zeit.de\/radikale-ansichten\/2015\/01\/14\/bedeutet-das-bekennervideo-von-al-kaida-zum-anschlag-von-paris\/\" \/>\n<meta property=\"og:locale\" content=\"de_DE\" \/>\n<meta property=\"og:type\" content=\"article\" \/>\n<meta property=\"og:title\" content=\"Was bedeutet das Bekennervideo von Al-Kaida?\" \/>\n<meta property=\"og:description\" content=\"Die Al-Kaida-Filiale im Jemen bekennt sich zum Anschlag in Paris und droht mit neuer Gewalt. Die wichtigsten Fragen und Antworten dazu\" \/>\n<meta property=\"og:url\" content=\"https:\/\/blog.zeit.de\/radikale-ansichten\/2015\/01\/14\/bedeutet-das-bekennervideo-von-al-kaida-zum-anschlag-von-paris\/\" \/>\n<meta property=\"og:site_name\" content=\"Radikale Ansichten\" \/>\n<meta property=\"article:published_time\" content=\"2015-01-14T11:02:24+00:00\" \/>\n<meta property=\"article:modified_time\" content=\"2015-01-27T10:17:27+00:00\" \/>\n<meta name=\"author\" content=\"Yassin Musharbash\" \/>\n<meta name=\"twitter:card\" content=\"summary_large_image\" \/>\n<meta name=\"twitter:creator\" content=\"@zeitonline\" \/>\n<meta name=\"twitter:site\" content=\"@zeitonline\" \/>\n<meta name=\"twitter:label1\" content=\"Geschrieben von\" \/>\n\t<meta name=\"twitter:data1\" content=\"Yassin Musharbash\" \/>\n\t<meta name=\"twitter:label2\" content=\"Gesch\u00e4tzte Lesezeit\" \/>\n\t<meta name=\"twitter:data2\" content=\"4\u00a0Minuten\" \/>\n<script type=\"application\/ld+json\" class=\"yoast-schema-graph\">{\"@context\":\"https:\/\/schema.org\",\"@graph\":[{\"@type\":\"WebPage\",\"@id\":\"https:\/\/blog.zeit.de\/radikale-ansichten\/2015\/01\/14\/bedeutet-das-bekennervideo-von-al-kaida-zum-anschlag-von-paris\/\",\"url\":\"https:\/\/blog.zeit.de\/radikale-ansichten\/2015\/01\/14\/bedeutet-das-bekennervideo-von-al-kaida-zum-anschlag-von-paris\/\",\"name\":\"Was bedeutet das Bekennervideo von Al-Kaida?\",\"isPartOf\":{\"@id\":\"https:\/\/blog.zeit.de\/radikale-ansichten\/#website\"},\"datePublished\":\"2015-01-14T11:02:24+00:00\",\"dateModified\":\"2015-01-27T10:17:27+00:00\",\"author\":{\"@id\":\"https:\/\/blog.zeit.de\/radikale-ansichten\/#\/schema\/person\/465bac226337a64c313a8af277552d9f\"},\"description\":\"Die Al-Kaida-Filiale im Jemen bekennt sich zum Anschlag in Paris und droht mit neuer Gewalt. Die wichtigsten Fragen und Antworten dazu\",\"breadcrumb\":{\"@id\":\"https:\/\/blog.zeit.de\/radikale-ansichten\/2015\/01\/14\/bedeutet-das-bekennervideo-von-al-kaida-zum-anschlag-von-paris\/#breadcrumb\"},\"inLanguage\":\"de\",\"potentialAction\":[{\"@type\":\"ReadAction\",\"target\":[\"https:\/\/blog.zeit.de\/radikale-ansichten\/2015\/01\/14\/bedeutet-das-bekennervideo-von-al-kaida-zum-anschlag-von-paris\/\"]}]},{\"@type\":\"BreadcrumbList\",\"@id\":\"https:\/\/blog.zeit.de\/radikale-ansichten\/2015\/01\/14\/bedeutet-das-bekennervideo-von-al-kaida-zum-anschlag-von-paris\/#breadcrumb\",\"itemListElement\":[{\"@type\":\"ListItem\",\"position\":1,\"name\":\"Startseite\",\"item\":\"https:\/\/blog.zeit.de\/radikale-ansichten\/\"},{\"@type\":\"ListItem\",\"position\":2,\"name\":\"Was bedeutet das Bekennervideo von Al-Kaida zum Anschlag von Paris?\"}]},{\"@type\":\"WebSite\",\"@id\":\"https:\/\/blog.zeit.de\/radikale-ansichten\/#website\",\"url\":\"https:\/\/blog.zeit.de\/radikale-ansichten\/\",\"name\":\"Radikale Ansichten\",\"description\":\"Ein Blog \u00fcber Islamismus und Islamophobie, Nahost und Neuk\u00f6lln, virtuell und analog\",\"potentialAction\":[{\"@type\":\"SearchAction\",\"target\":{\"@type\":\"EntryPoint\",\"urlTemplate\":\"https:\/\/blog.zeit.de\/radikale-ansichten\/?s={search_term_string}\"},\"query-input\":\"required name=search_term_string\"}],\"inLanguage\":\"de\"},{\"@type\":\"Person\",\"@id\":\"https:\/\/blog.zeit.de\/radikale-ansichten\/#\/schema\/person\/465bac226337a64c313a8af277552d9f\",\"name\":\"Yassin Musharbash\",\"image\":{\"@type\":\"ImageObject\",\"inLanguage\":\"de\",\"@id\":\"https:\/\/blog.zeit.de\/radikale-ansichten\/#\/schema\/person\/image\/\",\"url\":\"https:\/\/secure.gravatar.com\/avatar\/f6f234e277517dab0b4477c53078db345a367d24aeb82125991d0839d0bde91e?s=96&d=mm&r=g\",\"contentUrl\":\"https:\/\/secure.gravatar.com\/avatar\/f6f234e277517dab0b4477c53078db345a367d24aeb82125991d0839d0bde91e?s=96&d=mm&r=g\",\"caption\":\"Yassin Musharbash\"},\"url\":\"https:\/\/blog.zeit.de\/radikale-ansichten\/author\/ymusharbash\/\"}]}<\/script>\n<!-- \/ Yoast SEO plugin. -->","yoast_head_json":{"title":"Was bedeutet das Bekennervideo von Al-Kaida?","description":"Die Al-Kaida-Filiale im Jemen bekennt sich zum Anschlag in Paris und droht mit neuer Gewalt. Die wichtigsten Fragen und Antworten dazu","robots":{"index":"index","follow":"follow","max-snippet":"max-snippet:-1","max-image-preview":"max-image-preview:large","max-video-preview":"max-video-preview:-1"},"canonical":"https:\/\/blog.zeit.de\/radikale-ansichten\/2015\/01\/14\/bedeutet-das-bekennervideo-von-al-kaida-zum-anschlag-von-paris\/","og_locale":"de_DE","og_type":"article","og_title":"Was bedeutet das Bekennervideo von Al-Kaida?","og_description":"Die Al-Kaida-Filiale im Jemen bekennt sich zum Anschlag in Paris und droht mit neuer Gewalt. Die wichtigsten Fragen und Antworten dazu","og_url":"https:\/\/blog.zeit.de\/radikale-ansichten\/2015\/01\/14\/bedeutet-das-bekennervideo-von-al-kaida-zum-anschlag-von-paris\/","og_site_name":"Radikale Ansichten","article_published_time":"2015-01-14T11:02:24+00:00","article_modified_time":"2015-01-27T10:17:27+00:00","author":"Yassin Musharbash","twitter_card":"summary_large_image","twitter_creator":"@zeitonline","twitter_site":"@zeitonline","twitter_misc":{"Geschrieben von":"Yassin Musharbash","Gesch\u00e4tzte Lesezeit":"4\u00a0Minuten"},"schema":{"@context":"https:\/\/schema.org","@graph":[{"@type":"WebPage","@id":"https:\/\/blog.zeit.de\/radikale-ansichten\/2015\/01\/14\/bedeutet-das-bekennervideo-von-al-kaida-zum-anschlag-von-paris\/","url":"https:\/\/blog.zeit.de\/radikale-ansichten\/2015\/01\/14\/bedeutet-das-bekennervideo-von-al-kaida-zum-anschlag-von-paris\/","name":"Was bedeutet das Bekennervideo von Al-Kaida?","isPartOf":{"@id":"https:\/\/blog.zeit.de\/radikale-ansichten\/#website"},"datePublished":"2015-01-14T11:02:24+00:00","dateModified":"2015-01-27T10:17:27+00:00","author":{"@id":"https:\/\/blog.zeit.de\/radikale-ansichten\/#\/schema\/person\/465bac226337a64c313a8af277552d9f"},"description":"Die Al-Kaida-Filiale im Jemen bekennt sich zum Anschlag in Paris und droht mit neuer Gewalt. Die wichtigsten Fragen und Antworten dazu","breadcrumb":{"@id":"https:\/\/blog.zeit.de\/radikale-ansichten\/2015\/01\/14\/bedeutet-das-bekennervideo-von-al-kaida-zum-anschlag-von-paris\/#breadcrumb"},"inLanguage":"de","potentialAction":[{"@type":"ReadAction","target":["https:\/\/blog.zeit.de\/radikale-ansichten\/2015\/01\/14\/bedeutet-das-bekennervideo-von-al-kaida-zum-anschlag-von-paris\/"]}]},{"@type":"BreadcrumbList","@id":"https:\/\/blog.zeit.de\/radikale-ansichten\/2015\/01\/14\/bedeutet-das-bekennervideo-von-al-kaida-zum-anschlag-von-paris\/#breadcrumb","itemListElement":[{"@type":"ListItem","position":1,"name":"Startseite","item":"https:\/\/blog.zeit.de\/radikale-ansichten\/"},{"@type":"ListItem","position":2,"name":"Was bedeutet das Bekennervideo von Al-Kaida zum Anschlag von Paris?"}]},{"@type":"WebSite","@id":"https:\/\/blog.zeit.de\/radikale-ansichten\/#website","url":"https:\/\/blog.zeit.de\/radikale-ansichten\/","name":"Radikale Ansichten","description":"Ein Blog \u00fcber Islamismus und Islamophobie, Nahost und Neuk\u00f6lln, virtuell und analog","potentialAction":[{"@type":"SearchAction","target":{"@type":"EntryPoint","urlTemplate":"https:\/\/blog.zeit.de\/radikale-ansichten\/?s={search_term_string}"},"query-input":"required name=search_term_string"}],"inLanguage":"de"},{"@type":"Person","@id":"https:\/\/blog.zeit.de\/radikale-ansichten\/#\/schema\/person\/465bac226337a64c313a8af277552d9f","name":"Yassin Musharbash","image":{"@type":"ImageObject","inLanguage":"de","@id":"https:\/\/blog.zeit.de\/radikale-ansichten\/#\/schema\/person\/image\/","url":"https:\/\/secure.gravatar.com\/avatar\/f6f234e277517dab0b4477c53078db345a367d24aeb82125991d0839d0bde91e?s=96&d=mm&r=g","contentUrl":"https:\/\/secure.gravatar.com\/avatar\/f6f234e277517dab0b4477c53078db345a367d24aeb82125991d0839d0bde91e?s=96&d=mm&r=g","caption":"Yassin Musharbash"},"url":"https:\/\/blog.zeit.de\/radikale-ansichten\/author\/ymusharbash\/"}]}},"jetpack_featured_media_url":"","jetpack_sharing_enabled":true,"_links":{"self":[{"href":"https:\/\/blog.zeit.de\/radikale-ansichten\/wp-json\/wp\/v2\/posts\/751","targetHints":{"allow":["GET"]}}],"collection":[{"href":"https:\/\/blog.zeit.de\/radikale-ansichten\/wp-json\/wp\/v2\/posts"}],"about":[{"href":"https:\/\/blog.zeit.de\/radikale-ansichten\/wp-json\/wp\/v2\/types\/post"}],"author":[{"embeddable":true,"href":"https:\/\/blog.zeit.de\/radikale-ansichten\/wp-json\/wp\/v2\/users\/407"}],"replies":[{"embeddable":true,"href":"https:\/\/blog.zeit.de\/radikale-ansichten\/wp-json\/wp\/v2\/comments?post=751"}],"version-history":[{"count":7,"href":"https:\/\/blog.zeit.de\/radikale-ansichten\/wp-json\/wp\/v2\/posts\/751\/revisions"}],"predecessor-version":[{"id":783,"href":"https:\/\/blog.zeit.de\/radikale-ansichten\/wp-json\/wp\/v2\/posts\/751\/revisions\/783"}],"wp:attachment":[{"href":"https:\/\/blog.zeit.de\/radikale-ansichten\/wp-json\/wp\/v2\/media?parent=751"}],"wp:term":[{"taxonomy":"category","embeddable":true,"href":"https:\/\/blog.zeit.de\/radikale-ansichten\/wp-json\/wp\/v2\/categories?post=751"},{"taxonomy":"post_tag","embeddable":true,"href":"https:\/\/blog.zeit.de\/radikale-ansichten\/wp-json\/wp\/v2\/tags?post=751"}],"curies":[{"name":"wp","href":"https:\/\/api.w.org\/{rel}","templated":true}]}}