{"id":960,"date":"2015-05-13T10:33:21","date_gmt":"2015-05-13T08:33:21","guid":{"rendered":"http:\/\/blog.zeit.de\/radikale-ansichten\/?p=960"},"modified":"2015-05-13T14:12:12","modified_gmt":"2015-05-13T12:12:12","slug":"eine-nationale-strategie-gegen-extremismus","status":"publish","type":"post","link":"https:\/\/blog.zeit.de\/radikale-ansichten\/2015\/05\/13\/eine-nationale-strategie-gegen-extremismus\/","title":{"rendered":"Eine Nationale Strategie gegen Extremismus"},"content":{"rendered":"<p>Nicht alle Extremisten in Deutschland sind islamistisch motiviert, schlie\u00dflich brennt fast im Wochentakt irgendwo eine geplante Fl\u00fcchtlingsunterkunft, das sind auch Extremisten.<\/p>\n<p>Aber es l\u00e4sst sich nicht bestreiten, dass die Gruppe der islamistischen Extremisten seit einigen Jahren am schnellsten w\u00e4chst. Immerhin rund 700 Islamisten aus Deutschland haben sich derart radikalisiert, dass sie ins Kriegsgebiet in Syrien oder dem Irak ausgereist sind; nicht in jedem Fall, um dort zu k\u00e4mpfen oder zu Terroristen zu werden, aber mindestens mit einer Ideologie im Kopf, die ihre Wiedereingliederung nach der R\u00fcckkehr problematisch macht.<!--more--><\/p>\n<p>Angesichts dieses Ph\u00e4nomens gibt es mittlerweile in Deutschland eine Reihe von Programmen, die sich mit Extremismus-Pr\u00e4vention befassen \u2013 also zum Beispiel versuchen, bei fr\u00fchen Anzeichen einer Radikalisierung den Angeh\u00f6rigen oder Lehrern Mittel und Argumente an die Hand zu geben, um m\u00e4\u00dfigend einzuwirken, solange diese Radikalisierung noch gestoppt werden kann. Oder die sich mit De-Radikalisierung besch\u00e4ftigen \u2013 also damit, jemanden, der sich bereits voll radikalisiert hat, wieder herunterzuholen. <a href=\"http:\/\/www.zeit.de\/2015\/07\/islamismus-dschihad-imam\">Das kann etwa ein junger Mann sein, der schon fast auf dem Weg nach Syrien wa<\/a>r.<\/p>\n<p>Es ist ein schwieriges Gesch\u00e4ft, und ich habe gro\u00dfen Respekt vor einigen der Menschen, die in diesem Bereich arbeiten. Sie m\u00fcssen etwas vom Islam und vom Dschihadismus verstehen, oft auch interkulturelle Kompetenz einbringen, sie m\u00fcssen psychologische Kenntnisse mitbringen \u2013 und ganz oft sehr geduldig mit traumatisierten und verst\u00f6rten Angeh\u00f6rigen umgehen k\u00f6nnen.<\/p>\n<p>In Geld schwimmen diese Initiativen nicht gerade, auch wenn es \u00f6ffentliches Geld gibt. Vor allem aber gibt es viel zu wenige Beratungsstellen \u2013 in manchen Bundesl\u00e4ndern gar keine.<\/p>\n<p>Das ist die Ausgangslage, vor der nun der Stadtstaat Bremen einen ambitionierten Vorschlag an die kommende Innenministerkonferenz Ende Juni in Mainz gemacht hat. Die Bremer wollen daf\u00fcr sorgen, dass Programme zur De-Radikalisierung von Extremisten auf Bundesebene koordiniert werden. In einer Beschlussvorlage f\u00fcr die Innenministerkonferenz der L\u00e4nder (IMK), die ich einsehen konnte, schl\u00e4gt Bremen deshalb vor, \u201eeine Nationale Pr\u00e4ventionsstrategie gegen gewaltbereiten Extremismus (\u2026) mit wissenschaftlicher Begleitung\u201c zu entwickeln. Innerhalb dieses Rahmens sollen die jeweiligen Akteure dann \u201eunter Ber\u00fccksichtigung regionaler Besonderheiten\u201c t\u00e4tig werden. Auch nach dem R\u00fccktritt von Jens B\u00f6hrnsen, so ist zu h\u00f6ren, will Bremen daran festhalten.<\/p>\n<p>Ich bin sehr gespannt, ob die IMK sich den Vorsto\u00df zu eigen macht. Deutschland ist traditionell auch im Sicherheitsbereich f\u00f6deral organisiert. Die L\u00e4nder (und die Landesinnenminister, die anderenfalls ein kleines bisschen weniger wichtig w\u00e4ren) legen darauf gro\u00dfen Wert. Die Unterschiede in den Programmen, die bereits bestehen, sind allerdings nicht unerheblich. Mal beschr\u00e4nkt sich die Rolle des Landes oder der Kommunen im Wesentlichen auf die Finanzierung. In anderen F\u00e4llen gibt es eine organisierte Verkn\u00fcpfung mit dem Verfassungsschutz und der Polizei.<\/p>\n<p>Ich bin kein Verfechter von Einheitlichkeit aus Prinzip. Ich denke aber, dass ein gewisses gemeinsames Ger\u00fcst hilft, voneinander zu lernen. <i>Best Practice<\/i>, hei\u00dft das, glaube ich. Vor allem finde ich jedoch, dass De-Radikalisierung und Pr\u00e4vention mehr Aufmerksamkeit und mehr Ressourcen verdienen, und das geht besser, wenn die Bundesebene ins Spiel kommt. Das Mindeste ist, dass es eine deutschlandweit fl\u00e4chendeckende Versorgung mit Beratungsstellen gibt.<\/p>\n<p>Der Terrorforscher Peter Neumann vom Londoner King&#8217;s College hat in einem Interview mit ZEIT ONLINE im Februar \u00fcbrigens eine \u00e4hnliche Idee vorgeschlagen. Das k\u00f6nnen Sie <a href=\"http:\/\/www.zeit.de\/politik\/ausland\/2015-02\/anti-terror-gipfel-weisses-haus-bilanz\">hier noch einmal nachlesen<\/a>.<\/p>\n<p>PS: Sorry, ich kann es mir einfach nicht verkneifen. Aber in einem Thriller, den ich 2011 geschrieben habe, gibt es einen Bundestagsabgeordneten, dem der neu geschaffene Posten eines Bundesbeauftragten f\u00fcr De-Radikalisierung angeboten wird; ich w\u00fcrde mich ja freuen, wenn es den Posten irgendwann einmal wirklich gibt.<\/p>\n","protected":false},"excerpt":{"rendered":"<p>Nicht alle Extremisten in Deutschland sind islamistisch motiviert, schlie\u00dflich brennt fast im Wochentakt irgendwo eine geplante Fl\u00fcchtlingsunterkunft, das sind auch Extremisten. Aber es l\u00e4sst sich nicht bestreiten, dass die Gruppe der islamistischen Extremisten seit einigen Jahren am schnellsten w\u00e4chst. Immerhin rund 700 Islamisten aus Deutschland haben sich derart radikalisiert, dass sie ins Kriegsgebiet in Syrien [&hellip;]<\/p>\n","protected":false},"author":407,"featured_media":0,"comment_status":"open","ping_status":"open","sticky":false,"template":"","format":"standard","meta":{"_jetpack_memberships_contains_paid_content":false,"footnotes":""},"categories":[15779,1621,32211,27787,35366],"tags":[],"class_list":["post-960","post","type-post","status-publish","format-standard","hentry","category-begriffe","category-islamophobie","category-radikalisierung","category-sicherheitsbehorden","category-syrien"],"yoast_head":"<!-- This site is optimized with the Yoast SEO plugin v21.0 - https:\/\/yoast.com\/wordpress\/plugins\/seo\/ -->\n<title>Eine Nationale Strategie gegen Extremismus<\/title>\n<meta name=\"description\" content=\"Das Bundesland Bremen fordert gemeinsame Pr\u00e4ventionsprogramme gegen Extremismus. Was sagt der Bund?\" \/>\n<meta name=\"robots\" content=\"index, follow, max-snippet:-1, max-image-preview:large, max-video-preview:-1\" \/>\n<link rel=\"canonical\" href=\"https:\/\/blog.zeit.de\/radikale-ansichten\/2015\/05\/13\/eine-nationale-strategie-gegen-extremismus\/\" \/>\n<meta property=\"og:locale\" content=\"de_DE\" \/>\n<meta property=\"og:type\" content=\"article\" \/>\n<meta property=\"og:title\" content=\"Eine Nationale Strategie gegen Extremismus\" \/>\n<meta property=\"og:description\" content=\"Das Bundesland Bremen fordert gemeinsame Pr\u00e4ventionsprogramme gegen Extremismus. Was sagt der Bund?\" \/>\n<meta property=\"og:url\" content=\"https:\/\/blog.zeit.de\/radikale-ansichten\/2015\/05\/13\/eine-nationale-strategie-gegen-extremismus\/\" \/>\n<meta property=\"og:site_name\" content=\"Radikale Ansichten\" \/>\n<meta property=\"article:published_time\" content=\"2015-05-13T08:33:21+00:00\" \/>\n<meta property=\"article:modified_time\" content=\"2015-05-13T12:12:12+00:00\" \/>\n<meta name=\"author\" content=\"Yassin Musharbash\" \/>\n<meta name=\"twitter:card\" content=\"summary_large_image\" \/>\n<meta name=\"twitter:creator\" content=\"@zeitonline\" \/>\n<meta name=\"twitter:site\" content=\"@zeitonline\" \/>\n<meta name=\"twitter:label1\" content=\"Geschrieben von\" \/>\n\t<meta name=\"twitter:data1\" content=\"Yassin Musharbash\" \/>\n\t<meta name=\"twitter:label2\" content=\"Gesch\u00e4tzte Lesezeit\" \/>\n\t<meta name=\"twitter:data2\" content=\"3\u00a0Minuten\" \/>\n<script type=\"application\/ld+json\" class=\"yoast-schema-graph\">{\"@context\":\"https:\/\/schema.org\",\"@graph\":[{\"@type\":\"WebPage\",\"@id\":\"https:\/\/blog.zeit.de\/radikale-ansichten\/2015\/05\/13\/eine-nationale-strategie-gegen-extremismus\/\",\"url\":\"https:\/\/blog.zeit.de\/radikale-ansichten\/2015\/05\/13\/eine-nationale-strategie-gegen-extremismus\/\",\"name\":\"Eine Nationale Strategie gegen Extremismus\",\"isPartOf\":{\"@id\":\"https:\/\/blog.zeit.de\/radikale-ansichten\/#website\"},\"datePublished\":\"2015-05-13T08:33:21+00:00\",\"dateModified\":\"2015-05-13T12:12:12+00:00\",\"author\":{\"@id\":\"https:\/\/blog.zeit.de\/radikale-ansichten\/#\/schema\/person\/465bac226337a64c313a8af277552d9f\"},\"description\":\"Das Bundesland Bremen fordert gemeinsame Pr\u00e4ventionsprogramme gegen Extremismus. Was sagt der Bund?\",\"breadcrumb\":{\"@id\":\"https:\/\/blog.zeit.de\/radikale-ansichten\/2015\/05\/13\/eine-nationale-strategie-gegen-extremismus\/#breadcrumb\"},\"inLanguage\":\"de\",\"potentialAction\":[{\"@type\":\"ReadAction\",\"target\":[\"https:\/\/blog.zeit.de\/radikale-ansichten\/2015\/05\/13\/eine-nationale-strategie-gegen-extremismus\/\"]}]},{\"@type\":\"BreadcrumbList\",\"@id\":\"https:\/\/blog.zeit.de\/radikale-ansichten\/2015\/05\/13\/eine-nationale-strategie-gegen-extremismus\/#breadcrumb\",\"itemListElement\":[{\"@type\":\"ListItem\",\"position\":1,\"name\":\"Startseite\",\"item\":\"https:\/\/blog.zeit.de\/radikale-ansichten\/\"},{\"@type\":\"ListItem\",\"position\":2,\"name\":\"Eine Nationale Strategie gegen Extremismus\"}]},{\"@type\":\"WebSite\",\"@id\":\"https:\/\/blog.zeit.de\/radikale-ansichten\/#website\",\"url\":\"https:\/\/blog.zeit.de\/radikale-ansichten\/\",\"name\":\"Radikale Ansichten\",\"description\":\"Ein Blog \u00fcber Islamismus und Islamophobie, Nahost und Neuk\u00f6lln, virtuell und analog\",\"potentialAction\":[{\"@type\":\"SearchAction\",\"target\":{\"@type\":\"EntryPoint\",\"urlTemplate\":\"https:\/\/blog.zeit.de\/radikale-ansichten\/?s={search_term_string}\"},\"query-input\":\"required name=search_term_string\"}],\"inLanguage\":\"de\"},{\"@type\":\"Person\",\"@id\":\"https:\/\/blog.zeit.de\/radikale-ansichten\/#\/schema\/person\/465bac226337a64c313a8af277552d9f\",\"name\":\"Yassin Musharbash\",\"image\":{\"@type\":\"ImageObject\",\"inLanguage\":\"de\",\"@id\":\"https:\/\/blog.zeit.de\/radikale-ansichten\/#\/schema\/person\/image\/\",\"url\":\"https:\/\/secure.gravatar.com\/avatar\/f6f234e277517dab0b4477c53078db345a367d24aeb82125991d0839d0bde91e?s=96&d=mm&r=g\",\"contentUrl\":\"https:\/\/secure.gravatar.com\/avatar\/f6f234e277517dab0b4477c53078db345a367d24aeb82125991d0839d0bde91e?s=96&d=mm&r=g\",\"caption\":\"Yassin Musharbash\"},\"url\":\"https:\/\/blog.zeit.de\/radikale-ansichten\/author\/ymusharbash\/\"}]}<\/script>\n<!-- \/ Yoast SEO plugin. -->","yoast_head_json":{"title":"Eine Nationale Strategie gegen Extremismus","description":"Das Bundesland Bremen fordert gemeinsame Pr\u00e4ventionsprogramme gegen Extremismus. Was sagt der Bund?","robots":{"index":"index","follow":"follow","max-snippet":"max-snippet:-1","max-image-preview":"max-image-preview:large","max-video-preview":"max-video-preview:-1"},"canonical":"https:\/\/blog.zeit.de\/radikale-ansichten\/2015\/05\/13\/eine-nationale-strategie-gegen-extremismus\/","og_locale":"de_DE","og_type":"article","og_title":"Eine Nationale Strategie gegen Extremismus","og_description":"Das Bundesland Bremen fordert gemeinsame Pr\u00e4ventionsprogramme gegen Extremismus. Was sagt der Bund?","og_url":"https:\/\/blog.zeit.de\/radikale-ansichten\/2015\/05\/13\/eine-nationale-strategie-gegen-extremismus\/","og_site_name":"Radikale Ansichten","article_published_time":"2015-05-13T08:33:21+00:00","article_modified_time":"2015-05-13T12:12:12+00:00","author":"Yassin Musharbash","twitter_card":"summary_large_image","twitter_creator":"@zeitonline","twitter_site":"@zeitonline","twitter_misc":{"Geschrieben von":"Yassin Musharbash","Gesch\u00e4tzte Lesezeit":"3\u00a0Minuten"},"schema":{"@context":"https:\/\/schema.org","@graph":[{"@type":"WebPage","@id":"https:\/\/blog.zeit.de\/radikale-ansichten\/2015\/05\/13\/eine-nationale-strategie-gegen-extremismus\/","url":"https:\/\/blog.zeit.de\/radikale-ansichten\/2015\/05\/13\/eine-nationale-strategie-gegen-extremismus\/","name":"Eine Nationale Strategie gegen Extremismus","isPartOf":{"@id":"https:\/\/blog.zeit.de\/radikale-ansichten\/#website"},"datePublished":"2015-05-13T08:33:21+00:00","dateModified":"2015-05-13T12:12:12+00:00","author":{"@id":"https:\/\/blog.zeit.de\/radikale-ansichten\/#\/schema\/person\/465bac226337a64c313a8af277552d9f"},"description":"Das Bundesland Bremen fordert gemeinsame Pr\u00e4ventionsprogramme gegen Extremismus. Was sagt der Bund?","breadcrumb":{"@id":"https:\/\/blog.zeit.de\/radikale-ansichten\/2015\/05\/13\/eine-nationale-strategie-gegen-extremismus\/#breadcrumb"},"inLanguage":"de","potentialAction":[{"@type":"ReadAction","target":["https:\/\/blog.zeit.de\/radikale-ansichten\/2015\/05\/13\/eine-nationale-strategie-gegen-extremismus\/"]}]},{"@type":"BreadcrumbList","@id":"https:\/\/blog.zeit.de\/radikale-ansichten\/2015\/05\/13\/eine-nationale-strategie-gegen-extremismus\/#breadcrumb","itemListElement":[{"@type":"ListItem","position":1,"name":"Startseite","item":"https:\/\/blog.zeit.de\/radikale-ansichten\/"},{"@type":"ListItem","position":2,"name":"Eine Nationale Strategie gegen Extremismus"}]},{"@type":"WebSite","@id":"https:\/\/blog.zeit.de\/radikale-ansichten\/#website","url":"https:\/\/blog.zeit.de\/radikale-ansichten\/","name":"Radikale Ansichten","description":"Ein Blog \u00fcber Islamismus und Islamophobie, Nahost und Neuk\u00f6lln, virtuell und analog","potentialAction":[{"@type":"SearchAction","target":{"@type":"EntryPoint","urlTemplate":"https:\/\/blog.zeit.de\/radikale-ansichten\/?s={search_term_string}"},"query-input":"required name=search_term_string"}],"inLanguage":"de"},{"@type":"Person","@id":"https:\/\/blog.zeit.de\/radikale-ansichten\/#\/schema\/person\/465bac226337a64c313a8af277552d9f","name":"Yassin Musharbash","image":{"@type":"ImageObject","inLanguage":"de","@id":"https:\/\/blog.zeit.de\/radikale-ansichten\/#\/schema\/person\/image\/","url":"https:\/\/secure.gravatar.com\/avatar\/f6f234e277517dab0b4477c53078db345a367d24aeb82125991d0839d0bde91e?s=96&d=mm&r=g","contentUrl":"https:\/\/secure.gravatar.com\/avatar\/f6f234e277517dab0b4477c53078db345a367d24aeb82125991d0839d0bde91e?s=96&d=mm&r=g","caption":"Yassin Musharbash"},"url":"https:\/\/blog.zeit.de\/radikale-ansichten\/author\/ymusharbash\/"}]}},"jetpack_featured_media_url":"","jetpack_sharing_enabled":true,"_links":{"self":[{"href":"https:\/\/blog.zeit.de\/radikale-ansichten\/wp-json\/wp\/v2\/posts\/960","targetHints":{"allow":["GET"]}}],"collection":[{"href":"https:\/\/blog.zeit.de\/radikale-ansichten\/wp-json\/wp\/v2\/posts"}],"about":[{"href":"https:\/\/blog.zeit.de\/radikale-ansichten\/wp-json\/wp\/v2\/types\/post"}],"author":[{"embeddable":true,"href":"https:\/\/blog.zeit.de\/radikale-ansichten\/wp-json\/wp\/v2\/users\/407"}],"replies":[{"embeddable":true,"href":"https:\/\/blog.zeit.de\/radikale-ansichten\/wp-json\/wp\/v2\/comments?post=960"}],"version-history":[{"count":10,"href":"https:\/\/blog.zeit.de\/radikale-ansichten\/wp-json\/wp\/v2\/posts\/960\/revisions"}],"predecessor-version":[{"id":973,"href":"https:\/\/blog.zeit.de\/radikale-ansichten\/wp-json\/wp\/v2\/posts\/960\/revisions\/973"}],"wp:attachment":[{"href":"https:\/\/blog.zeit.de\/radikale-ansichten\/wp-json\/wp\/v2\/media?parent=960"}],"wp:term":[{"taxonomy":"category","embeddable":true,"href":"https:\/\/blog.zeit.de\/radikale-ansichten\/wp-json\/wp\/v2\/categories?post=960"},{"taxonomy":"post_tag","embeddable":true,"href":"https:\/\/blog.zeit.de\/radikale-ansichten\/wp-json\/wp\/v2\/tags?post=960"}],"curies":[{"name":"wp","href":"https:\/\/api.w.org\/{rel}","templated":true}]}}