{"id":23,"date":"2014-04-24T07:08:47","date_gmt":"2014-04-24T05:08:47","guid":{"rendered":"http:\/\/blog.zeit.de\/recht-subversiv\/?p=23"},"modified":"2015-12-17T18:30:27","modified_gmt":"2015-12-17T17:30:27","slug":"menschen-rechte-subversion","status":"publish","type":"post","link":"https:\/\/blog.zeit.de\/recht-subversiv\/2014\/04\/24\/menschen-rechte-subversion\/","title":{"rendered":"Menschen, Rechte, Subversion"},"content":{"rendered":"<p>Die Europ\u00e4er begehen ein andauerndes Verbrechen an denen, die aus vielen unterschiedlichen Gr\u00fcnden nach Europa immigrieren wollen. Ein Verbrechen an Menschen, die jenes Recht in Anspruch nehmen, welches die Europ\u00e4er seit Jahrhunderten selbstverst\u00e4ndlich aus\u00fcben.<\/p>\n<p><!--more--><\/p>\n<p>Schon kurz nach dem letzten gro\u00dfen Sterben vor der italienischen Mittelmeerinsel Lampedusa im vergangenen Herbst war zu bef\u00fcrchten, dass die Aufmerksamkeit der \u00d6ffentlichkeit nicht lange w\u00e4hren w\u00fcrde. Die verantwortlichen Politiker in Europa wissen das und spielen auf Zeit. Und so geschah es leider erneut: <a href=\"http:\/\/www.zeit.de\/politik\/ausland\/2014-01\/eu-fluechtlinge-griechenland\">Am 27. Januar dieses Jahres ertrinken zw\u00f6lf Fl\u00fcchtlinge aus Afghanistan und Syrien<\/a>, als die griechische K\u00fcstenwache ihr Boot abschleppt. Drei Frauen und neun Kinder. <a href=\"http:\/\/www.zeit.de\/gesellschaft\/zeitgeschehen\/2014-02\/fluechtlinge-flucht-ceuta-spanien\">Am 6. Februar kommen 15 afrikanische Fl\u00fcchtlinge bei dem Versuch ums Leben<\/a>, die auf marokkanischem Boden liegende spanische Exklave Ceuta schwimmend zu erreichen. Sie werden von spanischen Grenzsch\u00fctzern mit Gummipatronen beschossen. Einige sterben, weil sie die Geschosse treffen, andere ertrinken. Die Opfer sind zum Teil namentlich bekannt, Ibrahim Ke\u00efta, Armand Debordo Bakayo, Joseph Blaise, Yves Martin Blong, Ousman Kenzo und Oumar Ben Sanda sind unter ihnen.<\/p>\n<p>Seitdem ich mit der ZEIT dar\u00fcber diskutiere, regelm\u00e4\u00dfig auf ZEIT ONLINE zu bloggen, besch\u00e4ftigt mich die Frage, die unsere Arbeit als Anw\u00e4lte und Menschenrechtler t\u00e4glich durchzieht: Mit welchem der vielen Menschenrechtsprobleme der Welt m\u00fcssen wir uns besch\u00e4ftigen? Eigentlich m\u00f6chte ich nicht gewichten, nicht das Problem der einen gegen das der anderen ausspielen, schon gar nicht mich zum Richter aufspielen. Doch faktisch tue ich es nat\u00fcrlich.<\/p>\n<p>Erz\u00e4hle ich also zuerst eine Heldengeschichte? Etwa die \u00fcber den ehemaligen spanischen Richter Baltasar Garz\u00f3n, der j\u00fcngst in Berlin einen Vortrag dar\u00fcber hielt, wie er 1998 die Verhaftung des ehemaligen chilenischen Diktators Pinochet veranlasste? Oder berichte ich von den aktuell stattfindenden Massakern, Vergewaltigungen, Morden in Syrien, Kolumbien, Indien und anderswo? Bediene ich den Voyeurismus und plaudere \u00fcber meinen derzeit wohl bekanntesten Mandanten, Edward Snowden? Soll es nur um die anderen gehen: um Nordkorea oder Kongo, oder m\u00fcssen wir nicht gerade auch den Menschenrechtsverletzungen Einhalt gebieten, die in Deutschland stattfinden oder die von Deutschland und Europa aus verursacht werden? \u00dcber all das und noch vieles mehr werde ich in den n\u00e4chsten Monaten schreiben. Und zwar &#8222;recht subversiv&#8220;. So wird der Titel meiner Kolumne lauten.<\/p>\n<p>Warum dieser Name? Recht und Subversion scheinen sich auszuschlie\u00dfen. Subversion bedeutet umst\u00fcrzen oder umdrehen und wird im heutigen Sprachgebrauch auf Machtverh\u00e4ltnisse bezogen. Es sind genau diese Machtverh\u00e4ltnisse, die oft durch Recht aufrechterhalten werden, etwa wenn das Strafrecht als Repressionsinstrument eingesetzt wird. Doch der Anspruch auf Gleichheit und auf Universalit\u00e4t, der den Menschenrechten innewohnt, birgt auch ein emanzipatorisches Potenzial, das zunehmend genutzt wird, von Anw\u00e4ltinnen und Anw\u00e4lten wie den j\u00fcdischen New Yorkern Peter Weiss und Michael Ratner, von der mexikanischen Feministin Alejandra Ancheita, von der jungen Inderin Isha Khandelwal oder Charles Abrahams aus Kapstadt und von ihren Organisationen auf der ganzen Welt. Auch von ihren K\u00e4mpfen will ich berichten.<\/p>\n<p>Noch wird das Anwaltsbild oft bestimmt durch Darsteller wie Tom Cruise in dem Film <em>Eine Frage der Ehre<\/em>: der nordamerikanische m\u00e4nnliche Wei\u00dfe, der durch seine Genialit\u00e4t und seinen Mut im Gerichtssaal alleine das Unrecht besiegt. So einfach sind die Dinge nat\u00fcrlich nicht. Auch meinen Freunden und Kollegen fehlt h\u00e4ufig der Glaube an die Gerichte, an die Kraft des Rechtsstaats, der gerechte Verh\u00e4ltnisse f\u00fcr alle schafft; es geht ihnen um die Ver\u00e4nderung von ungerechten Strukturen, von Gewaltverh\u00e4ltnissen, in denen viele ohne Zugang zu Nahrung, Wasser, Behausung oder Bildung leben m\u00fcssen, wegen ihrer Hautfarbe oder ihres Geschlechts diskriminiert, vergewaltigt oder gefoltert werden. Zunehmend bedienen sich die Unterdr\u00fcckten selbst des Rechts, um Rechtsverletzungen anzuprangern, innerhalb, aber auch au\u00dferhalb der Gerichte. Sie k\u00e4mpfen darum, Missst\u00e4nde zu skandalisieren und ihr Recht auf Recht durchzusetzen. Sie sp\u00fcren oft am eigenen Leib, wer die Macht aus\u00fcbt, sie wissen um die Paradoxie des Rechts als Instrument der Herrschaft auf der einen und seiner mitunter sch\u00fctzenden Form auf der anderen Seite.<\/p>\n<p>Wir bedienen uns des Rechts, sprechen die Sprache des Rechts, nutzen juristische Verfahren, um an vielen Orten der Welt zur \u00c4nderung der Verh\u00e4ltnisse beizutragen. Eben subversiv zu sein. Davon werde ich jede Woche in meinem Blog berichten.<\/p>\n<p>Griechische und spanische Anw\u00e4lte haben sich \u00fcbrigens des Falles der vor Ceuta und der t\u00fcrkisch-griechischen K\u00fcste ums Leben gekommenen Fl\u00fcchtlinge angenommen. Wir unterst\u00fctzen sie dabei, weil die menschenverachtende europ\u00e4ische Fl\u00fcchtlingspolitik stark von Deutschland bestimmt wird. Gerichtsverfahren gegen Einzelne m\u00f6gen zwar nicht unbedingt Strukturen ver\u00e4ndern, uns nicht davon befreien, auch in Zukunft die Toten an den Au\u00dfengrenzen Europas zu z\u00e4hlen. Doch subversiv zu agieren bedeutet eben nicht, auf den gro\u00dfen Wurf zu warten, sondern im Hier und Jetzt an all diesen finsteren Orten zu intervenieren.<\/p>\n<p><em>Wolfgang Kaleck ist Berliner Rechtsanwalt und Generalsekret\u00e4r des European Center for Constitutional and Human Rights (ECCHR). Kaleck hat sich in den vergangenen Jahren mit Menschenrechtsverletzungen in Argentinien bis Abu Ghraib und Kolumbien bis Philippinen besch\u00e4ftigt; aktuell ist der NSA-Whistleblower Edward Snowden einer seiner Mandanten.<\/em><\/p>\n","protected":false},"excerpt":{"rendered":"<p>Die Europ\u00e4er begehen ein andauerndes Verbrechen an denen, die aus vielen unterschiedlichen Gr\u00fcnden nach Europa immigrieren wollen. Ein Verbrechen an Menschen, die jenes Recht in Anspruch nehmen, welches die Europ\u00e4er seit Jahrhunderten selbstverst\u00e4ndlich aus\u00fcben.<\/p>\n","protected":false},"author":495,"featured_media":0,"comment_status":"open","ping_status":"open","sticky":false,"template":"","format":"standard","meta":{"_jetpack_memberships_contains_paid_content":false,"footnotes":""},"categories":[16],"tags":[31704,10298,31852,27360,26861,9841],"class_list":["post-23","post","type-post","status-publish","format-standard","hentry","category-allgemein","tag-fluechtlinge","tag-lampedusa","tag-menschenrechte","tag-mittelmeer","tag-snowden","tag-syrien"],"yoast_head":"<!-- This site is optimized with the Yoast SEO plugin v21.0 - https:\/\/yoast.com\/wordpress\/plugins\/seo\/ -->\n<title>Recht subversiv - Das Blog \u00fcber Menschenrechtsverletzungen<\/title>\n<meta name=\"description\" content=\"Recht und Subversion geh\u00f6ren f\u00fcr den Menschenrechtler und Snowden-Anwalt Wolfgang Kaleck zusammen. Hier schreibt er \u00fcber seine Arbeit.\" \/>\n<meta name=\"robots\" content=\"index, follow, max-snippet:-1, max-image-preview:large, max-video-preview:-1\" \/>\n<link rel=\"canonical\" href=\"https:\/\/blog.zeit.de\/recht-subversiv\/2014\/04\/24\/menschen-rechte-subversion\/\" \/>\n<meta property=\"og:locale\" content=\"de_DE\" \/>\n<meta property=\"og:type\" content=\"article\" \/>\n<meta property=\"og:title\" content=\"Recht subversiv - Das Blog \u00fcber Menschenrechtsverletzungen\" \/>\n<meta property=\"og:description\" content=\"Recht und Subversion geh\u00f6ren f\u00fcr den Menschenrechtler und Snowden-Anwalt Wolfgang Kaleck zusammen. Hier schreibt er \u00fcber seine Arbeit.\" \/>\n<meta property=\"og:url\" content=\"https:\/\/blog.zeit.de\/recht-subversiv\/2014\/04\/24\/menschen-rechte-subversion\/\" \/>\n<meta property=\"og:site_name\" content=\"Recht subversiv\" \/>\n<meta property=\"article:published_time\" content=\"2014-04-24T05:08:47+00:00\" \/>\n<meta property=\"article:modified_time\" content=\"2015-12-17T17:30:27+00:00\" \/>\n<meta name=\"author\" content=\"Wolfgang Kaleck\" \/>\n<meta name=\"twitter:card\" content=\"summary_large_image\" \/>\n<meta name=\"twitter:creator\" content=\"@zeitonline\" \/>\n<meta name=\"twitter:site\" content=\"@zeitonline\" \/>\n<meta name=\"twitter:label1\" content=\"Geschrieben von\" \/>\n\t<meta name=\"twitter:data1\" content=\"Wolfgang Kaleck\" \/>\n\t<meta name=\"twitter:label2\" content=\"Gesch\u00e4tzte Lesezeit\" \/>\n\t<meta name=\"twitter:data2\" content=\"4\u00a0Minuten\" \/>\n<script type=\"application\/ld+json\" class=\"yoast-schema-graph\">{\"@context\":\"https:\/\/schema.org\",\"@graph\":[{\"@type\":\"WebPage\",\"@id\":\"https:\/\/blog.zeit.de\/recht-subversiv\/2014\/04\/24\/menschen-rechte-subversion\/\",\"url\":\"https:\/\/blog.zeit.de\/recht-subversiv\/2014\/04\/24\/menschen-rechte-subversion\/\",\"name\":\"Recht subversiv - Das Blog \u00fcber Menschenrechtsverletzungen\",\"isPartOf\":{\"@id\":\"https:\/\/blog.zeit.de\/recht-subversiv\/#website\"},\"datePublished\":\"2014-04-24T05:08:47+00:00\",\"dateModified\":\"2015-12-17T17:30:27+00:00\",\"author\":{\"@id\":\"https:\/\/blog.zeit.de\/recht-subversiv\/#\/schema\/person\/c09e933ba5a4c0c2a3c1f596858cfe27\"},\"description\":\"Recht und Subversion geh\u00f6ren f\u00fcr den Menschenrechtler und Snowden-Anwalt Wolfgang Kaleck zusammen. Hier schreibt er \u00fcber seine Arbeit.\",\"breadcrumb\":{\"@id\":\"https:\/\/blog.zeit.de\/recht-subversiv\/2014\/04\/24\/menschen-rechte-subversion\/#breadcrumb\"},\"inLanguage\":\"de\",\"potentialAction\":[{\"@type\":\"ReadAction\",\"target\":[\"https:\/\/blog.zeit.de\/recht-subversiv\/2014\/04\/24\/menschen-rechte-subversion\/\"]}]},{\"@type\":\"BreadcrumbList\",\"@id\":\"https:\/\/blog.zeit.de\/recht-subversiv\/2014\/04\/24\/menschen-rechte-subversion\/#breadcrumb\",\"itemListElement\":[{\"@type\":\"ListItem\",\"position\":1,\"name\":\"Startseite\",\"item\":\"https:\/\/blog.zeit.de\/recht-subversiv\/\"},{\"@type\":\"ListItem\",\"position\":2,\"name\":\"Menschen, Rechte, Subversion\"}]},{\"@type\":\"WebSite\",\"@id\":\"https:\/\/blog.zeit.de\/recht-subversiv\/#website\",\"url\":\"https:\/\/blog.zeit.de\/recht-subversiv\/\",\"name\":\"Recht subversiv\",\"description\":\"Aus der Werkstatt eines Anwalts und Menschenrechtlers\",\"potentialAction\":[{\"@type\":\"SearchAction\",\"target\":{\"@type\":\"EntryPoint\",\"urlTemplate\":\"https:\/\/blog.zeit.de\/recht-subversiv\/?s={search_term_string}\"},\"query-input\":\"required name=search_term_string\"}],\"inLanguage\":\"de\"},{\"@type\":\"Person\",\"@id\":\"https:\/\/blog.zeit.de\/recht-subversiv\/#\/schema\/person\/c09e933ba5a4c0c2a3c1f596858cfe27\",\"name\":\"Wolfgang Kaleck\",\"image\":{\"@type\":\"ImageObject\",\"inLanguage\":\"de\",\"@id\":\"https:\/\/blog.zeit.de\/recht-subversiv\/#\/schema\/person\/image\/\",\"url\":\"https:\/\/secure.gravatar.com\/avatar\/70e1a93ae9e3cae27053181ad7f08215c24e98c5aab278a71d818a2946883252?s=96&d=blank&r=g\",\"contentUrl\":\"https:\/\/secure.gravatar.com\/avatar\/70e1a93ae9e3cae27053181ad7f08215c24e98c5aab278a71d818a2946883252?s=96&d=blank&r=g\",\"caption\":\"Wolfgang Kaleck\"},\"url\":\"https:\/\/blog.zeit.de\/recht-subversiv\/author\/wkaleck\/\"}]}<\/script>\n<!-- \/ Yoast SEO plugin. -->","yoast_head_json":{"title":"Recht subversiv - Das Blog \u00fcber Menschenrechtsverletzungen","description":"Recht und Subversion geh\u00f6ren f\u00fcr den Menschenrechtler und Snowden-Anwalt Wolfgang Kaleck zusammen. Hier schreibt er \u00fcber seine Arbeit.","robots":{"index":"index","follow":"follow","max-snippet":"max-snippet:-1","max-image-preview":"max-image-preview:large","max-video-preview":"max-video-preview:-1"},"canonical":"https:\/\/blog.zeit.de\/recht-subversiv\/2014\/04\/24\/menschen-rechte-subversion\/","og_locale":"de_DE","og_type":"article","og_title":"Recht subversiv - Das Blog \u00fcber Menschenrechtsverletzungen","og_description":"Recht und Subversion geh\u00f6ren f\u00fcr den Menschenrechtler und Snowden-Anwalt Wolfgang Kaleck zusammen. Hier schreibt er \u00fcber seine Arbeit.","og_url":"https:\/\/blog.zeit.de\/recht-subversiv\/2014\/04\/24\/menschen-rechte-subversion\/","og_site_name":"Recht subversiv","article_published_time":"2014-04-24T05:08:47+00:00","article_modified_time":"2015-12-17T17:30:27+00:00","author":"Wolfgang Kaleck","twitter_card":"summary_large_image","twitter_creator":"@zeitonline","twitter_site":"@zeitonline","twitter_misc":{"Geschrieben von":"Wolfgang Kaleck","Gesch\u00e4tzte Lesezeit":"4\u00a0Minuten"},"schema":{"@context":"https:\/\/schema.org","@graph":[{"@type":"WebPage","@id":"https:\/\/blog.zeit.de\/recht-subversiv\/2014\/04\/24\/menschen-rechte-subversion\/","url":"https:\/\/blog.zeit.de\/recht-subversiv\/2014\/04\/24\/menschen-rechte-subversion\/","name":"Recht subversiv - Das Blog \u00fcber Menschenrechtsverletzungen","isPartOf":{"@id":"https:\/\/blog.zeit.de\/recht-subversiv\/#website"},"datePublished":"2014-04-24T05:08:47+00:00","dateModified":"2015-12-17T17:30:27+00:00","author":{"@id":"https:\/\/blog.zeit.de\/recht-subversiv\/#\/schema\/person\/c09e933ba5a4c0c2a3c1f596858cfe27"},"description":"Recht und Subversion geh\u00f6ren f\u00fcr den Menschenrechtler und Snowden-Anwalt Wolfgang Kaleck zusammen. Hier schreibt er \u00fcber seine Arbeit.","breadcrumb":{"@id":"https:\/\/blog.zeit.de\/recht-subversiv\/2014\/04\/24\/menschen-rechte-subversion\/#breadcrumb"},"inLanguage":"de","potentialAction":[{"@type":"ReadAction","target":["https:\/\/blog.zeit.de\/recht-subversiv\/2014\/04\/24\/menschen-rechte-subversion\/"]}]},{"@type":"BreadcrumbList","@id":"https:\/\/blog.zeit.de\/recht-subversiv\/2014\/04\/24\/menschen-rechte-subversion\/#breadcrumb","itemListElement":[{"@type":"ListItem","position":1,"name":"Startseite","item":"https:\/\/blog.zeit.de\/recht-subversiv\/"},{"@type":"ListItem","position":2,"name":"Menschen, Rechte, Subversion"}]},{"@type":"WebSite","@id":"https:\/\/blog.zeit.de\/recht-subversiv\/#website","url":"https:\/\/blog.zeit.de\/recht-subversiv\/","name":"Recht subversiv","description":"Aus der Werkstatt eines Anwalts und Menschenrechtlers","potentialAction":[{"@type":"SearchAction","target":{"@type":"EntryPoint","urlTemplate":"https:\/\/blog.zeit.de\/recht-subversiv\/?s={search_term_string}"},"query-input":"required name=search_term_string"}],"inLanguage":"de"},{"@type":"Person","@id":"https:\/\/blog.zeit.de\/recht-subversiv\/#\/schema\/person\/c09e933ba5a4c0c2a3c1f596858cfe27","name":"Wolfgang Kaleck","image":{"@type":"ImageObject","inLanguage":"de","@id":"https:\/\/blog.zeit.de\/recht-subversiv\/#\/schema\/person\/image\/","url":"https:\/\/secure.gravatar.com\/avatar\/70e1a93ae9e3cae27053181ad7f08215c24e98c5aab278a71d818a2946883252?s=96&d=blank&r=g","contentUrl":"https:\/\/secure.gravatar.com\/avatar\/70e1a93ae9e3cae27053181ad7f08215c24e98c5aab278a71d818a2946883252?s=96&d=blank&r=g","caption":"Wolfgang Kaleck"},"url":"https:\/\/blog.zeit.de\/recht-subversiv\/author\/wkaleck\/"}]}},"jetpack_featured_media_url":"","jetpack_sharing_enabled":true,"_links":{"self":[{"href":"https:\/\/blog.zeit.de\/recht-subversiv\/wp-json\/wp\/v2\/posts\/23","targetHints":{"allow":["GET"]}}],"collection":[{"href":"https:\/\/blog.zeit.de\/recht-subversiv\/wp-json\/wp\/v2\/posts"}],"about":[{"href":"https:\/\/blog.zeit.de\/recht-subversiv\/wp-json\/wp\/v2\/types\/post"}],"author":[{"embeddable":true,"href":"https:\/\/blog.zeit.de\/recht-subversiv\/wp-json\/wp\/v2\/users\/495"}],"replies":[{"embeddable":true,"href":"https:\/\/blog.zeit.de\/recht-subversiv\/wp-json\/wp\/v2\/comments?post=23"}],"version-history":[{"count":4,"href":"https:\/\/blog.zeit.de\/recht-subversiv\/wp-json\/wp\/v2\/posts\/23\/revisions"}],"predecessor-version":[{"id":742,"href":"https:\/\/blog.zeit.de\/recht-subversiv\/wp-json\/wp\/v2\/posts\/23\/revisions\/742"}],"wp:attachment":[{"href":"https:\/\/blog.zeit.de\/recht-subversiv\/wp-json\/wp\/v2\/media?parent=23"}],"wp:term":[{"taxonomy":"category","embeddable":true,"href":"https:\/\/blog.zeit.de\/recht-subversiv\/wp-json\/wp\/v2\/categories?post=23"},{"taxonomy":"post_tag","embeddable":true,"href":"https:\/\/blog.zeit.de\/recht-subversiv\/wp-json\/wp\/v2\/tags?post=23"}],"curies":[{"name":"wp","href":"https:\/\/api.w.org\/{rel}","templated":true}]}}