{"id":484,"date":"2015-07-23T20:01:02","date_gmt":"2015-07-23T18:01:02","guid":{"rendered":"http:\/\/blog.zeit.de\/recht-subversiv\/?p=484"},"modified":"2015-07-24T10:19:16","modified_gmt":"2015-07-24T08:19:16","slug":"der-pinochet-afrikas","status":"publish","type":"post","link":"https:\/\/blog.zeit.de\/recht-subversiv\/2015\/07\/23\/der-pinochet-afrikas\/","title":{"rendered":"Der Pinochet Afrikas"},"content":{"rendered":"<p>Seit vergangenem Montag muss sich der &#8222;Pinochet Afrikas&#8220;, der Ex-Diktator des Tschad, Hiss\u00e8ne Habr\u00e9, vor einem Sonder-Strafgericht in Senegals Hauptstadt Dakar verantworten. Ihm werden Zehntausende politische Morde und Folterungen w\u00e4hrend seiner achtj\u00e4hrigen Amtszeit in den 1980er Jahren vorgeworfen. Der Prozess ist ein Novum: Erstmals muss sich ein afrikanischer Ex-Staatschef vor einem afrikanischen Gericht f\u00fcr Verbrechen gegen die Menschlichkeit verantworten.<!--more--><\/p>\n<p>In Lateinamerika finden derartige Prozesse seit den 1980ern statt \u2013 die Repressoren von Argentinien (Jorge Videla), Peru (Alberto Fujimori), Uruguay (Juan Mar\u00eda Bordaberry) und Guatemala (Efra\u00edn R\u00edos Montt) wurden verurteilt, gegen Augusto Pinochet wurde in Chile ermittelt.<\/p>\n<p>Die Verhaftung Pinochets am 16. Oktober 1998 in London gab auch Menschenrechtsanw\u00e4lten aus dem Tschad, aus den USA und Frankreich den Impuls, im Namen von knapp 4.500 Habr\u00e9-Opfern Gerechtigkeit zun\u00e4chst vor den Strafgerichten in Afrika und in Belgien zu suchen. Das Weltrechtsprinzip oder Prinzip der universellen Gerichtsbarkeit erlaubt die grenz\u00fcberschreitende Strafverfolgung von Menschheitsverbrechen, wenn im Tatortstaat Straflosigkeit herrscht.<\/p>\n<p>Nach 1998 hatten \u00dcberlebende aus dem Tschad gemeinsam mit ihren Anw\u00e4lten vor allem in Spanien, Belgien, sp\u00e4ter auch in Frankreich, Italien und Deutschland Strafverfahren angestrengt. Da aber in den meisten L\u00e4ndern das Prinzip des fairen Prozesses die Anwesenheit der Angeklagten erfordert und Habr\u00e9 in den Senegal gefl\u00fcchtet war, konzentrierten sich die juristischen Bem\u00fchungen bald vor allem darauf, ihn dort vor Gericht zu stellen. Mehr als f\u00fcnfzehn Jahre lang haben Opfer und Anw\u00e4lte gegen den fehlenden politischen Willen und gegen Korruption gek\u00e4mpft. Jetzt hat die historische Hauptverhandlung begonnen.<\/p>\n<p>Habr\u00e9 setzt vor Gericht auf dieselbe Strategie wie Saddam Hussein oder Slobodan Milo\u0161evi\u0107: Er bestreitet die Zust\u00e4ndigkeit des Gerichts, verbietet seinen Anw\u00e4lten das Erscheinen im Gerichtssaal und l\u00e4sst sich nur mit Polizeigewalt in den Anklagestand zwingen. Doch die Welt von 2015 ist eine andere als die nach dem 2. Weltkrieg: Immer h\u00e4ufiger, wenn auch mitnichten immer, werden Staatsm\u00e4nner und Milit\u00e4rs f\u00fcr ihre Verbrechen belangt. Damit nimmt die Legitimit\u00e4t der nationalen wie der internationalen Gerichte zu. Das Argument <em>tu quoque<\/em> (auch du), also der Einwand, nur die Besiegten w\u00fcrden vor Gericht gestellt, obwohl die Sieger \u00e4hnliche Verbrechen begangen h\u00e4tten, den schon Nazi-Kriegsverbrecher unzutreffend erhoben, geht ins Leere.<\/p>\n<p>Vom ordnungsgem\u00e4\u00dfen Fortgang des Verfahrens h\u00e4ngt vieles ab \u2013 zuvorderst nat\u00fcrlich f\u00fcr die unmittelbar Betroffenen, aber auch f\u00fcr den afrikanischen Kontinent und f\u00fcr die internationale Strafjustiz. Denn wenn es ein senegalesisches Gericht vermag, dem Ex-Diktator eines Nachbarlandes einen fairen Prozess zu machen, k\u00f6nnte dies auch f\u00fcr andere afrikanische Gerichte Signalwirkung haben. Verbrecherische Politiker, die sich \u00fcber eine koloniale und imperiale Weltjustiz beschweren, k\u00f6nnten in ihrem eigenen Land oder in einem Nachbarstaat angeklagt werden. Bis dahin mag noch ein weiter Weg zu gehen sein, doch mit dem Habr\u00e9-Prozess in Dakar ist ein Anfang gemacht.<\/p>\n","protected":false},"excerpt":{"rendered":"<p>Seit vergangenem Montag muss sich der &#8222;Pinochet Afrikas&#8220;, der Ex-Diktator des Tschad, Hiss\u00e8ne Habr\u00e9, vor einem Sonder-Strafgericht in Senegals Hauptstadt Dakar verantworten. Ihm werden Zehntausende politische Morde und Folterungen w\u00e4hrend seiner achtj\u00e4hrigen Amtszeit in den 1980er Jahren vorgeworfen. Der Prozess ist ein Novum: Erstmals muss sich ein afrikanischer Ex-Staatschef vor einem afrikanischen Gericht f\u00fcr Verbrechen [&hellip;]<\/p>\n","protected":false},"author":495,"featured_media":487,"comment_status":"open","ping_status":"open","sticky":false,"template":"","format":"standard","meta":{"_jetpack_memberships_contains_paid_content":false,"footnotes":""},"categories":[16],"tags":[178,31712,31804,180,31805,31801,31800,31802],"class_list":["post-484","post","type-post","status-publish","format-standard","has-post-thumbnail","hentry","category-allgemein","tag-afrika","tag-folter","tag-hissene-habre","tag-internationale-strafjustiz","tag-politische-morde","tag-senegal","tag-tschad","tag-verbrechen-gegen-die-menschlichkeit"],"yoast_head":"<!-- This site is optimized with the Yoast SEO plugin v21.0 - https:\/\/yoast.com\/wordpress\/plugins\/seo\/ -->\n<title>Hiss\u00e8ne Habr\u00e9 \u2013 der Pinochet Afrikas<\/title>\n<meta name=\"description\" content=\"Mit Hiss\u00e8ne Habr\u00e9 steht erstmals ein afrikanischer Ex-Staatschef wegen Verbrechen gegen die Menschlichkeit in Afrika vor Gericht.\" \/>\n<meta name=\"robots\" content=\"index, follow, max-snippet:-1, max-image-preview:large, max-video-preview:-1\" \/>\n<link rel=\"canonical\" href=\"https:\/\/blog.zeit.de\/recht-subversiv\/2015\/07\/23\/der-pinochet-afrikas\/\" \/>\n<meta property=\"og:locale\" content=\"de_DE\" \/>\n<meta property=\"og:type\" content=\"article\" \/>\n<meta property=\"og:title\" content=\"Hiss\u00e8ne Habr\u00e9 \u2013 der Pinochet Afrikas\" \/>\n<meta property=\"og:description\" content=\"Mit Hiss\u00e8ne Habr\u00e9 steht erstmals ein afrikanischer Ex-Staatschef wegen Verbrechen gegen die Menschlichkeit in Afrika vor Gericht.\" \/>\n<meta property=\"og:url\" content=\"https:\/\/blog.zeit.de\/recht-subversiv\/2015\/07\/23\/der-pinochet-afrikas\/\" \/>\n<meta property=\"og:site_name\" content=\"Recht subversiv\" \/>\n<meta property=\"article:published_time\" content=\"2015-07-23T18:01:02+00:00\" \/>\n<meta property=\"article:modified_time\" content=\"2015-07-24T08:19:16+00:00\" \/>\n<meta property=\"og:image\" content=\"https:\/\/blog.zeit.de\/recht-subversiv\/files\/2015\/07\/hissene-habre.jpg\" \/>\n\t<meta property=\"og:image:width\" content=\"580\" \/>\n\t<meta property=\"og:image:height\" content=\"326\" \/>\n\t<meta property=\"og:image:type\" content=\"image\/jpeg\" \/>\n<meta name=\"author\" content=\"Wolfgang Kaleck\" \/>\n<meta name=\"twitter:card\" content=\"summary_large_image\" \/>\n<meta name=\"twitter:image\" content=\"https:\/\/blog.zeit.de\/recht-subversiv\/files\/2015\/07\/hissene-habre.jpg\" \/>\n<meta name=\"twitter:creator\" content=\"@zeitonline\" \/>\n<meta name=\"twitter:site\" content=\"@zeitonline\" \/>\n<meta name=\"twitter:label1\" content=\"Geschrieben von\" \/>\n\t<meta name=\"twitter:data1\" content=\"Wolfgang Kaleck\" \/>\n\t<meta name=\"twitter:label2\" content=\"Gesch\u00e4tzte Lesezeit\" \/>\n\t<meta name=\"twitter:data2\" content=\"2\u00a0Minuten\" \/>\n<script type=\"application\/ld+json\" class=\"yoast-schema-graph\">{\"@context\":\"https:\/\/schema.org\",\"@graph\":[{\"@type\":\"WebPage\",\"@id\":\"https:\/\/blog.zeit.de\/recht-subversiv\/2015\/07\/23\/der-pinochet-afrikas\/\",\"url\":\"https:\/\/blog.zeit.de\/recht-subversiv\/2015\/07\/23\/der-pinochet-afrikas\/\",\"name\":\"Hiss\u00e8ne Habr\u00e9 \u2013 der Pinochet Afrikas\",\"isPartOf\":{\"@id\":\"https:\/\/blog.zeit.de\/recht-subversiv\/#website\"},\"datePublished\":\"2015-07-23T18:01:02+00:00\",\"dateModified\":\"2015-07-24T08:19:16+00:00\",\"author\":{\"@id\":\"https:\/\/blog.zeit.de\/recht-subversiv\/#\/schema\/person\/c09e933ba5a4c0c2a3c1f596858cfe27\"},\"description\":\"Mit Hiss\u00e8ne Habr\u00e9 steht erstmals ein afrikanischer Ex-Staatschef wegen Verbrechen gegen die Menschlichkeit in Afrika vor Gericht.\",\"breadcrumb\":{\"@id\":\"https:\/\/blog.zeit.de\/recht-subversiv\/2015\/07\/23\/der-pinochet-afrikas\/#breadcrumb\"},\"inLanguage\":\"de\",\"potentialAction\":[{\"@type\":\"ReadAction\",\"target\":[\"https:\/\/blog.zeit.de\/recht-subversiv\/2015\/07\/23\/der-pinochet-afrikas\/\"]}]},{\"@type\":\"BreadcrumbList\",\"@id\":\"https:\/\/blog.zeit.de\/recht-subversiv\/2015\/07\/23\/der-pinochet-afrikas\/#breadcrumb\",\"itemListElement\":[{\"@type\":\"ListItem\",\"position\":1,\"name\":\"Startseite\",\"item\":\"https:\/\/blog.zeit.de\/recht-subversiv\/\"},{\"@type\":\"ListItem\",\"position\":2,\"name\":\"Der Pinochet Afrikas\"}]},{\"@type\":\"WebSite\",\"@id\":\"https:\/\/blog.zeit.de\/recht-subversiv\/#website\",\"url\":\"https:\/\/blog.zeit.de\/recht-subversiv\/\",\"name\":\"Recht subversiv\",\"description\":\"Aus der Werkstatt eines Anwalts und Menschenrechtlers\",\"potentialAction\":[{\"@type\":\"SearchAction\",\"target\":{\"@type\":\"EntryPoint\",\"urlTemplate\":\"https:\/\/blog.zeit.de\/recht-subversiv\/?s={search_term_string}\"},\"query-input\":\"required name=search_term_string\"}],\"inLanguage\":\"de\"},{\"@type\":\"Person\",\"@id\":\"https:\/\/blog.zeit.de\/recht-subversiv\/#\/schema\/person\/c09e933ba5a4c0c2a3c1f596858cfe27\",\"name\":\"Wolfgang Kaleck\",\"image\":{\"@type\":\"ImageObject\",\"inLanguage\":\"de\",\"@id\":\"https:\/\/blog.zeit.de\/recht-subversiv\/#\/schema\/person\/image\/\",\"url\":\"https:\/\/secure.gravatar.com\/avatar\/70e1a93ae9e3cae27053181ad7f08215c24e98c5aab278a71d818a2946883252?s=96&d=blank&r=g\",\"contentUrl\":\"https:\/\/secure.gravatar.com\/avatar\/70e1a93ae9e3cae27053181ad7f08215c24e98c5aab278a71d818a2946883252?s=96&d=blank&r=g\",\"caption\":\"Wolfgang Kaleck\"},\"url\":\"https:\/\/blog.zeit.de\/recht-subversiv\/author\/wkaleck\/\"}]}<\/script>\n<!-- \/ Yoast SEO plugin. -->","yoast_head_json":{"title":"Hiss\u00e8ne Habr\u00e9 \u2013 der Pinochet Afrikas","description":"Mit Hiss\u00e8ne Habr\u00e9 steht erstmals ein afrikanischer Ex-Staatschef wegen Verbrechen gegen die Menschlichkeit in Afrika vor Gericht.","robots":{"index":"index","follow":"follow","max-snippet":"max-snippet:-1","max-image-preview":"max-image-preview:large","max-video-preview":"max-video-preview:-1"},"canonical":"https:\/\/blog.zeit.de\/recht-subversiv\/2015\/07\/23\/der-pinochet-afrikas\/","og_locale":"de_DE","og_type":"article","og_title":"Hiss\u00e8ne Habr\u00e9 \u2013 der Pinochet Afrikas","og_description":"Mit Hiss\u00e8ne Habr\u00e9 steht erstmals ein afrikanischer Ex-Staatschef wegen Verbrechen gegen die Menschlichkeit in Afrika vor Gericht.","og_url":"https:\/\/blog.zeit.de\/recht-subversiv\/2015\/07\/23\/der-pinochet-afrikas\/","og_site_name":"Recht subversiv","article_published_time":"2015-07-23T18:01:02+00:00","article_modified_time":"2015-07-24T08:19:16+00:00","og_image":[{"width":580,"height":326,"url":"https:\/\/blog.zeit.de\/recht-subversiv\/files\/2015\/07\/hissene-habre.jpg","type":"image\/jpeg"}],"author":"Wolfgang Kaleck","twitter_card":"summary_large_image","twitter_image":"https:\/\/blog.zeit.de\/recht-subversiv\/files\/2015\/07\/hissene-habre.jpg","twitter_creator":"@zeitonline","twitter_site":"@zeitonline","twitter_misc":{"Geschrieben von":"Wolfgang Kaleck","Gesch\u00e4tzte Lesezeit":"2\u00a0Minuten"},"schema":{"@context":"https:\/\/schema.org","@graph":[{"@type":"WebPage","@id":"https:\/\/blog.zeit.de\/recht-subversiv\/2015\/07\/23\/der-pinochet-afrikas\/","url":"https:\/\/blog.zeit.de\/recht-subversiv\/2015\/07\/23\/der-pinochet-afrikas\/","name":"Hiss\u00e8ne Habr\u00e9 \u2013 der Pinochet Afrikas","isPartOf":{"@id":"https:\/\/blog.zeit.de\/recht-subversiv\/#website"},"datePublished":"2015-07-23T18:01:02+00:00","dateModified":"2015-07-24T08:19:16+00:00","author":{"@id":"https:\/\/blog.zeit.de\/recht-subversiv\/#\/schema\/person\/c09e933ba5a4c0c2a3c1f596858cfe27"},"description":"Mit Hiss\u00e8ne Habr\u00e9 steht erstmals ein afrikanischer Ex-Staatschef wegen Verbrechen gegen die Menschlichkeit in Afrika vor Gericht.","breadcrumb":{"@id":"https:\/\/blog.zeit.de\/recht-subversiv\/2015\/07\/23\/der-pinochet-afrikas\/#breadcrumb"},"inLanguage":"de","potentialAction":[{"@type":"ReadAction","target":["https:\/\/blog.zeit.de\/recht-subversiv\/2015\/07\/23\/der-pinochet-afrikas\/"]}]},{"@type":"BreadcrumbList","@id":"https:\/\/blog.zeit.de\/recht-subversiv\/2015\/07\/23\/der-pinochet-afrikas\/#breadcrumb","itemListElement":[{"@type":"ListItem","position":1,"name":"Startseite","item":"https:\/\/blog.zeit.de\/recht-subversiv\/"},{"@type":"ListItem","position":2,"name":"Der Pinochet Afrikas"}]},{"@type":"WebSite","@id":"https:\/\/blog.zeit.de\/recht-subversiv\/#website","url":"https:\/\/blog.zeit.de\/recht-subversiv\/","name":"Recht subversiv","description":"Aus der Werkstatt eines Anwalts und Menschenrechtlers","potentialAction":[{"@type":"SearchAction","target":{"@type":"EntryPoint","urlTemplate":"https:\/\/blog.zeit.de\/recht-subversiv\/?s={search_term_string}"},"query-input":"required name=search_term_string"}],"inLanguage":"de"},{"@type":"Person","@id":"https:\/\/blog.zeit.de\/recht-subversiv\/#\/schema\/person\/c09e933ba5a4c0c2a3c1f596858cfe27","name":"Wolfgang Kaleck","image":{"@type":"ImageObject","inLanguage":"de","@id":"https:\/\/blog.zeit.de\/recht-subversiv\/#\/schema\/person\/image\/","url":"https:\/\/secure.gravatar.com\/avatar\/70e1a93ae9e3cae27053181ad7f08215c24e98c5aab278a71d818a2946883252?s=96&d=blank&r=g","contentUrl":"https:\/\/secure.gravatar.com\/avatar\/70e1a93ae9e3cae27053181ad7f08215c24e98c5aab278a71d818a2946883252?s=96&d=blank&r=g","caption":"Wolfgang Kaleck"},"url":"https:\/\/blog.zeit.de\/recht-subversiv\/author\/wkaleck\/"}]}},"jetpack_featured_media_url":"https:\/\/blog.zeit.de\/recht-subversiv\/files\/2015\/07\/hissene-habre.jpg","jetpack_sharing_enabled":true,"_links":{"self":[{"href":"https:\/\/blog.zeit.de\/recht-subversiv\/wp-json\/wp\/v2\/posts\/484","targetHints":{"allow":["GET"]}}],"collection":[{"href":"https:\/\/blog.zeit.de\/recht-subversiv\/wp-json\/wp\/v2\/posts"}],"about":[{"href":"https:\/\/blog.zeit.de\/recht-subversiv\/wp-json\/wp\/v2\/types\/post"}],"author":[{"embeddable":true,"href":"https:\/\/blog.zeit.de\/recht-subversiv\/wp-json\/wp\/v2\/users\/495"}],"replies":[{"embeddable":true,"href":"https:\/\/blog.zeit.de\/recht-subversiv\/wp-json\/wp\/v2\/comments?post=484"}],"version-history":[{"count":6,"href":"https:\/\/blog.zeit.de\/recht-subversiv\/wp-json\/wp\/v2\/posts\/484\/revisions"}],"predecessor-version":[{"id":494,"href":"https:\/\/blog.zeit.de\/recht-subversiv\/wp-json\/wp\/v2\/posts\/484\/revisions\/494"}],"wp:featuredmedia":[{"embeddable":true,"href":"https:\/\/blog.zeit.de\/recht-subversiv\/wp-json\/wp\/v2\/media\/487"}],"wp:attachment":[{"href":"https:\/\/blog.zeit.de\/recht-subversiv\/wp-json\/wp\/v2\/media?parent=484"}],"wp:term":[{"taxonomy":"category","embeddable":true,"href":"https:\/\/blog.zeit.de\/recht-subversiv\/wp-json\/wp\/v2\/categories?post=484"},{"taxonomy":"post_tag","embeddable":true,"href":"https:\/\/blog.zeit.de\/recht-subversiv\/wp-json\/wp\/v2\/tags?post=484"}],"curies":[{"name":"wp","href":"https:\/\/api.w.org\/{rel}","templated":true}]}}