{"id":607,"date":"2015-10-08T12:28:29","date_gmt":"2015-10-08T10:28:29","guid":{"rendered":"http:\/\/blog.zeit.de\/recht-subversiv\/?p=607"},"modified":"2015-10-08T14:46:41","modified_gmt":"2015-10-08T12:46:41","slug":"das-grose-schweigen-uber-den-massenmord-in-indonesien","status":"publish","type":"post","link":"https:\/\/blog.zeit.de\/recht-subversiv\/2015\/10\/08\/das-grose-schweigen-uber-den-massenmord-in-indonesien\/","title":{"rendered":"Das gro\u00dfe Schweigen \u00fcber den Massenmord in Indonesien"},"content":{"rendered":"<p>Auf der diesj\u00e4hrigen Frankfurter Buchmesse ist Indonesien Ehrengast. Wie vor f\u00fcnf Jahren, als Argentinien eingeladen war, geht es in verschiedenen literarischen Werken um die verbrecherische Vergangenheit des Landes. Doch w\u00e4hrend die argentinische Gesellschaft sich inzwischen auf vielen Ebenen mit dem Unrecht der Milit\u00e4rdiktatur von 1976 bis 1983 auseinandersetzt <em>und<\/em> dort zudem Strafprozesse gegen die Verantwortlichen stattfinden, steht diese rechtliche Aufarbeitung in Indonesien eher am Anfang.<!--more--><\/p>\n<p>Dabei war der Massenmord mit gesch\u00e4tzten 500.000 Toten w\u00e4hrend der Machtergreifung von Generalmajor Haji Mohamed Suharto eines der gr\u00f6\u00dften Verbrechen des 20. Jahrhunderts. Milit\u00e4rs unter dem Kommando des sp\u00e4teren langj\u00e4hrigen Pr\u00e4sidenten Suharto zerst\u00f6rten die millionenstarke kommunistische und Gewerkschaftsbewegung des Landes. Und so ist Indonesien f\u00fcr den Historiker Christian Gerlach ein herausragendes Beispiel f\u00fcr eine \u201eextrem gewaltt\u00e4tige Gesellschaft\u201c, so sein gleichnamiges Buch. Die indonesische Gesellschaft sei eine Formation, \u201ein der verschiedene Bev\u00f6lkerungsgruppen Opfer massiver physischer Gewalt werden, an der sich, im Zusammenwirken mit Staatsorganen, unterschiedliche soziale Gruppen aus einer Vielzahl von Gr\u00fcnden beteiligen\u201c \u2013 weil nicht nur der Staat und das Milit\u00e4r als Akteure wirkten, sondern auch eine landesweite Massenbewegung. Joshua Oppenheimer, Filmregisseur aus den USA, beleuchtet dieses Kapitel in Indonesiens Geschichte in seinen atemberaubenden Dokumentarfilmen <em>The Act of Killing<\/em> und <em>The Look of Silence<\/em> und l\u00e4sst vornehmlich die damaligen T\u00e4ter zu Wort kommen.<\/p>\n<p>Den kapitalistischen L\u00e4ndern des Westens war der antikommunistische Schlag unter Suharto sympathisch, ohne dass sie selbst massiv mitgewirkt h\u00e4tten. Auch Proteste gab es in Europa und den USA kaum und bis heute untersuchen weder nationale noch internationale Beh\u00f6rden oder Tribunale das Massenverbrechen in Indonesien. Gewaltt\u00e4tig blieb der indonesische Staat \u00fcbrigens auch in den Jahrzehnten nach Suhartos Machtergreifung im besetzten Osttimor und ist es bis in die Gegenwart in Westpapua.<\/p>\n<p>Haben sich die Verh\u00e4ltnisse inzwischen ge\u00e4ndert? In der globalisierten Mediengesellschaft bekommen wir die Nachrichten \u00fcber ferne Massaker zumeist zeitnah geliefert, doch die internationalen Reaktionen sind nat\u00fcrlich weiterhin von der jeweiligen politischen Konstellation abh\u00e4ngig: Wer m\u00e4chtige Freunde hat, dem wird eher selten der Prozess gemacht. Auch der Protest, selbst der der Linken, bleibt selektiv \u2013 um nicht zu sagen ignorant, wenn man an die mehr als 40.000 Toten im Jahr 2009 in der Endphase des B\u00fcrgerkrieges in Sri Lanka denkt, f\u00fcr die sich hierzulande bis heute kaum jemand interessiert.<\/p>\n<p>Im Fall Sri Lankas arbeiten immerhin Nichtregierungsorganisationen, auch die meine, an der Ermittlung und rechtlichen Aufarbeitung der Kriegsverbrechen und Verbrechen gegen die Menschlichkeit, f\u00fcr die vor allem die h\u00f6chsten Milit\u00e4rs des Landes ma\u00dfgeblich verantwortlich sind. Und anders als 1965\/1966 in Indonesien machen internationale Stellen, allen voran die Vereinten Nationen, Druck: Nach einer eigenen umfangreichen Untersuchung und rechtlichen Einsch\u00e4tzung forderte das UN-Menschenrechtskommissariat Anfang Oktober die Schaffung eines internationalen Sondertribunals zur Verfolgung der B\u00fcrgerkriegsverbrechen in Sri Lanka. Ob dies allerdings umgesetzt wird, ist fraglich. Denn die Regierung von Pr\u00e4sident Maithripala Sirisena will \u2013 wenig \u00fcberraschend \u2013 die Kontrolle in den H\u00e4nden behalten und nur minimale internationale Einmischung zugestehen. Da Sri Lanka das Statut f\u00fcr den Internationalen Strafgerichtshof in Den Haag nicht unterzeichnet hat, m\u00fcsste der UN-Sicherheitsrat den Fall dorthin \u00fcberweisen, doch das ist politisch ganz offenbar nicht gewollt.<\/p>\n<p>Immerhin ist die sri-lankische Situation Bewegung geraten: Es sind kleine Schritte, aber kein Vergleich zum gro\u00dfen Schweigen \u00fcber den Massenmord in Indonesien. Doch dass im Zeitalter des gesetzlich erheblich verbesserten Menschenrechtsschutzes weiterhin Abertausende Zivilisten ungestraft get\u00f6tet, gefoltert und vergewaltigt werden k\u00f6nnen, ist und bleibt verheerend.<\/p>\n","protected":false},"excerpt":{"rendered":"<p>Auf der diesj\u00e4hrigen Frankfurter Buchmesse ist Indonesien Ehrengast. Wie vor f\u00fcnf Jahren, als Argentinien eingeladen war, geht es in verschiedenen literarischen Werken um die verbrecherische Vergangenheit des Landes. Doch w\u00e4hrend die argentinische Gesellschaft sich inzwischen auf vielen Ebenen mit dem Unrecht der Milit\u00e4rdiktatur von 1976 bis 1983 auseinandersetzt und dort zudem Strafprozesse gegen die Verantwortlichen [&hellip;]<\/p>\n","protected":false},"author":495,"featured_media":609,"comment_status":"open","ping_status":"open","sticky":false,"template":"","format":"standard","meta":{"_jetpack_memberships_contains_paid_content":false,"footnotes":""},"categories":[16],"tags":[2156,15461,31712,1587,31812,370,31852,31710,31739,12311],"class_list":["post-607","post","type-post","status-publish","format-standard","has-post-thumbnail","hentry","category-allgemein","tag-burgerkrieg","tag-diktatur","tag-folter","tag-gewalt","tag-haji-mohamed-suharto","tag-indonesien","tag-menschenrechte","tag-militaerdiktatur","tag-sri-lanka","tag-vereinte-nationen"],"yoast_head":"<!-- This site is optimized with the Yoast SEO plugin v21.0 - https:\/\/yoast.com\/wordpress\/plugins\/seo\/ -->\n<title>Das gro\u00dfe Schweigen \u00fcber den Massenmord in Indonesien<\/title>\n<meta name=\"description\" content=\"Literarisch wird die verbrecherische Vergangenheit Indonesiens beleuchtet, rechtlich steht die Aufarbeitung des Massenmords noch am Anfang.\" \/>\n<meta name=\"robots\" content=\"index, follow, max-snippet:-1, max-image-preview:large, max-video-preview:-1\" \/>\n<link rel=\"canonical\" href=\"https:\/\/blog.zeit.de\/recht-subversiv\/2015\/10\/08\/das-grose-schweigen-uber-den-massenmord-in-indonesien\/\" \/>\n<meta property=\"og:locale\" content=\"de_DE\" \/>\n<meta property=\"og:type\" content=\"article\" \/>\n<meta property=\"og:title\" content=\"Das gro\u00dfe Schweigen \u00fcber den Massenmord in Indonesien\" \/>\n<meta property=\"og:description\" content=\"Literarisch wird die verbrecherische Vergangenheit Indonesiens beleuchtet, rechtlich steht die Aufarbeitung des Massenmords noch am Anfang.\" \/>\n<meta property=\"og:url\" content=\"https:\/\/blog.zeit.de\/recht-subversiv\/2015\/10\/08\/das-grose-schweigen-uber-den-massenmord-in-indonesien\/\" \/>\n<meta property=\"og:site_name\" content=\"Recht subversiv\" \/>\n<meta property=\"article:published_time\" content=\"2015-10-08T10:28:29+00:00\" \/>\n<meta property=\"article:modified_time\" content=\"2015-10-08T12:46:41+00:00\" \/>\n<meta property=\"og:image\" content=\"https:\/\/blog.zeit.de\/recht-subversiv\/files\/2015\/10\/GettyImages-57643400.jpg\" \/>\n\t<meta property=\"og:image:width\" content=\"2500\" \/>\n\t<meta property=\"og:image:height\" content=\"1759\" \/>\n\t<meta property=\"og:image:type\" content=\"image\/jpeg\" \/>\n<meta name=\"author\" content=\"Wolfgang Kaleck\" \/>\n<meta name=\"twitter:card\" content=\"summary_large_image\" \/>\n<meta name=\"twitter:creator\" content=\"@zeitonline\" \/>\n<meta name=\"twitter:site\" content=\"@zeitonline\" \/>\n<meta name=\"twitter:label1\" content=\"Geschrieben von\" \/>\n\t<meta name=\"twitter:data1\" content=\"Wolfgang Kaleck\" \/>\n\t<meta name=\"twitter:label2\" content=\"Gesch\u00e4tzte Lesezeit\" \/>\n\t<meta name=\"twitter:data2\" content=\"3\u00a0Minuten\" \/>\n<script type=\"application\/ld+json\" class=\"yoast-schema-graph\">{\"@context\":\"https:\/\/schema.org\",\"@graph\":[{\"@type\":\"WebPage\",\"@id\":\"https:\/\/blog.zeit.de\/recht-subversiv\/2015\/10\/08\/das-grose-schweigen-uber-den-massenmord-in-indonesien\/\",\"url\":\"https:\/\/blog.zeit.de\/recht-subversiv\/2015\/10\/08\/das-grose-schweigen-uber-den-massenmord-in-indonesien\/\",\"name\":\"Das gro\u00dfe Schweigen \u00fcber den Massenmord in Indonesien\",\"isPartOf\":{\"@id\":\"https:\/\/blog.zeit.de\/recht-subversiv\/#website\"},\"datePublished\":\"2015-10-08T10:28:29+00:00\",\"dateModified\":\"2015-10-08T12:46:41+00:00\",\"author\":{\"@id\":\"https:\/\/blog.zeit.de\/recht-subversiv\/#\/schema\/person\/c09e933ba5a4c0c2a3c1f596858cfe27\"},\"description\":\"Literarisch wird die verbrecherische Vergangenheit Indonesiens beleuchtet, rechtlich steht die Aufarbeitung des Massenmords noch am Anfang.\",\"breadcrumb\":{\"@id\":\"https:\/\/blog.zeit.de\/recht-subversiv\/2015\/10\/08\/das-grose-schweigen-uber-den-massenmord-in-indonesien\/#breadcrumb\"},\"inLanguage\":\"de\",\"potentialAction\":[{\"@type\":\"ReadAction\",\"target\":[\"https:\/\/blog.zeit.de\/recht-subversiv\/2015\/10\/08\/das-grose-schweigen-uber-den-massenmord-in-indonesien\/\"]}]},{\"@type\":\"BreadcrumbList\",\"@id\":\"https:\/\/blog.zeit.de\/recht-subversiv\/2015\/10\/08\/das-grose-schweigen-uber-den-massenmord-in-indonesien\/#breadcrumb\",\"itemListElement\":[{\"@type\":\"ListItem\",\"position\":1,\"name\":\"Startseite\",\"item\":\"https:\/\/blog.zeit.de\/recht-subversiv\/\"},{\"@type\":\"ListItem\",\"position\":2,\"name\":\"Das gro\u00dfe Schweigen \u00fcber den Massenmord in Indonesien\"}]},{\"@type\":\"WebSite\",\"@id\":\"https:\/\/blog.zeit.de\/recht-subversiv\/#website\",\"url\":\"https:\/\/blog.zeit.de\/recht-subversiv\/\",\"name\":\"Recht subversiv\",\"description\":\"Aus der Werkstatt eines Anwalts und Menschenrechtlers\",\"potentialAction\":[{\"@type\":\"SearchAction\",\"target\":{\"@type\":\"EntryPoint\",\"urlTemplate\":\"https:\/\/blog.zeit.de\/recht-subversiv\/?s={search_term_string}\"},\"query-input\":\"required name=search_term_string\"}],\"inLanguage\":\"de\"},{\"@type\":\"Person\",\"@id\":\"https:\/\/blog.zeit.de\/recht-subversiv\/#\/schema\/person\/c09e933ba5a4c0c2a3c1f596858cfe27\",\"name\":\"Wolfgang Kaleck\",\"image\":{\"@type\":\"ImageObject\",\"inLanguage\":\"de\",\"@id\":\"https:\/\/blog.zeit.de\/recht-subversiv\/#\/schema\/person\/image\/\",\"url\":\"https:\/\/secure.gravatar.com\/avatar\/70e1a93ae9e3cae27053181ad7f08215c24e98c5aab278a71d818a2946883252?s=96&d=blank&r=g\",\"contentUrl\":\"https:\/\/secure.gravatar.com\/avatar\/70e1a93ae9e3cae27053181ad7f08215c24e98c5aab278a71d818a2946883252?s=96&d=blank&r=g\",\"caption\":\"Wolfgang Kaleck\"},\"url\":\"https:\/\/blog.zeit.de\/recht-subversiv\/author\/wkaleck\/\"}]}<\/script>\n<!-- \/ Yoast SEO plugin. -->","yoast_head_json":{"title":"Das gro\u00dfe Schweigen \u00fcber den Massenmord in Indonesien","description":"Literarisch wird die verbrecherische Vergangenheit Indonesiens beleuchtet, rechtlich steht die Aufarbeitung des Massenmords noch am Anfang.","robots":{"index":"index","follow":"follow","max-snippet":"max-snippet:-1","max-image-preview":"max-image-preview:large","max-video-preview":"max-video-preview:-1"},"canonical":"https:\/\/blog.zeit.de\/recht-subversiv\/2015\/10\/08\/das-grose-schweigen-uber-den-massenmord-in-indonesien\/","og_locale":"de_DE","og_type":"article","og_title":"Das gro\u00dfe Schweigen \u00fcber den Massenmord in Indonesien","og_description":"Literarisch wird die verbrecherische Vergangenheit Indonesiens beleuchtet, rechtlich steht die Aufarbeitung des Massenmords noch am Anfang.","og_url":"https:\/\/blog.zeit.de\/recht-subversiv\/2015\/10\/08\/das-grose-schweigen-uber-den-massenmord-in-indonesien\/","og_site_name":"Recht subversiv","article_published_time":"2015-10-08T10:28:29+00:00","article_modified_time":"2015-10-08T12:46:41+00:00","og_image":[{"width":2500,"height":1759,"url":"https:\/\/blog.zeit.de\/recht-subversiv\/files\/2015\/10\/GettyImages-57643400.jpg","type":"image\/jpeg"}],"author":"Wolfgang Kaleck","twitter_card":"summary_large_image","twitter_creator":"@zeitonline","twitter_site":"@zeitonline","twitter_misc":{"Geschrieben von":"Wolfgang Kaleck","Gesch\u00e4tzte Lesezeit":"3\u00a0Minuten"},"schema":{"@context":"https:\/\/schema.org","@graph":[{"@type":"WebPage","@id":"https:\/\/blog.zeit.de\/recht-subversiv\/2015\/10\/08\/das-grose-schweigen-uber-den-massenmord-in-indonesien\/","url":"https:\/\/blog.zeit.de\/recht-subversiv\/2015\/10\/08\/das-grose-schweigen-uber-den-massenmord-in-indonesien\/","name":"Das gro\u00dfe Schweigen \u00fcber den Massenmord in Indonesien","isPartOf":{"@id":"https:\/\/blog.zeit.de\/recht-subversiv\/#website"},"datePublished":"2015-10-08T10:28:29+00:00","dateModified":"2015-10-08T12:46:41+00:00","author":{"@id":"https:\/\/blog.zeit.de\/recht-subversiv\/#\/schema\/person\/c09e933ba5a4c0c2a3c1f596858cfe27"},"description":"Literarisch wird die verbrecherische Vergangenheit Indonesiens beleuchtet, rechtlich steht die Aufarbeitung des Massenmords noch am Anfang.","breadcrumb":{"@id":"https:\/\/blog.zeit.de\/recht-subversiv\/2015\/10\/08\/das-grose-schweigen-uber-den-massenmord-in-indonesien\/#breadcrumb"},"inLanguage":"de","potentialAction":[{"@type":"ReadAction","target":["https:\/\/blog.zeit.de\/recht-subversiv\/2015\/10\/08\/das-grose-schweigen-uber-den-massenmord-in-indonesien\/"]}]},{"@type":"BreadcrumbList","@id":"https:\/\/blog.zeit.de\/recht-subversiv\/2015\/10\/08\/das-grose-schweigen-uber-den-massenmord-in-indonesien\/#breadcrumb","itemListElement":[{"@type":"ListItem","position":1,"name":"Startseite","item":"https:\/\/blog.zeit.de\/recht-subversiv\/"},{"@type":"ListItem","position":2,"name":"Das gro\u00dfe Schweigen \u00fcber den Massenmord in Indonesien"}]},{"@type":"WebSite","@id":"https:\/\/blog.zeit.de\/recht-subversiv\/#website","url":"https:\/\/blog.zeit.de\/recht-subversiv\/","name":"Recht subversiv","description":"Aus der Werkstatt eines Anwalts und Menschenrechtlers","potentialAction":[{"@type":"SearchAction","target":{"@type":"EntryPoint","urlTemplate":"https:\/\/blog.zeit.de\/recht-subversiv\/?s={search_term_string}"},"query-input":"required name=search_term_string"}],"inLanguage":"de"},{"@type":"Person","@id":"https:\/\/blog.zeit.de\/recht-subversiv\/#\/schema\/person\/c09e933ba5a4c0c2a3c1f596858cfe27","name":"Wolfgang Kaleck","image":{"@type":"ImageObject","inLanguage":"de","@id":"https:\/\/blog.zeit.de\/recht-subversiv\/#\/schema\/person\/image\/","url":"https:\/\/secure.gravatar.com\/avatar\/70e1a93ae9e3cae27053181ad7f08215c24e98c5aab278a71d818a2946883252?s=96&d=blank&r=g","contentUrl":"https:\/\/secure.gravatar.com\/avatar\/70e1a93ae9e3cae27053181ad7f08215c24e98c5aab278a71d818a2946883252?s=96&d=blank&r=g","caption":"Wolfgang Kaleck"},"url":"https:\/\/blog.zeit.de\/recht-subversiv\/author\/wkaleck\/"}]}},"jetpack_featured_media_url":"https:\/\/blog.zeit.de\/recht-subversiv\/files\/2015\/10\/GettyImages-57643400.jpg","jetpack_sharing_enabled":true,"_links":{"self":[{"href":"https:\/\/blog.zeit.de\/recht-subversiv\/wp-json\/wp\/v2\/posts\/607","targetHints":{"allow":["GET"]}}],"collection":[{"href":"https:\/\/blog.zeit.de\/recht-subversiv\/wp-json\/wp\/v2\/posts"}],"about":[{"href":"https:\/\/blog.zeit.de\/recht-subversiv\/wp-json\/wp\/v2\/types\/post"}],"author":[{"embeddable":true,"href":"https:\/\/blog.zeit.de\/recht-subversiv\/wp-json\/wp\/v2\/users\/495"}],"replies":[{"embeddable":true,"href":"https:\/\/blog.zeit.de\/recht-subversiv\/wp-json\/wp\/v2\/comments?post=607"}],"version-history":[{"count":5,"href":"https:\/\/blog.zeit.de\/recht-subversiv\/wp-json\/wp\/v2\/posts\/607\/revisions"}],"predecessor-version":[{"id":613,"href":"https:\/\/blog.zeit.de\/recht-subversiv\/wp-json\/wp\/v2\/posts\/607\/revisions\/613"}],"wp:featuredmedia":[{"embeddable":true,"href":"https:\/\/blog.zeit.de\/recht-subversiv\/wp-json\/wp\/v2\/media\/609"}],"wp:attachment":[{"href":"https:\/\/blog.zeit.de\/recht-subversiv\/wp-json\/wp\/v2\/media?parent=607"}],"wp:term":[{"taxonomy":"category","embeddable":true,"href":"https:\/\/blog.zeit.de\/recht-subversiv\/wp-json\/wp\/v2\/categories?post=607"},{"taxonomy":"post_tag","embeddable":true,"href":"https:\/\/blog.zeit.de\/recht-subversiv\/wp-json\/wp\/v2\/tags?post=607"}],"curies":[{"name":"wp","href":"https:\/\/api.w.org\/{rel}","templated":true}]}}