{"id":649,"date":"2015-11-12T12:50:23","date_gmt":"2015-11-12T11:50:23","guid":{"rendered":"http:\/\/blog.zeit.de\/recht-subversiv\/?p=649"},"modified":"2015-11-12T14:02:30","modified_gmt":"2015-11-12T13:02:30","slug":"gegen-die-machtigen-rechtsbrecher","status":"publish","type":"post","link":"https:\/\/blog.zeit.de\/recht-subversiv\/2015\/11\/12\/gegen-die-machtigen-rechtsbrecher\/","title":{"rendered":"Gegen die m\u00e4chtigen Rechtsbrecher"},"content":{"rendered":"<p>In wenigen Tagen wird ein gro\u00dfer Rechtsanwalt und pers\u00f6nlicher Freund, Peter Weiss, in New York seinen 90. Geburtstag feiern. 1925 in Wien geboren, floh er 1941 in die Vereinigten Staaten von Amerika und war am Ende des Zweiten Weltkrieges in der US-Armee als Dolmetscher t\u00e4tig. In Fort Hunt bei Washington arbeitete Weiss in einem Gefangenenlager f\u00fcr hochrangige Nazis, wo unter anderem der Raketenforscher Wernher von Braun und der sp\u00e4tere BND-Chef Reinhard von Gehlen inhaftiert waren. Nach Kriegsende war er in Deutschland f\u00fcr die sogenannte OMGUS-Abteilung der US-amerikanischen Besatzungsmacht in Berlin t\u00e4tig. Diese Abteilung befasste sich mit der Entflechtung der gro\u00dfen deutschen Wirtschaftskartelle, die den Nationalsozialismus an die Macht gebracht und unterst\u00fctzt hatten. Weiss befragte unter anderem Herrmann-Josef Abs, den vormaligen Nazibankier und sp\u00e4ter f\u00fchrenden Bankier der BRD. Auch an Vorarbeiten zu den N\u00fcrnberger Nachfolgeprozessen gegen deutsche Wirtschaftsf\u00fchrer war er beteiligt.<\/p>\n<p><!--more-->Als Rechtsanwalt im Nachkriegsamerika besch\u00e4ftige sich Weiss vor allem mit Fragen des Wirtschaftsrechts, engagierte sich aber seit den 1950er Jahren auch als B\u00fcrger- und Menschenrechtsanwalt. Insbesondere war er 1966 einer der Mitbegr\u00fcnder der juristischen B\u00fcrgerrechtsorganisation Center for Constitutional Rights (CCR) in New York. Gemeinsam mit dem Enth\u00fcllungsjournalisten Seymour Hersh beriet er Opfer des Massakers der US-Streitkr\u00e4fte im vietnamesischen My Lai. Immer wieder versuchte Weiss, wenig bekannte Rechtsquellen und internationales Recht zum Nutzen von Betroffenen von Menschenrechtsverletzungen einzusetzen. Als eine seiner historischen Leistungen gilt der Fall Fil\u00e1rtiga gegen Pe\u00f1a-Irala.<\/p>\n<p>Familienangeh\u00f6rige des Folteropfers Joelito Fil\u00e1rtiga aus Paraguay hatten den M\u00f6rder ihres Sohnes, den Polizisten Americo Pe\u00f1a-Irala, in den USA identifiziert. Mithilfe eines Gesetzes von 1789, dem Aliens Tort Claims Act, verklagten Weiss und das CCR den Folterer. Ein New Yorker Gericht verurteilte Pe\u00f1a-Irala in der Berufungsinstanz zu mehr als zehn Millionen US-Dollar Schadensersatz. Sp\u00e4ter war Weiss in den USA dann federf\u00fchrend bei \u00e4hnlichen Schadensersatzverfahren gegen die \u00d6lkonzerne UNOCAL und Shell wegen Menschenrechtsverletzungen in Burma und in Nigeria. Erfolgreich war er auch gemeinsam mit der International Association of Lawyers Against Nuclear Arms (IALANA). Auf deren Initiative stellte der Internationale Gerichtshof in Den Haag 1996 in einem Gutachten fest, dass der Einsatz von Atomwaffen v\u00f6lkerrechtswidrig ist.<\/p>\n<p>Gemeinsam mit Weiss und dem CCR versuchte ich als Rechtsanwalt 2004 und 2006 den damaligen US-Verteidigungsminister Donald Rumsfeld und andere Verantwortliche des US-Foltersystems in Deutschland, Frankreich und in anderen L\u00e4ndern vor Gericht zu bringen. Immer wieder verwies Weiss dabei auf historische Durchbr\u00fcche durch eine innovative Anwendung des Rechts und hielt dies den Skeptikern entgegen, die davor zur\u00fcckscheuten, gegen m\u00e4chtige Rechtsbrecher wie Rumsfeld juristisch vorzugehen.<\/p>\n<p>Heute ist die Saat von Weiss aufgegangen: \u00dcberall auf der Welt folgen Anw\u00e4ltinnen und Anw\u00e4lte seinem Beispiel, sie k\u00e4mpfen gemeinsam mit lokalen sozialen Bewegungen gegen verbrecherische Unternehmen und nutzen das Weltrechtsprinzip, auch universelle Jurisdiktion genannt, um an vielen Orten gegen Folterer und deren Vorgesetzte zu klagen. Der alte K\u00e4mpfer selbst bleibt ein Optimist: Weiss will bis an Ende seiner Tage f\u00fcr eine atomwaffenfreie Welt streiten.<\/p>\n","protected":false},"excerpt":{"rendered":"<p>In wenigen Tagen wird ein gro\u00dfer Rechtsanwalt und pers\u00f6nlicher Freund, Peter Weiss, in New York seinen 90. Geburtstag feiern. 1925 in Wien geboren, floh er 1941 in die Vereinigten Staaten von Amerika und war am Ende des Zweiten Weltkrieges in der US-Armee als Dolmetscher t\u00e4tig. In Fort Hunt bei Washington arbeitete Weiss in einem Gefangenenlager [&hellip;]<\/p>\n","protected":false},"author":495,"featured_media":0,"comment_status":"open","ping_status":"open","sticky":false,"template":"","format":"standard","meta":{"_jetpack_memberships_contains_paid_content":false,"footnotes":""},"categories":[16],"tags":[],"class_list":["post-649","post","type-post","status-publish","format-standard","hentry","category-allgemein"],"yoast_head":"<!-- This site is optimized with the Yoast SEO plugin v21.0 - https:\/\/yoast.com\/wordpress\/plugins\/seo\/ -->\n<title>Peter Weiss gegen die m\u00e4chtigen Rechtsbrecher<\/title>\n<meta name=\"description\" content=\"Der Rechtsanwalt Peter Weiss wird 90. Lange arbeitete er Nazi-Verbrechen auf.\" \/>\n<meta name=\"robots\" content=\"index, follow, max-snippet:-1, max-image-preview:large, max-video-preview:-1\" \/>\n<link rel=\"canonical\" href=\"https:\/\/blog.zeit.de\/recht-subversiv\/2015\/11\/12\/gegen-die-machtigen-rechtsbrecher\/\" \/>\n<meta property=\"og:locale\" content=\"de_DE\" \/>\n<meta property=\"og:type\" content=\"article\" \/>\n<meta property=\"og:title\" content=\"Peter Weiss gegen die m\u00e4chtigen Rechtsbrecher\" \/>\n<meta property=\"og:description\" content=\"Der Rechtsanwalt Peter Weiss wird 90. Lange arbeitete er Nazi-Verbrechen auf.\" \/>\n<meta property=\"og:url\" content=\"https:\/\/blog.zeit.de\/recht-subversiv\/2015\/11\/12\/gegen-die-machtigen-rechtsbrecher\/\" \/>\n<meta property=\"og:site_name\" content=\"Recht subversiv\" \/>\n<meta property=\"article:published_time\" content=\"2015-11-12T11:50:23+00:00\" \/>\n<meta property=\"article:modified_time\" content=\"2015-11-12T13:02:30+00:00\" \/>\n<meta name=\"author\" content=\"Wolfgang Kaleck\" \/>\n<meta name=\"twitter:card\" content=\"summary_large_image\" \/>\n<meta name=\"twitter:creator\" content=\"@zeitonline\" \/>\n<meta name=\"twitter:site\" content=\"@zeitonline\" \/>\n<meta name=\"twitter:label1\" content=\"Geschrieben von\" \/>\n\t<meta name=\"twitter:data1\" content=\"Wolfgang Kaleck\" \/>\n\t<meta name=\"twitter:label2\" content=\"Gesch\u00e4tzte Lesezeit\" \/>\n\t<meta name=\"twitter:data2\" content=\"3\u00a0Minuten\" \/>\n<script type=\"application\/ld+json\" class=\"yoast-schema-graph\">{\"@context\":\"https:\/\/schema.org\",\"@graph\":[{\"@type\":\"WebPage\",\"@id\":\"https:\/\/blog.zeit.de\/recht-subversiv\/2015\/11\/12\/gegen-die-machtigen-rechtsbrecher\/\",\"url\":\"https:\/\/blog.zeit.de\/recht-subversiv\/2015\/11\/12\/gegen-die-machtigen-rechtsbrecher\/\",\"name\":\"Peter Weiss gegen die m\u00e4chtigen Rechtsbrecher\",\"isPartOf\":{\"@id\":\"https:\/\/blog.zeit.de\/recht-subversiv\/#website\"},\"datePublished\":\"2015-11-12T11:50:23+00:00\",\"dateModified\":\"2015-11-12T13:02:30+00:00\",\"author\":{\"@id\":\"https:\/\/blog.zeit.de\/recht-subversiv\/#\/schema\/person\/c09e933ba5a4c0c2a3c1f596858cfe27\"},\"description\":\"Der Rechtsanwalt Peter Weiss wird 90. Lange arbeitete er Nazi-Verbrechen auf.\",\"breadcrumb\":{\"@id\":\"https:\/\/blog.zeit.de\/recht-subversiv\/2015\/11\/12\/gegen-die-machtigen-rechtsbrecher\/#breadcrumb\"},\"inLanguage\":\"de\",\"potentialAction\":[{\"@type\":\"ReadAction\",\"target\":[\"https:\/\/blog.zeit.de\/recht-subversiv\/2015\/11\/12\/gegen-die-machtigen-rechtsbrecher\/\"]}]},{\"@type\":\"BreadcrumbList\",\"@id\":\"https:\/\/blog.zeit.de\/recht-subversiv\/2015\/11\/12\/gegen-die-machtigen-rechtsbrecher\/#breadcrumb\",\"itemListElement\":[{\"@type\":\"ListItem\",\"position\":1,\"name\":\"Startseite\",\"item\":\"https:\/\/blog.zeit.de\/recht-subversiv\/\"},{\"@type\":\"ListItem\",\"position\":2,\"name\":\"Gegen die m\u00e4chtigen Rechtsbrecher\"}]},{\"@type\":\"WebSite\",\"@id\":\"https:\/\/blog.zeit.de\/recht-subversiv\/#website\",\"url\":\"https:\/\/blog.zeit.de\/recht-subversiv\/\",\"name\":\"Recht subversiv\",\"description\":\"Aus der Werkstatt eines Anwalts und Menschenrechtlers\",\"potentialAction\":[{\"@type\":\"SearchAction\",\"target\":{\"@type\":\"EntryPoint\",\"urlTemplate\":\"https:\/\/blog.zeit.de\/recht-subversiv\/?s={search_term_string}\"},\"query-input\":\"required name=search_term_string\"}],\"inLanguage\":\"de\"},{\"@type\":\"Person\",\"@id\":\"https:\/\/blog.zeit.de\/recht-subversiv\/#\/schema\/person\/c09e933ba5a4c0c2a3c1f596858cfe27\",\"name\":\"Wolfgang Kaleck\",\"image\":{\"@type\":\"ImageObject\",\"inLanguage\":\"de\",\"@id\":\"https:\/\/blog.zeit.de\/recht-subversiv\/#\/schema\/person\/image\/\",\"url\":\"https:\/\/secure.gravatar.com\/avatar\/70e1a93ae9e3cae27053181ad7f08215c24e98c5aab278a71d818a2946883252?s=96&d=blank&r=g\",\"contentUrl\":\"https:\/\/secure.gravatar.com\/avatar\/70e1a93ae9e3cae27053181ad7f08215c24e98c5aab278a71d818a2946883252?s=96&d=blank&r=g\",\"caption\":\"Wolfgang Kaleck\"},\"url\":\"https:\/\/blog.zeit.de\/recht-subversiv\/author\/wkaleck\/\"}]}<\/script>\n<!-- \/ Yoast SEO plugin. -->","yoast_head_json":{"title":"Peter Weiss gegen die m\u00e4chtigen Rechtsbrecher","description":"Der Rechtsanwalt Peter Weiss wird 90. Lange arbeitete er Nazi-Verbrechen auf.","robots":{"index":"index","follow":"follow","max-snippet":"max-snippet:-1","max-image-preview":"max-image-preview:large","max-video-preview":"max-video-preview:-1"},"canonical":"https:\/\/blog.zeit.de\/recht-subversiv\/2015\/11\/12\/gegen-die-machtigen-rechtsbrecher\/","og_locale":"de_DE","og_type":"article","og_title":"Peter Weiss gegen die m\u00e4chtigen Rechtsbrecher","og_description":"Der Rechtsanwalt Peter Weiss wird 90. Lange arbeitete er Nazi-Verbrechen auf.","og_url":"https:\/\/blog.zeit.de\/recht-subversiv\/2015\/11\/12\/gegen-die-machtigen-rechtsbrecher\/","og_site_name":"Recht subversiv","article_published_time":"2015-11-12T11:50:23+00:00","article_modified_time":"2015-11-12T13:02:30+00:00","author":"Wolfgang Kaleck","twitter_card":"summary_large_image","twitter_creator":"@zeitonline","twitter_site":"@zeitonline","twitter_misc":{"Geschrieben von":"Wolfgang Kaleck","Gesch\u00e4tzte Lesezeit":"3\u00a0Minuten"},"schema":{"@context":"https:\/\/schema.org","@graph":[{"@type":"WebPage","@id":"https:\/\/blog.zeit.de\/recht-subversiv\/2015\/11\/12\/gegen-die-machtigen-rechtsbrecher\/","url":"https:\/\/blog.zeit.de\/recht-subversiv\/2015\/11\/12\/gegen-die-machtigen-rechtsbrecher\/","name":"Peter Weiss gegen die m\u00e4chtigen Rechtsbrecher","isPartOf":{"@id":"https:\/\/blog.zeit.de\/recht-subversiv\/#website"},"datePublished":"2015-11-12T11:50:23+00:00","dateModified":"2015-11-12T13:02:30+00:00","author":{"@id":"https:\/\/blog.zeit.de\/recht-subversiv\/#\/schema\/person\/c09e933ba5a4c0c2a3c1f596858cfe27"},"description":"Der Rechtsanwalt Peter Weiss wird 90. Lange arbeitete er Nazi-Verbrechen auf.","breadcrumb":{"@id":"https:\/\/blog.zeit.de\/recht-subversiv\/2015\/11\/12\/gegen-die-machtigen-rechtsbrecher\/#breadcrumb"},"inLanguage":"de","potentialAction":[{"@type":"ReadAction","target":["https:\/\/blog.zeit.de\/recht-subversiv\/2015\/11\/12\/gegen-die-machtigen-rechtsbrecher\/"]}]},{"@type":"BreadcrumbList","@id":"https:\/\/blog.zeit.de\/recht-subversiv\/2015\/11\/12\/gegen-die-machtigen-rechtsbrecher\/#breadcrumb","itemListElement":[{"@type":"ListItem","position":1,"name":"Startseite","item":"https:\/\/blog.zeit.de\/recht-subversiv\/"},{"@type":"ListItem","position":2,"name":"Gegen die m\u00e4chtigen Rechtsbrecher"}]},{"@type":"WebSite","@id":"https:\/\/blog.zeit.de\/recht-subversiv\/#website","url":"https:\/\/blog.zeit.de\/recht-subversiv\/","name":"Recht subversiv","description":"Aus der Werkstatt eines Anwalts und Menschenrechtlers","potentialAction":[{"@type":"SearchAction","target":{"@type":"EntryPoint","urlTemplate":"https:\/\/blog.zeit.de\/recht-subversiv\/?s={search_term_string}"},"query-input":"required name=search_term_string"}],"inLanguage":"de"},{"@type":"Person","@id":"https:\/\/blog.zeit.de\/recht-subversiv\/#\/schema\/person\/c09e933ba5a4c0c2a3c1f596858cfe27","name":"Wolfgang Kaleck","image":{"@type":"ImageObject","inLanguage":"de","@id":"https:\/\/blog.zeit.de\/recht-subversiv\/#\/schema\/person\/image\/","url":"https:\/\/secure.gravatar.com\/avatar\/70e1a93ae9e3cae27053181ad7f08215c24e98c5aab278a71d818a2946883252?s=96&d=blank&r=g","contentUrl":"https:\/\/secure.gravatar.com\/avatar\/70e1a93ae9e3cae27053181ad7f08215c24e98c5aab278a71d818a2946883252?s=96&d=blank&r=g","caption":"Wolfgang Kaleck"},"url":"https:\/\/blog.zeit.de\/recht-subversiv\/author\/wkaleck\/"}]}},"jetpack_featured_media_url":"","jetpack_sharing_enabled":true,"_links":{"self":[{"href":"https:\/\/blog.zeit.de\/recht-subversiv\/wp-json\/wp\/v2\/posts\/649","targetHints":{"allow":["GET"]}}],"collection":[{"href":"https:\/\/blog.zeit.de\/recht-subversiv\/wp-json\/wp\/v2\/posts"}],"about":[{"href":"https:\/\/blog.zeit.de\/recht-subversiv\/wp-json\/wp\/v2\/types\/post"}],"author":[{"embeddable":true,"href":"https:\/\/blog.zeit.de\/recht-subversiv\/wp-json\/wp\/v2\/users\/495"}],"replies":[{"embeddable":true,"href":"https:\/\/blog.zeit.de\/recht-subversiv\/wp-json\/wp\/v2\/comments?post=649"}],"version-history":[{"count":3,"href":"https:\/\/blog.zeit.de\/recht-subversiv\/wp-json\/wp\/v2\/posts\/649\/revisions"}],"predecessor-version":[{"id":652,"href":"https:\/\/blog.zeit.de\/recht-subversiv\/wp-json\/wp\/v2\/posts\/649\/revisions\/652"}],"wp:attachment":[{"href":"https:\/\/blog.zeit.de\/recht-subversiv\/wp-json\/wp\/v2\/media?parent=649"}],"wp:term":[{"taxonomy":"category","embeddable":true,"href":"https:\/\/blog.zeit.de\/recht-subversiv\/wp-json\/wp\/v2\/categories?post=649"},{"taxonomy":"post_tag","embeddable":true,"href":"https:\/\/blog.zeit.de\/recht-subversiv\/wp-json\/wp\/v2\/tags?post=649"}],"curies":[{"name":"wp","href":"https:\/\/api.w.org\/{rel}","templated":true}]}}