{"id":1035,"date":"2008-12-20T12:14:25","date_gmt":"2008-12-20T10:14:25","guid":{"rendered":"http:\/\/blog.zeit.de\/rezeptor\/?p=1035"},"modified":"2008-12-20T12:14:25","modified_gmt":"2008-12-20T10:14:25","slug":"zwiebelsuppe","status":"publish","type":"post","link":"https:\/\/blog.zeit.de\/rezeptor\/2008\/12\/20\/zwiebelsuppe_1035","title":{"rendered":"Zwiebelsuppe"},"content":{"rendered":"<p>Zwiebeln + K\u00e4se + Baguette = Mmmmmmmmh, lecker<\/p>\n<p><!--more--><br \/>\nF\u00fcr Claude Ratinier und Francis Ch\u00e9rasse:<br \/>\n2 gro\u00dfe Zwiebeln<br \/>\n40 g Butter<br \/>\n500 ml Br\u00fche<br \/>\n30 g Speck<br \/>\n100 g Gruy\u00e8re<br \/>\nPortwein<br \/>\nBalsamico<br \/>\nBouquet Garni<br \/>\n&#8211; Thymian<br \/>\n&#8211; Lorbeerblatt<br \/>\n&#8211; Petersilie<br \/>\n&#8211; Karotte<br \/>\n&#8211; Sellerie<br \/>\nSalz<br \/>\nPfeffer<br \/>\n1 Baguette<\/p>\n<p><a href=\"https:\/\/blog.zeit.de\/rezeptor\/files\/2008\/12\/sup06.gif\"><img loading=\"lazy\" decoding=\"async\" class=\"alignleft size-full wp-image-1036\" title=\"sup06\" src=\"https:\/\/blog.zeit.de\/rezeptor\/files\/2008\/12\/sup06.gif\" alt=\"\" width=\"158\" height=\"113\" \/><\/a>Erstmal die Zwiebeln sch\u00e4len, halbieren und in ganz feine Streifen schneiden. In einem gro\u00dfen Topf die Butter bei mittlerer Hitze schmelzen, sie darf heute sogar leicht braun werden. Dann die Zwiebeln dazu und so 20 Minuten lang weich und braun anbraten, ab und zu umr\u00fchren.<\/p>\n<p>In der Zwischenzeit das &#8222;Bouquet Garni&#8220; vorbereiten: Karotte und Sellerie sch\u00e4len und in lange Stifte schneiden und mit Thymian, Lorbeerblatt, und Petersilienst\u00e4ngel in einen Teefilter aus Papier stopfen. Wer keinen Teefilter hat, tut das Zeug irgendwo anders rein oder bindet es klassisch mit einer K\u00fcchenschnur zusammen, hauptsache man kann das B\u00fcndel in der Suppe versenken und sp\u00e4ter wieder easy rausfischen.<\/p>\n<p>Wenn die Zwiebeln gleichm\u00e4\u00dfig mittelbraun sind kann mit je einem Schuss Portwein und Basilico abgel\u00f6scht werden. Eventuelle Bratr\u00fcckst\u00e4nde vom Topfboden m\u00fcssen jetzt mit einem Holzl\u00f6ffel in die Fl\u00fcssigkeit gekratzt werden. Dann die Br\u00fche anleeren, noch den Speck und das Bouquet Garni reinschmeissen, kurz aufkochen, salzen, pfeffern und eine Stunde leise simmernd sich selbst \u00fcberlassen.<\/p>\n<p>Das Kr\u00e4uterb\u00fcndel hat dann seine Schuldigkeit getan, also raus damit und ab in die Biotonne. Den Ofen auf 220 Grad vorheizen und die Suppe in feuerfeste Teller oder Serviersch\u00fcsseln verteilen. Je ein oder zwei Baguettscheiben zu Wasser lassen und mit einem ordentlichen Haufen K\u00e4se bedecken. Der Gruy\u00e8re kann ruhig auch in die Suppe borden.<br \/>\nDann rein in den Ofen bis der K\u00e4se schmilzt und braune, vielleicht auch kleine schwarze Stellen bekommt. Gut ausger\u00fcstete K\u00f6che benutzen jetzt einen Cr\u00e8me Brul\u00e9e Brenner.<\/p>\n<p>Am Schluss bleibt nur noch vor der unglaublich heissen Suppe im gl\u00fchenden Teller zu warnen.<\/p>\n","protected":false},"excerpt":{"rendered":"<p>Zwiebeln + K\u00e4se + Baguette = Mmmmmmmmh, lecker<\/p>\n","protected":false},"author":95,"featured_media":0,"comment_status":"open","ping_status":"closed","sticky":false,"template":"","format":"standard","meta":{"_jetpack_memberships_contains_paid_content":false,"footnotes":""},"categories":[815],"tags":[52,775,778,810],"class_list":["post-1035","post","type-post","status-publish","format-standard","hentry","category-suppenkuche","tag-add-new-tag","tag-deftig","tag-einfach","tag-suppe"],"yoast_head":"<!-- This site is optimized with the Yoast SEO plugin v21.0 - https:\/\/yoast.com\/wordpress\/plugins\/seo\/ -->\n<title>Zwiebelsuppe - Rezeptor<\/title>\n<meta name=\"robots\" content=\"index, follow, max-snippet:-1, max-image-preview:large, max-video-preview:-1\" \/>\n<link rel=\"canonical\" href=\"https:\/\/blog.zeit.de\/rezeptor\/2008\/12\/20\/zwiebelsuppe_1035\" \/>\n<meta property=\"og:locale\" content=\"de_DE\" \/>\n<meta property=\"og:type\" content=\"article\" \/>\n<meta property=\"og:title\" content=\"Zwiebelsuppe - Rezeptor\" \/>\n<meta property=\"og:description\" content=\"Zwiebeln + K\u00e4se + Baguette = Mmmmmmmmh, lecker\" \/>\n<meta property=\"og:url\" content=\"https:\/\/blog.zeit.de\/rezeptor\/2008\/12\/20\/zwiebelsuppe_1035\" \/>\n<meta property=\"og:site_name\" content=\"Rezeptor\" \/>\n<meta property=\"article:published_time\" content=\"2008-12-20T10:14:25+00:00\" \/>\n<meta property=\"og:image\" content=\"https:\/\/blog.zeit.de\/rezeptor\/files\/2008\/12\/sup06.gif\" \/>\n<meta name=\"author\" content=\"Thorsten Lange\" \/>\n<meta name=\"twitter:card\" content=\"summary_large_image\" \/>\n<meta name=\"twitter:label1\" content=\"Geschrieben von\" \/>\n\t<meta name=\"twitter:data1\" content=\"Thorsten Lange\" \/>\n\t<meta name=\"twitter:label2\" content=\"Gesch\u00e4tzte Lesezeit\" \/>\n\t<meta name=\"twitter:data2\" content=\"2\u00a0Minuten\" \/>\n<script type=\"application\/ld+json\" class=\"yoast-schema-graph\">{\"@context\":\"https:\/\/schema.org\",\"@graph\":[{\"@type\":\"WebPage\",\"@id\":\"https:\/\/blog.zeit.de\/rezeptor\/2008\/12\/20\/zwiebelsuppe_1035\",\"url\":\"https:\/\/blog.zeit.de\/rezeptor\/2008\/12\/20\/zwiebelsuppe_1035\",\"name\":\"Zwiebelsuppe - Rezeptor\",\"isPartOf\":{\"@id\":\"https:\/\/blog.zeit.de\/rezeptor\/#website\"},\"datePublished\":\"2008-12-20T10:14:25+00:00\",\"dateModified\":\"2008-12-20T10:14:25+00:00\",\"author\":{\"@id\":\"https:\/\/blog.zeit.de\/rezeptor\/#\/schema\/person\/c4f0408ea5996c729d4493413dabb0ba\"},\"breadcrumb\":{\"@id\":\"https:\/\/blog.zeit.de\/rezeptor\/2008\/12\/20\/zwiebelsuppe_1035#breadcrumb\"},\"inLanguage\":\"de\",\"potentialAction\":[{\"@type\":\"ReadAction\",\"target\":[\"https:\/\/blog.zeit.de\/rezeptor\/2008\/12\/20\/zwiebelsuppe_1035\"]}]},{\"@type\":\"BreadcrumbList\",\"@id\":\"https:\/\/blog.zeit.de\/rezeptor\/2008\/12\/20\/zwiebelsuppe_1035#breadcrumb\",\"itemListElement\":[{\"@type\":\"ListItem\",\"position\":1,\"name\":\"Startseite\",\"item\":\"https:\/\/blog.zeit.de\/rezeptor\"},{\"@type\":\"ListItem\",\"position\":2,\"name\":\"Zwiebelsuppe\"}]},{\"@type\":\"WebSite\",\"@id\":\"https:\/\/blog.zeit.de\/rezeptor\/#website\",\"url\":\"https:\/\/blog.zeit.de\/rezeptor\/\",\"name\":\"Rezeptor\",\"description\":\"Das Blog f\u00fcr alltagstaugliches Kochen\",\"potentialAction\":[{\"@type\":\"SearchAction\",\"target\":{\"@type\":\"EntryPoint\",\"urlTemplate\":\"https:\/\/blog.zeit.de\/rezeptor\/?s={search_term_string}\"},\"query-input\":\"required name=search_term_string\"}],\"inLanguage\":\"de\"},{\"@type\":\"Person\",\"@id\":\"https:\/\/blog.zeit.de\/rezeptor\/#\/schema\/person\/c4f0408ea5996c729d4493413dabb0ba\",\"name\":\"Thorsten Lange\",\"image\":{\"@type\":\"ImageObject\",\"inLanguage\":\"de\",\"@id\":\"https:\/\/blog.zeit.de\/rezeptor\/#\/schema\/person\/image\/\",\"url\":\"https:\/\/secure.gravatar.com\/avatar\/85379d51ec9d21c64deb1b65a642bd35dcec9ebc7a65ccb1d3d06a64f507fad2?s=96&d=mm&r=g\",\"contentUrl\":\"https:\/\/secure.gravatar.com\/avatar\/85379d51ec9d21c64deb1b65a642bd35dcec9ebc7a65ccb1d3d06a64f507fad2?s=96&d=mm&r=g\",\"caption\":\"Thorsten Lange\"},\"url\":\"https:\/\/blog.zeit.de\/rezeptor\/author\/thorsten-lange\"}]}<\/script>\n<!-- \/ Yoast SEO plugin. -->","yoast_head_json":{"title":"Zwiebelsuppe - Rezeptor","robots":{"index":"index","follow":"follow","max-snippet":"max-snippet:-1","max-image-preview":"max-image-preview:large","max-video-preview":"max-video-preview:-1"},"canonical":"https:\/\/blog.zeit.de\/rezeptor\/2008\/12\/20\/zwiebelsuppe_1035","og_locale":"de_DE","og_type":"article","og_title":"Zwiebelsuppe - Rezeptor","og_description":"Zwiebeln + K\u00e4se + Baguette = Mmmmmmmmh, lecker","og_url":"https:\/\/blog.zeit.de\/rezeptor\/2008\/12\/20\/zwiebelsuppe_1035","og_site_name":"Rezeptor","article_published_time":"2008-12-20T10:14:25+00:00","og_image":[{"url":"https:\/\/blog.zeit.de\/rezeptor\/files\/2008\/12\/sup06.gif"}],"author":"Thorsten Lange","twitter_card":"summary_large_image","twitter_misc":{"Geschrieben von":"Thorsten Lange","Gesch\u00e4tzte Lesezeit":"2\u00a0Minuten"},"schema":{"@context":"https:\/\/schema.org","@graph":[{"@type":"WebPage","@id":"https:\/\/blog.zeit.de\/rezeptor\/2008\/12\/20\/zwiebelsuppe_1035","url":"https:\/\/blog.zeit.de\/rezeptor\/2008\/12\/20\/zwiebelsuppe_1035","name":"Zwiebelsuppe - Rezeptor","isPartOf":{"@id":"https:\/\/blog.zeit.de\/rezeptor\/#website"},"datePublished":"2008-12-20T10:14:25+00:00","dateModified":"2008-12-20T10:14:25+00:00","author":{"@id":"https:\/\/blog.zeit.de\/rezeptor\/#\/schema\/person\/c4f0408ea5996c729d4493413dabb0ba"},"breadcrumb":{"@id":"https:\/\/blog.zeit.de\/rezeptor\/2008\/12\/20\/zwiebelsuppe_1035#breadcrumb"},"inLanguage":"de","potentialAction":[{"@type":"ReadAction","target":["https:\/\/blog.zeit.de\/rezeptor\/2008\/12\/20\/zwiebelsuppe_1035"]}]},{"@type":"BreadcrumbList","@id":"https:\/\/blog.zeit.de\/rezeptor\/2008\/12\/20\/zwiebelsuppe_1035#breadcrumb","itemListElement":[{"@type":"ListItem","position":1,"name":"Startseite","item":"https:\/\/blog.zeit.de\/rezeptor"},{"@type":"ListItem","position":2,"name":"Zwiebelsuppe"}]},{"@type":"WebSite","@id":"https:\/\/blog.zeit.de\/rezeptor\/#website","url":"https:\/\/blog.zeit.de\/rezeptor\/","name":"Rezeptor","description":"Das Blog f\u00fcr alltagstaugliches Kochen","potentialAction":[{"@type":"SearchAction","target":{"@type":"EntryPoint","urlTemplate":"https:\/\/blog.zeit.de\/rezeptor\/?s={search_term_string}"},"query-input":"required name=search_term_string"}],"inLanguage":"de"},{"@type":"Person","@id":"https:\/\/blog.zeit.de\/rezeptor\/#\/schema\/person\/c4f0408ea5996c729d4493413dabb0ba","name":"Thorsten Lange","image":{"@type":"ImageObject","inLanguage":"de","@id":"https:\/\/blog.zeit.de\/rezeptor\/#\/schema\/person\/image\/","url":"https:\/\/secure.gravatar.com\/avatar\/85379d51ec9d21c64deb1b65a642bd35dcec9ebc7a65ccb1d3d06a64f507fad2?s=96&d=mm&r=g","contentUrl":"https:\/\/secure.gravatar.com\/avatar\/85379d51ec9d21c64deb1b65a642bd35dcec9ebc7a65ccb1d3d06a64f507fad2?s=96&d=mm&r=g","caption":"Thorsten Lange"},"url":"https:\/\/blog.zeit.de\/rezeptor\/author\/thorsten-lange"}]}},"jetpack_featured_media_url":"","jetpack_sharing_enabled":true,"_links":{"self":[{"href":"https:\/\/blog.zeit.de\/rezeptor\/wp-json\/wp\/v2\/posts\/1035","targetHints":{"allow":["GET"]}}],"collection":[{"href":"https:\/\/blog.zeit.de\/rezeptor\/wp-json\/wp\/v2\/posts"}],"about":[{"href":"https:\/\/blog.zeit.de\/rezeptor\/wp-json\/wp\/v2\/types\/post"}],"author":[{"embeddable":true,"href":"https:\/\/blog.zeit.de\/rezeptor\/wp-json\/wp\/v2\/users\/95"}],"replies":[{"embeddable":true,"href":"https:\/\/blog.zeit.de\/rezeptor\/wp-json\/wp\/v2\/comments?post=1035"}],"version-history":[{"count":0,"href":"https:\/\/blog.zeit.de\/rezeptor\/wp-json\/wp\/v2\/posts\/1035\/revisions"}],"wp:attachment":[{"href":"https:\/\/blog.zeit.de\/rezeptor\/wp-json\/wp\/v2\/media?parent=1035"}],"wp:term":[{"taxonomy":"category","embeddable":true,"href":"https:\/\/blog.zeit.de\/rezeptor\/wp-json\/wp\/v2\/categories?post=1035"},{"taxonomy":"post_tag","embeddable":true,"href":"https:\/\/blog.zeit.de\/rezeptor\/wp-json\/wp\/v2\/tags?post=1035"}],"curies":[{"name":"wp","href":"https:\/\/api.w.org\/{rel}","templated":true}]}}