{"id":1155,"date":"2009-08-03T15:00:38","date_gmt":"2009-08-03T13:00:38","guid":{"rendered":"http:\/\/blog.zeit.de\/rezeptor\/?p=1155"},"modified":"2009-08-03T15:00:38","modified_gmt":"2009-08-03T13:00:38","slug":"das-blog-ist-wieder-da","status":"publish","type":"post","link":"https:\/\/blog.zeit.de\/rezeptor\/2009\/08\/03\/das-blog-ist-wieder-da_1155","title":{"rendered":"Das BLOG ist wieder da!"},"content":{"rendered":"<p>Liebe Leser, Hobbyk\u00f6che und langj\u00e4hrige Weggef\u00e4hrten,<\/p>\n<p>endlich ist der REZEPTOR als Blog wieder voll funtionsf\u00e4hig und online. Nach dem <a href=\"http:\/\/zuender.zeit.de\" target=\"_blank\">Zuender<\/a>-Aus hat es leider etwas gedauert, bis wir komplett &#8222;umgezogen&#8220; sind.<\/p>\n<p>Unsere Rezepte waren deshalb ein paar Wochen lang exklusiv bei ZEIT ONLINE und nicht hier im eigentlichen Blog zu lesen, aber ab sofort kann man den REZEPTOR wieder mit allen Bildern, Suchfunktionen usw. als Lieblings-Rezeptdatenbank nutzen. Wir stellen sukzessive alle bei Zeit Online erschienenen Artikel in der richtigen Reihenfolge nat\u00fcrlich wieder hier ins Blog.<\/p>\n<p>Das neue Layout ist etwas n\u00fcchterner ohne die ZUENDER-Hintergrundtapete, aber apropos n\u00fcchtern: Wir sto\u00dfen jetzt virtuell auf unsere Wiedergeburt an.<\/p>\n<p>H\u00f6rt immer auf euer Bauchgef\u00fchl,<\/p>\n<p>REZEPThORsten und reSEPPtor<\/p>\n","protected":false},"excerpt":{"rendered":"<p>Liebe Leser, Hobbyk\u00f6che und langj\u00e4hrige Weggef\u00e4hrten, endlich ist der REZEPTOR als Blog wieder voll funtionsf\u00e4hig und online. Nach dem Zuender-Aus hat es leider etwas gedauert, bis wir komplett &#8222;umgezogen&#8220; sind. Unsere Rezepte waren deshalb ein paar Wochen lang exklusiv bei ZEIT ONLINE und nicht hier im eigentlichen Blog zu lesen, aber ab sofort kann man [&hellip;]<\/p>\n","protected":false},"author":95,"featured_media":0,"comment_status":"open","ping_status":"closed","sticky":false,"template":"","format":"standard","meta":{"_jetpack_memberships_contains_paid_content":false,"footnotes":""},"categories":[764],"tags":[],"class_list":["post-1155","post","type-post","status-publish","format-standard","hentry","category-standard"],"yoast_head":"<!-- This site is optimized with the Yoast SEO plugin v21.0 - https:\/\/yoast.com\/wordpress\/plugins\/seo\/ -->\n<title>Das BLOG ist wieder da! - Rezeptor<\/title>\n<meta name=\"robots\" content=\"index, follow, max-snippet:-1, max-image-preview:large, max-video-preview:-1\" \/>\n<link rel=\"canonical\" href=\"https:\/\/blog.zeit.de\/rezeptor\/2009\/08\/03\/das-blog-ist-wieder-da_1155\" \/>\n<meta property=\"og:locale\" content=\"de_DE\" \/>\n<meta property=\"og:type\" content=\"article\" \/>\n<meta property=\"og:title\" content=\"Das BLOG ist wieder da! - Rezeptor\" \/>\n<meta property=\"og:description\" content=\"Liebe Leser, Hobbyk\u00f6che und langj\u00e4hrige Weggef\u00e4hrten, endlich ist der REZEPTOR als Blog wieder voll funtionsf\u00e4hig und online. Nach dem Zuender-Aus hat es leider etwas gedauert, bis wir komplett &#8222;umgezogen&#8220; sind. Unsere Rezepte waren deshalb ein paar Wochen lang exklusiv bei ZEIT ONLINE und nicht hier im eigentlichen Blog zu lesen, aber ab sofort kann man [&hellip;]\" \/>\n<meta property=\"og:url\" content=\"https:\/\/blog.zeit.de\/rezeptor\/2009\/08\/03\/das-blog-ist-wieder-da_1155\" \/>\n<meta property=\"og:site_name\" content=\"Rezeptor\" \/>\n<meta property=\"article:published_time\" content=\"2009-08-03T13:00:38+00:00\" \/>\n<meta name=\"author\" content=\"Thorsten Lange\" \/>\n<meta name=\"twitter:card\" content=\"summary_large_image\" \/>\n<meta name=\"twitter:label1\" content=\"Geschrieben von\" \/>\n\t<meta name=\"twitter:data1\" content=\"Thorsten Lange\" \/>\n\t<meta name=\"twitter:label2\" content=\"Gesch\u00e4tzte Lesezeit\" \/>\n\t<meta name=\"twitter:data2\" content=\"1\u00a0Minute\" \/>\n<script type=\"application\/ld+json\" class=\"yoast-schema-graph\">{\"@context\":\"https:\/\/schema.org\",\"@graph\":[{\"@type\":\"WebPage\",\"@id\":\"https:\/\/blog.zeit.de\/rezeptor\/2009\/08\/03\/das-blog-ist-wieder-da_1155\",\"url\":\"https:\/\/blog.zeit.de\/rezeptor\/2009\/08\/03\/das-blog-ist-wieder-da_1155\",\"name\":\"Das BLOG ist wieder da! - Rezeptor\",\"isPartOf\":{\"@id\":\"https:\/\/blog.zeit.de\/rezeptor\/#website\"},\"datePublished\":\"2009-08-03T13:00:38+00:00\",\"dateModified\":\"2009-08-03T13:00:38+00:00\",\"author\":{\"@id\":\"https:\/\/blog.zeit.de\/rezeptor\/#\/schema\/person\/c4f0408ea5996c729d4493413dabb0ba\"},\"breadcrumb\":{\"@id\":\"https:\/\/blog.zeit.de\/rezeptor\/2009\/08\/03\/das-blog-ist-wieder-da_1155#breadcrumb\"},\"inLanguage\":\"de\",\"potentialAction\":[{\"@type\":\"ReadAction\",\"target\":[\"https:\/\/blog.zeit.de\/rezeptor\/2009\/08\/03\/das-blog-ist-wieder-da_1155\"]}]},{\"@type\":\"BreadcrumbList\",\"@id\":\"https:\/\/blog.zeit.de\/rezeptor\/2009\/08\/03\/das-blog-ist-wieder-da_1155#breadcrumb\",\"itemListElement\":[{\"@type\":\"ListItem\",\"position\":1,\"name\":\"Startseite\",\"item\":\"https:\/\/blog.zeit.de\/rezeptor\"},{\"@type\":\"ListItem\",\"position\":2,\"name\":\"Das BLOG ist wieder da!\"}]},{\"@type\":\"WebSite\",\"@id\":\"https:\/\/blog.zeit.de\/rezeptor\/#website\",\"url\":\"https:\/\/blog.zeit.de\/rezeptor\/\",\"name\":\"Rezeptor\",\"description\":\"Das Blog f\u00fcr alltagstaugliches Kochen\",\"potentialAction\":[{\"@type\":\"SearchAction\",\"target\":{\"@type\":\"EntryPoint\",\"urlTemplate\":\"https:\/\/blog.zeit.de\/rezeptor\/?s={search_term_string}\"},\"query-input\":\"required name=search_term_string\"}],\"inLanguage\":\"de\"},{\"@type\":\"Person\",\"@id\":\"https:\/\/blog.zeit.de\/rezeptor\/#\/schema\/person\/c4f0408ea5996c729d4493413dabb0ba\",\"name\":\"Thorsten Lange\",\"image\":{\"@type\":\"ImageObject\",\"inLanguage\":\"de\",\"@id\":\"https:\/\/blog.zeit.de\/rezeptor\/#\/schema\/person\/image\/\",\"url\":\"https:\/\/secure.gravatar.com\/avatar\/85379d51ec9d21c64deb1b65a642bd35dcec9ebc7a65ccb1d3d06a64f507fad2?s=96&d=mm&r=g\",\"contentUrl\":\"https:\/\/secure.gravatar.com\/avatar\/85379d51ec9d21c64deb1b65a642bd35dcec9ebc7a65ccb1d3d06a64f507fad2?s=96&d=mm&r=g\",\"caption\":\"Thorsten Lange\"},\"url\":\"https:\/\/blog.zeit.de\/rezeptor\/author\/thorsten-lange\"}]}<\/script>\n<!-- \/ Yoast SEO plugin. -->","yoast_head_json":{"title":"Das BLOG ist wieder da! - Rezeptor","robots":{"index":"index","follow":"follow","max-snippet":"max-snippet:-1","max-image-preview":"max-image-preview:large","max-video-preview":"max-video-preview:-1"},"canonical":"https:\/\/blog.zeit.de\/rezeptor\/2009\/08\/03\/das-blog-ist-wieder-da_1155","og_locale":"de_DE","og_type":"article","og_title":"Das BLOG ist wieder da! - Rezeptor","og_description":"Liebe Leser, Hobbyk\u00f6che und langj\u00e4hrige Weggef\u00e4hrten, endlich ist der REZEPTOR als Blog wieder voll funtionsf\u00e4hig und online. Nach dem Zuender-Aus hat es leider etwas gedauert, bis wir komplett &#8222;umgezogen&#8220; sind. Unsere Rezepte waren deshalb ein paar Wochen lang exklusiv bei ZEIT ONLINE und nicht hier im eigentlichen Blog zu lesen, aber ab sofort kann man [&hellip;]","og_url":"https:\/\/blog.zeit.de\/rezeptor\/2009\/08\/03\/das-blog-ist-wieder-da_1155","og_site_name":"Rezeptor","article_published_time":"2009-08-03T13:00:38+00:00","author":"Thorsten Lange","twitter_card":"summary_large_image","twitter_misc":{"Geschrieben von":"Thorsten Lange","Gesch\u00e4tzte Lesezeit":"1\u00a0Minute"},"schema":{"@context":"https:\/\/schema.org","@graph":[{"@type":"WebPage","@id":"https:\/\/blog.zeit.de\/rezeptor\/2009\/08\/03\/das-blog-ist-wieder-da_1155","url":"https:\/\/blog.zeit.de\/rezeptor\/2009\/08\/03\/das-blog-ist-wieder-da_1155","name":"Das BLOG ist wieder da! - Rezeptor","isPartOf":{"@id":"https:\/\/blog.zeit.de\/rezeptor\/#website"},"datePublished":"2009-08-03T13:00:38+00:00","dateModified":"2009-08-03T13:00:38+00:00","author":{"@id":"https:\/\/blog.zeit.de\/rezeptor\/#\/schema\/person\/c4f0408ea5996c729d4493413dabb0ba"},"breadcrumb":{"@id":"https:\/\/blog.zeit.de\/rezeptor\/2009\/08\/03\/das-blog-ist-wieder-da_1155#breadcrumb"},"inLanguage":"de","potentialAction":[{"@type":"ReadAction","target":["https:\/\/blog.zeit.de\/rezeptor\/2009\/08\/03\/das-blog-ist-wieder-da_1155"]}]},{"@type":"BreadcrumbList","@id":"https:\/\/blog.zeit.de\/rezeptor\/2009\/08\/03\/das-blog-ist-wieder-da_1155#breadcrumb","itemListElement":[{"@type":"ListItem","position":1,"name":"Startseite","item":"https:\/\/blog.zeit.de\/rezeptor"},{"@type":"ListItem","position":2,"name":"Das BLOG ist wieder da!"}]},{"@type":"WebSite","@id":"https:\/\/blog.zeit.de\/rezeptor\/#website","url":"https:\/\/blog.zeit.de\/rezeptor\/","name":"Rezeptor","description":"Das Blog f\u00fcr alltagstaugliches Kochen","potentialAction":[{"@type":"SearchAction","target":{"@type":"EntryPoint","urlTemplate":"https:\/\/blog.zeit.de\/rezeptor\/?s={search_term_string}"},"query-input":"required name=search_term_string"}],"inLanguage":"de"},{"@type":"Person","@id":"https:\/\/blog.zeit.de\/rezeptor\/#\/schema\/person\/c4f0408ea5996c729d4493413dabb0ba","name":"Thorsten Lange","image":{"@type":"ImageObject","inLanguage":"de","@id":"https:\/\/blog.zeit.de\/rezeptor\/#\/schema\/person\/image\/","url":"https:\/\/secure.gravatar.com\/avatar\/85379d51ec9d21c64deb1b65a642bd35dcec9ebc7a65ccb1d3d06a64f507fad2?s=96&d=mm&r=g","contentUrl":"https:\/\/secure.gravatar.com\/avatar\/85379d51ec9d21c64deb1b65a642bd35dcec9ebc7a65ccb1d3d06a64f507fad2?s=96&d=mm&r=g","caption":"Thorsten Lange"},"url":"https:\/\/blog.zeit.de\/rezeptor\/author\/thorsten-lange"}]}},"jetpack_featured_media_url":"","jetpack_sharing_enabled":true,"_links":{"self":[{"href":"https:\/\/blog.zeit.de\/rezeptor\/wp-json\/wp\/v2\/posts\/1155","targetHints":{"allow":["GET"]}}],"collection":[{"href":"https:\/\/blog.zeit.de\/rezeptor\/wp-json\/wp\/v2\/posts"}],"about":[{"href":"https:\/\/blog.zeit.de\/rezeptor\/wp-json\/wp\/v2\/types\/post"}],"author":[{"embeddable":true,"href":"https:\/\/blog.zeit.de\/rezeptor\/wp-json\/wp\/v2\/users\/95"}],"replies":[{"embeddable":true,"href":"https:\/\/blog.zeit.de\/rezeptor\/wp-json\/wp\/v2\/comments?post=1155"}],"version-history":[{"count":0,"href":"https:\/\/blog.zeit.de\/rezeptor\/wp-json\/wp\/v2\/posts\/1155\/revisions"}],"wp:attachment":[{"href":"https:\/\/blog.zeit.de\/rezeptor\/wp-json\/wp\/v2\/media?parent=1155"}],"wp:term":[{"taxonomy":"category","embeddable":true,"href":"https:\/\/blog.zeit.de\/rezeptor\/wp-json\/wp\/v2\/categories?post=1155"},{"taxonomy":"post_tag","embeddable":true,"href":"https:\/\/blog.zeit.de\/rezeptor\/wp-json\/wp\/v2\/tags?post=1155"}],"curies":[{"name":"wp","href":"https:\/\/api.w.org\/{rel}","templated":true}]}}