{"id":1207,"date":"2009-07-07T18:24:54","date_gmt":"2009-07-07T16:24:54","guid":{"rendered":"http:\/\/blog.zeit.de\/rezeptor\/?p=1207"},"modified":"2009-07-07T18:24:54","modified_gmt":"2009-07-07T16:24:54","slug":"capellini-con-prosciutto-e-limone","status":"publish","type":"post","link":"https:\/\/blog.zeit.de\/rezeptor\/2009\/07\/07\/capellini-con-prosciutto-e-limone_1207","title":{"rendered":"Capellini con Prosciutto e Limone"},"content":{"rendered":"<p><a href=\"https:\/\/blog.zeit.de\/rezeptor\/files\/2009\/08\/020709.jpg\"><img loading=\"lazy\" decoding=\"async\" class=\"alignnone size-full wp-image-1208\" title=\"020709\" src=\"https:\/\/blog.zeit.de\/rezeptor\/files\/2009\/08\/020709.jpg\" alt=\"\" width=\"464\" height=\"237\" srcset=\"https:\/\/blog.zeit.de\/rezeptor\/files\/2009\/08\/020709.jpg 464w, https:\/\/blog.zeit.de\/rezeptor\/files\/2009\/08\/020709-300x153.jpg 300w\" sizes=\"auto, (max-width: 464px) 100vw, 464px\" \/><\/a><\/p>\n<p>Dieses leichte, feine Pastarezept passt ausgezeichnet zum sch\u00f6nen Wetter. Also Markise runter und Weissweinkorken raus!<\/p>\n<p><!--more--><\/p>\n<p>Per due Persone:<br \/>\n200 g Mehl<br \/>\n2 Eier<br \/>\n100 g Kochschinken (hauchd\u00fcnn geschnitten)<br \/>\n1\/2 Bund Petersilie<br \/>\n1 Bio-Zitrone<br \/>\n35 g Parmesan<br \/>\nOliven\u00f6l<br \/>\nSalz<br \/>\nPfeffer<\/p>\n<p>Mittlerweile haben sich die Superm\u00e4rkte auf die Italienisierung der deutschen K\u00fcche eingestellt und verkaufen auch andere Sorten neben Spaghetti,\u00a0 Maccheroni und Lasagne.<br \/>\nManche speziellen Gerichte erfordern aber spezielle Nudeln, im vorliegenden Fall braucht man Capellini, was \u00fcbersetzt \u00bbEngelshaar\u00ab bedeutet. Auf der deutschen Barillaseite findet man diese Sorte zwar beschrieben, aber ob und wo man die kaufen kann \u2026 notfalls tuns auch Spaghettini, also die d\u00fcnnen Spaghetti mit 5 Minuten Kochzeit.<\/p>\n<p>Aber Pasta schmeckt ja am besten selbst gemacht, wie das geht steht hier. Den Nudelteig am Schluss auf d\u00fcnnster Stufe durchwalzen, dann eine Viertelstunde antrocknen lassen und mit einem gro\u00dfen scharfen Messer l\u00e4ngs hauchd\u00fcnne Capellini abschneiden. Zu Nestern geformt auf einem K\u00fcchentuch parken.<\/p>\n<p>Die ungespritzte Biozitrone mit einer Reibe oder einem speziellen Zestenreisser maltr\u00e4tieren und die Zesten beiseite Stellen. Petersilie waschen, wieder trockenschleudern, die Bl\u00e4tter abzupfen und klein schneiden, den Parmesan fein reiben.<\/p>\n<p>In einer Pfanne, einem Schuss Oliven\u00f6l und auf voller Hitze den Schinken behutsam goldbraun anbraten, er soll nicht noch weiter zerfallen. Von der Herdplatte nehmen und beiseite stellen. Dann einen gro\u00dfen Topf Salzwasser zum kochen bringen und die Nudeln entweder nach Packungsaufschrift (gekauft) oder 90 Sekunden (selbstgemachte Capellini) al dentieren und mit einer Sch\u00f6pfkelle in die Pfanne zum Schinken hieven.<\/p>\n<p>Zitronenschale, Parmesan und Petersilie dazu, alles unterheben und auf Salz abschmecken. Man kann noch eine Kelle Kochwasser dazugeben, falls die Sache zu trocken wird.<\/p>\n<p>Mit gek\u00fchltem Weisswein draussen servieren.<\/p>\n","protected":false},"excerpt":{"rendered":"<p>Dieses leichte, feine Pastarezept passt ausgezeichnet zum sch\u00f6nen Wetter. Also Markise runter und Weissweinkorken raus!<\/p>\n","protected":false},"author":95,"featured_media":0,"comment_status":"open","ping_status":"closed","sticky":false,"template":"","format":"standard","meta":{"_jetpack_memberships_contains_paid_content":false,"footnotes":""},"categories":[839],"tags":[],"class_list":["post-1207","post","type-post","status-publish","format-standard","hentry","category-bella-italia"],"yoast_head":"<!-- This site is optimized with the Yoast SEO plugin v21.0 - https:\/\/yoast.com\/wordpress\/plugins\/seo\/ -->\n<title>Capellini con Prosciutto e Limone - Rezeptor<\/title>\n<meta name=\"robots\" content=\"index, follow, max-snippet:-1, max-image-preview:large, max-video-preview:-1\" \/>\n<link rel=\"canonical\" href=\"https:\/\/blog.zeit.de\/rezeptor\/2009\/07\/07\/capellini-con-prosciutto-e-limone_1207\" \/>\n<meta property=\"og:locale\" content=\"de_DE\" \/>\n<meta property=\"og:type\" content=\"article\" \/>\n<meta property=\"og:title\" content=\"Capellini con Prosciutto e Limone - Rezeptor\" \/>\n<meta property=\"og:description\" content=\"Dieses leichte, feine Pastarezept passt ausgezeichnet zum sch\u00f6nen Wetter. Also Markise runter und Weissweinkorken raus!\" \/>\n<meta property=\"og:url\" content=\"https:\/\/blog.zeit.de\/rezeptor\/2009\/07\/07\/capellini-con-prosciutto-e-limone_1207\" \/>\n<meta property=\"og:site_name\" content=\"Rezeptor\" \/>\n<meta property=\"article:published_time\" content=\"2009-07-07T16:24:54+00:00\" \/>\n<meta property=\"og:image\" content=\"https:\/\/blog.zeit.de\/rezeptor\/files\/2009\/08\/020709.jpg\" \/>\n<meta name=\"author\" content=\"Thorsten Lange\" \/>\n<meta name=\"twitter:card\" content=\"summary_large_image\" \/>\n<meta name=\"twitter:label1\" content=\"Geschrieben von\" \/>\n\t<meta name=\"twitter:data1\" content=\"Thorsten Lange\" \/>\n\t<meta name=\"twitter:label2\" content=\"Gesch\u00e4tzte Lesezeit\" \/>\n\t<meta name=\"twitter:data2\" content=\"1\u00a0Minute\" \/>\n<script type=\"application\/ld+json\" class=\"yoast-schema-graph\">{\"@context\":\"https:\/\/schema.org\",\"@graph\":[{\"@type\":\"WebPage\",\"@id\":\"https:\/\/blog.zeit.de\/rezeptor\/2009\/07\/07\/capellini-con-prosciutto-e-limone_1207\",\"url\":\"https:\/\/blog.zeit.de\/rezeptor\/2009\/07\/07\/capellini-con-prosciutto-e-limone_1207\",\"name\":\"Capellini con Prosciutto e Limone - Rezeptor\",\"isPartOf\":{\"@id\":\"https:\/\/blog.zeit.de\/rezeptor\/#website\"},\"datePublished\":\"2009-07-07T16:24:54+00:00\",\"dateModified\":\"2009-07-07T16:24:54+00:00\",\"author\":{\"@id\":\"https:\/\/blog.zeit.de\/rezeptor\/#\/schema\/person\/c4f0408ea5996c729d4493413dabb0ba\"},\"breadcrumb\":{\"@id\":\"https:\/\/blog.zeit.de\/rezeptor\/2009\/07\/07\/capellini-con-prosciutto-e-limone_1207#breadcrumb\"},\"inLanguage\":\"de\",\"potentialAction\":[{\"@type\":\"ReadAction\",\"target\":[\"https:\/\/blog.zeit.de\/rezeptor\/2009\/07\/07\/capellini-con-prosciutto-e-limone_1207\"]}]},{\"@type\":\"BreadcrumbList\",\"@id\":\"https:\/\/blog.zeit.de\/rezeptor\/2009\/07\/07\/capellini-con-prosciutto-e-limone_1207#breadcrumb\",\"itemListElement\":[{\"@type\":\"ListItem\",\"position\":1,\"name\":\"Startseite\",\"item\":\"https:\/\/blog.zeit.de\/rezeptor\"},{\"@type\":\"ListItem\",\"position\":2,\"name\":\"Capellini con Prosciutto e Limone\"}]},{\"@type\":\"WebSite\",\"@id\":\"https:\/\/blog.zeit.de\/rezeptor\/#website\",\"url\":\"https:\/\/blog.zeit.de\/rezeptor\/\",\"name\":\"Rezeptor\",\"description\":\"Das Blog f\u00fcr alltagstaugliches Kochen\",\"potentialAction\":[{\"@type\":\"SearchAction\",\"target\":{\"@type\":\"EntryPoint\",\"urlTemplate\":\"https:\/\/blog.zeit.de\/rezeptor\/?s={search_term_string}\"},\"query-input\":\"required name=search_term_string\"}],\"inLanguage\":\"de\"},{\"@type\":\"Person\",\"@id\":\"https:\/\/blog.zeit.de\/rezeptor\/#\/schema\/person\/c4f0408ea5996c729d4493413dabb0ba\",\"name\":\"Thorsten Lange\",\"image\":{\"@type\":\"ImageObject\",\"inLanguage\":\"de\",\"@id\":\"https:\/\/blog.zeit.de\/rezeptor\/#\/schema\/person\/image\/\",\"url\":\"https:\/\/secure.gravatar.com\/avatar\/85379d51ec9d21c64deb1b65a642bd35dcec9ebc7a65ccb1d3d06a64f507fad2?s=96&d=mm&r=g\",\"contentUrl\":\"https:\/\/secure.gravatar.com\/avatar\/85379d51ec9d21c64deb1b65a642bd35dcec9ebc7a65ccb1d3d06a64f507fad2?s=96&d=mm&r=g\",\"caption\":\"Thorsten Lange\"},\"url\":\"https:\/\/blog.zeit.de\/rezeptor\/author\/thorsten-lange\"}]}<\/script>\n<!-- \/ Yoast SEO plugin. -->","yoast_head_json":{"title":"Capellini con Prosciutto e Limone - Rezeptor","robots":{"index":"index","follow":"follow","max-snippet":"max-snippet:-1","max-image-preview":"max-image-preview:large","max-video-preview":"max-video-preview:-1"},"canonical":"https:\/\/blog.zeit.de\/rezeptor\/2009\/07\/07\/capellini-con-prosciutto-e-limone_1207","og_locale":"de_DE","og_type":"article","og_title":"Capellini con Prosciutto e Limone - Rezeptor","og_description":"Dieses leichte, feine Pastarezept passt ausgezeichnet zum sch\u00f6nen Wetter. Also Markise runter und Weissweinkorken raus!","og_url":"https:\/\/blog.zeit.de\/rezeptor\/2009\/07\/07\/capellini-con-prosciutto-e-limone_1207","og_site_name":"Rezeptor","article_published_time":"2009-07-07T16:24:54+00:00","og_image":[{"url":"https:\/\/blog.zeit.de\/rezeptor\/files\/2009\/08\/020709.jpg"}],"author":"Thorsten Lange","twitter_card":"summary_large_image","twitter_misc":{"Geschrieben von":"Thorsten Lange","Gesch\u00e4tzte Lesezeit":"1\u00a0Minute"},"schema":{"@context":"https:\/\/schema.org","@graph":[{"@type":"WebPage","@id":"https:\/\/blog.zeit.de\/rezeptor\/2009\/07\/07\/capellini-con-prosciutto-e-limone_1207","url":"https:\/\/blog.zeit.de\/rezeptor\/2009\/07\/07\/capellini-con-prosciutto-e-limone_1207","name":"Capellini con Prosciutto e Limone - Rezeptor","isPartOf":{"@id":"https:\/\/blog.zeit.de\/rezeptor\/#website"},"datePublished":"2009-07-07T16:24:54+00:00","dateModified":"2009-07-07T16:24:54+00:00","author":{"@id":"https:\/\/blog.zeit.de\/rezeptor\/#\/schema\/person\/c4f0408ea5996c729d4493413dabb0ba"},"breadcrumb":{"@id":"https:\/\/blog.zeit.de\/rezeptor\/2009\/07\/07\/capellini-con-prosciutto-e-limone_1207#breadcrumb"},"inLanguage":"de","potentialAction":[{"@type":"ReadAction","target":["https:\/\/blog.zeit.de\/rezeptor\/2009\/07\/07\/capellini-con-prosciutto-e-limone_1207"]}]},{"@type":"BreadcrumbList","@id":"https:\/\/blog.zeit.de\/rezeptor\/2009\/07\/07\/capellini-con-prosciutto-e-limone_1207#breadcrumb","itemListElement":[{"@type":"ListItem","position":1,"name":"Startseite","item":"https:\/\/blog.zeit.de\/rezeptor"},{"@type":"ListItem","position":2,"name":"Capellini con Prosciutto e Limone"}]},{"@type":"WebSite","@id":"https:\/\/blog.zeit.de\/rezeptor\/#website","url":"https:\/\/blog.zeit.de\/rezeptor\/","name":"Rezeptor","description":"Das Blog f\u00fcr alltagstaugliches Kochen","potentialAction":[{"@type":"SearchAction","target":{"@type":"EntryPoint","urlTemplate":"https:\/\/blog.zeit.de\/rezeptor\/?s={search_term_string}"},"query-input":"required name=search_term_string"}],"inLanguage":"de"},{"@type":"Person","@id":"https:\/\/blog.zeit.de\/rezeptor\/#\/schema\/person\/c4f0408ea5996c729d4493413dabb0ba","name":"Thorsten Lange","image":{"@type":"ImageObject","inLanguage":"de","@id":"https:\/\/blog.zeit.de\/rezeptor\/#\/schema\/person\/image\/","url":"https:\/\/secure.gravatar.com\/avatar\/85379d51ec9d21c64deb1b65a642bd35dcec9ebc7a65ccb1d3d06a64f507fad2?s=96&d=mm&r=g","contentUrl":"https:\/\/secure.gravatar.com\/avatar\/85379d51ec9d21c64deb1b65a642bd35dcec9ebc7a65ccb1d3d06a64f507fad2?s=96&d=mm&r=g","caption":"Thorsten Lange"},"url":"https:\/\/blog.zeit.de\/rezeptor\/author\/thorsten-lange"}]}},"jetpack_featured_media_url":"","jetpack_sharing_enabled":true,"_links":{"self":[{"href":"https:\/\/blog.zeit.de\/rezeptor\/wp-json\/wp\/v2\/posts\/1207","targetHints":{"allow":["GET"]}}],"collection":[{"href":"https:\/\/blog.zeit.de\/rezeptor\/wp-json\/wp\/v2\/posts"}],"about":[{"href":"https:\/\/blog.zeit.de\/rezeptor\/wp-json\/wp\/v2\/types\/post"}],"author":[{"embeddable":true,"href":"https:\/\/blog.zeit.de\/rezeptor\/wp-json\/wp\/v2\/users\/95"}],"replies":[{"embeddable":true,"href":"https:\/\/blog.zeit.de\/rezeptor\/wp-json\/wp\/v2\/comments?post=1207"}],"version-history":[{"count":0,"href":"https:\/\/blog.zeit.de\/rezeptor\/wp-json\/wp\/v2\/posts\/1207\/revisions"}],"wp:attachment":[{"href":"https:\/\/blog.zeit.de\/rezeptor\/wp-json\/wp\/v2\/media?parent=1207"}],"wp:term":[{"taxonomy":"category","embeddable":true,"href":"https:\/\/blog.zeit.de\/rezeptor\/wp-json\/wp\/v2\/categories?post=1207"},{"taxonomy":"post_tag","embeddable":true,"href":"https:\/\/blog.zeit.de\/rezeptor\/wp-json\/wp\/v2\/tags?post=1207"}],"curies":[{"name":"wp","href":"https:\/\/api.w.org\/{rel}","templated":true}]}}