{"id":1280,"date":"2009-09-07T14:54:11","date_gmt":"2009-09-07T12:54:11","guid":{"rendered":"http:\/\/blog.zeit.de\/rezeptor\/?p=1280"},"modified":"2009-09-08T08:47:19","modified_gmt":"2009-09-08T06:47:19","slug":"kalbsrahmgulasch","status":"publish","type":"post","link":"https:\/\/blog.zeit.de\/rezeptor\/2009\/09\/07\/kalbsrahmgulasch_1280","title":{"rendered":"Kalbsrahmgulasch"},"content":{"rendered":"<p><img loading=\"lazy\" decoding=\"async\" class=\"alignnone size-full wp-image-1281\" title=\"030909\" src=\"https:\/\/blog.zeit.de\/rezeptor\/files\/2009\/09\/030909.jpg\" alt=\"030909\" width=\"464\" height=\"237\" srcset=\"https:\/\/blog.zeit.de\/rezeptor\/files\/2009\/09\/030909.jpg 464w, https:\/\/blog.zeit.de\/rezeptor\/files\/2009\/09\/030909-300x153.jpg 300w\" sizes=\"auto, (max-width: 464px) 100vw, 464px\" \/><\/p>\n<p>Eine feine Gulaschvariante aus \u00d6sterreich, die urspr\u00fcnglich-deftige Version aus Ungarn gibt es <a href=\"https:\/\/blog.zeit.de\/rezeptor\/2007\/01\/27\/porkolt-aka-gulaschkanone-47-for-runaways_333\" target=\"_blank\">hier<\/a><\/p>\n<p><!--more--><\/p>\n<p>F\u00fcr 2 Personen:<br \/>\n300 g Kalbfleisch aus der Keule<br \/>\n1 (Spitz-)Paprika<br \/>\n1 kleine Zwiebel<br \/>\n1 Zehe Knoblauch<br \/>\n1\/2 Becher Sahne<br \/>\nPaprikapulver<br \/>\nButter<br \/>\nSalz<br \/>\nPfeffer<br \/>\n2 Eier<br \/>\n200 g Mehl<br \/>\n1 P\u00fcrierstab<br \/>\n1 Sp\u00e4tzlepresse bzw. -hobel<\/p>\n<p><img loading=\"lazy\" decoding=\"async\" class=\"alignleft size-full wp-image-1282\" title=\"030909\" src=\"https:\/\/blog.zeit.de\/rezeptor\/files\/2009\/09\/030909.gif\" alt=\"030909\" width=\"158\" height=\"113\" \/>Das Kalbfleisch in W\u00fcrfel mit drei Zentimetern Seitenl\u00e4nge schneiden, Zwiebeln und Knoblauch sch\u00e4len und feinst hacken. Die Spitzpaprika l\u00e4ngs halbieren, Strunk, Stiel, Kerne und alles Weisse entfernen und ebenfalls in klitzeklein schneiden. Beim Gem\u00fcse muss man aber nicht so genau arbeiten, weil sp\u00e4ter die So\u00dfe eh p\u00fcriert wird.<\/p>\n<p>In einer Pfanne einen EL Butter sowie einen kleinen Schluck neutrales \u00d6l auf mittlere bis dreiviertel Betriebstemperatur bringen und die Kalbsw\u00fcrfel ringsrum goldbraun anbraten. F\u00fcr Gulasch-Anf\u00e4nger lauern hier zwei Gefahren: Wenn die Pfanne zu klein ist, liegt das Fleisch \u00fcbereinander und einzelne St\u00fccke ber\u00fchren nicht den heissen Boden. Was zur Folge hat, da\u00df diese oberen St\u00fccke zu schwitzen beginnen, Fleischsaft nach unten tropft und es kein &#8222;braten&#8220; sondern ein &#8222;kochen&#8220; ist. Besser ist es, wenn jedes St\u00fcck Fleisch seinen eigenen Platz am Pfannenboden bekommt und entspannt vor sich hin br\u00e4unen kann.<br \/>\nDer zweite Fehler: Man ist unsicher und r\u00fchrt die ganz Zeit im Fleisch hin und her. Gulasch-Profis bewahren Ruhe und heben ab und zu mal kurz einen W\u00fcrfel an und kontrollieren dessen Farbe. Wenn es soweit ist, wird jedes einzelne St\u00fcck Fleisch f\u00fcr sich umgedreht.<\/p>\n<p>Wenn das ganze Fleisch rundherum braun angebraten ist, wird es auf einem Teller zwischengeparkt und die Zwiebeln und die Paprika d\u00fcrfen in die hei\u00dfe Pfanne. Wahrscheinlich muss man auch noch etwas Butter und \u00d6l dazugeben. Auf mittlerer Hitze langsam anschwitzen, und sobald die Zwiebeln leichte Farbe bekommen,\u00a0 noch den Knoblauch dazu und die ganze Pfanne mit einem geh\u00e4uften TL Paprikapulver best\u00e4uben.<\/p>\n<p>Das Fleisch wieder in die Pfanne geben und mit 200 ml Wasser abl\u00f6schen. Mutig salzen, pfeffern und auf kleinster Hitze zugedeckt k\u00f6cheln lassen, bis das Kalbfleisch zart und weich ist. Das kann je nach Kalb zwischen 30 Minuten und einer Stunde dauern.<\/p>\n<p>In der Zwischenzeit noch etwas Kochtheorie: Wenn man grobstrukturiertes Fleisch mit viel Bindegewebe zuerst mit direkter Hitze braun anbr\u00e4t und es dann mit Deckel und Feuchtigkeit langsam weich gart, ist das nichts anderes als die Garmethode &#8222;schmoren&#8220;. Das Bindegewebe\u00a0\u2013 das f\u00fcr die Z\u00e4higkeit im Fleisch verantwortlich ist \u2013 wird im Wasserdampf chemisch zu Gelatine umgewandelt und diese macht dann das Fleisch im Optimalfall so sch\u00f6n zart, dass es auf der Zunge zergeht.<\/p>\n<p>F\u00fcr die Sp\u00e4tzle 200 g Mehl mit 2 Eiern, Salz und gerade soviel Wasser zusammenr\u00fchren, bis ein z\u00e4hfl\u00fcssiger, blasenschlagender Teig entsteht. In kochendes Salzwasser dr\u00fccken und nach eimaligem Aufkochenlassen mit einer Sch\u00f6pfkelle die fertigen Sp\u00e4tzle rausfischen.<\/p>\n<p>Wenn das Kalbfleisch zart ist, muss es noch mal ganz kurz aus der Pfanne, und der Rest der So\u00dfe wird mit einem P\u00fcrierstab glatt p\u00fcriert. Dann das Fleisch wieder rein und 100 ml Sahne anleeren. Alles noch mal auf Salz und Pfeffer abschmecken und mit in den in Butter geschwenkten Sp\u00e4tzle servieren.<\/p>\n","protected":false},"excerpt":{"rendered":"<p>Eine feine Gulaschvariante aus \u00d6sterreich, die urspr\u00fcnglich-deftige Version aus Ungarn gibt es hier<\/p>\n","protected":false},"author":95,"featured_media":0,"comment_status":"open","ping_status":"closed","sticky":false,"template":"","format":"standard","meta":{"_jetpack_memberships_contains_paid_content":false,"footnotes":""},"categories":[822],"tags":[778,740,784],"class_list":["post-1280","post","type-post","status-publish","format-standard","hentry","category-apres-ski","tag-einfach","tag-fleisch","tag-gutburgerlich"],"yoast_head":"<!-- This site is optimized with the Yoast SEO plugin v21.0 - https:\/\/yoast.com\/wordpress\/plugins\/seo\/ -->\n<title>Kalbsrahmgulasch - Rezeptor<\/title>\n<meta name=\"robots\" content=\"index, follow, max-snippet:-1, max-image-preview:large, max-video-preview:-1\" \/>\n<link rel=\"canonical\" href=\"https:\/\/blog.zeit.de\/rezeptor\/2009\/09\/07\/kalbsrahmgulasch_1280\" \/>\n<meta property=\"og:locale\" content=\"de_DE\" \/>\n<meta property=\"og:type\" content=\"article\" \/>\n<meta property=\"og:title\" content=\"Kalbsrahmgulasch - Rezeptor\" \/>\n<meta property=\"og:description\" content=\"Eine feine Gulaschvariante aus \u00d6sterreich, die urspr\u00fcnglich-deftige Version aus Ungarn gibt es hier\" \/>\n<meta property=\"og:url\" content=\"https:\/\/blog.zeit.de\/rezeptor\/2009\/09\/07\/kalbsrahmgulasch_1280\" \/>\n<meta property=\"og:site_name\" content=\"Rezeptor\" \/>\n<meta property=\"article:published_time\" content=\"2009-09-07T12:54:11+00:00\" \/>\n<meta property=\"article:modified_time\" content=\"2009-09-08T06:47:19+00:00\" \/>\n<meta property=\"og:image\" content=\"https:\/\/blog.zeit.de\/rezeptor\/files\/2009\/09\/030909.jpg\" \/>\n<meta name=\"author\" content=\"Thorsten Lange\" \/>\n<meta name=\"twitter:card\" content=\"summary_large_image\" \/>\n<meta name=\"twitter:label1\" content=\"Geschrieben von\" \/>\n\t<meta name=\"twitter:data1\" content=\"Thorsten Lange\" \/>\n\t<meta name=\"twitter:label2\" content=\"Gesch\u00e4tzte Lesezeit\" \/>\n\t<meta name=\"twitter:data2\" content=\"3\u00a0Minuten\" \/>\n<script type=\"application\/ld+json\" class=\"yoast-schema-graph\">{\"@context\":\"https:\/\/schema.org\",\"@graph\":[{\"@type\":\"WebPage\",\"@id\":\"https:\/\/blog.zeit.de\/rezeptor\/2009\/09\/07\/kalbsrahmgulasch_1280\",\"url\":\"https:\/\/blog.zeit.de\/rezeptor\/2009\/09\/07\/kalbsrahmgulasch_1280\",\"name\":\"Kalbsrahmgulasch - Rezeptor\",\"isPartOf\":{\"@id\":\"https:\/\/blog.zeit.de\/rezeptor\/#website\"},\"datePublished\":\"2009-09-07T12:54:11+00:00\",\"dateModified\":\"2009-09-08T06:47:19+00:00\",\"author\":{\"@id\":\"https:\/\/blog.zeit.de\/rezeptor\/#\/schema\/person\/c4f0408ea5996c729d4493413dabb0ba\"},\"breadcrumb\":{\"@id\":\"https:\/\/blog.zeit.de\/rezeptor\/2009\/09\/07\/kalbsrahmgulasch_1280#breadcrumb\"},\"inLanguage\":\"de\",\"potentialAction\":[{\"@type\":\"ReadAction\",\"target\":[\"https:\/\/blog.zeit.de\/rezeptor\/2009\/09\/07\/kalbsrahmgulasch_1280\"]}]},{\"@type\":\"BreadcrumbList\",\"@id\":\"https:\/\/blog.zeit.de\/rezeptor\/2009\/09\/07\/kalbsrahmgulasch_1280#breadcrumb\",\"itemListElement\":[{\"@type\":\"ListItem\",\"position\":1,\"name\":\"Startseite\",\"item\":\"https:\/\/blog.zeit.de\/rezeptor\"},{\"@type\":\"ListItem\",\"position\":2,\"name\":\"Kalbsrahmgulasch\"}]},{\"@type\":\"WebSite\",\"@id\":\"https:\/\/blog.zeit.de\/rezeptor\/#website\",\"url\":\"https:\/\/blog.zeit.de\/rezeptor\/\",\"name\":\"Rezeptor\",\"description\":\"Das Blog f\u00fcr alltagstaugliches Kochen\",\"potentialAction\":[{\"@type\":\"SearchAction\",\"target\":{\"@type\":\"EntryPoint\",\"urlTemplate\":\"https:\/\/blog.zeit.de\/rezeptor\/?s={search_term_string}\"},\"query-input\":\"required name=search_term_string\"}],\"inLanguage\":\"de\"},{\"@type\":\"Person\",\"@id\":\"https:\/\/blog.zeit.de\/rezeptor\/#\/schema\/person\/c4f0408ea5996c729d4493413dabb0ba\",\"name\":\"Thorsten Lange\",\"image\":{\"@type\":\"ImageObject\",\"inLanguage\":\"de\",\"@id\":\"https:\/\/blog.zeit.de\/rezeptor\/#\/schema\/person\/image\/\",\"url\":\"https:\/\/secure.gravatar.com\/avatar\/85379d51ec9d21c64deb1b65a642bd35dcec9ebc7a65ccb1d3d06a64f507fad2?s=96&d=mm&r=g\",\"contentUrl\":\"https:\/\/secure.gravatar.com\/avatar\/85379d51ec9d21c64deb1b65a642bd35dcec9ebc7a65ccb1d3d06a64f507fad2?s=96&d=mm&r=g\",\"caption\":\"Thorsten Lange\"},\"url\":\"https:\/\/blog.zeit.de\/rezeptor\/author\/thorsten-lange\"}]}<\/script>\n<!-- \/ Yoast SEO plugin. -->","yoast_head_json":{"title":"Kalbsrahmgulasch - Rezeptor","robots":{"index":"index","follow":"follow","max-snippet":"max-snippet:-1","max-image-preview":"max-image-preview:large","max-video-preview":"max-video-preview:-1"},"canonical":"https:\/\/blog.zeit.de\/rezeptor\/2009\/09\/07\/kalbsrahmgulasch_1280","og_locale":"de_DE","og_type":"article","og_title":"Kalbsrahmgulasch - Rezeptor","og_description":"Eine feine Gulaschvariante aus \u00d6sterreich, die urspr\u00fcnglich-deftige Version aus Ungarn gibt es hier","og_url":"https:\/\/blog.zeit.de\/rezeptor\/2009\/09\/07\/kalbsrahmgulasch_1280","og_site_name":"Rezeptor","article_published_time":"2009-09-07T12:54:11+00:00","article_modified_time":"2009-09-08T06:47:19+00:00","og_image":[{"url":"https:\/\/blog.zeit.de\/rezeptor\/files\/2009\/09\/030909.jpg"}],"author":"Thorsten Lange","twitter_card":"summary_large_image","twitter_misc":{"Geschrieben von":"Thorsten Lange","Gesch\u00e4tzte Lesezeit":"3\u00a0Minuten"},"schema":{"@context":"https:\/\/schema.org","@graph":[{"@type":"WebPage","@id":"https:\/\/blog.zeit.de\/rezeptor\/2009\/09\/07\/kalbsrahmgulasch_1280","url":"https:\/\/blog.zeit.de\/rezeptor\/2009\/09\/07\/kalbsrahmgulasch_1280","name":"Kalbsrahmgulasch - Rezeptor","isPartOf":{"@id":"https:\/\/blog.zeit.de\/rezeptor\/#website"},"datePublished":"2009-09-07T12:54:11+00:00","dateModified":"2009-09-08T06:47:19+00:00","author":{"@id":"https:\/\/blog.zeit.de\/rezeptor\/#\/schema\/person\/c4f0408ea5996c729d4493413dabb0ba"},"breadcrumb":{"@id":"https:\/\/blog.zeit.de\/rezeptor\/2009\/09\/07\/kalbsrahmgulasch_1280#breadcrumb"},"inLanguage":"de","potentialAction":[{"@type":"ReadAction","target":["https:\/\/blog.zeit.de\/rezeptor\/2009\/09\/07\/kalbsrahmgulasch_1280"]}]},{"@type":"BreadcrumbList","@id":"https:\/\/blog.zeit.de\/rezeptor\/2009\/09\/07\/kalbsrahmgulasch_1280#breadcrumb","itemListElement":[{"@type":"ListItem","position":1,"name":"Startseite","item":"https:\/\/blog.zeit.de\/rezeptor"},{"@type":"ListItem","position":2,"name":"Kalbsrahmgulasch"}]},{"@type":"WebSite","@id":"https:\/\/blog.zeit.de\/rezeptor\/#website","url":"https:\/\/blog.zeit.de\/rezeptor\/","name":"Rezeptor","description":"Das Blog f\u00fcr alltagstaugliches Kochen","potentialAction":[{"@type":"SearchAction","target":{"@type":"EntryPoint","urlTemplate":"https:\/\/blog.zeit.de\/rezeptor\/?s={search_term_string}"},"query-input":"required name=search_term_string"}],"inLanguage":"de"},{"@type":"Person","@id":"https:\/\/blog.zeit.de\/rezeptor\/#\/schema\/person\/c4f0408ea5996c729d4493413dabb0ba","name":"Thorsten Lange","image":{"@type":"ImageObject","inLanguage":"de","@id":"https:\/\/blog.zeit.de\/rezeptor\/#\/schema\/person\/image\/","url":"https:\/\/secure.gravatar.com\/avatar\/85379d51ec9d21c64deb1b65a642bd35dcec9ebc7a65ccb1d3d06a64f507fad2?s=96&d=mm&r=g","contentUrl":"https:\/\/secure.gravatar.com\/avatar\/85379d51ec9d21c64deb1b65a642bd35dcec9ebc7a65ccb1d3d06a64f507fad2?s=96&d=mm&r=g","caption":"Thorsten Lange"},"url":"https:\/\/blog.zeit.de\/rezeptor\/author\/thorsten-lange"}]}},"jetpack_featured_media_url":"","jetpack_sharing_enabled":true,"_links":{"self":[{"href":"https:\/\/blog.zeit.de\/rezeptor\/wp-json\/wp\/v2\/posts\/1280","targetHints":{"allow":["GET"]}}],"collection":[{"href":"https:\/\/blog.zeit.de\/rezeptor\/wp-json\/wp\/v2\/posts"}],"about":[{"href":"https:\/\/blog.zeit.de\/rezeptor\/wp-json\/wp\/v2\/types\/post"}],"author":[{"embeddable":true,"href":"https:\/\/blog.zeit.de\/rezeptor\/wp-json\/wp\/v2\/users\/95"}],"replies":[{"embeddable":true,"href":"https:\/\/blog.zeit.de\/rezeptor\/wp-json\/wp\/v2\/comments?post=1280"}],"version-history":[{"count":0,"href":"https:\/\/blog.zeit.de\/rezeptor\/wp-json\/wp\/v2\/posts\/1280\/revisions"}],"wp:attachment":[{"href":"https:\/\/blog.zeit.de\/rezeptor\/wp-json\/wp\/v2\/media?parent=1280"}],"wp:term":[{"taxonomy":"category","embeddable":true,"href":"https:\/\/blog.zeit.de\/rezeptor\/wp-json\/wp\/v2\/categories?post=1280"},{"taxonomy":"post_tag","embeddable":true,"href":"https:\/\/blog.zeit.de\/rezeptor\/wp-json\/wp\/v2\/tags?post=1280"}],"curies":[{"name":"wp","href":"https:\/\/api.w.org\/{rel}","templated":true}]}}