{"id":1311,"date":"2009-09-24T12:55:46","date_gmt":"2009-09-24T10:55:46","guid":{"rendered":"http:\/\/blog.zeit.de\/rezeptor\/?p=1311"},"modified":"2009-09-24T14:32:29","modified_gmt":"2009-09-24T12:32:29","slug":"kutteln-in-safransose","status":"publish","type":"post","link":"https:\/\/blog.zeit.de\/rezeptor\/2009\/09\/24\/kutteln-in-safransose_1311","title":{"rendered":"Kutteln in Safranso\u00dfe"},"content":{"rendered":"<p><img loading=\"lazy\" decoding=\"async\" class=\"alignnone size-full wp-image-1312\" title=\"080909\" src=\"https:\/\/blog.zeit.de\/rezeptor\/files\/2009\/09\/080909.jpg\" alt=\"080909\" width=\"464\" height=\"237\" srcset=\"https:\/\/blog.zeit.de\/rezeptor\/files\/2009\/09\/080909.jpg 464w, https:\/\/blog.zeit.de\/rezeptor\/files\/2009\/09\/080909-300x153.jpg 300w\" sizes=\"auto, (max-width: 464px) 100vw, 464px\" \/><\/p>\n<p>Frotteehandtuch, nasser Sch\u00e4ferhund oder Badewannen-Gummimatte sind m\u00f6gliche Assoziationen, die einem beim Zubereiten von Wiederk\u00e4uer-Vormagen so in die Sinne kommen<\/p>\n<p><!--more--><br \/>\nF\u00fcr zwei Personen:<br \/>\n300 g gekochter Pansen<br \/>\n1 Bund Suppengr\u00fcn<br \/>\n1 kleine Tomate<br \/>\n1 Zitrone<br \/>\n100 ml Br\u00fche<br \/>\n50 ml Wei\u00dfwein<br \/>\n1 Schalotte<br \/>\n1\/2 Zehe Knoblauch<br \/>\n2 EL Butter<br \/>\n2 EL Cr\u00e8me Fra\u00eeche<br \/>\nOliven\u00f6l<br \/>\nechter Safran<br \/>\nSalz<br \/>\nPfeffer<\/p>\n<p><img loading=\"lazy\" decoding=\"async\" class=\"alignleft size-full wp-image-1313\" title=\"080909\" src=\"https:\/\/blog.zeit.de\/rezeptor\/files\/2009\/09\/080909.gif\" alt=\"080909\" width=\"158\" height=\"113\" \/>Das Schwierigste an diesem Rezept ist die Beschaffung der Zutat \u201egekochter Pansen.\u201c Wer nicht zuf\u00e4llig in Kuttelregionen wie S\u00fcddeutschland lebt, findet nur schwer einen Metzger der diese Innereien feilbietet. In Hamburg zum Beispiel kann man Kutteln witzigerweise nur abgepackt in der Karstadt-Feinkostabteilung M\u00f6nckebergstra\u00dfe kaufen\u00a0\u2026<\/p>\n<p>Vom Suppengr\u00fcn zwei Karotten und die Sellerieknolle sch\u00e4len, den Lauch unter flie\u00dfendem Wasser abwaschen und gleich wieder trocken sch\u00fctteln. Die Karotten und die gleiche Menge an Sellerie und Lauch in streichholzlange, ganz feine Streifen schneiden, der Fachmann spricht hierbei von Julienne.<br \/>\nDie Tomate unten kreuzweise einritzen und 15 Sekunden in kochendes Wasser legen. Dann wieder rausfischen, und jetzt l\u00e4sst sich ganz leicht die Schale abziehen. Die nackte Tomate vierteln, entstrunken und alles glibberige und Kernige entfernen. Den Rest klein w\u00fcrfeln.<\/p>\n<p>Die Schalotte und die halbe Knoblauchzehe sch\u00e4len, feinst-hacken und in einem EL Butter und etwas Oliven\u00f6l auf mittlerer Hitze glasig anschwitzen. Dann die H\u00e4lfte vom Gem\u00fcse, die Kutteln und die Tomatenw\u00fcrfel dazu und mit etwas Safran und Salz gew\u00fcrzt so zirka f\u00fcnf Minuten vor sich hin d\u00fcnsten lassen.<\/p>\n<p>Dann mit 100 ml Br\u00fche und 50 ml Wei\u00dfwein abl\u00f6schen und zugedeckt auf kleiner Hitze so lange sich selbst \u00fcberlassen, bis die Kutteln weich gekocht sind. Das kann je nach Kuh und Metzger zwischen 30 Minuten und zwei Stunden dauern.<\/p>\n<p>Zehn Minuten vor Schluss noch das restliche Gem\u00fcse dazugeben und kurz vorm Servieren alles noch mit zwei EL Cr\u00e8me Fra\u00eeche und etwas Safran abrunden.<br \/>\nMit Salz und Zitronensaft abschmecken und auf jungen Bratkartoffeln (ohne Zwiebeln) servieren.<\/p>\n","protected":false},"excerpt":{"rendered":"<p>Frotteehandtuch, nasser Sch\u00e4ferhund oder Badewannen-Gummimatte sind m\u00f6gliche Assoziationen, die einem beim Zubereiten von Wiederk\u00e4uer-Vormagen so in die Sinne kommen<\/p>\n","protected":false},"author":95,"featured_media":0,"comment_status":"open","ping_status":"closed","sticky":false,"template":"","format":"standard","meta":{"_jetpack_memberships_contains_paid_content":false,"footnotes":""},"categories":[1009],"tags":[784,789,799],"class_list":["post-1311","post","type-post","status-publish","format-standard","hentry","category-ekliges-for-runaways","tag-gutburgerlich","tag-kartoffeln","tag-preiswert"],"yoast_head":"<!-- This site is optimized with the Yoast SEO plugin v21.0 - https:\/\/yoast.com\/wordpress\/plugins\/seo\/ -->\n<title>Kutteln in Safranso\u00dfe - Rezeptor<\/title>\n<meta name=\"robots\" content=\"index, follow, max-snippet:-1, max-image-preview:large, max-video-preview:-1\" \/>\n<link rel=\"canonical\" href=\"https:\/\/blog.zeit.de\/rezeptor\/2009\/09\/24\/kutteln-in-safransose_1311\" \/>\n<meta property=\"og:locale\" content=\"de_DE\" \/>\n<meta property=\"og:type\" content=\"article\" \/>\n<meta property=\"og:title\" content=\"Kutteln in Safranso\u00dfe - Rezeptor\" \/>\n<meta property=\"og:description\" content=\"Frotteehandtuch, nasser Sch\u00e4ferhund oder Badewannen-Gummimatte sind m\u00f6gliche Assoziationen, die einem beim Zubereiten von Wiederk\u00e4uer-Vormagen so in die Sinne kommen\" \/>\n<meta property=\"og:url\" content=\"https:\/\/blog.zeit.de\/rezeptor\/2009\/09\/24\/kutteln-in-safransose_1311\" \/>\n<meta property=\"og:site_name\" content=\"Rezeptor\" \/>\n<meta property=\"article:published_time\" content=\"2009-09-24T10:55:46+00:00\" \/>\n<meta property=\"article:modified_time\" content=\"2009-09-24T12:32:29+00:00\" \/>\n<meta property=\"og:image\" content=\"https:\/\/blog.zeit.de\/rezeptor\/files\/2009\/09\/080909.jpg\" \/>\n<meta name=\"author\" content=\"Thorsten Lange\" \/>\n<meta name=\"twitter:card\" content=\"summary_large_image\" \/>\n<meta name=\"twitter:label1\" content=\"Geschrieben von\" \/>\n\t<meta name=\"twitter:data1\" content=\"Thorsten Lange\" \/>\n\t<meta name=\"twitter:label2\" content=\"Gesch\u00e4tzte Lesezeit\" \/>\n\t<meta name=\"twitter:data2\" content=\"2\u00a0Minuten\" \/>\n<script type=\"application\/ld+json\" class=\"yoast-schema-graph\">{\"@context\":\"https:\/\/schema.org\",\"@graph\":[{\"@type\":\"WebPage\",\"@id\":\"https:\/\/blog.zeit.de\/rezeptor\/2009\/09\/24\/kutteln-in-safransose_1311\",\"url\":\"https:\/\/blog.zeit.de\/rezeptor\/2009\/09\/24\/kutteln-in-safransose_1311\",\"name\":\"Kutteln in Safranso\u00dfe - Rezeptor\",\"isPartOf\":{\"@id\":\"https:\/\/blog.zeit.de\/rezeptor\/#website\"},\"datePublished\":\"2009-09-24T10:55:46+00:00\",\"dateModified\":\"2009-09-24T12:32:29+00:00\",\"author\":{\"@id\":\"https:\/\/blog.zeit.de\/rezeptor\/#\/schema\/person\/c4f0408ea5996c729d4493413dabb0ba\"},\"breadcrumb\":{\"@id\":\"https:\/\/blog.zeit.de\/rezeptor\/2009\/09\/24\/kutteln-in-safransose_1311#breadcrumb\"},\"inLanguage\":\"de\",\"potentialAction\":[{\"@type\":\"ReadAction\",\"target\":[\"https:\/\/blog.zeit.de\/rezeptor\/2009\/09\/24\/kutteln-in-safransose_1311\"]}]},{\"@type\":\"BreadcrumbList\",\"@id\":\"https:\/\/blog.zeit.de\/rezeptor\/2009\/09\/24\/kutteln-in-safransose_1311#breadcrumb\",\"itemListElement\":[{\"@type\":\"ListItem\",\"position\":1,\"name\":\"Startseite\",\"item\":\"https:\/\/blog.zeit.de\/rezeptor\"},{\"@type\":\"ListItem\",\"position\":2,\"name\":\"Kutteln in Safranso\u00dfe\"}]},{\"@type\":\"WebSite\",\"@id\":\"https:\/\/blog.zeit.de\/rezeptor\/#website\",\"url\":\"https:\/\/blog.zeit.de\/rezeptor\/\",\"name\":\"Rezeptor\",\"description\":\"Das Blog f\u00fcr alltagstaugliches Kochen\",\"potentialAction\":[{\"@type\":\"SearchAction\",\"target\":{\"@type\":\"EntryPoint\",\"urlTemplate\":\"https:\/\/blog.zeit.de\/rezeptor\/?s={search_term_string}\"},\"query-input\":\"required name=search_term_string\"}],\"inLanguage\":\"de\"},{\"@type\":\"Person\",\"@id\":\"https:\/\/blog.zeit.de\/rezeptor\/#\/schema\/person\/c4f0408ea5996c729d4493413dabb0ba\",\"name\":\"Thorsten Lange\",\"image\":{\"@type\":\"ImageObject\",\"inLanguage\":\"de\",\"@id\":\"https:\/\/blog.zeit.de\/rezeptor\/#\/schema\/person\/image\/\",\"url\":\"https:\/\/secure.gravatar.com\/avatar\/85379d51ec9d21c64deb1b65a642bd35dcec9ebc7a65ccb1d3d06a64f507fad2?s=96&d=mm&r=g\",\"contentUrl\":\"https:\/\/secure.gravatar.com\/avatar\/85379d51ec9d21c64deb1b65a642bd35dcec9ebc7a65ccb1d3d06a64f507fad2?s=96&d=mm&r=g\",\"caption\":\"Thorsten Lange\"},\"url\":\"https:\/\/blog.zeit.de\/rezeptor\/author\/thorsten-lange\"}]}<\/script>\n<!-- \/ Yoast SEO plugin. -->","yoast_head_json":{"title":"Kutteln in Safranso\u00dfe - Rezeptor","robots":{"index":"index","follow":"follow","max-snippet":"max-snippet:-1","max-image-preview":"max-image-preview:large","max-video-preview":"max-video-preview:-1"},"canonical":"https:\/\/blog.zeit.de\/rezeptor\/2009\/09\/24\/kutteln-in-safransose_1311","og_locale":"de_DE","og_type":"article","og_title":"Kutteln in Safranso\u00dfe - Rezeptor","og_description":"Frotteehandtuch, nasser Sch\u00e4ferhund oder Badewannen-Gummimatte sind m\u00f6gliche Assoziationen, die einem beim Zubereiten von Wiederk\u00e4uer-Vormagen so in die Sinne kommen","og_url":"https:\/\/blog.zeit.de\/rezeptor\/2009\/09\/24\/kutteln-in-safransose_1311","og_site_name":"Rezeptor","article_published_time":"2009-09-24T10:55:46+00:00","article_modified_time":"2009-09-24T12:32:29+00:00","og_image":[{"url":"https:\/\/blog.zeit.de\/rezeptor\/files\/2009\/09\/080909.jpg"}],"author":"Thorsten Lange","twitter_card":"summary_large_image","twitter_misc":{"Geschrieben von":"Thorsten Lange","Gesch\u00e4tzte Lesezeit":"2\u00a0Minuten"},"schema":{"@context":"https:\/\/schema.org","@graph":[{"@type":"WebPage","@id":"https:\/\/blog.zeit.de\/rezeptor\/2009\/09\/24\/kutteln-in-safransose_1311","url":"https:\/\/blog.zeit.de\/rezeptor\/2009\/09\/24\/kutteln-in-safransose_1311","name":"Kutteln in Safranso\u00dfe - Rezeptor","isPartOf":{"@id":"https:\/\/blog.zeit.de\/rezeptor\/#website"},"datePublished":"2009-09-24T10:55:46+00:00","dateModified":"2009-09-24T12:32:29+00:00","author":{"@id":"https:\/\/blog.zeit.de\/rezeptor\/#\/schema\/person\/c4f0408ea5996c729d4493413dabb0ba"},"breadcrumb":{"@id":"https:\/\/blog.zeit.de\/rezeptor\/2009\/09\/24\/kutteln-in-safransose_1311#breadcrumb"},"inLanguage":"de","potentialAction":[{"@type":"ReadAction","target":["https:\/\/blog.zeit.de\/rezeptor\/2009\/09\/24\/kutteln-in-safransose_1311"]}]},{"@type":"BreadcrumbList","@id":"https:\/\/blog.zeit.de\/rezeptor\/2009\/09\/24\/kutteln-in-safransose_1311#breadcrumb","itemListElement":[{"@type":"ListItem","position":1,"name":"Startseite","item":"https:\/\/blog.zeit.de\/rezeptor"},{"@type":"ListItem","position":2,"name":"Kutteln in Safranso\u00dfe"}]},{"@type":"WebSite","@id":"https:\/\/blog.zeit.de\/rezeptor\/#website","url":"https:\/\/blog.zeit.de\/rezeptor\/","name":"Rezeptor","description":"Das Blog f\u00fcr alltagstaugliches Kochen","potentialAction":[{"@type":"SearchAction","target":{"@type":"EntryPoint","urlTemplate":"https:\/\/blog.zeit.de\/rezeptor\/?s={search_term_string}"},"query-input":"required name=search_term_string"}],"inLanguage":"de"},{"@type":"Person","@id":"https:\/\/blog.zeit.de\/rezeptor\/#\/schema\/person\/c4f0408ea5996c729d4493413dabb0ba","name":"Thorsten Lange","image":{"@type":"ImageObject","inLanguage":"de","@id":"https:\/\/blog.zeit.de\/rezeptor\/#\/schema\/person\/image\/","url":"https:\/\/secure.gravatar.com\/avatar\/85379d51ec9d21c64deb1b65a642bd35dcec9ebc7a65ccb1d3d06a64f507fad2?s=96&d=mm&r=g","contentUrl":"https:\/\/secure.gravatar.com\/avatar\/85379d51ec9d21c64deb1b65a642bd35dcec9ebc7a65ccb1d3d06a64f507fad2?s=96&d=mm&r=g","caption":"Thorsten Lange"},"url":"https:\/\/blog.zeit.de\/rezeptor\/author\/thorsten-lange"}]}},"jetpack_featured_media_url":"","jetpack_sharing_enabled":true,"_links":{"self":[{"href":"https:\/\/blog.zeit.de\/rezeptor\/wp-json\/wp\/v2\/posts\/1311","targetHints":{"allow":["GET"]}}],"collection":[{"href":"https:\/\/blog.zeit.de\/rezeptor\/wp-json\/wp\/v2\/posts"}],"about":[{"href":"https:\/\/blog.zeit.de\/rezeptor\/wp-json\/wp\/v2\/types\/post"}],"author":[{"embeddable":true,"href":"https:\/\/blog.zeit.de\/rezeptor\/wp-json\/wp\/v2\/users\/95"}],"replies":[{"embeddable":true,"href":"https:\/\/blog.zeit.de\/rezeptor\/wp-json\/wp\/v2\/comments?post=1311"}],"version-history":[{"count":0,"href":"https:\/\/blog.zeit.de\/rezeptor\/wp-json\/wp\/v2\/posts\/1311\/revisions"}],"wp:attachment":[{"href":"https:\/\/blog.zeit.de\/rezeptor\/wp-json\/wp\/v2\/media?parent=1311"}],"wp:term":[{"taxonomy":"category","embeddable":true,"href":"https:\/\/blog.zeit.de\/rezeptor\/wp-json\/wp\/v2\/categories?post=1311"},{"taxonomy":"post_tag","embeddable":true,"href":"https:\/\/blog.zeit.de\/rezeptor\/wp-json\/wp\/v2\/tags?post=1311"}],"curies":[{"name":"wp","href":"https:\/\/api.w.org\/{rel}","templated":true}]}}