{"id":1328,"date":"2009-10-08T14:47:33","date_gmt":"2009-10-08T12:47:33","guid":{"rendered":"http:\/\/blog.zeit.de\/rezeptor\/?p=1328"},"modified":"2009-10-08T22:44:41","modified_gmt":"2009-10-08T20:44:41","slug":"kurbissuppe-mit-sauerampfer-und-kokos","status":"publish","type":"post","link":"https:\/\/blog.zeit.de\/rezeptor\/2009\/10\/08\/kurbissuppe-mit-sauerampfer-und-kokos_1328","title":{"rendered":"K\u00fcrbissuppe mit Sauerampfer und Kokos"},"content":{"rendered":"<p><img loading=\"lazy\" decoding=\"async\" class=\"alignnone size-full wp-image-1329\" title=\"031009\" src=\"https:\/\/blog.zeit.de\/rezeptor\/files\/2009\/10\/031009.jpg\" alt=\"031009\" width=\"464\" height=\"237\" srcset=\"https:\/\/blog.zeit.de\/rezeptor\/files\/2009\/10\/031009.jpg 464w, https:\/\/blog.zeit.de\/rezeptor\/files\/2009\/10\/031009-300x153.jpg 300w\" sizes=\"auto, (max-width: 464px) 100vw, 464px\" \/><\/p>\n<p>Vor der Halloween-K\u00fcrbis-Hektik Ende September noch schnell ein entspanntes Herbsts\u00fcppchen<\/p>\n<p><!--more-->F\u00fcr vier Personen:<br \/>\n1 Hokkaidok\u00fcrbis<br \/>\n2 Rote Zwiebeln<br \/>\n2 Zehen Knoblauch<br \/>\nCayennepfeffer<br \/>\n15 Korianderk\u00f6rner<br \/>\n1,5 Liter Gem\u00fcsebr\u00fche<br \/>\n1 Dose Kokosmilch<br \/>\n1 Hand voll frischer Sauerampfer<br \/>\nSalz<\/p>\n<p><img loading=\"lazy\" decoding=\"async\" class=\"alignleft size-full wp-image-1330\" title=\"031009\" src=\"https:\/\/blog.zeit.de\/rezeptor\/files\/2009\/10\/031009.gif\" alt=\"031009\" width=\"158\" height=\"113\" \/>Den K\u00fcrbis mit dem gro\u00dfen, stabilen Messer halbieren und einem Essl\u00f6ffel die Kerne und das ganze Innere raus schaben. Die beiden H\u00e4lften l\u00e4ngs in Scheiben und daraus wiederum W\u00fcrfel schneiden.<br \/>\nZwiebeln und Knoblauch sch\u00e4len und nur grob hacken, beides wird sp\u00e4ter sowieso p\u00fcriert.<br \/>\nDie Korianderk\u00f6rner in einem M\u00f6rser zersto\u00dfen und so klein es geht m\u00f6rsern.<\/p>\n<p>Jetzt die Zwiebeln und den Knoblauch in reichlich Oliven\u00f6l und einem gro\u00dfen Topf weich und glasig d\u00fcnsten, anschlie\u00dfend die K\u00fcrbisw\u00fcrfel dazugeben. Die Korianderk\u00f6rner, zirka einen halben TL Cayennepfeffer und eine Prise Salz mit in den Topf geben und alles zusammen f\u00fcnf Minuten r\u00fchrend kr\u00e4ftig anbraten. Geschmacklich nicht ganz unwichtig sind die dabei entstehenden R\u00f6ststoffe, also hier ruhig etwas Farbe zulassen.<\/p>\n<p>Dann mit 1,5 Litern Br\u00fche abl\u00f6schen und 15 bis 20 Minuten k\u00f6cheln lassen. Wie immer ist selbst gemachte Br\u00fche das Optimum, manchen gen\u00fcgt f\u00fcr die Alltagsk\u00fcche auch Instantware, das muss aber jeder mit sich selbst und seinem kulinarischen Gewissen vereinbaren.<\/p>\n<p>Den Topf vom Feuer nehmen und mit einem P\u00fcrierstab alles zu einer glatte Suppe p\u00fcrieren. Achtung vor den kochend hei\u00dfen Suppenspritzern! Am Ende noch die Kokosmilch mit in den Topf leeren, wieder aufkochen lassen, einmal kurz umr\u00fchren und die Suppe gegebenenfalls mit Salz abschmecken.<\/p>\n<p>Auf Suppenteller oder trendige -sch\u00e4lchen verteilen und mit gewaschenen Sauerampferbl\u00e4ttern bestreuen. Gro\u00dfe Bl\u00e4tter vielleicht vorher in Streifen schneiden \u2026<\/p>\n<p><strong>Sauerampfer<\/strong> gibt es inzwischen an gut sortierten Kr\u00e4utertheken, als Kr\u00e4utertopf f\u00fcr den Balkon aus dem Baumarkt oder ganz simpel auf der Wiese. Wobei man hier vorsichtig sein sollte, weil viele Bauern viele D\u00fcnger einsetzen, G\u00fclle ist da noch das Harmloseste. F\u00fcr die K\u00fcche verwendet man am besten die jungen, hellgr\u00fcnen Bl\u00e4tter.<br \/>\nDer s\u00e4uerliche Geschmack kontrastiert sehr gut mit der geschmeidigen Kokosk\u00fcrbissuppe.<\/p>\n","protected":false},"excerpt":{"rendered":"<p>Vor der Halloween-K\u00fcrbis-Hektik Ende September noch schnell ein entspanntes Herbsts\u00fcppchen<\/p>\n","protected":false},"author":95,"featured_media":0,"comment_status":"open","ping_status":"closed","sticky":false,"template":"","format":"standard","meta":{"_jetpack_memberships_contains_paid_content":false,"footnotes":""},"categories":[815],"tags":[808,810,812],"class_list":["post-1328","post","type-post","status-publish","format-standard","hentry","category-suppenkuche","tag-soulfood","tag-suppe","tag-vegetarisch"],"yoast_head":"<!-- This site is optimized with the Yoast SEO plugin v21.0 - https:\/\/yoast.com\/wordpress\/plugins\/seo\/ -->\n<title>K\u00fcrbissuppe mit Sauerampfer und Kokos - Rezeptor<\/title>\n<meta name=\"robots\" content=\"index, follow, max-snippet:-1, max-image-preview:large, max-video-preview:-1\" \/>\n<link rel=\"canonical\" href=\"https:\/\/blog.zeit.de\/rezeptor\/2009\/10\/08\/kurbissuppe-mit-sauerampfer-und-kokos_1328\" \/>\n<meta property=\"og:locale\" content=\"de_DE\" \/>\n<meta property=\"og:type\" content=\"article\" \/>\n<meta property=\"og:title\" content=\"K\u00fcrbissuppe mit Sauerampfer und Kokos - Rezeptor\" \/>\n<meta property=\"og:description\" content=\"Vor der Halloween-K\u00fcrbis-Hektik Ende September noch schnell ein entspanntes Herbsts\u00fcppchen\" \/>\n<meta property=\"og:url\" content=\"https:\/\/blog.zeit.de\/rezeptor\/2009\/10\/08\/kurbissuppe-mit-sauerampfer-und-kokos_1328\" \/>\n<meta property=\"og:site_name\" content=\"Rezeptor\" \/>\n<meta property=\"article:published_time\" content=\"2009-10-08T12:47:33+00:00\" \/>\n<meta property=\"article:modified_time\" content=\"2009-10-08T20:44:41+00:00\" \/>\n<meta property=\"og:image\" content=\"https:\/\/blog.zeit.de\/rezeptor\/files\/2009\/10\/031009.jpg\" \/>\n<meta name=\"author\" content=\"Thorsten Lange\" \/>\n<meta name=\"twitter:card\" content=\"summary_large_image\" \/>\n<meta name=\"twitter:label1\" content=\"Geschrieben von\" \/>\n\t<meta name=\"twitter:data1\" content=\"Thorsten Lange\" \/>\n\t<meta name=\"twitter:label2\" content=\"Gesch\u00e4tzte Lesezeit\" \/>\n\t<meta name=\"twitter:data2\" content=\"2\u00a0Minuten\" \/>\n<script type=\"application\/ld+json\" class=\"yoast-schema-graph\">{\"@context\":\"https:\/\/schema.org\",\"@graph\":[{\"@type\":\"WebPage\",\"@id\":\"https:\/\/blog.zeit.de\/rezeptor\/2009\/10\/08\/kurbissuppe-mit-sauerampfer-und-kokos_1328\",\"url\":\"https:\/\/blog.zeit.de\/rezeptor\/2009\/10\/08\/kurbissuppe-mit-sauerampfer-und-kokos_1328\",\"name\":\"K\u00fcrbissuppe mit Sauerampfer und Kokos - Rezeptor\",\"isPartOf\":{\"@id\":\"https:\/\/blog.zeit.de\/rezeptor\/#website\"},\"datePublished\":\"2009-10-08T12:47:33+00:00\",\"dateModified\":\"2009-10-08T20:44:41+00:00\",\"author\":{\"@id\":\"https:\/\/blog.zeit.de\/rezeptor\/#\/schema\/person\/c4f0408ea5996c729d4493413dabb0ba\"},\"breadcrumb\":{\"@id\":\"https:\/\/blog.zeit.de\/rezeptor\/2009\/10\/08\/kurbissuppe-mit-sauerampfer-und-kokos_1328#breadcrumb\"},\"inLanguage\":\"de\",\"potentialAction\":[{\"@type\":\"ReadAction\",\"target\":[\"https:\/\/blog.zeit.de\/rezeptor\/2009\/10\/08\/kurbissuppe-mit-sauerampfer-und-kokos_1328\"]}]},{\"@type\":\"BreadcrumbList\",\"@id\":\"https:\/\/blog.zeit.de\/rezeptor\/2009\/10\/08\/kurbissuppe-mit-sauerampfer-und-kokos_1328#breadcrumb\",\"itemListElement\":[{\"@type\":\"ListItem\",\"position\":1,\"name\":\"Startseite\",\"item\":\"https:\/\/blog.zeit.de\/rezeptor\"},{\"@type\":\"ListItem\",\"position\":2,\"name\":\"K\u00fcrbissuppe mit Sauerampfer und Kokos\"}]},{\"@type\":\"WebSite\",\"@id\":\"https:\/\/blog.zeit.de\/rezeptor\/#website\",\"url\":\"https:\/\/blog.zeit.de\/rezeptor\/\",\"name\":\"Rezeptor\",\"description\":\"Das Blog f\u00fcr alltagstaugliches Kochen\",\"potentialAction\":[{\"@type\":\"SearchAction\",\"target\":{\"@type\":\"EntryPoint\",\"urlTemplate\":\"https:\/\/blog.zeit.de\/rezeptor\/?s={search_term_string}\"},\"query-input\":\"required name=search_term_string\"}],\"inLanguage\":\"de\"},{\"@type\":\"Person\",\"@id\":\"https:\/\/blog.zeit.de\/rezeptor\/#\/schema\/person\/c4f0408ea5996c729d4493413dabb0ba\",\"name\":\"Thorsten Lange\",\"image\":{\"@type\":\"ImageObject\",\"inLanguage\":\"de\",\"@id\":\"https:\/\/blog.zeit.de\/rezeptor\/#\/schema\/person\/image\/\",\"url\":\"https:\/\/secure.gravatar.com\/avatar\/85379d51ec9d21c64deb1b65a642bd35dcec9ebc7a65ccb1d3d06a64f507fad2?s=96&d=mm&r=g\",\"contentUrl\":\"https:\/\/secure.gravatar.com\/avatar\/85379d51ec9d21c64deb1b65a642bd35dcec9ebc7a65ccb1d3d06a64f507fad2?s=96&d=mm&r=g\",\"caption\":\"Thorsten Lange\"},\"url\":\"https:\/\/blog.zeit.de\/rezeptor\/author\/thorsten-lange\"}]}<\/script>\n<!-- \/ Yoast SEO plugin. -->","yoast_head_json":{"title":"K\u00fcrbissuppe mit Sauerampfer und Kokos - Rezeptor","robots":{"index":"index","follow":"follow","max-snippet":"max-snippet:-1","max-image-preview":"max-image-preview:large","max-video-preview":"max-video-preview:-1"},"canonical":"https:\/\/blog.zeit.de\/rezeptor\/2009\/10\/08\/kurbissuppe-mit-sauerampfer-und-kokos_1328","og_locale":"de_DE","og_type":"article","og_title":"K\u00fcrbissuppe mit Sauerampfer und Kokos - Rezeptor","og_description":"Vor der Halloween-K\u00fcrbis-Hektik Ende September noch schnell ein entspanntes Herbsts\u00fcppchen","og_url":"https:\/\/blog.zeit.de\/rezeptor\/2009\/10\/08\/kurbissuppe-mit-sauerampfer-und-kokos_1328","og_site_name":"Rezeptor","article_published_time":"2009-10-08T12:47:33+00:00","article_modified_time":"2009-10-08T20:44:41+00:00","og_image":[{"url":"https:\/\/blog.zeit.de\/rezeptor\/files\/2009\/10\/031009.jpg"}],"author":"Thorsten Lange","twitter_card":"summary_large_image","twitter_misc":{"Geschrieben von":"Thorsten Lange","Gesch\u00e4tzte Lesezeit":"2\u00a0Minuten"},"schema":{"@context":"https:\/\/schema.org","@graph":[{"@type":"WebPage","@id":"https:\/\/blog.zeit.de\/rezeptor\/2009\/10\/08\/kurbissuppe-mit-sauerampfer-und-kokos_1328","url":"https:\/\/blog.zeit.de\/rezeptor\/2009\/10\/08\/kurbissuppe-mit-sauerampfer-und-kokos_1328","name":"K\u00fcrbissuppe mit Sauerampfer und Kokos - Rezeptor","isPartOf":{"@id":"https:\/\/blog.zeit.de\/rezeptor\/#website"},"datePublished":"2009-10-08T12:47:33+00:00","dateModified":"2009-10-08T20:44:41+00:00","author":{"@id":"https:\/\/blog.zeit.de\/rezeptor\/#\/schema\/person\/c4f0408ea5996c729d4493413dabb0ba"},"breadcrumb":{"@id":"https:\/\/blog.zeit.de\/rezeptor\/2009\/10\/08\/kurbissuppe-mit-sauerampfer-und-kokos_1328#breadcrumb"},"inLanguage":"de","potentialAction":[{"@type":"ReadAction","target":["https:\/\/blog.zeit.de\/rezeptor\/2009\/10\/08\/kurbissuppe-mit-sauerampfer-und-kokos_1328"]}]},{"@type":"BreadcrumbList","@id":"https:\/\/blog.zeit.de\/rezeptor\/2009\/10\/08\/kurbissuppe-mit-sauerampfer-und-kokos_1328#breadcrumb","itemListElement":[{"@type":"ListItem","position":1,"name":"Startseite","item":"https:\/\/blog.zeit.de\/rezeptor"},{"@type":"ListItem","position":2,"name":"K\u00fcrbissuppe mit Sauerampfer und Kokos"}]},{"@type":"WebSite","@id":"https:\/\/blog.zeit.de\/rezeptor\/#website","url":"https:\/\/blog.zeit.de\/rezeptor\/","name":"Rezeptor","description":"Das Blog f\u00fcr alltagstaugliches Kochen","potentialAction":[{"@type":"SearchAction","target":{"@type":"EntryPoint","urlTemplate":"https:\/\/blog.zeit.de\/rezeptor\/?s={search_term_string}"},"query-input":"required name=search_term_string"}],"inLanguage":"de"},{"@type":"Person","@id":"https:\/\/blog.zeit.de\/rezeptor\/#\/schema\/person\/c4f0408ea5996c729d4493413dabb0ba","name":"Thorsten Lange","image":{"@type":"ImageObject","inLanguage":"de","@id":"https:\/\/blog.zeit.de\/rezeptor\/#\/schema\/person\/image\/","url":"https:\/\/secure.gravatar.com\/avatar\/85379d51ec9d21c64deb1b65a642bd35dcec9ebc7a65ccb1d3d06a64f507fad2?s=96&d=mm&r=g","contentUrl":"https:\/\/secure.gravatar.com\/avatar\/85379d51ec9d21c64deb1b65a642bd35dcec9ebc7a65ccb1d3d06a64f507fad2?s=96&d=mm&r=g","caption":"Thorsten Lange"},"url":"https:\/\/blog.zeit.de\/rezeptor\/author\/thorsten-lange"}]}},"jetpack_featured_media_url":"","jetpack_sharing_enabled":true,"_links":{"self":[{"href":"https:\/\/blog.zeit.de\/rezeptor\/wp-json\/wp\/v2\/posts\/1328","targetHints":{"allow":["GET"]}}],"collection":[{"href":"https:\/\/blog.zeit.de\/rezeptor\/wp-json\/wp\/v2\/posts"}],"about":[{"href":"https:\/\/blog.zeit.de\/rezeptor\/wp-json\/wp\/v2\/types\/post"}],"author":[{"embeddable":true,"href":"https:\/\/blog.zeit.de\/rezeptor\/wp-json\/wp\/v2\/users\/95"}],"replies":[{"embeddable":true,"href":"https:\/\/blog.zeit.de\/rezeptor\/wp-json\/wp\/v2\/comments?post=1328"}],"version-history":[{"count":0,"href":"https:\/\/blog.zeit.de\/rezeptor\/wp-json\/wp\/v2\/posts\/1328\/revisions"}],"wp:attachment":[{"href":"https:\/\/blog.zeit.de\/rezeptor\/wp-json\/wp\/v2\/media?parent=1328"}],"wp:term":[{"taxonomy":"category","embeddable":true,"href":"https:\/\/blog.zeit.de\/rezeptor\/wp-json\/wp\/v2\/categories?post=1328"},{"taxonomy":"post_tag","embeddable":true,"href":"https:\/\/blog.zeit.de\/rezeptor\/wp-json\/wp\/v2\/tags?post=1328"}],"curies":[{"name":"wp","href":"https:\/\/api.w.org\/{rel}","templated":true}]}}