{"id":1334,"date":"2009-10-12T17:03:09","date_gmt":"2009-10-12T15:03:09","guid":{"rendered":"http:\/\/blog.zeit.de\/rezeptor\/?p=1334"},"modified":"2009-10-12T17:03:09","modified_gmt":"2009-10-12T15:03:09","slug":"zwetschgendatschi","status":"publish","type":"post","link":"https:\/\/blog.zeit.de\/rezeptor\/2009\/10\/12\/zwetschgendatschi_1334","title":{"rendered":"Zwetschgendatschi"},"content":{"rendered":"<p><img loading=\"lazy\" decoding=\"async\" class=\"alignnone size-full wp-image-1335\" title=\"041009\" src=\"https:\/\/blog.zeit.de\/rezeptor\/files\/2009\/10\/041009.jpg\" alt=\"041009\" width=\"464\" height=\"237\" srcset=\"https:\/\/blog.zeit.de\/rezeptor\/files\/2009\/10\/041009.jpg 464w, https:\/\/blog.zeit.de\/rezeptor\/files\/2009\/10\/041009-300x153.jpg 300w\" sizes=\"auto, (max-width: 464px) 100vw, 464px\" \/><\/p>\n<p>Mit sp\u00e4ten badischen Zwetschgen kann man sich ein letztes Mal den Sommer auf die Kaffeetafel holen<\/p>\n<p><!--more-->F\u00fcr ein gro\u00dfes Backblech:<br \/>\n2,5 Kilo reife Zwetschgen<br \/>\n500 g Mehl<br \/>\n100 g Zucker<br \/>\n250 ml Milch<br \/>\n50 g Butter<br \/>\n1\/2 Packung (21 g) frische Hefe<br \/>\nSemmelbr\u00f6sel<br \/>\nZimt<br \/>\nZucker<br \/>\nSalz<\/p>\n<p><img loading=\"lazy\" decoding=\"async\" class=\"alignleft size-full wp-image-1336\" title=\"041009\" src=\"https:\/\/blog.zeit.de\/rezeptor\/files\/2009\/10\/041009.gif\" alt=\"041009\" width=\"158\" height=\"113\" \/>In einem kleinen Topf 250 ml Milch auf mittlerer Hitze lauwarm werden lassen. Bis dahin 500 g Mehl in eine gro\u00dfe Sch\u00fcssel leeren und in der Mitte ein Loch bis zum Sch\u00fcsselboden freischaufeln. Die halbe Packung frische Hefe in diesen Krater br\u00f6seln und mit 5 EL jetzt warmer Milch und einer Prise Zucker zu einem Vorteig r\u00fchren.<\/p>\n<p>Zur Erinnerung: Backhefe braucht f\u00fcr Ihre Arbeit Zucker und schnuckelige W\u00e4rme, deshalb so ein Vorteig. Bis die Hefe aus der K\u00fchlschrank-K\u00e4ltestarre aufgewacht ist, 50 g Butter in der lauwarmen Milch schmelzen.<\/p>\n<p>Nach drei bis f\u00fcnf Minuten produziert die Hefe schon munter Luftbl\u00e4schen, dann kann man 100 g Zucker, eine Prise Salz und die Butter-Milch mit in die Sch\u00fcssel geben und aus allem einen s\u00fc\u00dfen Hefeteig kneten. Anfangs mit Hilfe eines Kochl\u00f6ffels, sp\u00e4ter mit beiden H\u00e4nden. Und zwar genau so lange bis er sich leicht von der Sch\u00fcssel l\u00f6st und Blasen wirft.<br \/>\nDie Masse zu einer Kugel formen und im ganz leicht vorgeheizten Ofen gehen lassen, bis er sich verdoppelt hat. Das dauert so zirka eine Stunde.<\/p>\n<p>Die Teigkugel auf bemehlter Arbeitsplatte mit einem Nudelholz auf Backblechgr\u00f6\u00dfe ausrollen und auf ein mit Butter eingeschmiertes Backblech hieven. Wer alleine b\u00e4ckt, schl\u00e4gt den Teigfladen eingemehlt auf ein Viertel zusammen, legt ihn in eine Backblech-Ecke und entfaltet das Prachtexemplar wieder auf volle Gr\u00f6\u00dfe.<\/p>\n<p>Jetzt darf der Teig noch mal kurz gehen, in der Zwischenzeit schon mal den Ofen auf 200 Grad Oberunterhitze vorheizen. Und die Zwetschgen waschen, dann mit einem kleinen Messer l\u00e4ngs halbieren und dabei entsteinen.<\/p>\n<p>Den Teig mit einer halben Hand voll Semmelbr\u00f6seln zum Zwetschgensaft-Aufsaugen bestreuen \u2013 richtige B\u00e4cker reiben sich nat\u00fcrlich selbst welche aus einem alten Br\u00f6tchen. Dann die halben Zwetschgen mit der Hautseite nach unten dachziegelartig \u00fcberlappend auf dem Blech verteilen und jede einzelne Zwetschgenh\u00e4lfte dabei ein kleines St\u00fcck in den Teig eindr\u00fccken. Auf s\u00fcddeutsch &#8222;eindatschen&#8220;, daher \u00fcbrigens der Name des Kuchens.<\/p>\n<p>Auf mittlerer Schiene so zirka 20 Minuten backen, dann sind die Fr\u00fcchte sch\u00f6n weich und der Kuchenrand goldbraun.<br \/>\nUnd bitte erst kurz vorm Servieren mit Zimt und Zucker bestreuen, der Zucker zieht sonst n\u00e4mlich das Saft aus den Zwetschgen und der Datschi wird schlabberig.<\/p>\n<p>Dazu passt ein frisch gebr\u00fchter Filterkaffe und unerh\u00f6rt viel Schlagsahne<\/p>\n","protected":false},"excerpt":{"rendered":"<p>Mit sp\u00e4ten badischen Zwetschgen kann man sich ein letztes Mal den Sommer auf die Kaffeetafel holen<\/p>\n","protected":false},"author":95,"featured_media":0,"comment_status":"open","ping_status":"closed","sticky":false,"template":"","format":"standard","meta":{"_jetpack_memberships_contains_paid_content":false,"footnotes":""},"categories":[836],"tags":[771,787,804],"class_list":["post-1334","post","type-post","status-publish","format-standard","hentry","category-dessert-storm","tag-backen","tag-hefe","tag-suddeutsch"],"yoast_head":"<!-- This site is optimized with the Yoast SEO plugin v21.0 - https:\/\/yoast.com\/wordpress\/plugins\/seo\/ -->\n<title>Zwetschgendatschi - Rezeptor<\/title>\n<meta name=\"robots\" content=\"index, follow, max-snippet:-1, max-image-preview:large, max-video-preview:-1\" \/>\n<link rel=\"canonical\" href=\"https:\/\/blog.zeit.de\/rezeptor\/2009\/10\/12\/zwetschgendatschi_1334\" \/>\n<meta property=\"og:locale\" content=\"de_DE\" \/>\n<meta property=\"og:type\" content=\"article\" \/>\n<meta property=\"og:title\" content=\"Zwetschgendatschi - Rezeptor\" \/>\n<meta property=\"og:description\" content=\"Mit sp\u00e4ten badischen Zwetschgen kann man sich ein letztes Mal den Sommer auf die Kaffeetafel holen\" \/>\n<meta property=\"og:url\" content=\"https:\/\/blog.zeit.de\/rezeptor\/2009\/10\/12\/zwetschgendatschi_1334\" \/>\n<meta property=\"og:site_name\" content=\"Rezeptor\" \/>\n<meta property=\"article:published_time\" content=\"2009-10-12T15:03:09+00:00\" \/>\n<meta property=\"og:image\" content=\"https:\/\/blog.zeit.de\/rezeptor\/files\/2009\/10\/041009.jpg\" \/>\n<meta name=\"author\" content=\"Thorsten Lange\" \/>\n<meta name=\"twitter:card\" content=\"summary_large_image\" \/>\n<meta name=\"twitter:label1\" content=\"Geschrieben von\" \/>\n\t<meta name=\"twitter:data1\" content=\"Thorsten Lange\" \/>\n\t<meta name=\"twitter:label2\" content=\"Gesch\u00e4tzte Lesezeit\" \/>\n\t<meta name=\"twitter:data2\" content=\"2\u00a0Minuten\" \/>\n<script type=\"application\/ld+json\" class=\"yoast-schema-graph\">{\"@context\":\"https:\/\/schema.org\",\"@graph\":[{\"@type\":\"WebPage\",\"@id\":\"https:\/\/blog.zeit.de\/rezeptor\/2009\/10\/12\/zwetschgendatschi_1334\",\"url\":\"https:\/\/blog.zeit.de\/rezeptor\/2009\/10\/12\/zwetschgendatschi_1334\",\"name\":\"Zwetschgendatschi - Rezeptor\",\"isPartOf\":{\"@id\":\"https:\/\/blog.zeit.de\/rezeptor\/#website\"},\"datePublished\":\"2009-10-12T15:03:09+00:00\",\"dateModified\":\"2009-10-12T15:03:09+00:00\",\"author\":{\"@id\":\"https:\/\/blog.zeit.de\/rezeptor\/#\/schema\/person\/c4f0408ea5996c729d4493413dabb0ba\"},\"breadcrumb\":{\"@id\":\"https:\/\/blog.zeit.de\/rezeptor\/2009\/10\/12\/zwetschgendatschi_1334#breadcrumb\"},\"inLanguage\":\"de\",\"potentialAction\":[{\"@type\":\"ReadAction\",\"target\":[\"https:\/\/blog.zeit.de\/rezeptor\/2009\/10\/12\/zwetschgendatschi_1334\"]}]},{\"@type\":\"BreadcrumbList\",\"@id\":\"https:\/\/blog.zeit.de\/rezeptor\/2009\/10\/12\/zwetschgendatschi_1334#breadcrumb\",\"itemListElement\":[{\"@type\":\"ListItem\",\"position\":1,\"name\":\"Startseite\",\"item\":\"https:\/\/blog.zeit.de\/rezeptor\"},{\"@type\":\"ListItem\",\"position\":2,\"name\":\"Zwetschgendatschi\"}]},{\"@type\":\"WebSite\",\"@id\":\"https:\/\/blog.zeit.de\/rezeptor\/#website\",\"url\":\"https:\/\/blog.zeit.de\/rezeptor\/\",\"name\":\"Rezeptor\",\"description\":\"Das Blog f\u00fcr alltagstaugliches Kochen\",\"potentialAction\":[{\"@type\":\"SearchAction\",\"target\":{\"@type\":\"EntryPoint\",\"urlTemplate\":\"https:\/\/blog.zeit.de\/rezeptor\/?s={search_term_string}\"},\"query-input\":\"required name=search_term_string\"}],\"inLanguage\":\"de\"},{\"@type\":\"Person\",\"@id\":\"https:\/\/blog.zeit.de\/rezeptor\/#\/schema\/person\/c4f0408ea5996c729d4493413dabb0ba\",\"name\":\"Thorsten Lange\",\"image\":{\"@type\":\"ImageObject\",\"inLanguage\":\"de\",\"@id\":\"https:\/\/blog.zeit.de\/rezeptor\/#\/schema\/person\/image\/\",\"url\":\"https:\/\/secure.gravatar.com\/avatar\/85379d51ec9d21c64deb1b65a642bd35dcec9ebc7a65ccb1d3d06a64f507fad2?s=96&d=mm&r=g\",\"contentUrl\":\"https:\/\/secure.gravatar.com\/avatar\/85379d51ec9d21c64deb1b65a642bd35dcec9ebc7a65ccb1d3d06a64f507fad2?s=96&d=mm&r=g\",\"caption\":\"Thorsten Lange\"},\"url\":\"https:\/\/blog.zeit.de\/rezeptor\/author\/thorsten-lange\"}]}<\/script>\n<!-- \/ Yoast SEO plugin. -->","yoast_head_json":{"title":"Zwetschgendatschi - Rezeptor","robots":{"index":"index","follow":"follow","max-snippet":"max-snippet:-1","max-image-preview":"max-image-preview:large","max-video-preview":"max-video-preview:-1"},"canonical":"https:\/\/blog.zeit.de\/rezeptor\/2009\/10\/12\/zwetschgendatschi_1334","og_locale":"de_DE","og_type":"article","og_title":"Zwetschgendatschi - Rezeptor","og_description":"Mit sp\u00e4ten badischen Zwetschgen kann man sich ein letztes Mal den Sommer auf die Kaffeetafel holen","og_url":"https:\/\/blog.zeit.de\/rezeptor\/2009\/10\/12\/zwetschgendatschi_1334","og_site_name":"Rezeptor","article_published_time":"2009-10-12T15:03:09+00:00","og_image":[{"url":"https:\/\/blog.zeit.de\/rezeptor\/files\/2009\/10\/041009.jpg"}],"author":"Thorsten Lange","twitter_card":"summary_large_image","twitter_misc":{"Geschrieben von":"Thorsten Lange","Gesch\u00e4tzte Lesezeit":"2\u00a0Minuten"},"schema":{"@context":"https:\/\/schema.org","@graph":[{"@type":"WebPage","@id":"https:\/\/blog.zeit.de\/rezeptor\/2009\/10\/12\/zwetschgendatschi_1334","url":"https:\/\/blog.zeit.de\/rezeptor\/2009\/10\/12\/zwetschgendatschi_1334","name":"Zwetschgendatschi - Rezeptor","isPartOf":{"@id":"https:\/\/blog.zeit.de\/rezeptor\/#website"},"datePublished":"2009-10-12T15:03:09+00:00","dateModified":"2009-10-12T15:03:09+00:00","author":{"@id":"https:\/\/blog.zeit.de\/rezeptor\/#\/schema\/person\/c4f0408ea5996c729d4493413dabb0ba"},"breadcrumb":{"@id":"https:\/\/blog.zeit.de\/rezeptor\/2009\/10\/12\/zwetschgendatschi_1334#breadcrumb"},"inLanguage":"de","potentialAction":[{"@type":"ReadAction","target":["https:\/\/blog.zeit.de\/rezeptor\/2009\/10\/12\/zwetschgendatschi_1334"]}]},{"@type":"BreadcrumbList","@id":"https:\/\/blog.zeit.de\/rezeptor\/2009\/10\/12\/zwetschgendatschi_1334#breadcrumb","itemListElement":[{"@type":"ListItem","position":1,"name":"Startseite","item":"https:\/\/blog.zeit.de\/rezeptor"},{"@type":"ListItem","position":2,"name":"Zwetschgendatschi"}]},{"@type":"WebSite","@id":"https:\/\/blog.zeit.de\/rezeptor\/#website","url":"https:\/\/blog.zeit.de\/rezeptor\/","name":"Rezeptor","description":"Das Blog f\u00fcr alltagstaugliches Kochen","potentialAction":[{"@type":"SearchAction","target":{"@type":"EntryPoint","urlTemplate":"https:\/\/blog.zeit.de\/rezeptor\/?s={search_term_string}"},"query-input":"required name=search_term_string"}],"inLanguage":"de"},{"@type":"Person","@id":"https:\/\/blog.zeit.de\/rezeptor\/#\/schema\/person\/c4f0408ea5996c729d4493413dabb0ba","name":"Thorsten Lange","image":{"@type":"ImageObject","inLanguage":"de","@id":"https:\/\/blog.zeit.de\/rezeptor\/#\/schema\/person\/image\/","url":"https:\/\/secure.gravatar.com\/avatar\/85379d51ec9d21c64deb1b65a642bd35dcec9ebc7a65ccb1d3d06a64f507fad2?s=96&d=mm&r=g","contentUrl":"https:\/\/secure.gravatar.com\/avatar\/85379d51ec9d21c64deb1b65a642bd35dcec9ebc7a65ccb1d3d06a64f507fad2?s=96&d=mm&r=g","caption":"Thorsten Lange"},"url":"https:\/\/blog.zeit.de\/rezeptor\/author\/thorsten-lange"}]}},"jetpack_featured_media_url":"","jetpack_sharing_enabled":true,"_links":{"self":[{"href":"https:\/\/blog.zeit.de\/rezeptor\/wp-json\/wp\/v2\/posts\/1334","targetHints":{"allow":["GET"]}}],"collection":[{"href":"https:\/\/blog.zeit.de\/rezeptor\/wp-json\/wp\/v2\/posts"}],"about":[{"href":"https:\/\/blog.zeit.de\/rezeptor\/wp-json\/wp\/v2\/types\/post"}],"author":[{"embeddable":true,"href":"https:\/\/blog.zeit.de\/rezeptor\/wp-json\/wp\/v2\/users\/95"}],"replies":[{"embeddable":true,"href":"https:\/\/blog.zeit.de\/rezeptor\/wp-json\/wp\/v2\/comments?post=1334"}],"version-history":[{"count":0,"href":"https:\/\/blog.zeit.de\/rezeptor\/wp-json\/wp\/v2\/posts\/1334\/revisions"}],"wp:attachment":[{"href":"https:\/\/blog.zeit.de\/rezeptor\/wp-json\/wp\/v2\/media?parent=1334"}],"wp:term":[{"taxonomy":"category","embeddable":true,"href":"https:\/\/blog.zeit.de\/rezeptor\/wp-json\/wp\/v2\/categories?post=1334"},{"taxonomy":"post_tag","embeddable":true,"href":"https:\/\/blog.zeit.de\/rezeptor\/wp-json\/wp\/v2\/tags?post=1334"}],"curies":[{"name":"wp","href":"https:\/\/api.w.org\/{rel}","templated":true}]}}