{"id":1382,"date":"2009-11-09T15:05:55","date_gmt":"2009-11-09T14:05:55","guid":{"rendered":"http:\/\/blog.zeit.de\/rezeptor\/?p=1382"},"modified":"2009-11-10T11:13:04","modified_gmt":"2009-11-10T10:13:04","slug":"auberginen-turmchen-aus-dem-ofen","status":"publish","type":"post","link":"https:\/\/blog.zeit.de\/rezeptor\/2009\/11\/09\/auberginen-turmchen-aus-dem-ofen_1382","title":{"rendered":"Auberginen-T\u00fcrmchen aus dem Ofen"},"content":{"rendered":"<p><img loading=\"lazy\" decoding=\"async\" class=\"alignnone size-full wp-image-1383\" src=\"https:\/\/blog.zeit.de\/rezeptor\/files\/2009\/11\/031109.jpg\" alt=\"031109\" width=\"464\" height=\"237\" srcset=\"https:\/\/blog.zeit.de\/rezeptor\/files\/2009\/11\/031109.jpg 464w, https:\/\/blog.zeit.de\/rezeptor\/files\/2009\/11\/031109-300x153.jpg 300w\" sizes=\"auto, (max-width: 464px) 100vw, 464px\" \/><br \/>\n<!--more-->Eine Art Lasagne f\u00fcr unsere vegetarischen Freunde<\/p>\n<p>f\u00fcr zwei Personen:<br \/>\n2 Auberginen<br \/>\n1 Dose gehackte Tomaten<br \/>\n1 Becher Cr\u00e8me Double<br \/>\n100 g Ziegenfrischk\u00e4se<br \/>\n2 Zehen Knoblauch<br \/>\n50 g Parmesan<br \/>\n1 halbe rote Chilischote<br \/>\nFrische Zweige von Minze, Thymian und Basilikum<br \/>\nSalz<br \/>\nPfeffer<\/p>\n<p><img loading=\"lazy\" decoding=\"async\" class=\"alignleft size-full wp-image-1384\" src=\"https:\/\/blog.zeit.de\/rezeptor\/files\/2009\/11\/031109.gif\" alt=\"031109\" width=\"158\" height=\"113\" \/>Die beiden Auberginen unter flie\u00dfendem Wasser waschen, entstrunken und in etwa ein bis eineinhalb Zentimeter dicke Scheiben schneiden. Beidseitig mutig mit Salz bestreut auf einem Backblech auslegen und eine Viertelstunde sich selbst \u00fcberlassen. Das Salz zieht aufgrund des osmotischen Drucks eine Menge der bitteren Auberginenfl\u00fcssigkeit aus dem Gem\u00fcse.<\/p>\n<p>W\u00e4hrenddessen f\u00fcr die Tomatenso\u00dfe zwei gesch\u00e4lte Knoblauchzehen durch eine Presse dr\u00fccken, eine halbe Chilischote klitzeklein schneiden und beides mit eine Dose Tomaten in einer kleinen Sch\u00fcssel zusammenr\u00fchren. Auf Salz und Pfeffer abschmecken \u2013 fertig.<br \/>\nDie Kr\u00e4utercreme besteht aus einem kleinen Becher Cr\u00e8me Double, Salz, Pfeffer und viel gehackten Kr\u00e4utern: Minze, Thymian und Basilikum.<\/p>\n<p>Dann den Ofen auf 180 Grad Oberunterhitze vorheizen und mit einem K\u00fcchenrollentuch das Salzwasser von den Auberginenscheiben tupfen.<br \/>\nIn einer beschichtete Pfanne einen guten Schluck Oliven\u00f6l auf Dreiviertelhitze bringen und die Auberginenscheiben darin portionsweise von beiden Seiten vorsichtig knusprig goldbraun braten.<br \/>\nDie einzelnen Scheiben auf der K\u00fcchenrolle entfetten und vom Parmesan grobe Sp\u00e4ne abschneiden.<\/p>\n<p>In einer ofenfesten Form die T\u00fcrmchen bauen: Die Reihenfolge ist Auberginenscheibe &#8211; Ziegenfrischk\u00e4se &#8211; Parmesansp\u00e4ne &#8211; Tomatenso\u00dfe. Nach drei bis vier Wiederholungen mit Aubergine aufh\u00f6ren und jeden Turm mit viel Kr\u00e4utercreme toppen.<\/p>\n<p>Auf mittlerer Schiene f\u00fcr 25 Minuten im hei\u00dfen Ofen fertig backen.<\/p>\n","protected":false},"excerpt":{"rendered":"","protected":false},"author":95,"featured_media":0,"comment_status":"open","ping_status":"closed","sticky":false,"template":"","format":"standard","meta":{"_jetpack_memberships_contains_paid_content":false,"footnotes":""},"categories":[831],"tags":[771,778,812],"class_list":["post-1382","post","type-post","status-publish","format-standard","hentry","category-vegetarians-of-love","tag-backen","tag-einfach","tag-vegetarisch"],"yoast_head":"<!-- This site is optimized with the Yoast SEO plugin v21.0 - https:\/\/yoast.com\/wordpress\/plugins\/seo\/ -->\n<title>Auberginen-T\u00fcrmchen aus dem Ofen - Rezeptor<\/title>\n<meta name=\"robots\" content=\"index, follow, max-snippet:-1, max-image-preview:large, max-video-preview:-1\" \/>\n<link rel=\"canonical\" href=\"https:\/\/blog.zeit.de\/rezeptor\/2009\/11\/09\/auberginen-turmchen-aus-dem-ofen_1382\" \/>\n<meta property=\"og:locale\" content=\"de_DE\" \/>\n<meta property=\"og:type\" content=\"article\" \/>\n<meta property=\"og:title\" content=\"Auberginen-T\u00fcrmchen aus dem Ofen - Rezeptor\" \/>\n<meta property=\"og:url\" content=\"https:\/\/blog.zeit.de\/rezeptor\/2009\/11\/09\/auberginen-turmchen-aus-dem-ofen_1382\" \/>\n<meta property=\"og:site_name\" content=\"Rezeptor\" \/>\n<meta property=\"article:published_time\" content=\"2009-11-09T14:05:55+00:00\" \/>\n<meta property=\"article:modified_time\" content=\"2009-11-10T10:13:04+00:00\" \/>\n<meta property=\"og:image\" content=\"https:\/\/blog.zeit.de\/rezeptor\/files\/2009\/11\/031109.jpg\" \/>\n<meta name=\"author\" content=\"Thorsten Lange\" \/>\n<meta name=\"twitter:card\" content=\"summary_large_image\" \/>\n<meta name=\"twitter:label1\" content=\"Geschrieben von\" \/>\n\t<meta name=\"twitter:data1\" content=\"Thorsten Lange\" \/>\n\t<meta name=\"twitter:label2\" content=\"Gesch\u00e4tzte Lesezeit\" \/>\n\t<meta name=\"twitter:data2\" content=\"1\u00a0Minute\" \/>\n<script type=\"application\/ld+json\" class=\"yoast-schema-graph\">{\"@context\":\"https:\/\/schema.org\",\"@graph\":[{\"@type\":\"WebPage\",\"@id\":\"https:\/\/blog.zeit.de\/rezeptor\/2009\/11\/09\/auberginen-turmchen-aus-dem-ofen_1382\",\"url\":\"https:\/\/blog.zeit.de\/rezeptor\/2009\/11\/09\/auberginen-turmchen-aus-dem-ofen_1382\",\"name\":\"Auberginen-T\u00fcrmchen aus dem Ofen - Rezeptor\",\"isPartOf\":{\"@id\":\"https:\/\/blog.zeit.de\/rezeptor\/#website\"},\"datePublished\":\"2009-11-09T14:05:55+00:00\",\"dateModified\":\"2009-11-10T10:13:04+00:00\",\"author\":{\"@id\":\"https:\/\/blog.zeit.de\/rezeptor\/#\/schema\/person\/c4f0408ea5996c729d4493413dabb0ba\"},\"breadcrumb\":{\"@id\":\"https:\/\/blog.zeit.de\/rezeptor\/2009\/11\/09\/auberginen-turmchen-aus-dem-ofen_1382#breadcrumb\"},\"inLanguage\":\"de\",\"potentialAction\":[{\"@type\":\"ReadAction\",\"target\":[\"https:\/\/blog.zeit.de\/rezeptor\/2009\/11\/09\/auberginen-turmchen-aus-dem-ofen_1382\"]}]},{\"@type\":\"BreadcrumbList\",\"@id\":\"https:\/\/blog.zeit.de\/rezeptor\/2009\/11\/09\/auberginen-turmchen-aus-dem-ofen_1382#breadcrumb\",\"itemListElement\":[{\"@type\":\"ListItem\",\"position\":1,\"name\":\"Startseite\",\"item\":\"https:\/\/blog.zeit.de\/rezeptor\"},{\"@type\":\"ListItem\",\"position\":2,\"name\":\"Auberginen-T\u00fcrmchen aus dem Ofen\"}]},{\"@type\":\"WebSite\",\"@id\":\"https:\/\/blog.zeit.de\/rezeptor\/#website\",\"url\":\"https:\/\/blog.zeit.de\/rezeptor\/\",\"name\":\"Rezeptor\",\"description\":\"Das Blog f\u00fcr alltagstaugliches Kochen\",\"potentialAction\":[{\"@type\":\"SearchAction\",\"target\":{\"@type\":\"EntryPoint\",\"urlTemplate\":\"https:\/\/blog.zeit.de\/rezeptor\/?s={search_term_string}\"},\"query-input\":\"required name=search_term_string\"}],\"inLanguage\":\"de\"},{\"@type\":\"Person\",\"@id\":\"https:\/\/blog.zeit.de\/rezeptor\/#\/schema\/person\/c4f0408ea5996c729d4493413dabb0ba\",\"name\":\"Thorsten Lange\",\"image\":{\"@type\":\"ImageObject\",\"inLanguage\":\"de\",\"@id\":\"https:\/\/blog.zeit.de\/rezeptor\/#\/schema\/person\/image\/\",\"url\":\"https:\/\/secure.gravatar.com\/avatar\/85379d51ec9d21c64deb1b65a642bd35dcec9ebc7a65ccb1d3d06a64f507fad2?s=96&d=mm&r=g\",\"contentUrl\":\"https:\/\/secure.gravatar.com\/avatar\/85379d51ec9d21c64deb1b65a642bd35dcec9ebc7a65ccb1d3d06a64f507fad2?s=96&d=mm&r=g\",\"caption\":\"Thorsten Lange\"},\"url\":\"https:\/\/blog.zeit.de\/rezeptor\/author\/thorsten-lange\"}]}<\/script>\n<!-- \/ Yoast SEO plugin. -->","yoast_head_json":{"title":"Auberginen-T\u00fcrmchen aus dem Ofen - Rezeptor","robots":{"index":"index","follow":"follow","max-snippet":"max-snippet:-1","max-image-preview":"max-image-preview:large","max-video-preview":"max-video-preview:-1"},"canonical":"https:\/\/blog.zeit.de\/rezeptor\/2009\/11\/09\/auberginen-turmchen-aus-dem-ofen_1382","og_locale":"de_DE","og_type":"article","og_title":"Auberginen-T\u00fcrmchen aus dem Ofen - Rezeptor","og_url":"https:\/\/blog.zeit.de\/rezeptor\/2009\/11\/09\/auberginen-turmchen-aus-dem-ofen_1382","og_site_name":"Rezeptor","article_published_time":"2009-11-09T14:05:55+00:00","article_modified_time":"2009-11-10T10:13:04+00:00","og_image":[{"url":"https:\/\/blog.zeit.de\/rezeptor\/files\/2009\/11\/031109.jpg"}],"author":"Thorsten Lange","twitter_card":"summary_large_image","twitter_misc":{"Geschrieben von":"Thorsten Lange","Gesch\u00e4tzte Lesezeit":"1\u00a0Minute"},"schema":{"@context":"https:\/\/schema.org","@graph":[{"@type":"WebPage","@id":"https:\/\/blog.zeit.de\/rezeptor\/2009\/11\/09\/auberginen-turmchen-aus-dem-ofen_1382","url":"https:\/\/blog.zeit.de\/rezeptor\/2009\/11\/09\/auberginen-turmchen-aus-dem-ofen_1382","name":"Auberginen-T\u00fcrmchen aus dem Ofen - Rezeptor","isPartOf":{"@id":"https:\/\/blog.zeit.de\/rezeptor\/#website"},"datePublished":"2009-11-09T14:05:55+00:00","dateModified":"2009-11-10T10:13:04+00:00","author":{"@id":"https:\/\/blog.zeit.de\/rezeptor\/#\/schema\/person\/c4f0408ea5996c729d4493413dabb0ba"},"breadcrumb":{"@id":"https:\/\/blog.zeit.de\/rezeptor\/2009\/11\/09\/auberginen-turmchen-aus-dem-ofen_1382#breadcrumb"},"inLanguage":"de","potentialAction":[{"@type":"ReadAction","target":["https:\/\/blog.zeit.de\/rezeptor\/2009\/11\/09\/auberginen-turmchen-aus-dem-ofen_1382"]}]},{"@type":"BreadcrumbList","@id":"https:\/\/blog.zeit.de\/rezeptor\/2009\/11\/09\/auberginen-turmchen-aus-dem-ofen_1382#breadcrumb","itemListElement":[{"@type":"ListItem","position":1,"name":"Startseite","item":"https:\/\/blog.zeit.de\/rezeptor"},{"@type":"ListItem","position":2,"name":"Auberginen-T\u00fcrmchen aus dem Ofen"}]},{"@type":"WebSite","@id":"https:\/\/blog.zeit.de\/rezeptor\/#website","url":"https:\/\/blog.zeit.de\/rezeptor\/","name":"Rezeptor","description":"Das Blog f\u00fcr alltagstaugliches Kochen","potentialAction":[{"@type":"SearchAction","target":{"@type":"EntryPoint","urlTemplate":"https:\/\/blog.zeit.de\/rezeptor\/?s={search_term_string}"},"query-input":"required name=search_term_string"}],"inLanguage":"de"},{"@type":"Person","@id":"https:\/\/blog.zeit.de\/rezeptor\/#\/schema\/person\/c4f0408ea5996c729d4493413dabb0ba","name":"Thorsten Lange","image":{"@type":"ImageObject","inLanguage":"de","@id":"https:\/\/blog.zeit.de\/rezeptor\/#\/schema\/person\/image\/","url":"https:\/\/secure.gravatar.com\/avatar\/85379d51ec9d21c64deb1b65a642bd35dcec9ebc7a65ccb1d3d06a64f507fad2?s=96&d=mm&r=g","contentUrl":"https:\/\/secure.gravatar.com\/avatar\/85379d51ec9d21c64deb1b65a642bd35dcec9ebc7a65ccb1d3d06a64f507fad2?s=96&d=mm&r=g","caption":"Thorsten Lange"},"url":"https:\/\/blog.zeit.de\/rezeptor\/author\/thorsten-lange"}]}},"jetpack_featured_media_url":"","jetpack_sharing_enabled":true,"_links":{"self":[{"href":"https:\/\/blog.zeit.de\/rezeptor\/wp-json\/wp\/v2\/posts\/1382","targetHints":{"allow":["GET"]}}],"collection":[{"href":"https:\/\/blog.zeit.de\/rezeptor\/wp-json\/wp\/v2\/posts"}],"about":[{"href":"https:\/\/blog.zeit.de\/rezeptor\/wp-json\/wp\/v2\/types\/post"}],"author":[{"embeddable":true,"href":"https:\/\/blog.zeit.de\/rezeptor\/wp-json\/wp\/v2\/users\/95"}],"replies":[{"embeddable":true,"href":"https:\/\/blog.zeit.de\/rezeptor\/wp-json\/wp\/v2\/comments?post=1382"}],"version-history":[{"count":0,"href":"https:\/\/blog.zeit.de\/rezeptor\/wp-json\/wp\/v2\/posts\/1382\/revisions"}],"wp:attachment":[{"href":"https:\/\/blog.zeit.de\/rezeptor\/wp-json\/wp\/v2\/media?parent=1382"}],"wp:term":[{"taxonomy":"category","embeddable":true,"href":"https:\/\/blog.zeit.de\/rezeptor\/wp-json\/wp\/v2\/categories?post=1382"},{"taxonomy":"post_tag","embeddable":true,"href":"https:\/\/blog.zeit.de\/rezeptor\/wp-json\/wp\/v2\/tags?post=1382"}],"curies":[{"name":"wp","href":"https:\/\/api.w.org\/{rel}","templated":true}]}}