{"id":1395,"date":"2009-11-17T13:11:41","date_gmt":"2009-11-17T12:11:41","guid":{"rendered":"http:\/\/blog.zeit.de\/rezeptor\/?p=1395"},"modified":"2009-11-17T13:42:46","modified_gmt":"2009-11-17T12:42:46","slug":"capellini-mit-fenchelbratwurst","status":"publish","type":"post","link":"https:\/\/blog.zeit.de\/rezeptor\/2009\/11\/17\/capellini-mit-fenchelbratwurst_1395","title":{"rendered":"Capellini mit Fenchelbratwurst"},"content":{"rendered":"<p><img loading=\"lazy\" decoding=\"async\" class=\"alignnone size-full wp-image-1396\" src=\"https:\/\/blog.zeit.de\/rezeptor\/files\/2009\/11\/051109.jpg\" alt=\"051109\" width=\"464\" height=\"237\" srcset=\"https:\/\/blog.zeit.de\/rezeptor\/files\/2009\/11\/051109.jpg 464w, https:\/\/blog.zeit.de\/rezeptor\/files\/2009\/11\/051109-300x153.jpg 300w\" sizes=\"auto, (max-width: 464px) 100vw, 464px\" \/><\/p>\n<p>Ein italienischer Feinkostquickie \u2026<\/p>\n<p><!--more-->F\u00fcr zwei Personen:<br \/>\n250 g Capellini (d\u00fcnne Spaghetti)<br \/>\n250 g rohe Fenchelbratwurst<br \/>\neine Hand voll Cocktailtomaten<br \/>\n2-3 Zehen Knoblauch<br \/>\n1 EL Tomatenmark<br \/>\n1 TL Fenchelsamen<br \/>\nSalz, Pfeffer<br \/>\n1 Prise Zucker<\/p>\n<p>\u2026 weil das Gericht au\u00dfergew\u00f6hnlich schnell zubereitet ist; man muss allerdings vorher beim italienischen Feinkostladen wegen der Fenchelbratwurst vorbeischauen \u2013 ausnahmsweise kann eine deutsche klassische grobe Bratwurst heute leider nicht mithalten ;-(<\/p>\n<p><img loading=\"lazy\" decoding=\"async\" class=\"alignleft size-full wp-image-1397\" src=\"https:\/\/blog.zeit.de\/rezeptor\/files\/2009\/11\/051109.gif\" alt=\"051109\" width=\"158\" height=\"113\" \/>Einen gro\u00dfen Topf Salzwasser zum Kochen bringen und in der Zwischenzeit zwei bis drei Knoblauchzehen sch\u00e4len und fein hacken. Ein TL Fenchelsamen in einem M\u00f6rser grob zersto\u00dfen, die kleinen Tomaten nur waschen und vierteln.<br \/>\nF\u00fcr die Wurstkugeln mit den H\u00e4nden kleine Portionen Br\u00e4t aus der Wurstpelle dr\u00fccken und daraus kleine B\u00e4lle formen, so etwas gr\u00f6\u00dfer als eine Haselnuss.<\/p>\n<p>Dann einen mutigen Schluck Oliven\u00f6l in einer Pfanne richtig hei\u00df werden lassen und darin die Wurstkugeln rundherum braun anbraten. Aber nur kurz, bis sie etwas Farbe angenommen haben, so bleiben sie innen sch\u00f6n weich und saftig.<\/p>\n<p>Die fertige Wurst mit einem L\u00f6ffel aus der Pfanne nehmen und auf einem Teller parken, im \u00fcbrigen \u00d6l abseits des Herdes den Knoblauch glasig anschwitzen. Ganz zum Schluss darf auch noch der Fenchel mit dazu und nach einer halben Minute wird mit den Tomaten <em>abgel\u00f6scht.<\/em><\/p>\n<p>Mit Tomatenmark, Salz, Pfeffer und einer kleinen Prise Zucker abschmecken und alles f\u00fcnf Minuten auf kleiner Flamme vor sich hin k\u00f6cheln lassen.<\/p>\n<p>Sp\u00e4testens jetzt sollte auch das Salzwasser brodeln, die Nudeln darin nach Packungsaufschrift al dente kochen. Kurz davor die Bratwurstkugeln wieder in die So\u00dfe geben und dann die Nudeln direkt aus dem Wasser in die So\u00dfenpfanne hieven.<\/p>\n<p>Jetzt alles gut vermischen und auf den Tellern verteilt mit etwas frischem Oliven\u00f6l und Basilikumbl\u00e4ttchen servieren. Dazu passt (auch schon mittags) Rotwein.<\/p>\n","protected":false},"excerpt":{"rendered":"<p>Ein italienischer Feinkostquickie \u2026<\/p>\n","protected":false},"author":95,"featured_media":0,"comment_status":"open","ping_status":"closed","sticky":false,"template":"","format":"standard","meta":{"_jetpack_memberships_contains_paid_content":false,"footnotes":""},"categories":[839],"tags":[778,806,814],"class_list":["post-1395","post","type-post","status-publish","format-standard","hentry","category-bella-italia","tag-einfach","tag-schnell","tag-wurst"],"yoast_head":"<!-- This site is optimized with the Yoast SEO plugin v21.0 - https:\/\/yoast.com\/wordpress\/plugins\/seo\/ -->\n<title>Capellini mit Fenchelbratwurst - Rezeptor<\/title>\n<meta name=\"robots\" content=\"index, follow, max-snippet:-1, max-image-preview:large, max-video-preview:-1\" \/>\n<link rel=\"canonical\" href=\"https:\/\/blog.zeit.de\/rezeptor\/2009\/11\/17\/capellini-mit-fenchelbratwurst_1395\" \/>\n<meta property=\"og:locale\" content=\"de_DE\" \/>\n<meta property=\"og:type\" content=\"article\" \/>\n<meta property=\"og:title\" content=\"Capellini mit Fenchelbratwurst - Rezeptor\" \/>\n<meta property=\"og:description\" content=\"Ein italienischer Feinkostquickie \u2026\" \/>\n<meta property=\"og:url\" content=\"https:\/\/blog.zeit.de\/rezeptor\/2009\/11\/17\/capellini-mit-fenchelbratwurst_1395\" \/>\n<meta property=\"og:site_name\" content=\"Rezeptor\" \/>\n<meta property=\"article:published_time\" content=\"2009-11-17T12:11:41+00:00\" \/>\n<meta property=\"article:modified_time\" content=\"2009-11-17T12:42:46+00:00\" \/>\n<meta property=\"og:image\" content=\"https:\/\/blog.zeit.de\/rezeptor\/files\/2009\/11\/051109.jpg\" \/>\n<meta name=\"author\" content=\"Thorsten Lange\" \/>\n<meta name=\"twitter:card\" content=\"summary_large_image\" \/>\n<meta name=\"twitter:label1\" content=\"Geschrieben von\" \/>\n\t<meta name=\"twitter:data1\" content=\"Thorsten Lange\" \/>\n\t<meta name=\"twitter:label2\" content=\"Gesch\u00e4tzte Lesezeit\" \/>\n\t<meta name=\"twitter:data2\" content=\"2\u00a0Minuten\" \/>\n<script type=\"application\/ld+json\" class=\"yoast-schema-graph\">{\"@context\":\"https:\/\/schema.org\",\"@graph\":[{\"@type\":\"WebPage\",\"@id\":\"https:\/\/blog.zeit.de\/rezeptor\/2009\/11\/17\/capellini-mit-fenchelbratwurst_1395\",\"url\":\"https:\/\/blog.zeit.de\/rezeptor\/2009\/11\/17\/capellini-mit-fenchelbratwurst_1395\",\"name\":\"Capellini mit Fenchelbratwurst - Rezeptor\",\"isPartOf\":{\"@id\":\"https:\/\/blog.zeit.de\/rezeptor\/#website\"},\"datePublished\":\"2009-11-17T12:11:41+00:00\",\"dateModified\":\"2009-11-17T12:42:46+00:00\",\"author\":{\"@id\":\"https:\/\/blog.zeit.de\/rezeptor\/#\/schema\/person\/c4f0408ea5996c729d4493413dabb0ba\"},\"breadcrumb\":{\"@id\":\"https:\/\/blog.zeit.de\/rezeptor\/2009\/11\/17\/capellini-mit-fenchelbratwurst_1395#breadcrumb\"},\"inLanguage\":\"de\",\"potentialAction\":[{\"@type\":\"ReadAction\",\"target\":[\"https:\/\/blog.zeit.de\/rezeptor\/2009\/11\/17\/capellini-mit-fenchelbratwurst_1395\"]}]},{\"@type\":\"BreadcrumbList\",\"@id\":\"https:\/\/blog.zeit.de\/rezeptor\/2009\/11\/17\/capellini-mit-fenchelbratwurst_1395#breadcrumb\",\"itemListElement\":[{\"@type\":\"ListItem\",\"position\":1,\"name\":\"Startseite\",\"item\":\"https:\/\/blog.zeit.de\/rezeptor\"},{\"@type\":\"ListItem\",\"position\":2,\"name\":\"Capellini mit Fenchelbratwurst\"}]},{\"@type\":\"WebSite\",\"@id\":\"https:\/\/blog.zeit.de\/rezeptor\/#website\",\"url\":\"https:\/\/blog.zeit.de\/rezeptor\/\",\"name\":\"Rezeptor\",\"description\":\"Das Blog f\u00fcr alltagstaugliches Kochen\",\"potentialAction\":[{\"@type\":\"SearchAction\",\"target\":{\"@type\":\"EntryPoint\",\"urlTemplate\":\"https:\/\/blog.zeit.de\/rezeptor\/?s={search_term_string}\"},\"query-input\":\"required name=search_term_string\"}],\"inLanguage\":\"de\"},{\"@type\":\"Person\",\"@id\":\"https:\/\/blog.zeit.de\/rezeptor\/#\/schema\/person\/c4f0408ea5996c729d4493413dabb0ba\",\"name\":\"Thorsten Lange\",\"image\":{\"@type\":\"ImageObject\",\"inLanguage\":\"de\",\"@id\":\"https:\/\/blog.zeit.de\/rezeptor\/#\/schema\/person\/image\/\",\"url\":\"https:\/\/secure.gravatar.com\/avatar\/85379d51ec9d21c64deb1b65a642bd35dcec9ebc7a65ccb1d3d06a64f507fad2?s=96&d=mm&r=g\",\"contentUrl\":\"https:\/\/secure.gravatar.com\/avatar\/85379d51ec9d21c64deb1b65a642bd35dcec9ebc7a65ccb1d3d06a64f507fad2?s=96&d=mm&r=g\",\"caption\":\"Thorsten Lange\"},\"url\":\"https:\/\/blog.zeit.de\/rezeptor\/author\/thorsten-lange\"}]}<\/script>\n<!-- \/ Yoast SEO plugin. -->","yoast_head_json":{"title":"Capellini mit Fenchelbratwurst - Rezeptor","robots":{"index":"index","follow":"follow","max-snippet":"max-snippet:-1","max-image-preview":"max-image-preview:large","max-video-preview":"max-video-preview:-1"},"canonical":"https:\/\/blog.zeit.de\/rezeptor\/2009\/11\/17\/capellini-mit-fenchelbratwurst_1395","og_locale":"de_DE","og_type":"article","og_title":"Capellini mit Fenchelbratwurst - Rezeptor","og_description":"Ein italienischer Feinkostquickie \u2026","og_url":"https:\/\/blog.zeit.de\/rezeptor\/2009\/11\/17\/capellini-mit-fenchelbratwurst_1395","og_site_name":"Rezeptor","article_published_time":"2009-11-17T12:11:41+00:00","article_modified_time":"2009-11-17T12:42:46+00:00","og_image":[{"url":"https:\/\/blog.zeit.de\/rezeptor\/files\/2009\/11\/051109.jpg"}],"author":"Thorsten Lange","twitter_card":"summary_large_image","twitter_misc":{"Geschrieben von":"Thorsten Lange","Gesch\u00e4tzte Lesezeit":"2\u00a0Minuten"},"schema":{"@context":"https:\/\/schema.org","@graph":[{"@type":"WebPage","@id":"https:\/\/blog.zeit.de\/rezeptor\/2009\/11\/17\/capellini-mit-fenchelbratwurst_1395","url":"https:\/\/blog.zeit.de\/rezeptor\/2009\/11\/17\/capellini-mit-fenchelbratwurst_1395","name":"Capellini mit Fenchelbratwurst - Rezeptor","isPartOf":{"@id":"https:\/\/blog.zeit.de\/rezeptor\/#website"},"datePublished":"2009-11-17T12:11:41+00:00","dateModified":"2009-11-17T12:42:46+00:00","author":{"@id":"https:\/\/blog.zeit.de\/rezeptor\/#\/schema\/person\/c4f0408ea5996c729d4493413dabb0ba"},"breadcrumb":{"@id":"https:\/\/blog.zeit.de\/rezeptor\/2009\/11\/17\/capellini-mit-fenchelbratwurst_1395#breadcrumb"},"inLanguage":"de","potentialAction":[{"@type":"ReadAction","target":["https:\/\/blog.zeit.de\/rezeptor\/2009\/11\/17\/capellini-mit-fenchelbratwurst_1395"]}]},{"@type":"BreadcrumbList","@id":"https:\/\/blog.zeit.de\/rezeptor\/2009\/11\/17\/capellini-mit-fenchelbratwurst_1395#breadcrumb","itemListElement":[{"@type":"ListItem","position":1,"name":"Startseite","item":"https:\/\/blog.zeit.de\/rezeptor"},{"@type":"ListItem","position":2,"name":"Capellini mit Fenchelbratwurst"}]},{"@type":"WebSite","@id":"https:\/\/blog.zeit.de\/rezeptor\/#website","url":"https:\/\/blog.zeit.de\/rezeptor\/","name":"Rezeptor","description":"Das Blog f\u00fcr alltagstaugliches Kochen","potentialAction":[{"@type":"SearchAction","target":{"@type":"EntryPoint","urlTemplate":"https:\/\/blog.zeit.de\/rezeptor\/?s={search_term_string}"},"query-input":"required name=search_term_string"}],"inLanguage":"de"},{"@type":"Person","@id":"https:\/\/blog.zeit.de\/rezeptor\/#\/schema\/person\/c4f0408ea5996c729d4493413dabb0ba","name":"Thorsten Lange","image":{"@type":"ImageObject","inLanguage":"de","@id":"https:\/\/blog.zeit.de\/rezeptor\/#\/schema\/person\/image\/","url":"https:\/\/secure.gravatar.com\/avatar\/85379d51ec9d21c64deb1b65a642bd35dcec9ebc7a65ccb1d3d06a64f507fad2?s=96&d=mm&r=g","contentUrl":"https:\/\/secure.gravatar.com\/avatar\/85379d51ec9d21c64deb1b65a642bd35dcec9ebc7a65ccb1d3d06a64f507fad2?s=96&d=mm&r=g","caption":"Thorsten Lange"},"url":"https:\/\/blog.zeit.de\/rezeptor\/author\/thorsten-lange"}]}},"jetpack_featured_media_url":"","jetpack_sharing_enabled":true,"_links":{"self":[{"href":"https:\/\/blog.zeit.de\/rezeptor\/wp-json\/wp\/v2\/posts\/1395","targetHints":{"allow":["GET"]}}],"collection":[{"href":"https:\/\/blog.zeit.de\/rezeptor\/wp-json\/wp\/v2\/posts"}],"about":[{"href":"https:\/\/blog.zeit.de\/rezeptor\/wp-json\/wp\/v2\/types\/post"}],"author":[{"embeddable":true,"href":"https:\/\/blog.zeit.de\/rezeptor\/wp-json\/wp\/v2\/users\/95"}],"replies":[{"embeddable":true,"href":"https:\/\/blog.zeit.de\/rezeptor\/wp-json\/wp\/v2\/comments?post=1395"}],"version-history":[{"count":0,"href":"https:\/\/blog.zeit.de\/rezeptor\/wp-json\/wp\/v2\/posts\/1395\/revisions"}],"wp:attachment":[{"href":"https:\/\/blog.zeit.de\/rezeptor\/wp-json\/wp\/v2\/media?parent=1395"}],"wp:term":[{"taxonomy":"category","embeddable":true,"href":"https:\/\/blog.zeit.de\/rezeptor\/wp-json\/wp\/v2\/categories?post=1395"},{"taxonomy":"post_tag","embeddable":true,"href":"https:\/\/blog.zeit.de\/rezeptor\/wp-json\/wp\/v2\/tags?post=1395"}],"curies":[{"name":"wp","href":"https:\/\/api.w.org\/{rel}","templated":true}]}}