{"id":1440,"date":"2009-12-06T18:11:13","date_gmt":"2009-12-06T17:11:13","guid":{"rendered":"http:\/\/blog.zeit.de\/rezeptor\/?p=1440"},"modified":"2009-12-07T10:53:23","modified_gmt":"2009-12-07T09:53:23","slug":"linzer-torte","status":"publish","type":"post","link":"https:\/\/blog.zeit.de\/rezeptor\/2009\/12\/06\/linzer-torte_1440","title":{"rendered":"Linzer Torte"},"content":{"rendered":"<p><img loading=\"lazy\" decoding=\"async\" class=\"alignnone size-full wp-image-1441\" title=\"021209\" src=\"https:\/\/blog.zeit.de\/rezeptor\/files\/2009\/12\/021209.jpg\" alt=\"021209\" width=\"464\" height=\"237\" srcset=\"https:\/\/blog.zeit.de\/rezeptor\/files\/2009\/12\/021209.jpg 464w, https:\/\/blog.zeit.de\/rezeptor\/files\/2009\/12\/021209-300x153.jpg 300w\" sizes=\"auto, (max-width: 464px) 100vw, 464px\" \/><\/p>\n<p>Eigentlich m\u00fcsste sie Linzer Kuchen hei\u00dfen, weil Torten nach Definition erst nach dem Backen fertig gestellt werden.<\/p>\n<p><!--more--><\/p>\n<p>F\u00fcr eine Springform (26-28 cm):<br \/>\n200 g Mehl<br \/>\n250 g Butter<br \/>\n200 g gemahlene Mandeln<br \/>\n2 Eier<br \/>\n140 g Zucker<br \/>\n1 Glas Schwarzes Johannisbeergelee (Ribiselgelee)<br \/>\n1\/2 TL Zimt<br \/>\n1 Messerspitze gemahlene Nelken<br \/>\nSaft von 1\/2 Zitrone<br \/>\nGehobelte Mandeln<br \/>\nPuderzucker<\/p>\n<p>F\u00fcr \u201edie s\u00fc\u00dfe Botschafterin aus Ober\u00f6sterreich\u201c 200 g Mehl in einer gro\u00dfen Sch\u00fcssel bzw. auf einem Backbrett zusammen mit 250 g Butter per Hand solange vermengen, bis man einen Teig mit br\u00f6seliger Konsistenz hat. Dann 200 g gemahlene Mandeln, ein Ei, 140 g Zucker, den Saft einer halben Zitrone und alle Gew\u00fcrze dazukneten, bis der Teig glatt ist und gl\u00e4nzt.\u00a0Daraus dann zwei gleich gro\u00dfe Kugeln formen und eine Stunde im K\u00fchlen ruhen \u2013 oder wie die \u00d6sterreicher sagen w\u00fcrden: rasten lassen.<\/p>\n<p><img loading=\"lazy\" decoding=\"async\" class=\"alignleft size-full wp-image-1442\" title=\"021209\" src=\"https:\/\/blog.zeit.de\/rezeptor\/files\/2009\/12\/021209.gif\" alt=\"021209\" width=\"158\" height=\"113\" \/>Den Ofen auf 175 Grad Oberunterhitze vorheizen. Die erste ausgeruhte Kugel auf einer mit Mehl best\u00e4ubten Arbeitsplatte zu einem Kuchenboden ausrollen und in eine sorgf\u00e4ltig mit Butter eingefettete Springform legen. Der Teig sollte etwas gr\u00f6\u00dfer als die Backformgrundfl\u00e4che sein und der \u00dcberhang dann ringsrum h\u00e4ndisch zu einem etwa 3cm hohen Rand modelliert werden. Einfach mit den Fingern so lange dr\u00fccken und schieben, bis es passt. Darauf anschlie\u00dfend das Johannisbeergelee gleichm\u00e4\u00dfig verteilen.<\/p>\n<p>Aus der zweiten Teigkugel lange W\u00fcrste mit ca. 1 cm Durchmesser rollen und daraus ein geometrisches Rastergitter auf die Johannisbeeren legen: Aber vorsichtig, denn die Dinger k\u00f6nnen beim Anheben leicht auseinanderbrechen.<\/p>\n<p>Das zweite Ei in einer Sch\u00fcssel verquirlen und damit das Gitter und den sichtbaren Teigrand einpinseln, dadurch trocknet der Teig nicht so stark aus und bekommt beim Backen eine sch\u00f6ne Farbe. Zum Abschluss die Torte noch mit einigen gehobelten Mandeln bestreuen und dann die Springform auf Gitterrost und mittlerer Schiene zirka eine Stunde goldbraun backen.<\/p>\n<p>Wie immer wenn ein Kuchen in der R\u00f6hre ist, sollte man sich im letzten Backdrittel in Ofenn\u00e4he aufhalten, um immer mal wieder die Kuchenfarbe zu kontrollieren.<\/p>\n<p>Wenn er oben sch\u00f6n goldbraun gl\u00e4nzt: rausnehmen, etwas abk\u00fchlen lassen und vorsichtig aus der Backform befreien. Kurz vorm Servieren mit Puderzucker bestreuen und einen Kaffee aufbr\u00fchen \u2013 vielleicht sogar eine Wiener Melange, auch wenn sich dann die Linzer aufregen w\u00fcrden \ud83d\ude09<\/p>\n","protected":false},"excerpt":{"rendered":"<p>Eigentlich m\u00fcsste sie Linzer Kuchen hei\u00dfen, weil Torten nach Definition erst nach dem Backen fertig gestellt werden.<\/p>\n","protected":false},"author":96,"featured_media":0,"comment_status":"open","ping_status":"closed","sticky":false,"template":"","format":"standard","meta":{"_jetpack_memberships_contains_paid_content":false,"footnotes":""},"categories":[836],"tags":[771,790,803],"class_list":["post-1440","post","type-post","status-publish","format-standard","hentry","category-dessert-storm","tag-backen","tag-klassiker","tag-sus"],"yoast_head":"<!-- This site is optimized with the Yoast SEO plugin v21.0 - https:\/\/yoast.com\/wordpress\/plugins\/seo\/ -->\n<title>Linzer Torte - Rezeptor<\/title>\n<meta name=\"robots\" content=\"index, follow, max-snippet:-1, max-image-preview:large, max-video-preview:-1\" \/>\n<link rel=\"canonical\" href=\"https:\/\/blog.zeit.de\/rezeptor\/2009\/12\/06\/linzer-torte_1440\" \/>\n<meta property=\"og:locale\" content=\"de_DE\" \/>\n<meta property=\"og:type\" content=\"article\" \/>\n<meta property=\"og:title\" content=\"Linzer Torte - Rezeptor\" \/>\n<meta property=\"og:description\" content=\"Eigentlich m\u00fcsste sie Linzer Kuchen hei\u00dfen, weil Torten nach Definition erst nach dem Backen fertig gestellt werden.\" \/>\n<meta property=\"og:url\" content=\"https:\/\/blog.zeit.de\/rezeptor\/2009\/12\/06\/linzer-torte_1440\" \/>\n<meta property=\"og:site_name\" content=\"Rezeptor\" \/>\n<meta property=\"article:published_time\" content=\"2009-12-06T17:11:13+00:00\" \/>\n<meta property=\"article:modified_time\" content=\"2009-12-07T09:53:23+00:00\" \/>\n<meta property=\"og:image\" content=\"https:\/\/blog.zeit.de\/rezeptor\/files\/2009\/12\/021209.jpg\" \/>\n<meta name=\"author\" content=\"Sebastian Hermann\" \/>\n<meta name=\"twitter:card\" content=\"summary_large_image\" \/>\n<meta name=\"twitter:label1\" content=\"Geschrieben von\" \/>\n\t<meta name=\"twitter:data1\" content=\"Sebastian Hermann\" \/>\n\t<meta name=\"twitter:label2\" content=\"Gesch\u00e4tzte Lesezeit\" \/>\n\t<meta name=\"twitter:data2\" content=\"2\u00a0Minuten\" \/>\n<script type=\"application\/ld+json\" class=\"yoast-schema-graph\">{\"@context\":\"https:\/\/schema.org\",\"@graph\":[{\"@type\":\"WebPage\",\"@id\":\"https:\/\/blog.zeit.de\/rezeptor\/2009\/12\/06\/linzer-torte_1440\",\"url\":\"https:\/\/blog.zeit.de\/rezeptor\/2009\/12\/06\/linzer-torte_1440\",\"name\":\"Linzer Torte - Rezeptor\",\"isPartOf\":{\"@id\":\"https:\/\/blog.zeit.de\/rezeptor\/#website\"},\"datePublished\":\"2009-12-06T17:11:13+00:00\",\"dateModified\":\"2009-12-07T09:53:23+00:00\",\"author\":{\"@id\":\"https:\/\/blog.zeit.de\/rezeptor\/#\/schema\/person\/1c7cd8b09b3d789744900feeadee10d8\"},\"breadcrumb\":{\"@id\":\"https:\/\/blog.zeit.de\/rezeptor\/2009\/12\/06\/linzer-torte_1440#breadcrumb\"},\"inLanguage\":\"de\",\"potentialAction\":[{\"@type\":\"ReadAction\",\"target\":[\"https:\/\/blog.zeit.de\/rezeptor\/2009\/12\/06\/linzer-torte_1440\"]}]},{\"@type\":\"BreadcrumbList\",\"@id\":\"https:\/\/blog.zeit.de\/rezeptor\/2009\/12\/06\/linzer-torte_1440#breadcrumb\",\"itemListElement\":[{\"@type\":\"ListItem\",\"position\":1,\"name\":\"Startseite\",\"item\":\"https:\/\/blog.zeit.de\/rezeptor\"},{\"@type\":\"ListItem\",\"position\":2,\"name\":\"Linzer Torte\"}]},{\"@type\":\"WebSite\",\"@id\":\"https:\/\/blog.zeit.de\/rezeptor\/#website\",\"url\":\"https:\/\/blog.zeit.de\/rezeptor\/\",\"name\":\"Rezeptor\",\"description\":\"Das Blog f\u00fcr alltagstaugliches Kochen\",\"potentialAction\":[{\"@type\":\"SearchAction\",\"target\":{\"@type\":\"EntryPoint\",\"urlTemplate\":\"https:\/\/blog.zeit.de\/rezeptor\/?s={search_term_string}\"},\"query-input\":\"required name=search_term_string\"}],\"inLanguage\":\"de\"},{\"@type\":\"Person\",\"@id\":\"https:\/\/blog.zeit.de\/rezeptor\/#\/schema\/person\/1c7cd8b09b3d789744900feeadee10d8\",\"name\":\"Sebastian Hermann\",\"image\":{\"@type\":\"ImageObject\",\"inLanguage\":\"de\",\"@id\":\"https:\/\/blog.zeit.de\/rezeptor\/#\/schema\/person\/image\/\",\"url\":\"https:\/\/secure.gravatar.com\/avatar\/5a1022a449dfb74787dd982b88741c084722db246c7dd561821dee2e6e062b34?s=96&d=mm&r=g\",\"contentUrl\":\"https:\/\/secure.gravatar.com\/avatar\/5a1022a449dfb74787dd982b88741c084722db246c7dd561821dee2e6e062b34?s=96&d=mm&r=g\",\"caption\":\"Sebastian Hermann\"},\"url\":\"https:\/\/blog.zeit.de\/rezeptor\/author\/sebastian-hermann\"}]}<\/script>\n<!-- \/ Yoast SEO plugin. -->","yoast_head_json":{"title":"Linzer Torte - Rezeptor","robots":{"index":"index","follow":"follow","max-snippet":"max-snippet:-1","max-image-preview":"max-image-preview:large","max-video-preview":"max-video-preview:-1"},"canonical":"https:\/\/blog.zeit.de\/rezeptor\/2009\/12\/06\/linzer-torte_1440","og_locale":"de_DE","og_type":"article","og_title":"Linzer Torte - Rezeptor","og_description":"Eigentlich m\u00fcsste sie Linzer Kuchen hei\u00dfen, weil Torten nach Definition erst nach dem Backen fertig gestellt werden.","og_url":"https:\/\/blog.zeit.de\/rezeptor\/2009\/12\/06\/linzer-torte_1440","og_site_name":"Rezeptor","article_published_time":"2009-12-06T17:11:13+00:00","article_modified_time":"2009-12-07T09:53:23+00:00","og_image":[{"url":"https:\/\/blog.zeit.de\/rezeptor\/files\/2009\/12\/021209.jpg"}],"author":"Sebastian Hermann","twitter_card":"summary_large_image","twitter_misc":{"Geschrieben von":"Sebastian Hermann","Gesch\u00e4tzte Lesezeit":"2\u00a0Minuten"},"schema":{"@context":"https:\/\/schema.org","@graph":[{"@type":"WebPage","@id":"https:\/\/blog.zeit.de\/rezeptor\/2009\/12\/06\/linzer-torte_1440","url":"https:\/\/blog.zeit.de\/rezeptor\/2009\/12\/06\/linzer-torte_1440","name":"Linzer Torte - Rezeptor","isPartOf":{"@id":"https:\/\/blog.zeit.de\/rezeptor\/#website"},"datePublished":"2009-12-06T17:11:13+00:00","dateModified":"2009-12-07T09:53:23+00:00","author":{"@id":"https:\/\/blog.zeit.de\/rezeptor\/#\/schema\/person\/1c7cd8b09b3d789744900feeadee10d8"},"breadcrumb":{"@id":"https:\/\/blog.zeit.de\/rezeptor\/2009\/12\/06\/linzer-torte_1440#breadcrumb"},"inLanguage":"de","potentialAction":[{"@type":"ReadAction","target":["https:\/\/blog.zeit.de\/rezeptor\/2009\/12\/06\/linzer-torte_1440"]}]},{"@type":"BreadcrumbList","@id":"https:\/\/blog.zeit.de\/rezeptor\/2009\/12\/06\/linzer-torte_1440#breadcrumb","itemListElement":[{"@type":"ListItem","position":1,"name":"Startseite","item":"https:\/\/blog.zeit.de\/rezeptor"},{"@type":"ListItem","position":2,"name":"Linzer Torte"}]},{"@type":"WebSite","@id":"https:\/\/blog.zeit.de\/rezeptor\/#website","url":"https:\/\/blog.zeit.de\/rezeptor\/","name":"Rezeptor","description":"Das Blog f\u00fcr alltagstaugliches Kochen","potentialAction":[{"@type":"SearchAction","target":{"@type":"EntryPoint","urlTemplate":"https:\/\/blog.zeit.de\/rezeptor\/?s={search_term_string}"},"query-input":"required name=search_term_string"}],"inLanguage":"de"},{"@type":"Person","@id":"https:\/\/blog.zeit.de\/rezeptor\/#\/schema\/person\/1c7cd8b09b3d789744900feeadee10d8","name":"Sebastian Hermann","image":{"@type":"ImageObject","inLanguage":"de","@id":"https:\/\/blog.zeit.de\/rezeptor\/#\/schema\/person\/image\/","url":"https:\/\/secure.gravatar.com\/avatar\/5a1022a449dfb74787dd982b88741c084722db246c7dd561821dee2e6e062b34?s=96&d=mm&r=g","contentUrl":"https:\/\/secure.gravatar.com\/avatar\/5a1022a449dfb74787dd982b88741c084722db246c7dd561821dee2e6e062b34?s=96&d=mm&r=g","caption":"Sebastian Hermann"},"url":"https:\/\/blog.zeit.de\/rezeptor\/author\/sebastian-hermann"}]}},"jetpack_featured_media_url":"","jetpack_sharing_enabled":true,"_links":{"self":[{"href":"https:\/\/blog.zeit.de\/rezeptor\/wp-json\/wp\/v2\/posts\/1440","targetHints":{"allow":["GET"]}}],"collection":[{"href":"https:\/\/blog.zeit.de\/rezeptor\/wp-json\/wp\/v2\/posts"}],"about":[{"href":"https:\/\/blog.zeit.de\/rezeptor\/wp-json\/wp\/v2\/types\/post"}],"author":[{"embeddable":true,"href":"https:\/\/blog.zeit.de\/rezeptor\/wp-json\/wp\/v2\/users\/96"}],"replies":[{"embeddable":true,"href":"https:\/\/blog.zeit.de\/rezeptor\/wp-json\/wp\/v2\/comments?post=1440"}],"version-history":[{"count":0,"href":"https:\/\/blog.zeit.de\/rezeptor\/wp-json\/wp\/v2\/posts\/1440\/revisions"}],"wp:attachment":[{"href":"https:\/\/blog.zeit.de\/rezeptor\/wp-json\/wp\/v2\/media?parent=1440"}],"wp:term":[{"taxonomy":"category","embeddable":true,"href":"https:\/\/blog.zeit.de\/rezeptor\/wp-json\/wp\/v2\/categories?post=1440"},{"taxonomy":"post_tag","embeddable":true,"href":"https:\/\/blog.zeit.de\/rezeptor\/wp-json\/wp\/v2\/tags?post=1440"}],"curies":[{"name":"wp","href":"https:\/\/api.w.org\/{rel}","templated":true}]}}