{"id":1451,"date":"2009-12-11T18:41:55","date_gmt":"2009-12-11T17:41:55","guid":{"rendered":"http:\/\/blog.zeit.de\/rezeptor\/?p=1451"},"modified":"2009-12-15T11:34:59","modified_gmt":"2009-12-15T10:34:59","slug":"grune-krapfen","status":"publish","type":"post","link":"https:\/\/blog.zeit.de\/rezeptor\/2009\/12\/11\/grune-krapfen_1451","title":{"rendered":"Gr\u00fcne Krapfen"},"content":{"rendered":"<p><img loading=\"lazy\" decoding=\"async\" class=\"alignnone size-full wp-image-1452\" title=\"031209\" src=\"https:\/\/blog.zeit.de\/rezeptor\/files\/2009\/12\/031209.jpg\" alt=\"031209\" width=\"464\" height=\"237\" srcset=\"https:\/\/blog.zeit.de\/rezeptor\/files\/2009\/12\/031209.jpg 464w, https:\/\/blog.zeit.de\/rezeptor\/files\/2009\/12\/031209-300x153.jpg 300w\" sizes=\"auto, (max-width: 464px) 100vw, 464px\" \/><\/p>\n<p>Eine nicht so bekannte Schwester der schw\u00e4bischen Maultasche. Klassischerweise mit Speck, heute aber eine vegetarische Variante.<\/p>\n<p><!--more-->F\u00fcr 6 Personen und mehr:<br \/>\n3 Eier<br \/>\n200 g Mehl<br \/>\nevtl. etwas Wasser<br \/>\n1 altbackenes Br\u00f6tchen<br \/>\n1 Viertel Sellerieknolle<br \/>\n2 kleine Karotten<br \/>\n1 Bund Fr\u00fchlingszwiebeln<br \/>\n1 Hand voll frischer Spinat<br \/>\nKerbel<br \/>\nPetersilie<br \/>\nMajoran<br \/>\nSchnittlauch<br \/>\nneutrales \u00d6l<br \/>\nBr\u00fche<br \/>\nKartoffelsalat<\/p>\n<p><img loading=\"lazy\" decoding=\"async\" class=\"alignleft size-full wp-image-1453\" title=\"031209\" src=\"https:\/\/blog.zeit.de\/rezeptor\/files\/2009\/12\/031209.gif\" alt=\"031209\" width=\"158\" height=\"113\" \/>Los geht&#8217;s mit einem stinknormalen Nudelteig, dazu zwei Eier, 200 g Mehl und drei Prisen Salz anfangs mit einem Holzl\u00f6ffel, sp\u00e4ter mit den blo\u00dfen H\u00e4nden zu einem geschmeidigen Teig kneten. Die Knetzeit betr\u00e4gt minimal zehn Minuten, weil sich die St\u00e4rke des Mehls mit der Fl\u00fcssigkeit des Eis chemisch verbinden muss.<br \/>\nUnd da Eier keine Einheitsgr\u00f6\u00dfe haben, muss man vielleicht etwas Wasser oder Mehl dazugeben wenn der Teig zu trocken oder zu nass ist. Aber bitte nur vorsichtig und in hom\u00f6opathischen Mengen.\u2028 Den fertigen, gl\u00e4nzenden elastischen Teig zu einer Kugel formen und in Frischhaltefolie verpackt mindestens eine Stunde gehen lassen.<\/p>\n<p>In der Zwischenzeit kann man sich ganz entspannt der F\u00fcllung widmen: Das steinharte Br\u00f6tchen in einer kleiner Sch\u00fcssel komplett mit Wasser bedecken und kurz einweichen lassen, bis es ganz weich und schlabberig geworden ist. Dann wieder rausnehmen und zwischen beiden H\u00e4nden die ganze Fl\u00fcssigkeit wieder rausdr\u00fccken, das \u00fcbrig gebliebene weiche Etwas in eine gro\u00dfe Sch\u00fcssel geben.<\/p>\n<p>Das Gem\u00fcse vorbereiten, also Karotten und Sellerie sch\u00e4len und klein w\u00fcrfeln. Die Fr\u00fchlingszwiebeln waschen und in kleine Ringe schneiden, den Spinat ebenfalls waschen und in einer Salatschleuder nicht vollst\u00e4ndig wieder trockenschleudern. Die Kr\u00e4uter Kerbel, Petersilie, Majoran und Schnittlauch unter flie\u00dfendem Wasser absp\u00fclen, die Stiele entfernen und den Rest nicht zu fein hacken.<br \/>\nDie jeweiligen Mengen sind schwer zu beschreiben, am besten vertraut man seiner kulinarischen Intelligenz, wichtig sind nur ganz viele Fr\u00fchlingszwiebeln.<\/p>\n<p>Ein EL neutrales \u00d6l in einer Pfanne auf Dreiviertelhitze bringen und darin die Sellerie- und Karottenw\u00fcrfel so drei Minuten anschwitzen. Dann die Fr\u00fchlingszwiebeln noch f\u00fcr 60 Sekunden mit dazu und dann alles zu dem eingeweichten Br\u00f6tchen leeren.<br \/>\nDie Pfanne wieder auf die Herdplatte stellen und darin die leicht feuchten Spinatbl\u00e4tter r\u00fchrend zusammenfallen lassen \u2013 das dauert nur Sekunden \u2013 und ebenfalls in die Br\u00f6tchensch\u00fcssel geben. Dann noch die gehackten Kr\u00e4uter, ein Ei, viel Salz und Pfeffer dazu und alles einmal gut durchr\u00fchren. Noch mal auf Salz abschmecken.<\/p>\n<p>Die ausgeruhte Teigkugel vierteln und 5 Mal durch die breiteste Einstellung einer Nudelmaschine drehen. Zwischen den Durchg\u00e4ngen die Lappen nat\u00fcrlich immer wieder einmal zusammenfalten. Am Schluss nicht mehr falten, sondern die Nudelmaschine auf ganz d\u00fcnn stellen und eine gaaaanz lange und d\u00fcnne Bahn rauskurbeln. Die fertigen Bahnen beidseitig leicht einmehlen, damit sie nicht auf der Arbeitsplatte festkleben.<\/p>\n<p>Dann mit einem Teel\u00f6ffel etwa walnussgro\u00dfe B\u00e4lle aus der F\u00fcllung stechen und auf eine Teigbahn im Abstand von etwa vier Zentimetern platzieren. Alles mit einer zweiten Teigbahn bedecken und diese so andr\u00fccken, dass keine Luftkammern entstehen. Mit einem Messer die einzelnen gr\u00fcnen Krapfen zwischen den F\u00fcllungen durchtrennen.<br \/>\nDiesen Arbeitsschritt so lange wiederholen, bis keine F\u00fcllung bzw Teig mehr \u00fcbrig ist.<\/p>\n<p>In einem gro\u00dfen Topf Salzwasser auf zirka 80 Grad bringen und die gr\u00fcnen Krapfen darin portionsweise vier bis f\u00fcnf Minuten fertig ziehen lassen. Auf einem K\u00fcchenhandtuch legen und abgetropft ganz klassisch in einer <a href=\"https:\/\/blog.zeit.de\/rezeptor\/2007\/09\/21\/griesnockensuppe_460\" target=\"_blank\">selbst gemachten Br\u00fche<\/a> und mit <a href=\"https:\/\/blog.zeit.de\/rezeptor\/2006\/10\/31\/backhendl-mit-kartoffelsalat-\u2013-kfchome_336\" target=\"_blank\">schw\u00e4bischem Kartoffelsalat<\/a> servieren.<\/p>\n<p>Fortgeschrittene Esser geben den Kartoffelsalat \u00fcbrigens mit in (!!!) die Suppe.<\/p>\n<p>Gr\u00fcne Krapfen sind \u00fcbrigens bestens tiefk\u00fchlgeeignet und ein richtig gutes Fast-Food, wenn man in der kalten Jahreszeit mal wieder l\u00e4nger Arbeiten musste und keine Lust mehr auf Kochen hat. Einfach in k\u00f6chelnder Instant-Br\u00fche f\u00fcnf Minuten zugedeckt auftauen lassen.<br \/>\nAm besten also gleich die doppelte oder dreifache Menge kochen und ab damit in den Gefrierbeutel.<\/p>\n","protected":false},"excerpt":{"rendered":"<p>Eine nicht so bekannte Schwester der schw\u00e4bischen Maultasche. Klassischerweise mit Speck, heute aber eine vegetarische Variante.<\/p>\n","protected":false},"author":95,"featured_media":0,"comment_status":"open","ping_status":"closed","sticky":false,"template":"","format":"standard","meta":{"_jetpack_memberships_contains_paid_content":false,"footnotes":""},"categories":[831],"tags":[770,810,812],"class_list":["post-1451","post","type-post","status-publish","format-standard","hentry","category-vegetarians-of-love","tag-aufwandig","tag-suppe","tag-vegetarisch"],"yoast_head":"<!-- This site is optimized with the Yoast SEO plugin v21.0 - https:\/\/yoast.com\/wordpress\/plugins\/seo\/ -->\n<title>Gr\u00fcne Krapfen - Rezeptor<\/title>\n<meta name=\"robots\" content=\"index, follow, max-snippet:-1, max-image-preview:large, max-video-preview:-1\" \/>\n<link rel=\"canonical\" href=\"https:\/\/blog.zeit.de\/rezeptor\/2009\/12\/11\/grune-krapfen_1451\" \/>\n<meta property=\"og:locale\" content=\"de_DE\" \/>\n<meta property=\"og:type\" content=\"article\" \/>\n<meta property=\"og:title\" content=\"Gr\u00fcne Krapfen - Rezeptor\" \/>\n<meta property=\"og:description\" content=\"Eine nicht so bekannte Schwester der schw\u00e4bischen Maultasche. Klassischerweise mit Speck, heute aber eine vegetarische Variante.\" \/>\n<meta property=\"og:url\" content=\"https:\/\/blog.zeit.de\/rezeptor\/2009\/12\/11\/grune-krapfen_1451\" \/>\n<meta property=\"og:site_name\" content=\"Rezeptor\" \/>\n<meta property=\"article:published_time\" content=\"2009-12-11T17:41:55+00:00\" \/>\n<meta property=\"article:modified_time\" content=\"2009-12-15T10:34:59+00:00\" \/>\n<meta property=\"og:image\" content=\"https:\/\/blog.zeit.de\/rezeptor\/files\/2009\/12\/031209.jpg\" \/>\n<meta name=\"author\" content=\"Thorsten Lange\" \/>\n<meta name=\"twitter:card\" content=\"summary_large_image\" \/>\n<meta name=\"twitter:label1\" content=\"Geschrieben von\" \/>\n\t<meta name=\"twitter:data1\" content=\"Thorsten Lange\" \/>\n\t<meta name=\"twitter:label2\" content=\"Gesch\u00e4tzte Lesezeit\" \/>\n\t<meta name=\"twitter:data2\" content=\"3\u00a0Minuten\" \/>\n<script type=\"application\/ld+json\" class=\"yoast-schema-graph\">{\"@context\":\"https:\/\/schema.org\",\"@graph\":[{\"@type\":\"WebPage\",\"@id\":\"https:\/\/blog.zeit.de\/rezeptor\/2009\/12\/11\/grune-krapfen_1451\",\"url\":\"https:\/\/blog.zeit.de\/rezeptor\/2009\/12\/11\/grune-krapfen_1451\",\"name\":\"Gr\u00fcne Krapfen - Rezeptor\",\"isPartOf\":{\"@id\":\"https:\/\/blog.zeit.de\/rezeptor\/#website\"},\"datePublished\":\"2009-12-11T17:41:55+00:00\",\"dateModified\":\"2009-12-15T10:34:59+00:00\",\"author\":{\"@id\":\"https:\/\/blog.zeit.de\/rezeptor\/#\/schema\/person\/c4f0408ea5996c729d4493413dabb0ba\"},\"breadcrumb\":{\"@id\":\"https:\/\/blog.zeit.de\/rezeptor\/2009\/12\/11\/grune-krapfen_1451#breadcrumb\"},\"inLanguage\":\"de\",\"potentialAction\":[{\"@type\":\"ReadAction\",\"target\":[\"https:\/\/blog.zeit.de\/rezeptor\/2009\/12\/11\/grune-krapfen_1451\"]}]},{\"@type\":\"BreadcrumbList\",\"@id\":\"https:\/\/blog.zeit.de\/rezeptor\/2009\/12\/11\/grune-krapfen_1451#breadcrumb\",\"itemListElement\":[{\"@type\":\"ListItem\",\"position\":1,\"name\":\"Startseite\",\"item\":\"https:\/\/blog.zeit.de\/rezeptor\"},{\"@type\":\"ListItem\",\"position\":2,\"name\":\"Gr\u00fcne Krapfen\"}]},{\"@type\":\"WebSite\",\"@id\":\"https:\/\/blog.zeit.de\/rezeptor\/#website\",\"url\":\"https:\/\/blog.zeit.de\/rezeptor\/\",\"name\":\"Rezeptor\",\"description\":\"Das Blog f\u00fcr alltagstaugliches Kochen\",\"potentialAction\":[{\"@type\":\"SearchAction\",\"target\":{\"@type\":\"EntryPoint\",\"urlTemplate\":\"https:\/\/blog.zeit.de\/rezeptor\/?s={search_term_string}\"},\"query-input\":\"required name=search_term_string\"}],\"inLanguage\":\"de\"},{\"@type\":\"Person\",\"@id\":\"https:\/\/blog.zeit.de\/rezeptor\/#\/schema\/person\/c4f0408ea5996c729d4493413dabb0ba\",\"name\":\"Thorsten Lange\",\"image\":{\"@type\":\"ImageObject\",\"inLanguage\":\"de\",\"@id\":\"https:\/\/blog.zeit.de\/rezeptor\/#\/schema\/person\/image\/\",\"url\":\"https:\/\/secure.gravatar.com\/avatar\/85379d51ec9d21c64deb1b65a642bd35dcec9ebc7a65ccb1d3d06a64f507fad2?s=96&d=mm&r=g\",\"contentUrl\":\"https:\/\/secure.gravatar.com\/avatar\/85379d51ec9d21c64deb1b65a642bd35dcec9ebc7a65ccb1d3d06a64f507fad2?s=96&d=mm&r=g\",\"caption\":\"Thorsten Lange\"},\"url\":\"https:\/\/blog.zeit.de\/rezeptor\/author\/thorsten-lange\"}]}<\/script>\n<!-- \/ Yoast SEO plugin. -->","yoast_head_json":{"title":"Gr\u00fcne Krapfen - Rezeptor","robots":{"index":"index","follow":"follow","max-snippet":"max-snippet:-1","max-image-preview":"max-image-preview:large","max-video-preview":"max-video-preview:-1"},"canonical":"https:\/\/blog.zeit.de\/rezeptor\/2009\/12\/11\/grune-krapfen_1451","og_locale":"de_DE","og_type":"article","og_title":"Gr\u00fcne Krapfen - Rezeptor","og_description":"Eine nicht so bekannte Schwester der schw\u00e4bischen Maultasche. Klassischerweise mit Speck, heute aber eine vegetarische Variante.","og_url":"https:\/\/blog.zeit.de\/rezeptor\/2009\/12\/11\/grune-krapfen_1451","og_site_name":"Rezeptor","article_published_time":"2009-12-11T17:41:55+00:00","article_modified_time":"2009-12-15T10:34:59+00:00","og_image":[{"url":"https:\/\/blog.zeit.de\/rezeptor\/files\/2009\/12\/031209.jpg"}],"author":"Thorsten Lange","twitter_card":"summary_large_image","twitter_misc":{"Geschrieben von":"Thorsten Lange","Gesch\u00e4tzte Lesezeit":"3\u00a0Minuten"},"schema":{"@context":"https:\/\/schema.org","@graph":[{"@type":"WebPage","@id":"https:\/\/blog.zeit.de\/rezeptor\/2009\/12\/11\/grune-krapfen_1451","url":"https:\/\/blog.zeit.de\/rezeptor\/2009\/12\/11\/grune-krapfen_1451","name":"Gr\u00fcne Krapfen - Rezeptor","isPartOf":{"@id":"https:\/\/blog.zeit.de\/rezeptor\/#website"},"datePublished":"2009-12-11T17:41:55+00:00","dateModified":"2009-12-15T10:34:59+00:00","author":{"@id":"https:\/\/blog.zeit.de\/rezeptor\/#\/schema\/person\/c4f0408ea5996c729d4493413dabb0ba"},"breadcrumb":{"@id":"https:\/\/blog.zeit.de\/rezeptor\/2009\/12\/11\/grune-krapfen_1451#breadcrumb"},"inLanguage":"de","potentialAction":[{"@type":"ReadAction","target":["https:\/\/blog.zeit.de\/rezeptor\/2009\/12\/11\/grune-krapfen_1451"]}]},{"@type":"BreadcrumbList","@id":"https:\/\/blog.zeit.de\/rezeptor\/2009\/12\/11\/grune-krapfen_1451#breadcrumb","itemListElement":[{"@type":"ListItem","position":1,"name":"Startseite","item":"https:\/\/blog.zeit.de\/rezeptor"},{"@type":"ListItem","position":2,"name":"Gr\u00fcne Krapfen"}]},{"@type":"WebSite","@id":"https:\/\/blog.zeit.de\/rezeptor\/#website","url":"https:\/\/blog.zeit.de\/rezeptor\/","name":"Rezeptor","description":"Das Blog f\u00fcr alltagstaugliches Kochen","potentialAction":[{"@type":"SearchAction","target":{"@type":"EntryPoint","urlTemplate":"https:\/\/blog.zeit.de\/rezeptor\/?s={search_term_string}"},"query-input":"required name=search_term_string"}],"inLanguage":"de"},{"@type":"Person","@id":"https:\/\/blog.zeit.de\/rezeptor\/#\/schema\/person\/c4f0408ea5996c729d4493413dabb0ba","name":"Thorsten Lange","image":{"@type":"ImageObject","inLanguage":"de","@id":"https:\/\/blog.zeit.de\/rezeptor\/#\/schema\/person\/image\/","url":"https:\/\/secure.gravatar.com\/avatar\/85379d51ec9d21c64deb1b65a642bd35dcec9ebc7a65ccb1d3d06a64f507fad2?s=96&d=mm&r=g","contentUrl":"https:\/\/secure.gravatar.com\/avatar\/85379d51ec9d21c64deb1b65a642bd35dcec9ebc7a65ccb1d3d06a64f507fad2?s=96&d=mm&r=g","caption":"Thorsten Lange"},"url":"https:\/\/blog.zeit.de\/rezeptor\/author\/thorsten-lange"}]}},"jetpack_featured_media_url":"","jetpack_sharing_enabled":true,"_links":{"self":[{"href":"https:\/\/blog.zeit.de\/rezeptor\/wp-json\/wp\/v2\/posts\/1451","targetHints":{"allow":["GET"]}}],"collection":[{"href":"https:\/\/blog.zeit.de\/rezeptor\/wp-json\/wp\/v2\/posts"}],"about":[{"href":"https:\/\/blog.zeit.de\/rezeptor\/wp-json\/wp\/v2\/types\/post"}],"author":[{"embeddable":true,"href":"https:\/\/blog.zeit.de\/rezeptor\/wp-json\/wp\/v2\/users\/95"}],"replies":[{"embeddable":true,"href":"https:\/\/blog.zeit.de\/rezeptor\/wp-json\/wp\/v2\/comments?post=1451"}],"version-history":[{"count":0,"href":"https:\/\/blog.zeit.de\/rezeptor\/wp-json\/wp\/v2\/posts\/1451\/revisions"}],"wp:attachment":[{"href":"https:\/\/blog.zeit.de\/rezeptor\/wp-json\/wp\/v2\/media?parent=1451"}],"wp:term":[{"taxonomy":"category","embeddable":true,"href":"https:\/\/blog.zeit.de\/rezeptor\/wp-json\/wp\/v2\/categories?post=1451"},{"taxonomy":"post_tag","embeddable":true,"href":"https:\/\/blog.zeit.de\/rezeptor\/wp-json\/wp\/v2\/tags?post=1451"}],"curies":[{"name":"wp","href":"https:\/\/api.w.org\/{rel}","templated":true}]}}