{"id":1491,"date":"2010-01-07T10:42:22","date_gmt":"2010-01-07T09:42:22","guid":{"rendered":"http:\/\/blog.zeit.de\/rezeptor\/?p=1491"},"modified":"2010-01-07T10:42:22","modified_gmt":"2010-01-07T09:42:22","slug":"spaghetti-gamberetti","status":"publish","type":"post","link":"https:\/\/blog.zeit.de\/rezeptor\/2010\/01\/07\/spaghetti-gamberetti_1491","title":{"rendered":"Spaghetti Gamberetti"},"content":{"rendered":"<p><img loading=\"lazy\" decoding=\"async\" class=\"alignnone size-full wp-image-1492\" title=\"020110\" src=\"https:\/\/blog.zeit.de\/rezeptor\/files\/2010\/01\/020110.jpg\" alt=\"020110\" width=\"464\" height=\"237\" srcset=\"https:\/\/blog.zeit.de\/rezeptor\/files\/2010\/01\/020110.jpg 464w, https:\/\/blog.zeit.de\/rezeptor\/files\/2010\/01\/020110-300x153.jpg 300w\" sizes=\"auto, (max-width: 464px) 100vw, 464px\" \/><\/p>\n<p>Ein s\u00fcditalienischer Klassiker \u2013\u00a0schnell, scharf und superlecker<\/p>\n<p><!--more-->F\u00fcr zwei Personen:<br \/>\n225 g Spaghetti<br \/>\n4-5 gro\u00dfe King Prawns bzw. Gambas<br \/>\n1 Bund Petersilie<br \/>\n2 Zehen Knoblauch<br \/>\n1 Peperoncini<br \/>\nOliven\u00f6l<br \/>\n1 TL H\u00fchnerbr\u00fche Instant<br \/>\nSalz<br \/>\nPfeffer<\/p>\n<p><img loading=\"lazy\" decoding=\"async\" class=\"alignleft size-full wp-image-1493\" title=\"020110\" src=\"https:\/\/blog.zeit.de\/rezeptor\/files\/2010\/01\/020110.gif\" alt=\"020110\" width=\"158\" height=\"113\" \/>Falls es beim Fischh\u00e4ndler keine frischen Riesengarnelen gibt, hat er bestimmt notfalls noch tiefgefrorene im Lager. Die sind qualitativ 1A und tauen innerhalb von ein bis zwei St\u00fcndchen in einem Sieb in der Sp\u00fcle auf.<\/p>\n<p>Zu Beginn das Nudelwasser aufsetzen. Wie immer gilt: viel Wasser und richtig viel Salz in einem gro\u00dfen Topf. Als Salzigkeits-Ma\u00dfstab dient echtes Meerwasser.<\/p>\n<p>Inzwischen die Garnelen vorbereiten: Unter flie\u00dfendem Wasser absp\u00fclen, wieder mit K\u00fcchenrolle trockentupfen und den Kopf abdrehen falls er noch dran ist. Dann den hinteren Teil vom Panzer befreien, das ganz letzte St\u00fcck darf aber dranbleiben, sieht besser aus. Falls jetzt bei den Tierchen am R\u00fccken oben mittig so ein schwarzer Faden zu sehen ist: Knapp daneben mit einem scharfen Messer einen Schnitt setzen und das Ding komplett rauspulen, es handelt sich hierbei um den Darm plus Inhalt.<\/p>\n<p>Zwei Knoblauchzehen sch\u00e4len und in feinste Scheiben, die Peperoncini in kleine Ringe schneiden. Den Bund Petersilie unter flie\u00dfendem Wasser abwaschen, wieder trockensch\u00fctteln, die Bl\u00e4tter abzupfen und nicht zu klein schneiden.<\/p>\n<p>Mittlerweile sollte das Nudelwasser richtig kochen. Die Spaghetti dazu und nach Packungsaufschrift al dente kochen.<\/p>\n<p>Parallel mindestens drei EL Oliven\u00f6l in einer kleinen Pfanne auf volle Power erhitzen und darin dann den Garnelenabfall, also K\u00f6pfe, Panzer und F\u00fc\u00dfe \u2013 aber nat\u00fcrlich ohne den Darm \u2013 ringsrum anbraten. Die Farbe \u00e4ndert sich schnell von hellgrau in leuchtendes rot, und der Garnelengeschmack wandert ins \u00d6l. Nach so zwei Minuten die jetzt intensiv duftenden Panzer mit einer Gabel rausfischen und wegschmei\u00dfen.<\/p>\n<p>Jetzt kommen die Garnelen ins hei\u00dfe \u00d6l, die brauchen von beiden Seiten je nach Gr\u00f6\u00dfe zirka je 30 Sekunden bis eine Minute, sie sollen ja nicht totgebraten werden, sondern innen sch\u00f6n saftig und weich sein.<br \/>\nDann die Pfanne vom Feuer nehmen, die Garnelen rausfischen und jedes Exemplar einmal l\u00e4ngs von oben nach unten halbieren.<\/p>\n<p>Die Nudeln d\u00fcrften mittlerweile auch so weit sein. In ein Sieb abgie\u00dfen, Kochwasser auffangen und kurz im zugedeckten Kochtopf parken.<\/p>\n<p>Die Oliven\u00f6lpfanne darf wieder auf die hei\u00dfe Herdplatte, darin vorsichtig den Knoblauch und die Peperoncini anbraten. Sobald der Knoblauch anf\u00e4ngt hellbraun zu werden, alles mit einer kleinen Kelle Nudelkochwasser abl\u00f6schen. Einen TL Instant-H\u00fchnerbr\u00fche dazu, einmal kurz aufkochen lassen, mit vorsichtig Salz und viel Pfeffer w\u00fcrzen, die Spaghetti und Petersilie dazu und alles einmal gut umr\u00fchren bzw. schwenken, damit sich Knoblauch, Peperoncini und Petersilie gleichm\u00e4\u00dfig verteilen.<\/p>\n<p>Falls die Spaghetti jetzt noch zu trocken sind, kann mit Essl\u00f6ffelweise Nudelwasser nachgesteuert werden, Spaghetti Gamberetti sollten sch\u00f6n schl\u00fcpfrig und fast nass auf den Tisch kommen.<\/p>\n<p>Die Nudeln auf vorgew\u00e4rmte Teller verteilen und mit den Gambas sowie etwas Petersilie dekorieren.<\/p>\n","protected":false},"excerpt":{"rendered":"<p>Ein s\u00fcditalienischer Klassiker \u2013\u00a0schnell, scharf und superlecker<\/p>\n","protected":false},"author":95,"featured_media":0,"comment_status":"open","ping_status":"closed","sticky":false,"template":"","format":"standard","meta":{"_jetpack_memberships_contains_paid_content":false,"footnotes":""},"categories":[839],"tags":[777,798,805],"class_list":["post-1491","post","type-post","status-publish","format-standard","hentry","category-bella-italia","tag-eher-teuer","tag-pasta","tag-scharf"],"yoast_head":"<!-- This site is optimized with the Yoast SEO plugin v21.0 - https:\/\/yoast.com\/wordpress\/plugins\/seo\/ -->\n<title>Spaghetti Gamberetti - Rezeptor<\/title>\n<meta name=\"robots\" content=\"index, follow, max-snippet:-1, max-image-preview:large, max-video-preview:-1\" \/>\n<link rel=\"canonical\" href=\"https:\/\/blog.zeit.de\/rezeptor\/2010\/01\/07\/spaghetti-gamberetti_1491\" \/>\n<meta property=\"og:locale\" content=\"de_DE\" \/>\n<meta property=\"og:type\" content=\"article\" \/>\n<meta property=\"og:title\" content=\"Spaghetti Gamberetti - Rezeptor\" \/>\n<meta property=\"og:description\" content=\"Ein s\u00fcditalienischer Klassiker \u2013\u00a0schnell, scharf und superlecker\" \/>\n<meta property=\"og:url\" content=\"https:\/\/blog.zeit.de\/rezeptor\/2010\/01\/07\/spaghetti-gamberetti_1491\" \/>\n<meta property=\"og:site_name\" content=\"Rezeptor\" \/>\n<meta property=\"article:published_time\" content=\"2010-01-07T09:42:22+00:00\" \/>\n<meta property=\"og:image\" content=\"https:\/\/blog.zeit.de\/rezeptor\/files\/2010\/01\/020110.jpg\" \/>\n<meta name=\"author\" content=\"Thorsten Lange\" \/>\n<meta name=\"twitter:card\" content=\"summary_large_image\" \/>\n<meta name=\"twitter:label1\" content=\"Geschrieben von\" \/>\n\t<meta name=\"twitter:data1\" content=\"Thorsten Lange\" \/>\n\t<meta name=\"twitter:label2\" content=\"Gesch\u00e4tzte Lesezeit\" \/>\n\t<meta name=\"twitter:data2\" content=\"2\u00a0Minuten\" \/>\n<script type=\"application\/ld+json\" class=\"yoast-schema-graph\">{\"@context\":\"https:\/\/schema.org\",\"@graph\":[{\"@type\":\"WebPage\",\"@id\":\"https:\/\/blog.zeit.de\/rezeptor\/2010\/01\/07\/spaghetti-gamberetti_1491\",\"url\":\"https:\/\/blog.zeit.de\/rezeptor\/2010\/01\/07\/spaghetti-gamberetti_1491\",\"name\":\"Spaghetti Gamberetti - Rezeptor\",\"isPartOf\":{\"@id\":\"https:\/\/blog.zeit.de\/rezeptor\/#website\"},\"datePublished\":\"2010-01-07T09:42:22+00:00\",\"dateModified\":\"2010-01-07T09:42:22+00:00\",\"author\":{\"@id\":\"https:\/\/blog.zeit.de\/rezeptor\/#\/schema\/person\/c4f0408ea5996c729d4493413dabb0ba\"},\"breadcrumb\":{\"@id\":\"https:\/\/blog.zeit.de\/rezeptor\/2010\/01\/07\/spaghetti-gamberetti_1491#breadcrumb\"},\"inLanguage\":\"de\",\"potentialAction\":[{\"@type\":\"ReadAction\",\"target\":[\"https:\/\/blog.zeit.de\/rezeptor\/2010\/01\/07\/spaghetti-gamberetti_1491\"]}]},{\"@type\":\"BreadcrumbList\",\"@id\":\"https:\/\/blog.zeit.de\/rezeptor\/2010\/01\/07\/spaghetti-gamberetti_1491#breadcrumb\",\"itemListElement\":[{\"@type\":\"ListItem\",\"position\":1,\"name\":\"Startseite\",\"item\":\"https:\/\/blog.zeit.de\/rezeptor\"},{\"@type\":\"ListItem\",\"position\":2,\"name\":\"Spaghetti Gamberetti\"}]},{\"@type\":\"WebSite\",\"@id\":\"https:\/\/blog.zeit.de\/rezeptor\/#website\",\"url\":\"https:\/\/blog.zeit.de\/rezeptor\/\",\"name\":\"Rezeptor\",\"description\":\"Das Blog f\u00fcr alltagstaugliches Kochen\",\"potentialAction\":[{\"@type\":\"SearchAction\",\"target\":{\"@type\":\"EntryPoint\",\"urlTemplate\":\"https:\/\/blog.zeit.de\/rezeptor\/?s={search_term_string}\"},\"query-input\":\"required name=search_term_string\"}],\"inLanguage\":\"de\"},{\"@type\":\"Person\",\"@id\":\"https:\/\/blog.zeit.de\/rezeptor\/#\/schema\/person\/c4f0408ea5996c729d4493413dabb0ba\",\"name\":\"Thorsten Lange\",\"image\":{\"@type\":\"ImageObject\",\"inLanguage\":\"de\",\"@id\":\"https:\/\/blog.zeit.de\/rezeptor\/#\/schema\/person\/image\/\",\"url\":\"https:\/\/secure.gravatar.com\/avatar\/85379d51ec9d21c64deb1b65a642bd35dcec9ebc7a65ccb1d3d06a64f507fad2?s=96&d=mm&r=g\",\"contentUrl\":\"https:\/\/secure.gravatar.com\/avatar\/85379d51ec9d21c64deb1b65a642bd35dcec9ebc7a65ccb1d3d06a64f507fad2?s=96&d=mm&r=g\",\"caption\":\"Thorsten Lange\"},\"url\":\"https:\/\/blog.zeit.de\/rezeptor\/author\/thorsten-lange\"}]}<\/script>\n<!-- \/ Yoast SEO plugin. -->","yoast_head_json":{"title":"Spaghetti Gamberetti - Rezeptor","robots":{"index":"index","follow":"follow","max-snippet":"max-snippet:-1","max-image-preview":"max-image-preview:large","max-video-preview":"max-video-preview:-1"},"canonical":"https:\/\/blog.zeit.de\/rezeptor\/2010\/01\/07\/spaghetti-gamberetti_1491","og_locale":"de_DE","og_type":"article","og_title":"Spaghetti Gamberetti - Rezeptor","og_description":"Ein s\u00fcditalienischer Klassiker \u2013\u00a0schnell, scharf und superlecker","og_url":"https:\/\/blog.zeit.de\/rezeptor\/2010\/01\/07\/spaghetti-gamberetti_1491","og_site_name":"Rezeptor","article_published_time":"2010-01-07T09:42:22+00:00","og_image":[{"url":"https:\/\/blog.zeit.de\/rezeptor\/files\/2010\/01\/020110.jpg"}],"author":"Thorsten Lange","twitter_card":"summary_large_image","twitter_misc":{"Geschrieben von":"Thorsten Lange","Gesch\u00e4tzte Lesezeit":"2\u00a0Minuten"},"schema":{"@context":"https:\/\/schema.org","@graph":[{"@type":"WebPage","@id":"https:\/\/blog.zeit.de\/rezeptor\/2010\/01\/07\/spaghetti-gamberetti_1491","url":"https:\/\/blog.zeit.de\/rezeptor\/2010\/01\/07\/spaghetti-gamberetti_1491","name":"Spaghetti Gamberetti - Rezeptor","isPartOf":{"@id":"https:\/\/blog.zeit.de\/rezeptor\/#website"},"datePublished":"2010-01-07T09:42:22+00:00","dateModified":"2010-01-07T09:42:22+00:00","author":{"@id":"https:\/\/blog.zeit.de\/rezeptor\/#\/schema\/person\/c4f0408ea5996c729d4493413dabb0ba"},"breadcrumb":{"@id":"https:\/\/blog.zeit.de\/rezeptor\/2010\/01\/07\/spaghetti-gamberetti_1491#breadcrumb"},"inLanguage":"de","potentialAction":[{"@type":"ReadAction","target":["https:\/\/blog.zeit.de\/rezeptor\/2010\/01\/07\/spaghetti-gamberetti_1491"]}]},{"@type":"BreadcrumbList","@id":"https:\/\/blog.zeit.de\/rezeptor\/2010\/01\/07\/spaghetti-gamberetti_1491#breadcrumb","itemListElement":[{"@type":"ListItem","position":1,"name":"Startseite","item":"https:\/\/blog.zeit.de\/rezeptor"},{"@type":"ListItem","position":2,"name":"Spaghetti Gamberetti"}]},{"@type":"WebSite","@id":"https:\/\/blog.zeit.de\/rezeptor\/#website","url":"https:\/\/blog.zeit.de\/rezeptor\/","name":"Rezeptor","description":"Das Blog f\u00fcr alltagstaugliches Kochen","potentialAction":[{"@type":"SearchAction","target":{"@type":"EntryPoint","urlTemplate":"https:\/\/blog.zeit.de\/rezeptor\/?s={search_term_string}"},"query-input":"required name=search_term_string"}],"inLanguage":"de"},{"@type":"Person","@id":"https:\/\/blog.zeit.de\/rezeptor\/#\/schema\/person\/c4f0408ea5996c729d4493413dabb0ba","name":"Thorsten Lange","image":{"@type":"ImageObject","inLanguage":"de","@id":"https:\/\/blog.zeit.de\/rezeptor\/#\/schema\/person\/image\/","url":"https:\/\/secure.gravatar.com\/avatar\/85379d51ec9d21c64deb1b65a642bd35dcec9ebc7a65ccb1d3d06a64f507fad2?s=96&d=mm&r=g","contentUrl":"https:\/\/secure.gravatar.com\/avatar\/85379d51ec9d21c64deb1b65a642bd35dcec9ebc7a65ccb1d3d06a64f507fad2?s=96&d=mm&r=g","caption":"Thorsten Lange"},"url":"https:\/\/blog.zeit.de\/rezeptor\/author\/thorsten-lange"}]}},"jetpack_featured_media_url":"","jetpack_sharing_enabled":true,"_links":{"self":[{"href":"https:\/\/blog.zeit.de\/rezeptor\/wp-json\/wp\/v2\/posts\/1491","targetHints":{"allow":["GET"]}}],"collection":[{"href":"https:\/\/blog.zeit.de\/rezeptor\/wp-json\/wp\/v2\/posts"}],"about":[{"href":"https:\/\/blog.zeit.de\/rezeptor\/wp-json\/wp\/v2\/types\/post"}],"author":[{"embeddable":true,"href":"https:\/\/blog.zeit.de\/rezeptor\/wp-json\/wp\/v2\/users\/95"}],"replies":[{"embeddable":true,"href":"https:\/\/blog.zeit.de\/rezeptor\/wp-json\/wp\/v2\/comments?post=1491"}],"version-history":[{"count":0,"href":"https:\/\/blog.zeit.de\/rezeptor\/wp-json\/wp\/v2\/posts\/1491\/revisions"}],"wp:attachment":[{"href":"https:\/\/blog.zeit.de\/rezeptor\/wp-json\/wp\/v2\/media?parent=1491"}],"wp:term":[{"taxonomy":"category","embeddable":true,"href":"https:\/\/blog.zeit.de\/rezeptor\/wp-json\/wp\/v2\/categories?post=1491"},{"taxonomy":"post_tag","embeddable":true,"href":"https:\/\/blog.zeit.de\/rezeptor\/wp-json\/wp\/v2\/tags?post=1491"}],"curies":[{"name":"wp","href":"https:\/\/api.w.org\/{rel}","templated":true}]}}