{"id":1609,"date":"2010-04-07T14:24:06","date_gmt":"2010-04-07T12:24:06","guid":{"rendered":"http:\/\/blog.zeit.de\/rezeptor\/?p=1609"},"modified":"2010-04-07T15:13:23","modified_gmt":"2010-04-07T13:13:23","slug":"trippa-alla-fiorentina-%e2%80%93-kutteln-aus-florenz","status":"publish","type":"post","link":"https:\/\/blog.zeit.de\/rezeptor\/2010\/04\/07\/trippa-alla-fiorentina-%e2%80%93-kutteln-aus-florenz_1609","title":{"rendered":"trippa alla fiorentina \u2013 Kutteln aus Florenz"},"content":{"rendered":"<p><a href=\"https:\/\/blog.zeit.de\/rezeptor\/files\/2010\/04\/010410.jpg\"><img loading=\"lazy\" decoding=\"async\" class=\"alignnone size-full wp-image-1610\" title=\"010410\" src=\"https:\/\/blog.zeit.de\/rezeptor\/files\/2010\/04\/010410.jpg\" alt=\"\" width=\"464\" height=\"237\" srcset=\"https:\/\/blog.zeit.de\/rezeptor\/files\/2010\/04\/010410.jpg 464w, https:\/\/blog.zeit.de\/rezeptor\/files\/2010\/04\/010410-300x153.jpg 300w\" sizes=\"auto, (max-width: 464px) 100vw, 464px\" \/><\/a><\/p>\n<p>Ein idealer Einstieg in die Welt der gew\u00f6hnungsbed\u00fcrftigen Innereien: Der scharfe Tomatensugo lenkt den Geschmack in Richtung Bella Italia und beim Kochen riecht es eher nach Pizza als nach Hundefutter.<\/p>\n<p><!--more-->f\u00fcr 3 Personen:<br \/>\n500 g Kalbskutteln<br \/>\n2 M\u00f6hren<br \/>\n4 Schalotten<br \/>\n4 Knoblauchzehen<br \/>\n1 Stange Stangensellerie<br \/>\n1 Dose Dosentomaten<br \/>\n2 reife Tomaten<br \/>\n2 Chilischoten<br \/>\n1 Bund frische Petersilie<br \/>\nOliven\u00f6l<br \/>\nSalz<br \/>\nPfeffer<br \/>\nZucker<br \/>\n3 Lorbeerbl\u00e4tter<\/p>\n<p><a href=\"https:\/\/blog.zeit.de\/rezeptor\/files\/2010\/04\/010410.gif\"><img loading=\"lazy\" decoding=\"async\" class=\"alignleft size-full wp-image-1611\" title=\"010410\" src=\"https:\/\/blog.zeit.de\/rezeptor\/files\/2010\/04\/010410.gif\" alt=\"\" width=\"158\" height=\"113\" \/><\/a>Wer mal die Kuttel-Beschaffungsschwierigkeit hinter sich gebracht hat, kann sich entspannt zur\u00fccklehnen, die Hauptarbeit ist getan. Aber das ist ja auch was Sch\u00f6nes, beim Metzger vorsichtig nachzufragen, wie es denn mit den selten verlangten Innereien auss\u00e4he. Und man sich dann verschw\u00f6rerisch auf Freitag verabredet, \u201ees gehe schon alles klar, die Ware sei bis dahin auf jeden Fall am Start\u00a0\u2026\u201c<\/p>\n<p>Wobei man Pansen oder Kaldaunen auf dem Land schon eher mal beim Metzger ohne Vorbestellung bekommt. Hier in Hamburg wird man h\u00f6chstens von der netten Fleischereifachverk\u00e4uferin gefragt, ob es denn f\u00fcr den Hund sei. Aber hier ist Vorsicht angebracht, schlie\u00dflich werden diese NICHT vom Metzger vorgekocht und aufgrund ihres bestialischen Gestanks nur tiefgefroren verkauft. Also nur gewaschene, vorgekochte und saubere, wei\u00dfe Ware akzeptieren. Diese wird \u2013 zur\u00fcck in der K\u00fcche \u2013 in lange Streifen geschnitten und erstmal beiseite gelegt.<\/p>\n<p>Los geht\u2019s n\u00e4mlich mit der Tomatenso\u00dfe, das hei\u00dft vier Schalotten und vier Knoblauchzehen sch\u00e4len und klein schneiden. Zwei M\u00f6hren sch\u00e4len, die Enden abkappen und den Rest auch in kleine W\u00fcrfel schnippeln, genau wie die gewaschene Selleriestange.<\/p>\n<p>Einen ordentlichen Schluck Oliven\u00f6l in einem gro\u00dfen Topf auf Dreiviertelhitze bringen und darin dann erst f\u00fcr zwei, drei Minuten die Schalotten und den Knoblauch, danach f\u00fcr weitere f\u00fcnf Minuten die Karotten- und Selleriew\u00fcrfel weich und glasig d\u00fcnsten. Anschlie\u00dfend zehn Zentimeter Tomatenmark f\u00fcr wenige Sekunden mit anr\u00f6sten und dann alles mit der Dose Dosentomaten abl\u00f6schen.<\/p>\n<p>Salzen, pfeffern, drei Lorbeerbl\u00e4tter dazu und einmal den ganzen Topf aufkochen lassen. Inzwischen die beiden reifen Tomaten waschen, halbieren, entstrunken, klein w\u00fcrfeln und mit dazugeben, genau wie die zwei kleinst gehackten Chilischoten. Je nach deren Sch\u00e4rfegrad und eigener Vorliebe kann hier nat\u00fcrlich improvisiert werden. Dann die Temperatur auf Minimal runterfahren und warten.<\/p>\n<p>Wenn der Tomatensugo nach rund 20 bis 40 Minuten eine dicke Sache geworden ist, d\u00fcrfen die\u00a0 Kutteln in Streifen f\u00fcr noch mal mindestens 20 Minuten darin leicht k\u00f6chelnd fertig ziehen, manchmal hat der oben erw\u00e4hnte Metzger auch nicht richtig vorgekocht, und es dauert satte zwei Stunden, bis die Dinger weich sind und ihre Gummiartigkeit verloren haben.<br \/>\nIn diesem Falle kann man nur Geduld beweisen und sich eine Flasche Wei\u00dfwein aufmachen \u2013 ein kleiner Schluck davon als Alibi kann im Topf nicht schaden.<\/p>\n<p>Sobald die Innereien sch\u00f6n weich sind, erneut auf Salz und Pfeffer abschmecken, vielleicht noch eine Prise Zucker dazu und dann auf die Teller verteilen. Mit viel Petersilienbl\u00e4ttern bestreuen und Wei\u00dfbrot sowie den angebrochenen Wei\u00dfwein dazu reichen.<\/p>\n","protected":false},"excerpt":{"rendered":"<p>Ein idealer Einstieg in die Welt der gew\u00f6hnungsbed\u00fcrftigen Innereien: Der scharfe Tomatensugo lenkt den Geschmack in Richtung Bella Italia und beim Kochen riecht es eher nach Pizza als nach Hundefutter.<\/p>\n","protected":false},"author":95,"featured_media":0,"comment_status":"open","ping_status":"closed","sticky":false,"template":"","format":"standard","meta":{"_jetpack_memberships_contains_paid_content":false,"footnotes":""},"categories":[839,1009],"tags":[775,778,792],"class_list":["post-1609","post","type-post","status-publish","format-standard","hentry","category-bella-italia","category-ekliges-for-runaways","tag-deftig","tag-einfach","tag-mediterran"],"yoast_head":"<!-- This site is optimized with the Yoast SEO plugin v21.0 - https:\/\/yoast.com\/wordpress\/plugins\/seo\/ -->\n<title>trippa alla fiorentina \u2013 Kutteln aus Florenz - Rezeptor<\/title>\n<meta name=\"robots\" content=\"index, follow, max-snippet:-1, max-image-preview:large, max-video-preview:-1\" \/>\n<link rel=\"canonical\" href=\"https:\/\/blog.zeit.de\/rezeptor\/2010\/04\/07\/trippa-alla-fiorentina-\u2013-kutteln-aus-florenz_1609\" \/>\n<meta property=\"og:locale\" content=\"de_DE\" \/>\n<meta property=\"og:type\" content=\"article\" \/>\n<meta property=\"og:title\" content=\"trippa alla fiorentina \u2013 Kutteln aus Florenz - Rezeptor\" \/>\n<meta property=\"og:description\" content=\"Ein idealer Einstieg in die Welt der gew\u00f6hnungsbed\u00fcrftigen Innereien: Der scharfe Tomatensugo lenkt den Geschmack in Richtung Bella Italia und beim Kochen riecht es eher nach Pizza als nach Hundefutter.\" \/>\n<meta property=\"og:url\" content=\"https:\/\/blog.zeit.de\/rezeptor\/2010\/04\/07\/trippa-alla-fiorentina-\u2013-kutteln-aus-florenz_1609\" \/>\n<meta property=\"og:site_name\" content=\"Rezeptor\" \/>\n<meta property=\"article:published_time\" content=\"2010-04-07T12:24:06+00:00\" \/>\n<meta property=\"article:modified_time\" content=\"2010-04-07T13:13:23+00:00\" \/>\n<meta property=\"og:image\" content=\"https:\/\/blog.zeit.de\/rezeptor\/files\/2010\/04\/010410.jpg\" \/>\n<meta name=\"author\" content=\"Thorsten Lange\" \/>\n<meta name=\"twitter:card\" content=\"summary_large_image\" \/>\n<meta name=\"twitter:label1\" content=\"Geschrieben von\" \/>\n\t<meta name=\"twitter:data1\" content=\"Thorsten Lange\" \/>\n\t<meta name=\"twitter:label2\" content=\"Gesch\u00e4tzte Lesezeit\" \/>\n\t<meta name=\"twitter:data2\" content=\"2\u00a0Minuten\" \/>\n<script type=\"application\/ld+json\" class=\"yoast-schema-graph\">{\"@context\":\"https:\/\/schema.org\",\"@graph\":[{\"@type\":\"WebPage\",\"@id\":\"https:\/\/blog.zeit.de\/rezeptor\/2010\/04\/07\/trippa-alla-fiorentina-%e2%80%93-kutteln-aus-florenz_1609\",\"url\":\"https:\/\/blog.zeit.de\/rezeptor\/2010\/04\/07\/trippa-alla-fiorentina-%e2%80%93-kutteln-aus-florenz_1609\",\"name\":\"trippa alla fiorentina \u2013 Kutteln aus Florenz - Rezeptor\",\"isPartOf\":{\"@id\":\"https:\/\/blog.zeit.de\/rezeptor\/#website\"},\"datePublished\":\"2010-04-07T12:24:06+00:00\",\"dateModified\":\"2010-04-07T13:13:23+00:00\",\"author\":{\"@id\":\"https:\/\/blog.zeit.de\/rezeptor\/#\/schema\/person\/c4f0408ea5996c729d4493413dabb0ba\"},\"breadcrumb\":{\"@id\":\"https:\/\/blog.zeit.de\/rezeptor\/2010\/04\/07\/trippa-alla-fiorentina-%e2%80%93-kutteln-aus-florenz_1609#breadcrumb\"},\"inLanguage\":\"de\",\"potentialAction\":[{\"@type\":\"ReadAction\",\"target\":[\"https:\/\/blog.zeit.de\/rezeptor\/2010\/04\/07\/trippa-alla-fiorentina-%e2%80%93-kutteln-aus-florenz_1609\"]}]},{\"@type\":\"BreadcrumbList\",\"@id\":\"https:\/\/blog.zeit.de\/rezeptor\/2010\/04\/07\/trippa-alla-fiorentina-%e2%80%93-kutteln-aus-florenz_1609#breadcrumb\",\"itemListElement\":[{\"@type\":\"ListItem\",\"position\":1,\"name\":\"Startseite\",\"item\":\"https:\/\/blog.zeit.de\/rezeptor\"},{\"@type\":\"ListItem\",\"position\":2,\"name\":\"trippa alla fiorentina \u2013 Kutteln aus Florenz\"}]},{\"@type\":\"WebSite\",\"@id\":\"https:\/\/blog.zeit.de\/rezeptor\/#website\",\"url\":\"https:\/\/blog.zeit.de\/rezeptor\/\",\"name\":\"Rezeptor\",\"description\":\"Das Blog f\u00fcr alltagstaugliches Kochen\",\"potentialAction\":[{\"@type\":\"SearchAction\",\"target\":{\"@type\":\"EntryPoint\",\"urlTemplate\":\"https:\/\/blog.zeit.de\/rezeptor\/?s={search_term_string}\"},\"query-input\":\"required name=search_term_string\"}],\"inLanguage\":\"de\"},{\"@type\":\"Person\",\"@id\":\"https:\/\/blog.zeit.de\/rezeptor\/#\/schema\/person\/c4f0408ea5996c729d4493413dabb0ba\",\"name\":\"Thorsten Lange\",\"image\":{\"@type\":\"ImageObject\",\"inLanguage\":\"de\",\"@id\":\"https:\/\/blog.zeit.de\/rezeptor\/#\/schema\/person\/image\/\",\"url\":\"https:\/\/secure.gravatar.com\/avatar\/85379d51ec9d21c64deb1b65a642bd35dcec9ebc7a65ccb1d3d06a64f507fad2?s=96&d=mm&r=g\",\"contentUrl\":\"https:\/\/secure.gravatar.com\/avatar\/85379d51ec9d21c64deb1b65a642bd35dcec9ebc7a65ccb1d3d06a64f507fad2?s=96&d=mm&r=g\",\"caption\":\"Thorsten Lange\"},\"url\":\"https:\/\/blog.zeit.de\/rezeptor\/author\/thorsten-lange\"}]}<\/script>\n<!-- \/ Yoast SEO plugin. -->","yoast_head_json":{"title":"trippa alla fiorentina \u2013 Kutteln aus Florenz - Rezeptor","robots":{"index":"index","follow":"follow","max-snippet":"max-snippet:-1","max-image-preview":"max-image-preview:large","max-video-preview":"max-video-preview:-1"},"canonical":"https:\/\/blog.zeit.de\/rezeptor\/2010\/04\/07\/trippa-alla-fiorentina-\u2013-kutteln-aus-florenz_1609","og_locale":"de_DE","og_type":"article","og_title":"trippa alla fiorentina \u2013 Kutteln aus Florenz - Rezeptor","og_description":"Ein idealer Einstieg in die Welt der gew\u00f6hnungsbed\u00fcrftigen Innereien: Der scharfe Tomatensugo lenkt den Geschmack in Richtung Bella Italia und beim Kochen riecht es eher nach Pizza als nach Hundefutter.","og_url":"https:\/\/blog.zeit.de\/rezeptor\/2010\/04\/07\/trippa-alla-fiorentina-\u2013-kutteln-aus-florenz_1609","og_site_name":"Rezeptor","article_published_time":"2010-04-07T12:24:06+00:00","article_modified_time":"2010-04-07T13:13:23+00:00","og_image":[{"url":"https:\/\/blog.zeit.de\/rezeptor\/files\/2010\/04\/010410.jpg"}],"author":"Thorsten Lange","twitter_card":"summary_large_image","twitter_misc":{"Geschrieben von":"Thorsten Lange","Gesch\u00e4tzte Lesezeit":"2\u00a0Minuten"},"schema":{"@context":"https:\/\/schema.org","@graph":[{"@type":"WebPage","@id":"https:\/\/blog.zeit.de\/rezeptor\/2010\/04\/07\/trippa-alla-fiorentina-%e2%80%93-kutteln-aus-florenz_1609","url":"https:\/\/blog.zeit.de\/rezeptor\/2010\/04\/07\/trippa-alla-fiorentina-%e2%80%93-kutteln-aus-florenz_1609","name":"trippa alla fiorentina \u2013 Kutteln aus Florenz - Rezeptor","isPartOf":{"@id":"https:\/\/blog.zeit.de\/rezeptor\/#website"},"datePublished":"2010-04-07T12:24:06+00:00","dateModified":"2010-04-07T13:13:23+00:00","author":{"@id":"https:\/\/blog.zeit.de\/rezeptor\/#\/schema\/person\/c4f0408ea5996c729d4493413dabb0ba"},"breadcrumb":{"@id":"https:\/\/blog.zeit.de\/rezeptor\/2010\/04\/07\/trippa-alla-fiorentina-%e2%80%93-kutteln-aus-florenz_1609#breadcrumb"},"inLanguage":"de","potentialAction":[{"@type":"ReadAction","target":["https:\/\/blog.zeit.de\/rezeptor\/2010\/04\/07\/trippa-alla-fiorentina-%e2%80%93-kutteln-aus-florenz_1609"]}]},{"@type":"BreadcrumbList","@id":"https:\/\/blog.zeit.de\/rezeptor\/2010\/04\/07\/trippa-alla-fiorentina-%e2%80%93-kutteln-aus-florenz_1609#breadcrumb","itemListElement":[{"@type":"ListItem","position":1,"name":"Startseite","item":"https:\/\/blog.zeit.de\/rezeptor"},{"@type":"ListItem","position":2,"name":"trippa alla fiorentina \u2013 Kutteln aus Florenz"}]},{"@type":"WebSite","@id":"https:\/\/blog.zeit.de\/rezeptor\/#website","url":"https:\/\/blog.zeit.de\/rezeptor\/","name":"Rezeptor","description":"Das Blog f\u00fcr alltagstaugliches Kochen","potentialAction":[{"@type":"SearchAction","target":{"@type":"EntryPoint","urlTemplate":"https:\/\/blog.zeit.de\/rezeptor\/?s={search_term_string}"},"query-input":"required name=search_term_string"}],"inLanguage":"de"},{"@type":"Person","@id":"https:\/\/blog.zeit.de\/rezeptor\/#\/schema\/person\/c4f0408ea5996c729d4493413dabb0ba","name":"Thorsten Lange","image":{"@type":"ImageObject","inLanguage":"de","@id":"https:\/\/blog.zeit.de\/rezeptor\/#\/schema\/person\/image\/","url":"https:\/\/secure.gravatar.com\/avatar\/85379d51ec9d21c64deb1b65a642bd35dcec9ebc7a65ccb1d3d06a64f507fad2?s=96&d=mm&r=g","contentUrl":"https:\/\/secure.gravatar.com\/avatar\/85379d51ec9d21c64deb1b65a642bd35dcec9ebc7a65ccb1d3d06a64f507fad2?s=96&d=mm&r=g","caption":"Thorsten Lange"},"url":"https:\/\/blog.zeit.de\/rezeptor\/author\/thorsten-lange"}]}},"jetpack_featured_media_url":"","jetpack_sharing_enabled":true,"_links":{"self":[{"href":"https:\/\/blog.zeit.de\/rezeptor\/wp-json\/wp\/v2\/posts\/1609","targetHints":{"allow":["GET"]}}],"collection":[{"href":"https:\/\/blog.zeit.de\/rezeptor\/wp-json\/wp\/v2\/posts"}],"about":[{"href":"https:\/\/blog.zeit.de\/rezeptor\/wp-json\/wp\/v2\/types\/post"}],"author":[{"embeddable":true,"href":"https:\/\/blog.zeit.de\/rezeptor\/wp-json\/wp\/v2\/users\/95"}],"replies":[{"embeddable":true,"href":"https:\/\/blog.zeit.de\/rezeptor\/wp-json\/wp\/v2\/comments?post=1609"}],"version-history":[{"count":0,"href":"https:\/\/blog.zeit.de\/rezeptor\/wp-json\/wp\/v2\/posts\/1609\/revisions"}],"wp:attachment":[{"href":"https:\/\/blog.zeit.de\/rezeptor\/wp-json\/wp\/v2\/media?parent=1609"}],"wp:term":[{"taxonomy":"category","embeddable":true,"href":"https:\/\/blog.zeit.de\/rezeptor\/wp-json\/wp\/v2\/categories?post=1609"},{"taxonomy":"post_tag","embeddable":true,"href":"https:\/\/blog.zeit.de\/rezeptor\/wp-json\/wp\/v2\/tags?post=1609"}],"curies":[{"name":"wp","href":"https:\/\/api.w.org\/{rel}","templated":true}]}}