{"id":1916,"date":"2010-12-09T12:16:54","date_gmt":"2010-12-09T11:16:54","guid":{"rendered":"http:\/\/blog.zeit.de\/rezeptor\/?p=1916"},"modified":"2010-12-09T12:16:54","modified_gmt":"2010-12-09T11:16:54","slug":"coq-au-vin-mediterranee","status":"publish","type":"post","link":"https:\/\/blog.zeit.de\/rezeptor\/2010\/12\/09\/coq-au-vin-mediterranee_1916","title":{"rendered":"Coq au vin mediterran\u00e9e"},"content":{"rendered":"<p><a href=\"https:\/\/blog.zeit.de\/rezeptor\/files\/2010\/12\/021210.jpg\"><img loading=\"lazy\" decoding=\"async\" class=\"alignnone size-full wp-image-1917\" title=\"021210\" src=\"https:\/\/blog.zeit.de\/rezeptor\/files\/2010\/12\/021210.jpg\" alt=\"\" width=\"464\" height=\"237\" srcset=\"https:\/\/blog.zeit.de\/rezeptor\/files\/2010\/12\/021210.jpg 464w, https:\/\/blog.zeit.de\/rezeptor\/files\/2010\/12\/021210-300x153.jpg 300w\" sizes=\"auto, (max-width: 464px) 100vw, 464px\" \/><\/a><\/p>\n<p>Eine Variante des beliebten Klassikers mit Wei\u00dfwein und Gew\u00fcrzen aus der Provence<\/p>\n<p><!--more-->F\u00fcr 4 Personen:<br \/>\n1 Huhn \u00e0 1600 g<br \/>\n500 g Champignons<br \/>\n250 g kleine Schalotten<br \/>\n200 g Suppengem\u00fcse<br \/>\n2 Tomaten<br \/>\n1 Chilischote<br \/>\n100 g Butter<br \/>\n100 ml Noilly Prat<br \/>\n400 ml Weisswein<br \/>\n80 g Serranoschinken<br \/>\n2 Knoblauchzehen<br \/>\nRosmarin<br \/>\nThymian<br \/>\nMajoran<br \/>\nBohnenkraut<br \/>\nOliven\u00f6l<br \/>\nfrischer Basilikum<br \/>\n400 g Bandnudeln<\/p>\n<p><a href=\"https:\/\/blog.zeit.de\/rezeptor\/files\/2010\/12\/021210.gif\"><img loading=\"lazy\" decoding=\"async\" class=\"alignleft size-full wp-image-1918\" title=\"021210\" src=\"https:\/\/blog.zeit.de\/rezeptor\/files\/2010\/12\/021210.gif\" alt=\"\" width=\"158\" height=\"113\" \/><\/a>Los geht&#8217;s mit dem krossen Schinken: 80 g hauchd\u00fcnne Serranoscheiben nebeneinander auf ein Backblech legen und zirka eine Dreiviertelstunde lang bei 80 Grad Oberunterhitze im Ofen trocknen lassen. Vorsichtshalber einen K\u00fcchenwecker stellen um sich in der Zwischenzeit sch\u00f6n entspannt um die Mise en Place k\u00fcmmern zu k\u00f6nnen.<\/p>\n<p>Dazu erstmal den Kochwein testen und das Huhn auf Zimmertemperatur bringen, sprich aus dem K\u00fchlschrank nehmen. Dann 100 g Butter klein schneiden und in einem Sch\u00fcsselchen ins Gefrierfach stellen.<br \/>\n200 g Suppengem\u00fcse, also beispielsweise zwei Karotten, ein kleines St\u00fcck Knollensellerie und eine halbe Lauchstange sch\u00e4len bzw. putzen und zu &#8222;Brunoise&#8220; \u2013 das hei\u00dft W\u00fcrfel von ein bis zwei Millimetern \u2013 schneiden.<br \/>\n250 g Schalotten sowie beide Knoblauchzehen h\u00e4uten und letztere auch klein schneiden.<\/p>\n<p>Das Huhn in acht Teile schneiden: Erst die Hinterbeine an den H\u00fcftgelenken vom Rumpf trennen, dann beide noch mal in der Mitte durch die Knie halbieren.<br \/>\nDann beide Br\u00fcste ausl\u00f6sen und zuguterletzt noch die Fl\u00fcgel abnehmen. Anschlie\u00dfend von allem die Haut abziehen, eventuelles Fett entfernen und beides beiseite legen. Die \u00fcbriggebliebene Karkasse mit einem K\u00fcchenbeil oder einem billigen, gro\u00dfen Messer in drei, vier St\u00fccke hacken.<\/p>\n<p>In einem gro\u00dfen Topf einen El Oliven\u00f6l auf mittelhei\u00dfe Temperatur bringen und darin die Knochen, die H\u00fchnerhaut und das Fett sch\u00f6n langsam und hellbraun anbraten, dabei bitte nicht zu oft umr\u00fchren.<br \/>\nDies dauert vielleicht so zehn Minuten, dann darf auch das kleingew\u00fcrfelte Suppengem\u00fcse mit dazu. Alles zusammen noch mal zirka zehn Minuten schmurgeln lassen, anschlie\u00dfend den Topf mit 100 ml Noilly Prat und 400 ml Wei\u00dfwein abl\u00f6schen. Den Knoblauch und die grob kleingeschnittenen Tomaten dazugeben, einmal kurz aufkochen und dann eine Stunde auf kleinster Hitze offen vor sich hin k\u00f6cheln lassen.<br \/>\nJetzt noch schnell mit Kr\u00e4utern der Provence w\u00fcrzen, also Rosmarin, Thymian, Majoran und Bohnenkraut. Optimalerweise frisch, notfalls auch getrocknet.<br \/>\nDazu kommt noch die Chilischote, l\u00e4ngs halbiert, alles Wei\u00dfe und Kernige entfernt und kleingeschnitten.<\/p>\n<p>Die gute Stunde Wartezeit verk\u00fcrzt man mit Kochwein trinken und 500 g Pilze putzen. Weil die aber sowieso schon sehr sauber in den Handel kommen, muss meist nur noch unten der leicht angetrocknete Strunk abgeschnitten werden. Diese Abschnitte wandern umgehend in den So\u00dfentopf, genau wie ein paar unansehnliche Exemplare.<br \/>\nDen Rest auf essl\u00f6ffelgerechte Gr\u00f6\u00dfe zerkleinern, also vierteln, halbieren oder bei ganz kleinen Pilzen: ganz lassen.<br \/>\nIrgendwann klingelt auch der K\u00fcchenwecker, der Schinken ist trocken und kross. Ein St\u00fcck probieren, den Rest auf K\u00fcchenpapier beiseite stellen. Dann den Ofen auf 180 Grad Oberunterhitze hochdrehen.<\/p>\n<p>In der So\u00dfe haben sich die Geschm\u00e4cker nach 60 Minuten ausreichend vermengt, deshalb wird sie jetzt durch ein feines Sieb (Chinoise oder Haarsieb) in einen kleineren Topf geleert. Mit einer Sch\u00f6pfkelle dann noch den ganzen Saft aus den festen Teilen pressen.<br \/>\nDen entstandenen Fond mit den Schalotten dann auf gro\u00dfer Hitze im kleinen Topf weiter einkochen lassen.<\/p>\n<p>Parallel dazu im leicht ges\u00e4uberten gro\u00dfen Topf wieder einen EL Oliven\u00f6l auf dreiviertel Hitze bringen, die Fleischst\u00fccke darin beidseitig hellbraun anbraten. Alles gutm\u00fctig salzen und zur\u00fcckhaltend pfeffern.<br \/>\nDie H\u00fchnerbrustfilets erst mal beiseite stellen und den Rest vom Fleisch mit dem Fond abl\u00f6schen. Alle Champignons dazu, umr\u00fchren und zugedeckt f\u00fcr 12 Minuten auf mittlerer Schiene in den hei\u00dfen Ofen.<\/p>\n<p>Dann rausnehmen,\u00a0 die H\u00fchnerbr\u00fcste oben drauf legen und alles noch mal f\u00fcr 15 Minuten ins Feuer. Inzwischen schon mal einen gro\u00dfen Topf mit hei\u00dfem Nudelwasser vorbereiten.<\/p>\n<p>Nach der Viertelstunde ist das Fleisch komplett durchgeschmort. Den Fond wieder in den kleinen Topf zur\u00fcckleeren und das Fleisch f\u00fcr f\u00fcnf Minuten im gro\u00dfen Topf bei nicht ganz geschlossenem Deckel ausserhalb des Herds ruhen lassen.<\/p>\n<p>Inzwischen 400 g Bandnudeln nach Packungsaufschrift oder bis zum eigenen Lieblings-Al-Dente-Grad kochen. Die gefrorene Butter mit einem Schneebesen in den nicht mehr kochenden Fond r\u00fchren und noch mal auf Salz abschmecken.<\/p>\n<p>Auf vorgew\u00e4rmten Tellern die H\u00fchnerbeine und etwas von der aufgeschnittenen Brust verteilen, Nudeln, Champignons und ein, zwei Schalotten pro Teller dazu und alles mit ordentlich Sauce begie\u00dfen. Den krossen Schinken in grob gebrochenen St\u00fccken dr\u00fcbert\u00fcrmen und mit ein paar Basilikumbl\u00e4ttern garnieren.<\/p>\n<p>Alle Rezepte von A-Z gibt&#8217;s <a href=\"https:\/\/blog.zeit.de\/rezeptor\/rezeptuebersicht\" target=\"_blank\">hier<\/a><\/p>\n","protected":false},"excerpt":{"rendered":"<p>Eine Variante des beliebten Klassikers mit Wei\u00dfwein und Gew\u00fcrzen aus der Provence<\/p>\n","protected":false},"author":95,"featured_media":0,"comment_status":"open","ping_status":"closed","sticky":false,"template":"","format":"standard","meta":{"_jetpack_memberships_contains_paid_content":false,"footnotes":""},"categories":[838],"tags":[780,788,808],"class_list":["post-1916","post","type-post","status-publish","format-standard","hentry","category-was-koche-ich-heute","tag-feiertagsmenus","tag-huhn","tag-soulfood"],"yoast_head":"<!-- This site is optimized with the Yoast SEO plugin v21.0 - https:\/\/yoast.com\/wordpress\/plugins\/seo\/ -->\n<title>Coq au vin mediterran\u00e9e - Rezeptor<\/title>\n<meta name=\"robots\" content=\"index, follow, max-snippet:-1, max-image-preview:large, max-video-preview:-1\" \/>\n<link rel=\"canonical\" href=\"https:\/\/blog.zeit.de\/rezeptor\/2010\/12\/09\/coq-au-vin-mediterranee_1916\" \/>\n<meta property=\"og:locale\" content=\"de_DE\" \/>\n<meta property=\"og:type\" content=\"article\" \/>\n<meta property=\"og:title\" content=\"Coq au vin mediterran\u00e9e - Rezeptor\" \/>\n<meta property=\"og:description\" content=\"Eine Variante des beliebten Klassikers mit Wei\u00dfwein und Gew\u00fcrzen aus der Provence\" \/>\n<meta property=\"og:url\" content=\"https:\/\/blog.zeit.de\/rezeptor\/2010\/12\/09\/coq-au-vin-mediterranee_1916\" \/>\n<meta property=\"og:site_name\" content=\"Rezeptor\" \/>\n<meta property=\"article:published_time\" content=\"2010-12-09T11:16:54+00:00\" \/>\n<meta property=\"og:image\" content=\"https:\/\/blog.zeit.de\/rezeptor\/files\/2010\/12\/021210.jpg\" \/>\n<meta name=\"author\" content=\"Thorsten Lange\" \/>\n<meta name=\"twitter:card\" content=\"summary_large_image\" \/>\n<meta name=\"twitter:label1\" content=\"Geschrieben von\" \/>\n\t<meta name=\"twitter:data1\" content=\"Thorsten Lange\" \/>\n\t<meta name=\"twitter:label2\" content=\"Gesch\u00e4tzte Lesezeit\" \/>\n\t<meta name=\"twitter:data2\" content=\"4\u00a0Minuten\" \/>\n<script type=\"application\/ld+json\" class=\"yoast-schema-graph\">{\"@context\":\"https:\/\/schema.org\",\"@graph\":[{\"@type\":\"WebPage\",\"@id\":\"https:\/\/blog.zeit.de\/rezeptor\/2010\/12\/09\/coq-au-vin-mediterranee_1916\",\"url\":\"https:\/\/blog.zeit.de\/rezeptor\/2010\/12\/09\/coq-au-vin-mediterranee_1916\",\"name\":\"Coq au vin mediterran\u00e9e - Rezeptor\",\"isPartOf\":{\"@id\":\"https:\/\/blog.zeit.de\/rezeptor\/#website\"},\"datePublished\":\"2010-12-09T11:16:54+00:00\",\"dateModified\":\"2010-12-09T11:16:54+00:00\",\"author\":{\"@id\":\"https:\/\/blog.zeit.de\/rezeptor\/#\/schema\/person\/c4f0408ea5996c729d4493413dabb0ba\"},\"breadcrumb\":{\"@id\":\"https:\/\/blog.zeit.de\/rezeptor\/2010\/12\/09\/coq-au-vin-mediterranee_1916#breadcrumb\"},\"inLanguage\":\"de\",\"potentialAction\":[{\"@type\":\"ReadAction\",\"target\":[\"https:\/\/blog.zeit.de\/rezeptor\/2010\/12\/09\/coq-au-vin-mediterranee_1916\"]}]},{\"@type\":\"BreadcrumbList\",\"@id\":\"https:\/\/blog.zeit.de\/rezeptor\/2010\/12\/09\/coq-au-vin-mediterranee_1916#breadcrumb\",\"itemListElement\":[{\"@type\":\"ListItem\",\"position\":1,\"name\":\"Startseite\",\"item\":\"https:\/\/blog.zeit.de\/rezeptor\"},{\"@type\":\"ListItem\",\"position\":2,\"name\":\"Coq au vin mediterran\u00e9e\"}]},{\"@type\":\"WebSite\",\"@id\":\"https:\/\/blog.zeit.de\/rezeptor\/#website\",\"url\":\"https:\/\/blog.zeit.de\/rezeptor\/\",\"name\":\"Rezeptor\",\"description\":\"Das Blog f\u00fcr alltagstaugliches Kochen\",\"potentialAction\":[{\"@type\":\"SearchAction\",\"target\":{\"@type\":\"EntryPoint\",\"urlTemplate\":\"https:\/\/blog.zeit.de\/rezeptor\/?s={search_term_string}\"},\"query-input\":\"required name=search_term_string\"}],\"inLanguage\":\"de\"},{\"@type\":\"Person\",\"@id\":\"https:\/\/blog.zeit.de\/rezeptor\/#\/schema\/person\/c4f0408ea5996c729d4493413dabb0ba\",\"name\":\"Thorsten Lange\",\"image\":{\"@type\":\"ImageObject\",\"inLanguage\":\"de\",\"@id\":\"https:\/\/blog.zeit.de\/rezeptor\/#\/schema\/person\/image\/\",\"url\":\"https:\/\/secure.gravatar.com\/avatar\/85379d51ec9d21c64deb1b65a642bd35dcec9ebc7a65ccb1d3d06a64f507fad2?s=96&d=mm&r=g\",\"contentUrl\":\"https:\/\/secure.gravatar.com\/avatar\/85379d51ec9d21c64deb1b65a642bd35dcec9ebc7a65ccb1d3d06a64f507fad2?s=96&d=mm&r=g\",\"caption\":\"Thorsten Lange\"},\"url\":\"https:\/\/blog.zeit.de\/rezeptor\/author\/thorsten-lange\"}]}<\/script>\n<!-- \/ Yoast SEO plugin. -->","yoast_head_json":{"title":"Coq au vin mediterran\u00e9e - Rezeptor","robots":{"index":"index","follow":"follow","max-snippet":"max-snippet:-1","max-image-preview":"max-image-preview:large","max-video-preview":"max-video-preview:-1"},"canonical":"https:\/\/blog.zeit.de\/rezeptor\/2010\/12\/09\/coq-au-vin-mediterranee_1916","og_locale":"de_DE","og_type":"article","og_title":"Coq au vin mediterran\u00e9e - Rezeptor","og_description":"Eine Variante des beliebten Klassikers mit Wei\u00dfwein und Gew\u00fcrzen aus der Provence","og_url":"https:\/\/blog.zeit.de\/rezeptor\/2010\/12\/09\/coq-au-vin-mediterranee_1916","og_site_name":"Rezeptor","article_published_time":"2010-12-09T11:16:54+00:00","og_image":[{"url":"https:\/\/blog.zeit.de\/rezeptor\/files\/2010\/12\/021210.jpg"}],"author":"Thorsten Lange","twitter_card":"summary_large_image","twitter_misc":{"Geschrieben von":"Thorsten Lange","Gesch\u00e4tzte Lesezeit":"4\u00a0Minuten"},"schema":{"@context":"https:\/\/schema.org","@graph":[{"@type":"WebPage","@id":"https:\/\/blog.zeit.de\/rezeptor\/2010\/12\/09\/coq-au-vin-mediterranee_1916","url":"https:\/\/blog.zeit.de\/rezeptor\/2010\/12\/09\/coq-au-vin-mediterranee_1916","name":"Coq au vin mediterran\u00e9e - Rezeptor","isPartOf":{"@id":"https:\/\/blog.zeit.de\/rezeptor\/#website"},"datePublished":"2010-12-09T11:16:54+00:00","dateModified":"2010-12-09T11:16:54+00:00","author":{"@id":"https:\/\/blog.zeit.de\/rezeptor\/#\/schema\/person\/c4f0408ea5996c729d4493413dabb0ba"},"breadcrumb":{"@id":"https:\/\/blog.zeit.de\/rezeptor\/2010\/12\/09\/coq-au-vin-mediterranee_1916#breadcrumb"},"inLanguage":"de","potentialAction":[{"@type":"ReadAction","target":["https:\/\/blog.zeit.de\/rezeptor\/2010\/12\/09\/coq-au-vin-mediterranee_1916"]}]},{"@type":"BreadcrumbList","@id":"https:\/\/blog.zeit.de\/rezeptor\/2010\/12\/09\/coq-au-vin-mediterranee_1916#breadcrumb","itemListElement":[{"@type":"ListItem","position":1,"name":"Startseite","item":"https:\/\/blog.zeit.de\/rezeptor"},{"@type":"ListItem","position":2,"name":"Coq au vin mediterran\u00e9e"}]},{"@type":"WebSite","@id":"https:\/\/blog.zeit.de\/rezeptor\/#website","url":"https:\/\/blog.zeit.de\/rezeptor\/","name":"Rezeptor","description":"Das Blog f\u00fcr alltagstaugliches Kochen","potentialAction":[{"@type":"SearchAction","target":{"@type":"EntryPoint","urlTemplate":"https:\/\/blog.zeit.de\/rezeptor\/?s={search_term_string}"},"query-input":"required name=search_term_string"}],"inLanguage":"de"},{"@type":"Person","@id":"https:\/\/blog.zeit.de\/rezeptor\/#\/schema\/person\/c4f0408ea5996c729d4493413dabb0ba","name":"Thorsten Lange","image":{"@type":"ImageObject","inLanguage":"de","@id":"https:\/\/blog.zeit.de\/rezeptor\/#\/schema\/person\/image\/","url":"https:\/\/secure.gravatar.com\/avatar\/85379d51ec9d21c64deb1b65a642bd35dcec9ebc7a65ccb1d3d06a64f507fad2?s=96&d=mm&r=g","contentUrl":"https:\/\/secure.gravatar.com\/avatar\/85379d51ec9d21c64deb1b65a642bd35dcec9ebc7a65ccb1d3d06a64f507fad2?s=96&d=mm&r=g","caption":"Thorsten Lange"},"url":"https:\/\/blog.zeit.de\/rezeptor\/author\/thorsten-lange"}]}},"jetpack_featured_media_url":"","jetpack_sharing_enabled":true,"_links":{"self":[{"href":"https:\/\/blog.zeit.de\/rezeptor\/wp-json\/wp\/v2\/posts\/1916","targetHints":{"allow":["GET"]}}],"collection":[{"href":"https:\/\/blog.zeit.de\/rezeptor\/wp-json\/wp\/v2\/posts"}],"about":[{"href":"https:\/\/blog.zeit.de\/rezeptor\/wp-json\/wp\/v2\/types\/post"}],"author":[{"embeddable":true,"href":"https:\/\/blog.zeit.de\/rezeptor\/wp-json\/wp\/v2\/users\/95"}],"replies":[{"embeddable":true,"href":"https:\/\/blog.zeit.de\/rezeptor\/wp-json\/wp\/v2\/comments?post=1916"}],"version-history":[{"count":2,"href":"https:\/\/blog.zeit.de\/rezeptor\/wp-json\/wp\/v2\/posts\/1916\/revisions"}],"predecessor-version":[{"id":1920,"href":"https:\/\/blog.zeit.de\/rezeptor\/wp-json\/wp\/v2\/posts\/1916\/revisions\/1920"}],"wp:attachment":[{"href":"https:\/\/blog.zeit.de\/rezeptor\/wp-json\/wp\/v2\/media?parent=1916"}],"wp:term":[{"taxonomy":"category","embeddable":true,"href":"https:\/\/blog.zeit.de\/rezeptor\/wp-json\/wp\/v2\/categories?post=1916"},{"taxonomy":"post_tag","embeddable":true,"href":"https:\/\/blog.zeit.de\/rezeptor\/wp-json\/wp\/v2\/tags?post=1916"}],"curies":[{"name":"wp","href":"https:\/\/api.w.org\/{rel}","templated":true}]}}