{"id":1922,"date":"2010-12-15T10:54:26","date_gmt":"2010-12-15T09:54:26","guid":{"rendered":"http:\/\/blog.zeit.de\/rezeptor\/?p=1922"},"modified":"2010-12-15T14:39:17","modified_gmt":"2010-12-15T13:39:17","slug":"elisen-lebkuchen","status":"publish","type":"post","link":"https:\/\/blog.zeit.de\/rezeptor\/2010\/12\/15\/elisen-lebkuchen_1922","title":{"rendered":"Elisen-Lebkuchen"},"content":{"rendered":"<p><a href=\"https:\/\/blog.zeit.de\/rezeptor\/files\/2010\/12\/031210.jpg\"><img loading=\"lazy\" decoding=\"async\" class=\"alignnone size-full wp-image-1923\" title=\"031210\" src=\"https:\/\/blog.zeit.de\/rezeptor\/files\/2010\/12\/031210.jpg\" alt=\"\" width=\"464\" height=\"237\" srcset=\"https:\/\/blog.zeit.de\/rezeptor\/files\/2010\/12\/031210.jpg 464w, https:\/\/blog.zeit.de\/rezeptor\/files\/2010\/12\/031210-300x153.jpg 300w\" sizes=\"auto, (max-width: 464px) 100vw, 464px\" \/><\/a><\/p>\n<p>Dieses hochwertige Weihnachtsgeb\u00e4ck stammt aus N\u00fcrnberg und enth\u00e4lt im Gegensatz zu den billigen Supermarktlebkuchen KEIN Mehl.<\/p>\n<p><!--more-->F\u00fcr 80 Pl\u00e4tzchen:<br \/>\n470 g Zucker<br \/>\n4-5 Eier (330 g inklusive Schale)<br \/>\n250g Haseln\u00fcsse, grob<br \/>\n250g Haseln\u00fcsse, fein<br \/>\n50g Waln\u00fcsse, grob gehackt<br \/>\n100g Orangeat<br \/>\n100g Zitronat<br \/>\n1 Biozitrone<br \/>\n1 Bio-Orange<br \/>\n1 El kandierter Ingwer<br \/>\n1 TL Vanillezucker<br \/>\nje 1\/2 TL Anis, Zimt, Gew\u00fcrznelke, Koriandersaat, Piment, Muskatbl\u00fcte, Kardamom<br \/>\nOblaten (5 cm Durchmesser)<br \/>\nKuvert\u00fcre<br \/>\n100 g Zucker<br \/>\n62,5 g Wasser<\/p>\n<p><a href=\"https:\/\/blog.zeit.de\/rezeptor\/files\/2010\/12\/031210.gif\"><img loading=\"lazy\" decoding=\"async\" class=\"alignleft size-full wp-image-1924\" title=\"031210\" src=\"https:\/\/blog.zeit.de\/rezeptor\/files\/2010\/12\/031210.gif\" alt=\"\" width=\"158\" height=\"113\" \/><\/a>Vier bis f\u00fcnf Eier abwiegen, bis es inklusive der Schale 330 Gramm sind. Es kommt auf 10 Gramm hin oder her nicht an, eventuell muss man sp\u00e4ter bei der Menge an feinen Haseln\u00fcssen leicht nachjustieren.<\/p>\n<p>Je 100 g Zitronat und Orangeat aus der Packung nehmen und sehr, sehr fein hacken, optimal w\u00e4ren stecknadelkopfgro\u00dfe St\u00fccke. Haseln\u00fcsse kann man bereits in verschiedensten Gr\u00f6\u00dfenstufen kaufen, wir brauchen 250 g Haselnussmehl und 250 g ebenfalls Stecknadelkopfgro\u00df. Die 50 g Waln\u00fcsse d\u00fcrfen etwas gr\u00f6ber sein, zB Linsengr\u00f6\u00dfe.<\/p>\n<p>Die Eier dann in eine Sch\u00fcssel aufschlagen, 470 g (!) Zucker plus einen EL Vanillezucker dazu und alles mit einem Elektror\u00fchrer auf kleinster Stufe sch\u00f6n schaumig r\u00fchren. So acht Minuten sollte man durchhalten, auf jeden Fall sollte sich der Zucker komplett aufgel\u00f6st haben.<\/p>\n<p>Dann alle N\u00fcsse dazu geben, genau wie Orangeat, Zitronat und je einem halben TL Anis, Zimt, Gew\u00fcrznelke, Koriandersaat, Piment, Muskatbl\u00fcte und Kardamom, wahrscheinlich muss man das ein oder andere vorher M\u00f6rsern. Man kann \u00fcbrigens auch getrost auf ein oder zwei Gew\u00fcrze verzichten, wenn es wirklich nirgends aufzutreiben ist. Aber gerade jetzt um die Weihnachtszeit haben gut sortierte Superm\u00e4rkte ein spezielles Regal mit all den Weihnachtsbackzutaten.<br \/>\nDann noch mit einer Zestenreibe die Schalen einer unbehandelten Zitrone und Orange dr\u00fcber reiben, und alles zu einem klebrigen, leicht feuchten Teig verarbeiten. Sollte er gef\u00fchlsm\u00e4ssig ZU nass sein, einfach zwei, drei weitere EL Haselnussmehl dazugeben.<\/p>\n<p>Den Teig zu einer Kugel formen und in Frischhaltefolie gewickelt einen Tag im K\u00fchlschrank ziehen lassen.<\/p>\n<p>Am n\u00e4chsten Tag den Ofen auf 200 Grad Oberunterhitze vorheizen. Mit einem Essl\u00f6ffel ein kleines St\u00fcck Teig auf eine Oblate dr\u00fccken, und den Rand ringsum flach abfallend modellieren. Sollte der Teig sehr klebrig sein, kann man den L\u00f6ffel (und die H\u00e4nde) immer wieder in Wasser tauchen, dann geht&#8217;s besser.<br \/>\nNach dem f\u00fcnften verungl\u00fcckten Exemplar hat man den Dreh, die richtige Menge und die Technik raus und produziert die leckeren Lebkuchen wie am Flie\u00dfband.<\/p>\n<p>Sobald man ein mit Backpapier belegtes Blech fertig hat, kommt es f\u00fcr zw\u00f6lf bis f\u00fcnfzehn Minuten auf mittlerer Schiene in den Ofen.<br \/>\nK\u00fcchenwecker stellen und zus\u00e4tzlich auch immer mal wieder durch die Scheibe gucken. Die fertigen Lebkuchen sollten innen noch etwas feucht und nicht ganz durchgebacken sein.<\/p>\n<p>Die fertigen Lebkuchen auf einem Ofengitter abk\u00fchlen lassen.<\/p>\n<p>Zuguterletzt mit Lieblingsglasur glasieren, also entweder Kuvert\u00fcre hell\/dunkel \u2013 das funktioniert nach Packungsaufschrift \u2013\u00a0oder f\u00fcr Lebkuchen-Zuckerguss 100 g feinsten Zucker mit 62,5 ml Wasser auf leiser Hitze aufl\u00f6sen und k\u00f6cheln lassen. Sobald die Zuckerl\u00f6sung F\u00e4den zieht, steckt man die nackten Lebkuchen auf einen Schaschlikspie\u00df oder Zahnstocher und taucht sie in den Guss. Dann richtigrum auf Backpapier trocknen lassen.<br \/>\nNach f\u00fcnf Tagen sind sie gut durchgezogen und haben die optimale Konsistenz.<\/p>\n<p>Alle unsere Rezepte von A-Z gibt\u2019s <a href=\"https:\/\/blog.zeit.de\/rezeptor\/rezeptuebersicht\" target=\"_blank\">hier<\/a><\/p>\n","protected":false},"excerpt":{"rendered":"<p>Dieses hochwertige Weihnachtsgeb\u00e4ck stammt aus N\u00fcrnberg und enth\u00e4lt im Gegensatz zu den billigen Supermarktlebkuchen KEIN Mehl.<\/p>\n","protected":false},"author":95,"featured_media":0,"comment_status":"open","ping_status":"closed","sticky":false,"template":"","format":"standard","meta":{"_jetpack_memberships_contains_paid_content":false,"footnotes":""},"categories":[829],"tags":[771],"class_list":["post-1922","post","type-post","status-publish","format-standard","hentry","category-rauschendes-fest","tag-backen"],"yoast_head":"<!-- This site is optimized with the Yoast SEO plugin v21.0 - https:\/\/yoast.com\/wordpress\/plugins\/seo\/ -->\n<title>Elisen-Lebkuchen - Rezeptor<\/title>\n<meta name=\"robots\" content=\"index, follow, max-snippet:-1, max-image-preview:large, max-video-preview:-1\" \/>\n<link rel=\"canonical\" href=\"https:\/\/blog.zeit.de\/rezeptor\/2010\/12\/15\/elisen-lebkuchen_1922\" \/>\n<meta property=\"og:locale\" content=\"de_DE\" \/>\n<meta property=\"og:type\" content=\"article\" \/>\n<meta property=\"og:title\" content=\"Elisen-Lebkuchen - Rezeptor\" \/>\n<meta property=\"og:description\" content=\"Dieses hochwertige Weihnachtsgeb\u00e4ck stammt aus N\u00fcrnberg und enth\u00e4lt im Gegensatz zu den billigen Supermarktlebkuchen KEIN Mehl.\" \/>\n<meta property=\"og:url\" content=\"https:\/\/blog.zeit.de\/rezeptor\/2010\/12\/15\/elisen-lebkuchen_1922\" \/>\n<meta property=\"og:site_name\" content=\"Rezeptor\" \/>\n<meta property=\"article:published_time\" content=\"2010-12-15T09:54:26+00:00\" \/>\n<meta property=\"article:modified_time\" content=\"2010-12-15T13:39:17+00:00\" \/>\n<meta property=\"og:image\" content=\"https:\/\/blog.zeit.de\/rezeptor\/files\/2010\/12\/031210.jpg\" \/>\n<meta name=\"author\" content=\"Thorsten Lange\" \/>\n<meta name=\"twitter:card\" content=\"summary_large_image\" \/>\n<meta name=\"twitter:label1\" content=\"Geschrieben von\" \/>\n\t<meta name=\"twitter:data1\" content=\"Thorsten Lange\" \/>\n\t<meta name=\"twitter:label2\" content=\"Gesch\u00e4tzte Lesezeit\" \/>\n\t<meta name=\"twitter:data2\" content=\"3\u00a0Minuten\" \/>\n<script type=\"application\/ld+json\" class=\"yoast-schema-graph\">{\"@context\":\"https:\/\/schema.org\",\"@graph\":[{\"@type\":\"WebPage\",\"@id\":\"https:\/\/blog.zeit.de\/rezeptor\/2010\/12\/15\/elisen-lebkuchen_1922\",\"url\":\"https:\/\/blog.zeit.de\/rezeptor\/2010\/12\/15\/elisen-lebkuchen_1922\",\"name\":\"Elisen-Lebkuchen - Rezeptor\",\"isPartOf\":{\"@id\":\"https:\/\/blog.zeit.de\/rezeptor\/#website\"},\"datePublished\":\"2010-12-15T09:54:26+00:00\",\"dateModified\":\"2010-12-15T13:39:17+00:00\",\"author\":{\"@id\":\"https:\/\/blog.zeit.de\/rezeptor\/#\/schema\/person\/c4f0408ea5996c729d4493413dabb0ba\"},\"breadcrumb\":{\"@id\":\"https:\/\/blog.zeit.de\/rezeptor\/2010\/12\/15\/elisen-lebkuchen_1922#breadcrumb\"},\"inLanguage\":\"de\",\"potentialAction\":[{\"@type\":\"ReadAction\",\"target\":[\"https:\/\/blog.zeit.de\/rezeptor\/2010\/12\/15\/elisen-lebkuchen_1922\"]}]},{\"@type\":\"BreadcrumbList\",\"@id\":\"https:\/\/blog.zeit.de\/rezeptor\/2010\/12\/15\/elisen-lebkuchen_1922#breadcrumb\",\"itemListElement\":[{\"@type\":\"ListItem\",\"position\":1,\"name\":\"Startseite\",\"item\":\"https:\/\/blog.zeit.de\/rezeptor\"},{\"@type\":\"ListItem\",\"position\":2,\"name\":\"Elisen-Lebkuchen\"}]},{\"@type\":\"WebSite\",\"@id\":\"https:\/\/blog.zeit.de\/rezeptor\/#website\",\"url\":\"https:\/\/blog.zeit.de\/rezeptor\/\",\"name\":\"Rezeptor\",\"description\":\"Das Blog f\u00fcr alltagstaugliches Kochen\",\"potentialAction\":[{\"@type\":\"SearchAction\",\"target\":{\"@type\":\"EntryPoint\",\"urlTemplate\":\"https:\/\/blog.zeit.de\/rezeptor\/?s={search_term_string}\"},\"query-input\":\"required name=search_term_string\"}],\"inLanguage\":\"de\"},{\"@type\":\"Person\",\"@id\":\"https:\/\/blog.zeit.de\/rezeptor\/#\/schema\/person\/c4f0408ea5996c729d4493413dabb0ba\",\"name\":\"Thorsten Lange\",\"image\":{\"@type\":\"ImageObject\",\"inLanguage\":\"de\",\"@id\":\"https:\/\/blog.zeit.de\/rezeptor\/#\/schema\/person\/image\/\",\"url\":\"https:\/\/secure.gravatar.com\/avatar\/85379d51ec9d21c64deb1b65a642bd35dcec9ebc7a65ccb1d3d06a64f507fad2?s=96&d=mm&r=g\",\"contentUrl\":\"https:\/\/secure.gravatar.com\/avatar\/85379d51ec9d21c64deb1b65a642bd35dcec9ebc7a65ccb1d3d06a64f507fad2?s=96&d=mm&r=g\",\"caption\":\"Thorsten Lange\"},\"url\":\"https:\/\/blog.zeit.de\/rezeptor\/author\/thorsten-lange\"}]}<\/script>\n<!-- \/ Yoast SEO plugin. -->","yoast_head_json":{"title":"Elisen-Lebkuchen - Rezeptor","robots":{"index":"index","follow":"follow","max-snippet":"max-snippet:-1","max-image-preview":"max-image-preview:large","max-video-preview":"max-video-preview:-1"},"canonical":"https:\/\/blog.zeit.de\/rezeptor\/2010\/12\/15\/elisen-lebkuchen_1922","og_locale":"de_DE","og_type":"article","og_title":"Elisen-Lebkuchen - Rezeptor","og_description":"Dieses hochwertige Weihnachtsgeb\u00e4ck stammt aus N\u00fcrnberg und enth\u00e4lt im Gegensatz zu den billigen Supermarktlebkuchen KEIN Mehl.","og_url":"https:\/\/blog.zeit.de\/rezeptor\/2010\/12\/15\/elisen-lebkuchen_1922","og_site_name":"Rezeptor","article_published_time":"2010-12-15T09:54:26+00:00","article_modified_time":"2010-12-15T13:39:17+00:00","og_image":[{"url":"https:\/\/blog.zeit.de\/rezeptor\/files\/2010\/12\/031210.jpg"}],"author":"Thorsten Lange","twitter_card":"summary_large_image","twitter_misc":{"Geschrieben von":"Thorsten Lange","Gesch\u00e4tzte Lesezeit":"3\u00a0Minuten"},"schema":{"@context":"https:\/\/schema.org","@graph":[{"@type":"WebPage","@id":"https:\/\/blog.zeit.de\/rezeptor\/2010\/12\/15\/elisen-lebkuchen_1922","url":"https:\/\/blog.zeit.de\/rezeptor\/2010\/12\/15\/elisen-lebkuchen_1922","name":"Elisen-Lebkuchen - Rezeptor","isPartOf":{"@id":"https:\/\/blog.zeit.de\/rezeptor\/#website"},"datePublished":"2010-12-15T09:54:26+00:00","dateModified":"2010-12-15T13:39:17+00:00","author":{"@id":"https:\/\/blog.zeit.de\/rezeptor\/#\/schema\/person\/c4f0408ea5996c729d4493413dabb0ba"},"breadcrumb":{"@id":"https:\/\/blog.zeit.de\/rezeptor\/2010\/12\/15\/elisen-lebkuchen_1922#breadcrumb"},"inLanguage":"de","potentialAction":[{"@type":"ReadAction","target":["https:\/\/blog.zeit.de\/rezeptor\/2010\/12\/15\/elisen-lebkuchen_1922"]}]},{"@type":"BreadcrumbList","@id":"https:\/\/blog.zeit.de\/rezeptor\/2010\/12\/15\/elisen-lebkuchen_1922#breadcrumb","itemListElement":[{"@type":"ListItem","position":1,"name":"Startseite","item":"https:\/\/blog.zeit.de\/rezeptor"},{"@type":"ListItem","position":2,"name":"Elisen-Lebkuchen"}]},{"@type":"WebSite","@id":"https:\/\/blog.zeit.de\/rezeptor\/#website","url":"https:\/\/blog.zeit.de\/rezeptor\/","name":"Rezeptor","description":"Das Blog f\u00fcr alltagstaugliches Kochen","potentialAction":[{"@type":"SearchAction","target":{"@type":"EntryPoint","urlTemplate":"https:\/\/blog.zeit.de\/rezeptor\/?s={search_term_string}"},"query-input":"required name=search_term_string"}],"inLanguage":"de"},{"@type":"Person","@id":"https:\/\/blog.zeit.de\/rezeptor\/#\/schema\/person\/c4f0408ea5996c729d4493413dabb0ba","name":"Thorsten Lange","image":{"@type":"ImageObject","inLanguage":"de","@id":"https:\/\/blog.zeit.de\/rezeptor\/#\/schema\/person\/image\/","url":"https:\/\/secure.gravatar.com\/avatar\/85379d51ec9d21c64deb1b65a642bd35dcec9ebc7a65ccb1d3d06a64f507fad2?s=96&d=mm&r=g","contentUrl":"https:\/\/secure.gravatar.com\/avatar\/85379d51ec9d21c64deb1b65a642bd35dcec9ebc7a65ccb1d3d06a64f507fad2?s=96&d=mm&r=g","caption":"Thorsten Lange"},"url":"https:\/\/blog.zeit.de\/rezeptor\/author\/thorsten-lange"}]}},"jetpack_featured_media_url":"","jetpack_sharing_enabled":true,"_links":{"self":[{"href":"https:\/\/blog.zeit.de\/rezeptor\/wp-json\/wp\/v2\/posts\/1922","targetHints":{"allow":["GET"]}}],"collection":[{"href":"https:\/\/blog.zeit.de\/rezeptor\/wp-json\/wp\/v2\/posts"}],"about":[{"href":"https:\/\/blog.zeit.de\/rezeptor\/wp-json\/wp\/v2\/types\/post"}],"author":[{"embeddable":true,"href":"https:\/\/blog.zeit.de\/rezeptor\/wp-json\/wp\/v2\/users\/95"}],"replies":[{"embeddable":true,"href":"https:\/\/blog.zeit.de\/rezeptor\/wp-json\/wp\/v2\/comments?post=1922"}],"version-history":[{"count":4,"href":"https:\/\/blog.zeit.de\/rezeptor\/wp-json\/wp\/v2\/posts\/1922\/revisions"}],"predecessor-version":[{"id":1929,"href":"https:\/\/blog.zeit.de\/rezeptor\/wp-json\/wp\/v2\/posts\/1922\/revisions\/1929"}],"wp:attachment":[{"href":"https:\/\/blog.zeit.de\/rezeptor\/wp-json\/wp\/v2\/media?parent=1922"}],"wp:term":[{"taxonomy":"category","embeddable":true,"href":"https:\/\/blog.zeit.de\/rezeptor\/wp-json\/wp\/v2\/categories?post=1922"},{"taxonomy":"post_tag","embeddable":true,"href":"https:\/\/blog.zeit.de\/rezeptor\/wp-json\/wp\/v2\/tags?post=1922"}],"curies":[{"name":"wp","href":"https:\/\/api.w.org\/{rel}","templated":true}]}}