{"id":1936,"date":"2011-01-05T15:33:47","date_gmt":"2011-01-05T14:33:47","guid":{"rendered":"http:\/\/blog.zeit.de\/rezeptor\/?p=1936"},"modified":"2011-01-05T15:33:47","modified_gmt":"2011-01-05T14:33:47","slug":"kalbsgeschnetzeltes","status":"publish","type":"post","link":"https:\/\/blog.zeit.de\/rezeptor\/2011\/01\/05\/kalbsgeschnetzeltes_1936","title":{"rendered":"Kalbsgeschnetzeltes"},"content":{"rendered":"<p><a href=\"https:\/\/blog.zeit.de\/rezeptor\/files\/2011\/01\/010111.jpg\"><img loading=\"lazy\" decoding=\"async\" class=\"alignnone size-full wp-image-1937\" title=\"010111\" src=\"https:\/\/blog.zeit.de\/rezeptor\/files\/2011\/01\/010111.jpg\" alt=\"\" width=\"464\" height=\"237\" srcset=\"https:\/\/blog.zeit.de\/rezeptor\/files\/2011\/01\/010111.jpg 464w, https:\/\/blog.zeit.de\/rezeptor\/files\/2011\/01\/010111-300x153.jpg 300w\" sizes=\"auto, (max-width: 464px) 100vw, 464px\" \/><\/a><\/p>\n<p>Mal wieder was einfaches und leckeres aus der Kategorie &#8222;Was koche ich heute?&#8220;<\/p>\n<p><!--more-->F\u00fcr zwei Personen:<br \/>\n250 g Kalbsschnitzel<br \/>\n200 g braune Champignons<br \/>\n2 Schalotten<br \/>\n100 ml Sahne<br \/>\n35 g Butter<br \/>\n1\/2 Glas Wei\u00dfwein<br \/>\n1\/2 Glas Br\u00fche<br \/>\n1 EL neutrales \u00d6l<br \/>\ndazu gibt&#8217;s R\u00f6sti, Sp\u00e4tzle oder Bandnudeln<\/p>\n<p><a href=\"https:\/\/blog.zeit.de\/rezeptor\/files\/2011\/01\/010111.gif\"><img loading=\"lazy\" decoding=\"async\" class=\"alignleft size-full wp-image-1938\" title=\"010111\" src=\"https:\/\/blog.zeit.de\/rezeptor\/files\/2011\/01\/010111.gif\" alt=\"\" width=\"158\" height=\"113\" \/><\/a>Die Kalbsschnitzel bitte beim Metzger in gro\u00dfer und d\u00fcnner Form (vergleichbar mit Rindsrouladen) kaufen und zu Hause erst zu Geschnetzeltem schneiden. Hierbei ist zu beachten, dass die Streifen immer quer zur Muskelfaser geschnitten sind, andernfalls tritt beim Anbraten zu viel Fleischsaft aus und das Fleisch bei\u00dft sich sp\u00e4ter auch besser.<\/p>\n<p>Die beiden Schalotten sch\u00e4len und feinst w\u00fcrfeln, bei den 200 g Champignons den untersten Teil des Strunks weg- und den Rest in grobe Scheiben schneiden. Zuchtpilze muss man eigentlich nicht mehr mit Wasser waschen, sie kommen ja schon relativ sauber in den Handel. Nasse Pilze w\u00fcrden beim Anbraten ebenfalls zu viel Fl\u00fcssigkeit abgeben und zudem eher schwammig als fest schmecken.<\/p>\n<p>Ein EL neutrales Pflanzen\u00f6l in einer gro\u00dfen Pfanne auf h\u00f6chste Temperatur bringen und das Geschnetzelte darin ganz kurz und nebeneinander anbraten. Das Fleisch sollte sich nirgendwo \u00fcberlappen, sonst droht wieder Fleischsaftaustritt. Nach vielleicht einer Minute und der ersten kleinen Br\u00e4unung bitte alles wenden und von der anderen Seite ebenfalls noch mal kurz br\u00e4unen.<br \/>\nDas Fleisch dann rausnehmen und zwischen zwei angew\u00e4rmten Tellern parken.<\/p>\n<p>Anschlie\u00dfend 20 g Butter in die Pfanne geben, kurz schmelzen lassen und darin dann die Champignons anbraten. Genau wie beim Fleisch sollte es\u00a0 zu keinen \u00dcberlappungen kommen, jede einzelne Pilzscheibe muss Pfannenbodenkontakt haben. Wer zu viele Champignons beziehungsweise eine zu kleine Pfanne hat, muss eben auf zwei Mal braten.<br \/>\nDie Pilze d\u00fcrfen auf beiden Seiten eine sch\u00f6ne Farbe bekommen, danach wandern sie aus der Pfanne neben das Fleisch zwischen die beiden Teller.<\/p>\n<p>Jetzt noch die restlichen 15 g Butter in die mittelhei\u00dfe Pfanne geben und die Schalottenw\u00fcrfel darin glasig anschwitzen, das dauert vielleicht zwei Minuten. Dann alles mit einem halben Glas Weisswein und einem halben Glas Kalbsfond (oder einem guten Instant-Produkt) abl\u00f6schen. Einmal kurz aufkochen lassen, 100 ml Schlagsahne und die Champignons dazugeben und mit Salz und Pfeffer abschmecken.<\/p>\n<p>Dann die Hitze runter schalten und das Geschnetzelte in der Sauce unterhalb des Kochpunkts noch mal kurz erhitzen und ein letztes mal auf Salz abschmecken.<\/p>\n<p>An <a href=\"https:\/\/blog.zeit.de\/rezeptor\/2009\/11\/19\/gorgonzola-schweinefilet-und-rosti_1401\" target=\"_blank\">R\u00f6sti<\/a>, <a href=\"https:\/\/blog.zeit.de\/rezeptor\/2009\/07\/30\/steinpilzspatzle_1232\" target=\"_blank\">Sp\u00e4tzle<\/a> oder <a href=\"https:\/\/blog.zeit.de\/rezeptor\/2009\/06\/22\/bandnudeln-an-lachs-gemuse_1188\" target=\"_blank\">Bandnudeln<\/a> servieren. Mit Petersiliebl\u00e4ttern garnieren.<\/p>\n<p>Alle unsere anderen Rezepte von A-Z gibt\u2019s <a href=\"https:\/\/blog.zeit.de\/rezeptor\/rezeptuebersicht\" target=\"_blank\">hier<\/a>.<\/p>\n","protected":false},"excerpt":{"rendered":"<p>Mal wieder was einfaches und leckeres aus der Kategorie &#8222;Was koche ich heute?&#8220;<\/p>\n","protected":false},"author":95,"featured_media":0,"comment_status":"open","ping_status":"closed","sticky":false,"template":"","format":"standard","meta":{"_jetpack_memberships_contains_paid_content":false,"footnotes":""},"categories":[838],"tags":[777,740,790],"class_list":["post-1936","post","type-post","status-publish","format-standard","hentry","category-was-koche-ich-heute","tag-eher-teuer","tag-fleisch","tag-klassiker"],"yoast_head":"<!-- This site is optimized with the Yoast SEO plugin v21.0 - https:\/\/yoast.com\/wordpress\/plugins\/seo\/ -->\n<title>Kalbsgeschnetzeltes - Rezeptor<\/title>\n<meta name=\"robots\" content=\"index, follow, max-snippet:-1, max-image-preview:large, max-video-preview:-1\" \/>\n<link rel=\"canonical\" href=\"https:\/\/blog.zeit.de\/rezeptor\/2011\/01\/05\/kalbsgeschnetzeltes_1936\" \/>\n<meta property=\"og:locale\" content=\"de_DE\" \/>\n<meta property=\"og:type\" content=\"article\" \/>\n<meta property=\"og:title\" content=\"Kalbsgeschnetzeltes - Rezeptor\" \/>\n<meta property=\"og:description\" content=\"Mal wieder was einfaches und leckeres aus der Kategorie &#8222;Was koche ich heute?&#8220;\" \/>\n<meta property=\"og:url\" content=\"https:\/\/blog.zeit.de\/rezeptor\/2011\/01\/05\/kalbsgeschnetzeltes_1936\" \/>\n<meta property=\"og:site_name\" content=\"Rezeptor\" \/>\n<meta property=\"article:published_time\" content=\"2011-01-05T14:33:47+00:00\" \/>\n<meta property=\"og:image\" content=\"https:\/\/blog.zeit.de\/rezeptor\/files\/2011\/01\/010111.jpg\" \/>\n<meta name=\"author\" content=\"Thorsten Lange\" \/>\n<meta name=\"twitter:card\" content=\"summary_large_image\" \/>\n<meta name=\"twitter:label1\" content=\"Geschrieben von\" \/>\n\t<meta name=\"twitter:data1\" content=\"Thorsten Lange\" \/>\n\t<meta name=\"twitter:label2\" content=\"Gesch\u00e4tzte Lesezeit\" \/>\n\t<meta name=\"twitter:data2\" content=\"2\u00a0Minuten\" \/>\n<script type=\"application\/ld+json\" class=\"yoast-schema-graph\">{\"@context\":\"https:\/\/schema.org\",\"@graph\":[{\"@type\":\"WebPage\",\"@id\":\"https:\/\/blog.zeit.de\/rezeptor\/2011\/01\/05\/kalbsgeschnetzeltes_1936\",\"url\":\"https:\/\/blog.zeit.de\/rezeptor\/2011\/01\/05\/kalbsgeschnetzeltes_1936\",\"name\":\"Kalbsgeschnetzeltes - Rezeptor\",\"isPartOf\":{\"@id\":\"https:\/\/blog.zeit.de\/rezeptor\/#website\"},\"datePublished\":\"2011-01-05T14:33:47+00:00\",\"dateModified\":\"2011-01-05T14:33:47+00:00\",\"author\":{\"@id\":\"https:\/\/blog.zeit.de\/rezeptor\/#\/schema\/person\/c4f0408ea5996c729d4493413dabb0ba\"},\"breadcrumb\":{\"@id\":\"https:\/\/blog.zeit.de\/rezeptor\/2011\/01\/05\/kalbsgeschnetzeltes_1936#breadcrumb\"},\"inLanguage\":\"de\",\"potentialAction\":[{\"@type\":\"ReadAction\",\"target\":[\"https:\/\/blog.zeit.de\/rezeptor\/2011\/01\/05\/kalbsgeschnetzeltes_1936\"]}]},{\"@type\":\"BreadcrumbList\",\"@id\":\"https:\/\/blog.zeit.de\/rezeptor\/2011\/01\/05\/kalbsgeschnetzeltes_1936#breadcrumb\",\"itemListElement\":[{\"@type\":\"ListItem\",\"position\":1,\"name\":\"Startseite\",\"item\":\"https:\/\/blog.zeit.de\/rezeptor\"},{\"@type\":\"ListItem\",\"position\":2,\"name\":\"Kalbsgeschnetzeltes\"}]},{\"@type\":\"WebSite\",\"@id\":\"https:\/\/blog.zeit.de\/rezeptor\/#website\",\"url\":\"https:\/\/blog.zeit.de\/rezeptor\/\",\"name\":\"Rezeptor\",\"description\":\"Das Blog f\u00fcr alltagstaugliches Kochen\",\"potentialAction\":[{\"@type\":\"SearchAction\",\"target\":{\"@type\":\"EntryPoint\",\"urlTemplate\":\"https:\/\/blog.zeit.de\/rezeptor\/?s={search_term_string}\"},\"query-input\":\"required name=search_term_string\"}],\"inLanguage\":\"de\"},{\"@type\":\"Person\",\"@id\":\"https:\/\/blog.zeit.de\/rezeptor\/#\/schema\/person\/c4f0408ea5996c729d4493413dabb0ba\",\"name\":\"Thorsten Lange\",\"image\":{\"@type\":\"ImageObject\",\"inLanguage\":\"de\",\"@id\":\"https:\/\/blog.zeit.de\/rezeptor\/#\/schema\/person\/image\/\",\"url\":\"https:\/\/secure.gravatar.com\/avatar\/85379d51ec9d21c64deb1b65a642bd35dcec9ebc7a65ccb1d3d06a64f507fad2?s=96&d=mm&r=g\",\"contentUrl\":\"https:\/\/secure.gravatar.com\/avatar\/85379d51ec9d21c64deb1b65a642bd35dcec9ebc7a65ccb1d3d06a64f507fad2?s=96&d=mm&r=g\",\"caption\":\"Thorsten Lange\"},\"url\":\"https:\/\/blog.zeit.de\/rezeptor\/author\/thorsten-lange\"}]}<\/script>\n<!-- \/ Yoast SEO plugin. -->","yoast_head_json":{"title":"Kalbsgeschnetzeltes - Rezeptor","robots":{"index":"index","follow":"follow","max-snippet":"max-snippet:-1","max-image-preview":"max-image-preview:large","max-video-preview":"max-video-preview:-1"},"canonical":"https:\/\/blog.zeit.de\/rezeptor\/2011\/01\/05\/kalbsgeschnetzeltes_1936","og_locale":"de_DE","og_type":"article","og_title":"Kalbsgeschnetzeltes - Rezeptor","og_description":"Mal wieder was einfaches und leckeres aus der Kategorie &#8222;Was koche ich heute?&#8220;","og_url":"https:\/\/blog.zeit.de\/rezeptor\/2011\/01\/05\/kalbsgeschnetzeltes_1936","og_site_name":"Rezeptor","article_published_time":"2011-01-05T14:33:47+00:00","og_image":[{"url":"https:\/\/blog.zeit.de\/rezeptor\/files\/2011\/01\/010111.jpg"}],"author":"Thorsten Lange","twitter_card":"summary_large_image","twitter_misc":{"Geschrieben von":"Thorsten Lange","Gesch\u00e4tzte Lesezeit":"2\u00a0Minuten"},"schema":{"@context":"https:\/\/schema.org","@graph":[{"@type":"WebPage","@id":"https:\/\/blog.zeit.de\/rezeptor\/2011\/01\/05\/kalbsgeschnetzeltes_1936","url":"https:\/\/blog.zeit.de\/rezeptor\/2011\/01\/05\/kalbsgeschnetzeltes_1936","name":"Kalbsgeschnetzeltes - Rezeptor","isPartOf":{"@id":"https:\/\/blog.zeit.de\/rezeptor\/#website"},"datePublished":"2011-01-05T14:33:47+00:00","dateModified":"2011-01-05T14:33:47+00:00","author":{"@id":"https:\/\/blog.zeit.de\/rezeptor\/#\/schema\/person\/c4f0408ea5996c729d4493413dabb0ba"},"breadcrumb":{"@id":"https:\/\/blog.zeit.de\/rezeptor\/2011\/01\/05\/kalbsgeschnetzeltes_1936#breadcrumb"},"inLanguage":"de","potentialAction":[{"@type":"ReadAction","target":["https:\/\/blog.zeit.de\/rezeptor\/2011\/01\/05\/kalbsgeschnetzeltes_1936"]}]},{"@type":"BreadcrumbList","@id":"https:\/\/blog.zeit.de\/rezeptor\/2011\/01\/05\/kalbsgeschnetzeltes_1936#breadcrumb","itemListElement":[{"@type":"ListItem","position":1,"name":"Startseite","item":"https:\/\/blog.zeit.de\/rezeptor"},{"@type":"ListItem","position":2,"name":"Kalbsgeschnetzeltes"}]},{"@type":"WebSite","@id":"https:\/\/blog.zeit.de\/rezeptor\/#website","url":"https:\/\/blog.zeit.de\/rezeptor\/","name":"Rezeptor","description":"Das Blog f\u00fcr alltagstaugliches Kochen","potentialAction":[{"@type":"SearchAction","target":{"@type":"EntryPoint","urlTemplate":"https:\/\/blog.zeit.de\/rezeptor\/?s={search_term_string}"},"query-input":"required name=search_term_string"}],"inLanguage":"de"},{"@type":"Person","@id":"https:\/\/blog.zeit.de\/rezeptor\/#\/schema\/person\/c4f0408ea5996c729d4493413dabb0ba","name":"Thorsten Lange","image":{"@type":"ImageObject","inLanguage":"de","@id":"https:\/\/blog.zeit.de\/rezeptor\/#\/schema\/person\/image\/","url":"https:\/\/secure.gravatar.com\/avatar\/85379d51ec9d21c64deb1b65a642bd35dcec9ebc7a65ccb1d3d06a64f507fad2?s=96&d=mm&r=g","contentUrl":"https:\/\/secure.gravatar.com\/avatar\/85379d51ec9d21c64deb1b65a642bd35dcec9ebc7a65ccb1d3d06a64f507fad2?s=96&d=mm&r=g","caption":"Thorsten Lange"},"url":"https:\/\/blog.zeit.de\/rezeptor\/author\/thorsten-lange"}]}},"jetpack_featured_media_url":"","jetpack_sharing_enabled":true,"_links":{"self":[{"href":"https:\/\/blog.zeit.de\/rezeptor\/wp-json\/wp\/v2\/posts\/1936","targetHints":{"allow":["GET"]}}],"collection":[{"href":"https:\/\/blog.zeit.de\/rezeptor\/wp-json\/wp\/v2\/posts"}],"about":[{"href":"https:\/\/blog.zeit.de\/rezeptor\/wp-json\/wp\/v2\/types\/post"}],"author":[{"embeddable":true,"href":"https:\/\/blog.zeit.de\/rezeptor\/wp-json\/wp\/v2\/users\/95"}],"replies":[{"embeddable":true,"href":"https:\/\/blog.zeit.de\/rezeptor\/wp-json\/wp\/v2\/comments?post=1936"}],"version-history":[{"count":2,"href":"https:\/\/blog.zeit.de\/rezeptor\/wp-json\/wp\/v2\/posts\/1936\/revisions"}],"predecessor-version":[{"id":1940,"href":"https:\/\/blog.zeit.de\/rezeptor\/wp-json\/wp\/v2\/posts\/1936\/revisions\/1940"}],"wp:attachment":[{"href":"https:\/\/blog.zeit.de\/rezeptor\/wp-json\/wp\/v2\/media?parent=1936"}],"wp:term":[{"taxonomy":"category","embeddable":true,"href":"https:\/\/blog.zeit.de\/rezeptor\/wp-json\/wp\/v2\/categories?post=1936"},{"taxonomy":"post_tag","embeddable":true,"href":"https:\/\/blog.zeit.de\/rezeptor\/wp-json\/wp\/v2\/tags?post=1936"}],"curies":[{"name":"wp","href":"https:\/\/api.w.org\/{rel}","templated":true}]}}