{"id":2250,"date":"2011-12-15T11:53:02","date_gmt":"2011-12-15T10:53:02","guid":{"rendered":"http:\/\/blog.zeit.de\/rezeptor\/?p=2250"},"modified":"2011-12-15T11:53:02","modified_gmt":"2011-12-15T10:53:02","slug":"entenbrust-auf-sesamcreme-mit-rosenkohl-und-spitzkohlsalat","status":"publish","type":"post","link":"https:\/\/blog.zeit.de\/rezeptor\/2011\/12\/15\/entenbrust-auf-sesamcreme-mit-rosenkohl-und-spitzkohlsalat_2250","title":{"rendered":"Entenbrust auf Sesamcreme mit Rosenkohl und Spitzkohlsalat"},"content":{"rendered":"<p><a href=\"https:\/\/blog.zeit.de\/rezeptor\/files\/2011\/12\/021211.jpg\"><img loading=\"lazy\" decoding=\"async\" class=\"alignnone size-full wp-image-2251\" src=\"https:\/\/blog.zeit.de\/rezeptor\/files\/2011\/12\/021211.jpg\" alt=\"\" width=\"540\" height=\"304\" srcset=\"https:\/\/blog.zeit.de\/rezeptor\/files\/2011\/12\/021211.jpg 540w, https:\/\/blog.zeit.de\/rezeptor\/files\/2011\/12\/021211-300x168.jpg 300w\" sizes=\"auto, (max-width: 540px) 100vw, 540px\" \/><\/a><\/p>\n<p>Dieses Jahr flattert uns ein edles Federvieh-Filet als Hauptgang auf die Weihnachtstafel.<\/p>\n<p><!--more-->F\u00fcr zwei Personen:<br \/>\n2 kleine Entenbr\u00fcste<br \/>\n1 kleiner Spitzkohlkopf<br \/>\n250 g Rosenkohl<br \/>\n2 Fr\u00fchlingszwiebeln<br \/>\n1 Limone<br \/>\n2 d\u00fcnne Scheiben luftgetrockneten Speck<br \/>\n50 g fein gemahlene Mandeln<br \/>\n50 ml Milch<br \/>\n50 ml Schlagsahne<br \/>\n3 EL Sesampaste<br \/>\n1 EL Sesam\u00f6l<br \/>\n1 Prise Gefl\u00fcgelbr\u00fche (Instant)*<br \/>\nKoriandergr\u00fcn<br \/>\n1 Blatt Nori-Algen<br \/>\n2 Limonenbl\u00e4tter<br \/>\nReisessig<br \/>\nneutrales \u00d6l<br \/>\nSenf<br \/>\nZucker, Salz, Pfeffer, Chili<\/p>\n<p><a href=\"https:\/\/blog.zeit.de\/rezeptor\/files\/2011\/12\/021211.gif\"><img loading=\"lazy\" decoding=\"async\" class=\"alignleft size-full wp-image-2252\" src=\"https:\/\/blog.zeit.de\/rezeptor\/files\/2011\/12\/021211.gif\" alt=\"\" width=\"158\" height=\"113\" \/><\/a>Die beiden Entenbr\u00fcste aus dem K\u00fchlschrank holen und zimmertemperieren. Im Backofen die Servierteller plus noch zwei zus\u00e4tzliche tiefe Teller bei 80 Grad Oberunterhitze vorheizen.<br \/>\nZwei d\u00fcnne Scheiben luftgetrockneten Speck einfach so auf ein Backblech legen und in der Ofenhitze trocknen und kross werden lassen.<\/p>\n<p>F\u00fcr die Sesamcreme 50 ml Milch und 50 g fein gemahlene Mandeln in einem kleinen Topf erhitzen, einmal kurz aufkochen lassen und alles mit einem Hauch Chili und einer Messerspitze Instant-H\u00fchnerbr\u00fche* w\u00fcrzen.<br \/>\nDiese Masse in einer Sch\u00fcssel parken und im selben Topf dann drei EL Sesampaste und einen EL Sesam\u00f6l auf mittlerer Hitze leicht anr\u00f6sten. Sobald es lecker nach Sesam zu riechen beginnt, die Mandelpaste wieder zur\u00fcck in den Topf sch\u00fctten, alles gut umr\u00fchren und abseits des Feuers abk\u00fchlen lassen. Auf Salz abschmecken; dann 50 ml Schlagsahne mit dem Elektroquirl steif schlagen und ebenfalls beiseite stellen.<\/p>\n<p>F\u00fcr den Spitzkohlsalat den Spitzkohlkopf l\u00e4ngs halbieren, den Strunk entfernen und den Rest in hauchd\u00fcnne Streifen schneiden. Hier bitte gewissenhaft und konzentriert arbeiten, je feiner desto besser.<br \/>\nZwei Fr\u00fchlingszwiebeln s\u00e4ubern, unten und oben zwei Zentimeter abschneiden und den Rest ebenfalls hauchd\u00fcnn schneiden.<br \/>\nDie Salatsauce besteht aus einem TL Senf, drei EL Reisessig, drei EL \u00d6l, einem halben EL Zucker und Salz und Pfeffer. In einem Sch\u00e4lchen alles zu einer homogenen Emulsion r\u00fchren. Dann noch einen EL Limettensaft und zwei hauchd\u00fcnn geschnittene Limonenblattstreifen dazu.<br \/>\nEin Nori-Algenblatt in d\u00fcnne und drei Zentimeter lange Streifen schneiden und im Ofen warm werden lassen.<\/p>\n<p>250 g Rosenkohl putzen, also unten bei jedem R\u00f6schen den Strunk noch mal sauber abschneiden und eventuelle unsch\u00f6ne oder schmutzige Bl\u00e4tter entfernen. In einem gro\u00dfen Topf zwei Finger breit Salzwasser zum kochen bringen. Dann in einem D\u00e4mpfeinsatz den Rosenkohl mutig salzen und schonend gar d\u00e4mpfen.<\/p>\n<p>Bis das Rosenkohlwasser kocht, kann man sich schon mal die Entenbrusthaut vornehmen: Mit dem sch\u00e4rfsten Messer des Haushalts die Haut zentimeterweise einschneiden, und zwar genau bis zum Fleisch, beziehungsweise bis zur Silberhaut, die Fleisch und Fett trennt. Keine Angst, nach kurzer Zeit und den ersten Schnitten hat man den Dreh raus. Und weil wir die Entenbrust sp\u00e4ter schr\u00e4g aufschneiden wollen, werden die Linien nicht parallel zur Fleischfaser, sondern im 30 Grad Winkel angelegt.<br \/>\nEine Pfanne und einen TL \u00d6l auf kleine Hitze bringen und die Entenbr\u00fcste auf der Hautseite reinlegen. Das ganze Hautfett br\u00e4t jetzt langsam raus und die Haut wird hellbraun und knusprig. Das dauert zirka zehn Minuten, je nach Pfannenhitze und Fettigkeit der Haut.<\/p>\n<p>Sobald die Entenbrusthaut die gew\u00fcnschte Br\u00e4une hat, wird das St\u00fcck Fleisch umgedreht und auf den Fleischseite zirka drei bis f\u00fcnf Minuten \u2013 je nach Brustgr\u00f6\u00dfe und eigenem Gusto \u2013 fertiggebraten. Davor bitte das fingerhohe Bratfett bis auf einen d\u00fcnnen Film wegleeren, die niedrige Temperatur aber beibehalten.<br \/>\nMan kann hier nat\u00fcrlich zum Bratenthermometer greifen, um sicher zu gehen, wann die Entenbrust innen sch\u00f6n rosa ist. Oder man vertraut einfach seiner kulinarischen Intelligenz \ud83d\ude09<\/p>\n<p>Das Fleisch dann aus der Pfanne nehmen und an einem warmen Ort, zum Beispiel zwischen den zwei auf 80 Grad vorgew\u00e4rmten Tellern ungef\u00e4hr drei Minuten ruhen lassen, damit sich die in der Mitte konzentrierten Fleischs\u00e4fte wieder in der ganzen Brust verteilen k\u00f6nnen.<\/p>\n<p>In der Zwischenzeit wird der Rest fertig gestellt: Die steife Schlagsahne unter die Sesam-Mandel-Creme heben und noch mal auf Salz abschmecken. Die Salatsauce zum Spitzkohl geben und alles gut vermengen. Den Rosenkohl ebenfalls noch mal auf Salz abschmecken.<\/p>\n<p>Die warmen Teller aus dem Ofen nehmen und darauf einen sehr vollen Essl\u00f6ffel Mandelcreme klacksen, und mit dem L\u00f6ffelr\u00fccken diesen Klacks zu einem Schweif ziehen. Ein H\u00e4ufchen Spitzkohlsalat daneben setzen und mit einigen Korianderbl\u00e4ttern und Nori-Algenstreifen toppen.<br \/>\nJe eine krosse Schinkenscheibe auf jeden Teller und darauf dann zwei, drei Rosenkohlr\u00f6schen setzen.<br \/>\nFinalement die entspannte Entenbrust in d\u00fcnne Scheiben aufschneiden, ausgetretenen Fleischsaft in die Mitte der Mandelcreme tr\u00e4ufeln und darauf dann das Fleisch f\u00e4chern.<\/p>\n<p>Sofort servieren und einen guten, aber nicht zu schweren Rotwein (notfalls auch Champagner) dazu trinken.<\/p>\n<p>Alle unsere Rezepte von A-Z gibt\u2019s <a href=\"https:\/\/blog.zeit.de\/rezeptor\/rezeptuebersicht\" target=\"_blank\">hier<\/a>.<\/p>\n<p>*Militante Anh\u00e4nger der nationalen Anti-Instant Front NAIF verzichten einfach auf diese Zutat<\/p>\n","protected":false},"excerpt":{"rendered":"<p>Dieses Jahr flattert uns ein edles Federvieh-Filet als Hauptgang auf die Weihnachtstafel.<\/p>\n","protected":false},"author":95,"featured_media":0,"comment_status":"open","ping_status":"closed","sticky":false,"template":"","format":"standard","meta":{"_jetpack_memberships_contains_paid_content":false,"footnotes":""},"categories":[832],"tags":[770,780,791],"class_list":["post-2250","post","type-post","status-publish","format-standard","hentry","category-richie-rich","tag-aufwandig","tag-feiertagsmenus","tag-kraut"],"yoast_head":"<!-- This site is optimized with the Yoast SEO plugin v21.0 - https:\/\/yoast.com\/wordpress\/plugins\/seo\/ -->\n<title>Entenbrust auf Sesamcreme mit Rosenkohl und Spitzkohlsalat  - Rezeptor<\/title>\n<meta name=\"robots\" content=\"index, follow, max-snippet:-1, max-image-preview:large, max-video-preview:-1\" \/>\n<link rel=\"canonical\" href=\"https:\/\/blog.zeit.de\/rezeptor\/2011\/12\/15\/entenbrust-auf-sesamcreme-mit-rosenkohl-und-spitzkohlsalat_2250\" \/>\n<meta property=\"og:locale\" content=\"de_DE\" \/>\n<meta property=\"og:type\" content=\"article\" \/>\n<meta property=\"og:title\" content=\"Entenbrust auf Sesamcreme mit Rosenkohl und Spitzkohlsalat  - Rezeptor\" \/>\n<meta property=\"og:description\" content=\"Dieses Jahr flattert uns ein edles Federvieh-Filet als Hauptgang auf die Weihnachtstafel.\" \/>\n<meta property=\"og:url\" content=\"https:\/\/blog.zeit.de\/rezeptor\/2011\/12\/15\/entenbrust-auf-sesamcreme-mit-rosenkohl-und-spitzkohlsalat_2250\" \/>\n<meta property=\"og:site_name\" content=\"Rezeptor\" \/>\n<meta property=\"article:published_time\" content=\"2011-12-15T10:53:02+00:00\" \/>\n<meta property=\"og:image\" content=\"https:\/\/blog.zeit.de\/rezeptor\/files\/2011\/12\/021211.jpg\" \/>\n<meta name=\"author\" content=\"Thorsten Lange\" \/>\n<meta name=\"twitter:card\" content=\"summary_large_image\" \/>\n<meta name=\"twitter:label1\" content=\"Geschrieben von\" \/>\n\t<meta name=\"twitter:data1\" content=\"Thorsten Lange\" \/>\n\t<meta name=\"twitter:label2\" content=\"Gesch\u00e4tzte Lesezeit\" \/>\n\t<meta name=\"twitter:data2\" content=\"4\u00a0Minuten\" \/>\n<script type=\"application\/ld+json\" class=\"yoast-schema-graph\">{\"@context\":\"https:\/\/schema.org\",\"@graph\":[{\"@type\":\"WebPage\",\"@id\":\"https:\/\/blog.zeit.de\/rezeptor\/2011\/12\/15\/entenbrust-auf-sesamcreme-mit-rosenkohl-und-spitzkohlsalat_2250\",\"url\":\"https:\/\/blog.zeit.de\/rezeptor\/2011\/12\/15\/entenbrust-auf-sesamcreme-mit-rosenkohl-und-spitzkohlsalat_2250\",\"name\":\"Entenbrust auf Sesamcreme mit Rosenkohl und Spitzkohlsalat - Rezeptor\",\"isPartOf\":{\"@id\":\"https:\/\/blog.zeit.de\/rezeptor\/#website\"},\"datePublished\":\"2011-12-15T10:53:02+00:00\",\"dateModified\":\"2011-12-15T10:53:02+00:00\",\"author\":{\"@id\":\"https:\/\/blog.zeit.de\/rezeptor\/#\/schema\/person\/c4f0408ea5996c729d4493413dabb0ba\"},\"breadcrumb\":{\"@id\":\"https:\/\/blog.zeit.de\/rezeptor\/2011\/12\/15\/entenbrust-auf-sesamcreme-mit-rosenkohl-und-spitzkohlsalat_2250#breadcrumb\"},\"inLanguage\":\"de\",\"potentialAction\":[{\"@type\":\"ReadAction\",\"target\":[\"https:\/\/blog.zeit.de\/rezeptor\/2011\/12\/15\/entenbrust-auf-sesamcreme-mit-rosenkohl-und-spitzkohlsalat_2250\"]}]},{\"@type\":\"BreadcrumbList\",\"@id\":\"https:\/\/blog.zeit.de\/rezeptor\/2011\/12\/15\/entenbrust-auf-sesamcreme-mit-rosenkohl-und-spitzkohlsalat_2250#breadcrumb\",\"itemListElement\":[{\"@type\":\"ListItem\",\"position\":1,\"name\":\"Startseite\",\"item\":\"https:\/\/blog.zeit.de\/rezeptor\"},{\"@type\":\"ListItem\",\"position\":2,\"name\":\"Entenbrust auf Sesamcreme mit Rosenkohl und Spitzkohlsalat\"}]},{\"@type\":\"WebSite\",\"@id\":\"https:\/\/blog.zeit.de\/rezeptor\/#website\",\"url\":\"https:\/\/blog.zeit.de\/rezeptor\/\",\"name\":\"Rezeptor\",\"description\":\"Das Blog f\u00fcr alltagstaugliches Kochen\",\"potentialAction\":[{\"@type\":\"SearchAction\",\"target\":{\"@type\":\"EntryPoint\",\"urlTemplate\":\"https:\/\/blog.zeit.de\/rezeptor\/?s={search_term_string}\"},\"query-input\":\"required name=search_term_string\"}],\"inLanguage\":\"de\"},{\"@type\":\"Person\",\"@id\":\"https:\/\/blog.zeit.de\/rezeptor\/#\/schema\/person\/c4f0408ea5996c729d4493413dabb0ba\",\"name\":\"Thorsten Lange\",\"image\":{\"@type\":\"ImageObject\",\"inLanguage\":\"de\",\"@id\":\"https:\/\/blog.zeit.de\/rezeptor\/#\/schema\/person\/image\/\",\"url\":\"https:\/\/secure.gravatar.com\/avatar\/85379d51ec9d21c64deb1b65a642bd35dcec9ebc7a65ccb1d3d06a64f507fad2?s=96&d=mm&r=g\",\"contentUrl\":\"https:\/\/secure.gravatar.com\/avatar\/85379d51ec9d21c64deb1b65a642bd35dcec9ebc7a65ccb1d3d06a64f507fad2?s=96&d=mm&r=g\",\"caption\":\"Thorsten Lange\"},\"url\":\"https:\/\/blog.zeit.de\/rezeptor\/author\/thorsten-lange\"}]}<\/script>\n<!-- \/ Yoast SEO plugin. -->","yoast_head_json":{"title":"Entenbrust auf Sesamcreme mit Rosenkohl und Spitzkohlsalat  - Rezeptor","robots":{"index":"index","follow":"follow","max-snippet":"max-snippet:-1","max-image-preview":"max-image-preview:large","max-video-preview":"max-video-preview:-1"},"canonical":"https:\/\/blog.zeit.de\/rezeptor\/2011\/12\/15\/entenbrust-auf-sesamcreme-mit-rosenkohl-und-spitzkohlsalat_2250","og_locale":"de_DE","og_type":"article","og_title":"Entenbrust auf Sesamcreme mit Rosenkohl und Spitzkohlsalat  - Rezeptor","og_description":"Dieses Jahr flattert uns ein edles Federvieh-Filet als Hauptgang auf die Weihnachtstafel.","og_url":"https:\/\/blog.zeit.de\/rezeptor\/2011\/12\/15\/entenbrust-auf-sesamcreme-mit-rosenkohl-und-spitzkohlsalat_2250","og_site_name":"Rezeptor","article_published_time":"2011-12-15T10:53:02+00:00","og_image":[{"url":"https:\/\/blog.zeit.de\/rezeptor\/files\/2011\/12\/021211.jpg"}],"author":"Thorsten Lange","twitter_card":"summary_large_image","twitter_misc":{"Geschrieben von":"Thorsten Lange","Gesch\u00e4tzte Lesezeit":"4\u00a0Minuten"},"schema":{"@context":"https:\/\/schema.org","@graph":[{"@type":"WebPage","@id":"https:\/\/blog.zeit.de\/rezeptor\/2011\/12\/15\/entenbrust-auf-sesamcreme-mit-rosenkohl-und-spitzkohlsalat_2250","url":"https:\/\/blog.zeit.de\/rezeptor\/2011\/12\/15\/entenbrust-auf-sesamcreme-mit-rosenkohl-und-spitzkohlsalat_2250","name":"Entenbrust auf Sesamcreme mit Rosenkohl und Spitzkohlsalat - Rezeptor","isPartOf":{"@id":"https:\/\/blog.zeit.de\/rezeptor\/#website"},"datePublished":"2011-12-15T10:53:02+00:00","dateModified":"2011-12-15T10:53:02+00:00","author":{"@id":"https:\/\/blog.zeit.de\/rezeptor\/#\/schema\/person\/c4f0408ea5996c729d4493413dabb0ba"},"breadcrumb":{"@id":"https:\/\/blog.zeit.de\/rezeptor\/2011\/12\/15\/entenbrust-auf-sesamcreme-mit-rosenkohl-und-spitzkohlsalat_2250#breadcrumb"},"inLanguage":"de","potentialAction":[{"@type":"ReadAction","target":["https:\/\/blog.zeit.de\/rezeptor\/2011\/12\/15\/entenbrust-auf-sesamcreme-mit-rosenkohl-und-spitzkohlsalat_2250"]}]},{"@type":"BreadcrumbList","@id":"https:\/\/blog.zeit.de\/rezeptor\/2011\/12\/15\/entenbrust-auf-sesamcreme-mit-rosenkohl-und-spitzkohlsalat_2250#breadcrumb","itemListElement":[{"@type":"ListItem","position":1,"name":"Startseite","item":"https:\/\/blog.zeit.de\/rezeptor"},{"@type":"ListItem","position":2,"name":"Entenbrust auf Sesamcreme mit Rosenkohl und Spitzkohlsalat"}]},{"@type":"WebSite","@id":"https:\/\/blog.zeit.de\/rezeptor\/#website","url":"https:\/\/blog.zeit.de\/rezeptor\/","name":"Rezeptor","description":"Das Blog f\u00fcr alltagstaugliches Kochen","potentialAction":[{"@type":"SearchAction","target":{"@type":"EntryPoint","urlTemplate":"https:\/\/blog.zeit.de\/rezeptor\/?s={search_term_string}"},"query-input":"required name=search_term_string"}],"inLanguage":"de"},{"@type":"Person","@id":"https:\/\/blog.zeit.de\/rezeptor\/#\/schema\/person\/c4f0408ea5996c729d4493413dabb0ba","name":"Thorsten Lange","image":{"@type":"ImageObject","inLanguage":"de","@id":"https:\/\/blog.zeit.de\/rezeptor\/#\/schema\/person\/image\/","url":"https:\/\/secure.gravatar.com\/avatar\/85379d51ec9d21c64deb1b65a642bd35dcec9ebc7a65ccb1d3d06a64f507fad2?s=96&d=mm&r=g","contentUrl":"https:\/\/secure.gravatar.com\/avatar\/85379d51ec9d21c64deb1b65a642bd35dcec9ebc7a65ccb1d3d06a64f507fad2?s=96&d=mm&r=g","caption":"Thorsten Lange"},"url":"https:\/\/blog.zeit.de\/rezeptor\/author\/thorsten-lange"}]}},"jetpack_featured_media_url":"","jetpack_sharing_enabled":true,"_links":{"self":[{"href":"https:\/\/blog.zeit.de\/rezeptor\/wp-json\/wp\/v2\/posts\/2250","targetHints":{"allow":["GET"]}}],"collection":[{"href":"https:\/\/blog.zeit.de\/rezeptor\/wp-json\/wp\/v2\/posts"}],"about":[{"href":"https:\/\/blog.zeit.de\/rezeptor\/wp-json\/wp\/v2\/types\/post"}],"author":[{"embeddable":true,"href":"https:\/\/blog.zeit.de\/rezeptor\/wp-json\/wp\/v2\/users\/95"}],"replies":[{"embeddable":true,"href":"https:\/\/blog.zeit.de\/rezeptor\/wp-json\/wp\/v2\/comments?post=2250"}],"version-history":[{"count":3,"href":"https:\/\/blog.zeit.de\/rezeptor\/wp-json\/wp\/v2\/posts\/2250\/revisions"}],"predecessor-version":[{"id":2255,"href":"https:\/\/blog.zeit.de\/rezeptor\/wp-json\/wp\/v2\/posts\/2250\/revisions\/2255"}],"wp:attachment":[{"href":"https:\/\/blog.zeit.de\/rezeptor\/wp-json\/wp\/v2\/media?parent=2250"}],"wp:term":[{"taxonomy":"category","embeddable":true,"href":"https:\/\/blog.zeit.de\/rezeptor\/wp-json\/wp\/v2\/categories?post=2250"},{"taxonomy":"post_tag","embeddable":true,"href":"https:\/\/blog.zeit.de\/rezeptor\/wp-json\/wp\/v2\/tags?post=2250"}],"curies":[{"name":"wp","href":"https:\/\/api.w.org\/{rel}","templated":true}]}}