{"id":2269,"date":"2012-01-06T11:59:21","date_gmt":"2012-01-06T10:59:21","guid":{"rendered":"http:\/\/blog.zeit.de\/rezeptor\/?p=2269"},"modified":"2012-01-06T15:06:31","modified_gmt":"2012-01-06T14:06:31","slug":"speckknodel-mit-kraut","status":"publish","type":"post","link":"https:\/\/blog.zeit.de\/rezeptor\/2012\/01\/06\/speckknodel-mit-kraut_2269","title":{"rendered":"Speckkn\u00f6del mit Kraut"},"content":{"rendered":"<p><a href=\"https:\/\/blog.zeit.de\/rezeptor\/files\/2012\/01\/010112.jpg\"><img loading=\"lazy\" decoding=\"async\" class=\"alignnone size-full wp-image-2270\" src=\"https:\/\/blog.zeit.de\/rezeptor\/files\/2012\/01\/010112.jpg\" alt=\"\" width=\"540\" height=\"304\" srcset=\"https:\/\/blog.zeit.de\/rezeptor\/files\/2012\/01\/010112.jpg 540w, https:\/\/blog.zeit.de\/rezeptor\/files\/2012\/01\/010112-300x168.jpg 300w\" sizes=\"auto, (max-width: 540px) 100vw, 540px\" \/><\/a><\/p>\n<p>Neulich auf der Skih\u00fctte: Schmeckt diese deftige tiroler Spezialit\u00e4t zu Hause eigentlich auch so lecker?<\/p>\n<p><!--more-->F\u00fcr zwei Personen:<br \/>\n1\/2 Kopf Wei\u00dfkohl<br \/>\n5 altbackene Br\u00f6tchen<br \/>\n1 gro\u00dfe Gem\u00fcsezwiebel<br \/>\n75 g durchwachsener Speck<br \/>\n75 g Butter<br \/>\n1 gro\u00dfes Ei<br \/>\n75 ml Wei\u00dfwein<br \/>\n150 ml Gefl\u00fcgelbr\u00fche<br \/>\n150 ml Milch<br \/>\n1 kleiner Bund glatte Petersilie<br \/>\n1 kleine Knoblauchzehe<br \/>\nWei\u00dfweinessig<br \/>\n\u00d6l, Schmalz<br \/>\nK\u00fcmmel<br \/>\nMajoran<br \/>\nMuskatnuss<br \/>\nZucker, Salz<\/p>\n<p><a href=\"https:\/\/blog.zeit.de\/rezeptor\/files\/2012\/01\/010112.gif\"><img loading=\"lazy\" decoding=\"async\" class=\"alignleft size-full wp-image-2271\" src=\"https:\/\/blog.zeit.de\/rezeptor\/files\/2012\/01\/010112.gif\" alt=\"\" width=\"158\" height=\"113\" \/><\/a>Zuallererst die f\u00fcnf altbackenen Br\u00f6tchen in zirka 1,5-Zentimeter gro\u00dfe W\u00fcrfel schneiden und in eine Sch\u00fcssel leeren. Die Petersilie waschen, wieder trocken sch\u00fctteln und die Bl\u00e4tter von den St\u00e4ngeln zupfen. Die gro\u00dfe Zwiebel sch\u00e4len und ein Drittel davon mittelklein w\u00fcrfeln. 75 g durchwachsenen Speck ebenfalls klein schneiden.<\/p>\n<p>Den Speck dann in einer Pfanne und einem EL neutralem \u00d6l auf mittlerer Hitze goldbraun anbraten. Die Zwiebelw\u00fcrfel dazu geben und weiterbraten, bis sie glasig sind. Zum Schluss noch kurz die H\u00e4lfte der Petersilienbl\u00e4tter mit anschwitzen und dann alles mit 150 ml Milch abl\u00f6schen. Den Pfanneninhalt kurz aufkochen lassen und mutig mit Salz, Pfeffer und Muskatnuss w\u00fcrzen. Einen TL Majoran dazu und die Fl\u00fcssigkeit dann \u00fcber die Br\u00f6tchensch\u00fcssel tr\u00e4ufeln. Jeder Br\u00f6tchenw\u00fcrfel sollte etwas davon abbekommen, dann alles gut umr\u00fchren und zugedeckt so stehen lassen.<\/p>\n<p>Den halben Krautkopf entstrunken und dann die einzelnen Bl\u00e4tter davon absch\u00e4len. Dicke Blattrippen und \u00c4hnliches entfernen und den Rest in einen Zentimeter dicke Streifen schneiden. Ein zweites Zwiebeldrittel in d\u00fcnne Streifen schneiden und die kleine Knoblauchzehe sch\u00e4len und ebenfalls klein schnippeln.<br \/>\nIn einem gro\u00dfen Topf und einem TL Schmalz die Zwiebeln auf mittlerer Hitze glasig anschwitzen. Die letzten zehn Sekunden noch den Knoblauch mit dazu geben und dann alles wieder rausfischen und in einer kleinen Sch\u00fcssel beiseite stellen.<br \/>\nIn dem mittelhei\u00dfen Topf anschlie\u00dfend noch einen TL Schmalz schmelzen und darin die Krautstreifen zirka f\u00fcnf Minuten lang leicht anbr\u00e4unen. Vorsicht, man muss immer wieder umr\u00fchren, das Kraut brennt schnell an.<br \/>\nDen Topf dann mit 150 ml Gefl\u00fcgelfond und 75 ml Wei\u00dfwein abl\u00f6schen, die geparkten Zwiebeln und den Knoblauch wieder in den Topf leeren und alles mit einem halben TL K\u00fcmmel und einem EL Zucker w\u00fcrzen. Salzen, pfeffern und auf kleinster Hitze und zugedeckt 30 Minuten sich selbst \u00fcberlassen.<\/p>\n<p>Inzwischen m\u00fcssten die Br\u00f6tchen gut durchgezogen sein. Ein gro\u00dfes Ei anfangs mit einem Kochl\u00f6ffel, sp\u00e4ter mit einer Hand gut unterkneten. Die Masse noch mal auf Salz abschmecken und dann mit nassen H\u00e4nden relativ gro\u00dfe Kn\u00f6del formen.<\/p>\n<p>Einen gro\u00dfen Topf mit Salzwasser aufsetzen und fast zum kochen bringen. Kurz vor dem Siedepunkt vorsichtig die Kn\u00f6del reingleiten lassen. Zirka 20 &#8211; 25 Minuten im grade nicht-kochenden Wasser garziehen lassen.<\/p>\n<p>In der Zwischenzeit das letzte Zwiebeldrittel in d\u00fcnne Halbringe Schneiden und in einer Pfanne und einem EL \u00d6l auf mittlerer Hitze goldbraun und gerne knusprig anbraten.<\/p>\n<p>Das Kraut parallel dazu mit offenem Deckel weiter kochen lassen, es soll am Schluss aber noch relativ feucht sein, weil wir ja sonst keinerlei So\u00dfe zum Kn\u00f6del haben.<\/p>\n<p>Auf vorgew\u00e4rmten Tellern dann einen Klacks Kraut, darauf dann pro Person einen abgetropften Kn\u00f6del setzen und alles mit knusprigen Zwiebelringen bestreuen.<\/p>\n<p>Alle unsere Rezepte von A-Z gibt\u2019s <a href=\"https:\/\/blog.zeit.de\/rezeptor\/rezeptuebersicht\" target=\"_blank\">hier<\/a>.<\/p>\n","protected":false},"excerpt":{"rendered":"<p>Neulich auf der Skih\u00fctte: Schmeckt diese deftige tiroler Spezialit\u00e4t zu Hause eigentlich auch so lecker?<\/p>\n","protected":false},"author":95,"featured_media":0,"comment_status":"open","ping_status":"closed","sticky":false,"template":"","format":"standard","meta":{"_jetpack_memberships_contains_paid_content":false,"footnotes":""},"categories":[822],"tags":[775,791,809],"class_list":["post-2269","post","type-post","status-publish","format-standard","hentry","category-apres-ski","tag-deftig","tag-kraut","tag-speck"],"yoast_head":"<!-- This site is optimized with the Yoast SEO plugin v21.0 - https:\/\/yoast.com\/wordpress\/plugins\/seo\/ -->\n<title>Speckkn\u00f6del mit Kraut - Rezeptor<\/title>\n<meta name=\"robots\" content=\"index, follow, max-snippet:-1, max-image-preview:large, max-video-preview:-1\" \/>\n<link rel=\"canonical\" href=\"https:\/\/blog.zeit.de\/rezeptor\/2012\/01\/06\/speckknodel-mit-kraut_2269\" \/>\n<meta property=\"og:locale\" content=\"de_DE\" \/>\n<meta property=\"og:type\" content=\"article\" \/>\n<meta property=\"og:title\" content=\"Speckkn\u00f6del mit Kraut - Rezeptor\" \/>\n<meta property=\"og:description\" content=\"Neulich auf der Skih\u00fctte: Schmeckt diese deftige tiroler Spezialit\u00e4t zu Hause eigentlich auch so lecker?\" \/>\n<meta property=\"og:url\" content=\"https:\/\/blog.zeit.de\/rezeptor\/2012\/01\/06\/speckknodel-mit-kraut_2269\" \/>\n<meta property=\"og:site_name\" content=\"Rezeptor\" \/>\n<meta property=\"article:published_time\" content=\"2012-01-06T10:59:21+00:00\" \/>\n<meta property=\"article:modified_time\" content=\"2012-01-06T14:06:31+00:00\" \/>\n<meta property=\"og:image\" content=\"https:\/\/blog.zeit.de\/rezeptor\/files\/2012\/01\/010112.jpg\" \/>\n<meta name=\"author\" content=\"Thorsten Lange\" \/>\n<meta name=\"twitter:card\" content=\"summary_large_image\" \/>\n<meta name=\"twitter:label1\" content=\"Geschrieben von\" \/>\n\t<meta name=\"twitter:data1\" content=\"Thorsten Lange\" \/>\n\t<meta name=\"twitter:label2\" content=\"Gesch\u00e4tzte Lesezeit\" \/>\n\t<meta name=\"twitter:data2\" content=\"3\u00a0Minuten\" \/>\n<script type=\"application\/ld+json\" class=\"yoast-schema-graph\">{\"@context\":\"https:\/\/schema.org\",\"@graph\":[{\"@type\":\"WebPage\",\"@id\":\"https:\/\/blog.zeit.de\/rezeptor\/2012\/01\/06\/speckknodel-mit-kraut_2269\",\"url\":\"https:\/\/blog.zeit.de\/rezeptor\/2012\/01\/06\/speckknodel-mit-kraut_2269\",\"name\":\"Speckkn\u00f6del mit Kraut - Rezeptor\",\"isPartOf\":{\"@id\":\"https:\/\/blog.zeit.de\/rezeptor\/#website\"},\"datePublished\":\"2012-01-06T10:59:21+00:00\",\"dateModified\":\"2012-01-06T14:06:31+00:00\",\"author\":{\"@id\":\"https:\/\/blog.zeit.de\/rezeptor\/#\/schema\/person\/c4f0408ea5996c729d4493413dabb0ba\"},\"breadcrumb\":{\"@id\":\"https:\/\/blog.zeit.de\/rezeptor\/2012\/01\/06\/speckknodel-mit-kraut_2269#breadcrumb\"},\"inLanguage\":\"de\",\"potentialAction\":[{\"@type\":\"ReadAction\",\"target\":[\"https:\/\/blog.zeit.de\/rezeptor\/2012\/01\/06\/speckknodel-mit-kraut_2269\"]}]},{\"@type\":\"BreadcrumbList\",\"@id\":\"https:\/\/blog.zeit.de\/rezeptor\/2012\/01\/06\/speckknodel-mit-kraut_2269#breadcrumb\",\"itemListElement\":[{\"@type\":\"ListItem\",\"position\":1,\"name\":\"Startseite\",\"item\":\"https:\/\/blog.zeit.de\/rezeptor\"},{\"@type\":\"ListItem\",\"position\":2,\"name\":\"Speckkn\u00f6del mit Kraut\"}]},{\"@type\":\"WebSite\",\"@id\":\"https:\/\/blog.zeit.de\/rezeptor\/#website\",\"url\":\"https:\/\/blog.zeit.de\/rezeptor\/\",\"name\":\"Rezeptor\",\"description\":\"Das Blog f\u00fcr alltagstaugliches Kochen\",\"potentialAction\":[{\"@type\":\"SearchAction\",\"target\":{\"@type\":\"EntryPoint\",\"urlTemplate\":\"https:\/\/blog.zeit.de\/rezeptor\/?s={search_term_string}\"},\"query-input\":\"required name=search_term_string\"}],\"inLanguage\":\"de\"},{\"@type\":\"Person\",\"@id\":\"https:\/\/blog.zeit.de\/rezeptor\/#\/schema\/person\/c4f0408ea5996c729d4493413dabb0ba\",\"name\":\"Thorsten Lange\",\"image\":{\"@type\":\"ImageObject\",\"inLanguage\":\"de\",\"@id\":\"https:\/\/blog.zeit.de\/rezeptor\/#\/schema\/person\/image\/\",\"url\":\"https:\/\/secure.gravatar.com\/avatar\/85379d51ec9d21c64deb1b65a642bd35dcec9ebc7a65ccb1d3d06a64f507fad2?s=96&d=mm&r=g\",\"contentUrl\":\"https:\/\/secure.gravatar.com\/avatar\/85379d51ec9d21c64deb1b65a642bd35dcec9ebc7a65ccb1d3d06a64f507fad2?s=96&d=mm&r=g\",\"caption\":\"Thorsten Lange\"},\"url\":\"https:\/\/blog.zeit.de\/rezeptor\/author\/thorsten-lange\"}]}<\/script>\n<!-- \/ Yoast SEO plugin. -->","yoast_head_json":{"title":"Speckkn\u00f6del mit Kraut - Rezeptor","robots":{"index":"index","follow":"follow","max-snippet":"max-snippet:-1","max-image-preview":"max-image-preview:large","max-video-preview":"max-video-preview:-1"},"canonical":"https:\/\/blog.zeit.de\/rezeptor\/2012\/01\/06\/speckknodel-mit-kraut_2269","og_locale":"de_DE","og_type":"article","og_title":"Speckkn\u00f6del mit Kraut - Rezeptor","og_description":"Neulich auf der Skih\u00fctte: Schmeckt diese deftige tiroler Spezialit\u00e4t zu Hause eigentlich auch so lecker?","og_url":"https:\/\/blog.zeit.de\/rezeptor\/2012\/01\/06\/speckknodel-mit-kraut_2269","og_site_name":"Rezeptor","article_published_time":"2012-01-06T10:59:21+00:00","article_modified_time":"2012-01-06T14:06:31+00:00","og_image":[{"url":"https:\/\/blog.zeit.de\/rezeptor\/files\/2012\/01\/010112.jpg"}],"author":"Thorsten Lange","twitter_card":"summary_large_image","twitter_misc":{"Geschrieben von":"Thorsten Lange","Gesch\u00e4tzte Lesezeit":"3\u00a0Minuten"},"schema":{"@context":"https:\/\/schema.org","@graph":[{"@type":"WebPage","@id":"https:\/\/blog.zeit.de\/rezeptor\/2012\/01\/06\/speckknodel-mit-kraut_2269","url":"https:\/\/blog.zeit.de\/rezeptor\/2012\/01\/06\/speckknodel-mit-kraut_2269","name":"Speckkn\u00f6del mit Kraut - Rezeptor","isPartOf":{"@id":"https:\/\/blog.zeit.de\/rezeptor\/#website"},"datePublished":"2012-01-06T10:59:21+00:00","dateModified":"2012-01-06T14:06:31+00:00","author":{"@id":"https:\/\/blog.zeit.de\/rezeptor\/#\/schema\/person\/c4f0408ea5996c729d4493413dabb0ba"},"breadcrumb":{"@id":"https:\/\/blog.zeit.de\/rezeptor\/2012\/01\/06\/speckknodel-mit-kraut_2269#breadcrumb"},"inLanguage":"de","potentialAction":[{"@type":"ReadAction","target":["https:\/\/blog.zeit.de\/rezeptor\/2012\/01\/06\/speckknodel-mit-kraut_2269"]}]},{"@type":"BreadcrumbList","@id":"https:\/\/blog.zeit.de\/rezeptor\/2012\/01\/06\/speckknodel-mit-kraut_2269#breadcrumb","itemListElement":[{"@type":"ListItem","position":1,"name":"Startseite","item":"https:\/\/blog.zeit.de\/rezeptor"},{"@type":"ListItem","position":2,"name":"Speckkn\u00f6del mit Kraut"}]},{"@type":"WebSite","@id":"https:\/\/blog.zeit.de\/rezeptor\/#website","url":"https:\/\/blog.zeit.de\/rezeptor\/","name":"Rezeptor","description":"Das Blog f\u00fcr alltagstaugliches Kochen","potentialAction":[{"@type":"SearchAction","target":{"@type":"EntryPoint","urlTemplate":"https:\/\/blog.zeit.de\/rezeptor\/?s={search_term_string}"},"query-input":"required name=search_term_string"}],"inLanguage":"de"},{"@type":"Person","@id":"https:\/\/blog.zeit.de\/rezeptor\/#\/schema\/person\/c4f0408ea5996c729d4493413dabb0ba","name":"Thorsten Lange","image":{"@type":"ImageObject","inLanguage":"de","@id":"https:\/\/blog.zeit.de\/rezeptor\/#\/schema\/person\/image\/","url":"https:\/\/secure.gravatar.com\/avatar\/85379d51ec9d21c64deb1b65a642bd35dcec9ebc7a65ccb1d3d06a64f507fad2?s=96&d=mm&r=g","contentUrl":"https:\/\/secure.gravatar.com\/avatar\/85379d51ec9d21c64deb1b65a642bd35dcec9ebc7a65ccb1d3d06a64f507fad2?s=96&d=mm&r=g","caption":"Thorsten Lange"},"url":"https:\/\/blog.zeit.de\/rezeptor\/author\/thorsten-lange"}]}},"jetpack_featured_media_url":"","jetpack_sharing_enabled":true,"_links":{"self":[{"href":"https:\/\/blog.zeit.de\/rezeptor\/wp-json\/wp\/v2\/posts\/2269","targetHints":{"allow":["GET"]}}],"collection":[{"href":"https:\/\/blog.zeit.de\/rezeptor\/wp-json\/wp\/v2\/posts"}],"about":[{"href":"https:\/\/blog.zeit.de\/rezeptor\/wp-json\/wp\/v2\/types\/post"}],"author":[{"embeddable":true,"href":"https:\/\/blog.zeit.de\/rezeptor\/wp-json\/wp\/v2\/users\/95"}],"replies":[{"embeddable":true,"href":"https:\/\/blog.zeit.de\/rezeptor\/wp-json\/wp\/v2\/comments?post=2269"}],"version-history":[{"count":5,"href":"https:\/\/blog.zeit.de\/rezeptor\/wp-json\/wp\/v2\/posts\/2269\/revisions"}],"predecessor-version":[{"id":2275,"href":"https:\/\/blog.zeit.de\/rezeptor\/wp-json\/wp\/v2\/posts\/2269\/revisions\/2275"}],"wp:attachment":[{"href":"https:\/\/blog.zeit.de\/rezeptor\/wp-json\/wp\/v2\/media?parent=2269"}],"wp:term":[{"taxonomy":"category","embeddable":true,"href":"https:\/\/blog.zeit.de\/rezeptor\/wp-json\/wp\/v2\/categories?post=2269"},{"taxonomy":"post_tag","embeddable":true,"href":"https:\/\/blog.zeit.de\/rezeptor\/wp-json\/wp\/v2\/tags?post=2269"}],"curies":[{"name":"wp","href":"https:\/\/api.w.org\/{rel}","templated":true}]}}