{"id":228,"date":"2007-04-11T00:18:35","date_gmt":"2007-04-10T22:18:35","guid":{"rendered":"http:\/\/blog.zeit.de\/rezeptor\/2007\/04\/11\/sachertorte_228"},"modified":"2007-04-11T00:18:35","modified_gmt":"2007-04-10T22:18:35","slug":"sachertorte","status":"publish","type":"post","link":"https:\/\/blog.zeit.de\/rezeptor\/2007\/04\/11\/sachertorte_228","title":{"rendered":"Sachertorte"},"content":{"rendered":"<p>Zum Abschluss der H\u00fcttengaudi 2007 DIE Schokotorte schlechthin.<\/p>\n<p><!--more-->F\u00fcr 12 Trivial Pursuit-Fans<br \/>\n130 g Butter<br \/>\n110 g feinster Zucker<br \/>\n1 P\u00e4ckchen Vanillezucker<br \/>\n6 Eier<br \/>\n130 g Schokolade<br \/>\n110 g Zucker<br \/>\n130 g Mehl<br \/>\netwas Butter zum Form einfetten<br \/>\n1 Glas Aprikosenmarmelade<br \/>\n<em>f\u00fcr die Glasur:<\/em><br \/>\n0,125 l Wasser<br \/>\n300 g Zucker<br \/>\n250 g Schokolade<br \/>\n<em>Ger\u00e4tschaften:<\/em><br \/>\nTortenform<br \/>\nelektrisches R\u00fchrger\u00e4t<br \/>\nTopf mit Wasser<br \/>\nMetallsch\u00fcssel die da reinpasst<\/p>\n<p><img decoding=\"async\" src=\"https:\/\/blog.zeit.de\/rezeptor\/files\/2007\/08\/111-sachertorte.gif\" \/> Eins vorweg: Backen hat nichts, aber auch wirklich gar nichts mit ungef\u00e4hren Mengenangaben zu tun. Unabdinglich f\u00fcr ein perfektes Ergebnis sind eine gute Waage und das strenge Einhalten des Rezepts, kreative Sch\u00fcbe d\u00fcrfen h\u00f6chstens an der Garnitur ausgelebt werden.<\/p>\n<p>Die Sachertorte bitte schon einen Tag vorm Verzehr backen, sie gewinnt durch die Nacht im K\u00fchlschrank enorm! Und apropos K\u00fchlschrank: Alle Zutaten m\u00fcssen Zimmertemperatur haben ? zum Beispiel die Schokolade: 130 g in eine Metallsch\u00fcssel brechen, alles in einen Topf mit kochendem Wasser setzen und zum Schmelzen bringen. Durch das sogenannte Wasserbad oder \u00bbBain Marie\u00ab wird es nie heisser als 100 Grad und nichts kann anbrennen.<\/p>\n<p>Den Backofen auf 170 Grad Oberunterhitze vorheizen, die Eier trennen. Die Butter in kleinen Scheiben in eine R\u00fchrsch\u00fcssel und mit dem feinsten, dem Vanillezucker und einem Elektroquirl schaumig r\u00fchren. Nacheinander r\u00fchrend die Eigelbe reinfliessen lassen, dann die fl\u00fcssige Schokolade dazu. Mit einem Teigschaber nochmal alles gut durchmischen. Die Eiklare in einer neuen Sch\u00fcssel mit dem normalen Zucker und dem E-Quirl 5 Minuten lang zu Baiserschnee aufschlagen. Dazu muss alles sauber, trocken und vor allem fettfrei sein, die kleinste Butterflocke die noch am R\u00fchrger\u00e4t h\u00e4ngt, bringt den Schnee sofort zum Einfallen! Also vorher sehr sorgf\u00e4ltig reinigen und abtrocknen.<br \/>\nDen Schnee vorsichtig unter den Teig heben, die kleinen Luftbl\u00e4schen dehnen sich nachher in der Ofenhitze aus und unsere Torte wird leicht und luftig. Dann noch das Mehl reinsieben und wieder vorsichtig und sanft zu einem glatten Teig verr\u00fchren. In eine ausgebutterte Tortenform leeren und auf mittlerer Schiene etwa eine Stunde backen. Die ersten 15 Minuten sollte die Ofent\u00fcr fingerbreit offenstehen und falls der Teig oben dunkelbraun wird, alles eine Etage tiefer weiterbacken.<\/p>\n<p>Nach 55 Minuten die Pieksprobe machen: Mit einem Zahnstocher oder \u00e4hnlichem mal reinpieksen, und wenn kein Teig dran kleben bleibt, ist er fertig. Raus damit und st\u00fcrzen. Das geht am elegantesten, wenn man die Torte auf die linke Hand stellt, mit der rechten einen Rost auf das ganze legt und dann einfach drehen. Das ist so simpel, da\u00df man da gar nicht selber draufkommt? Die Torte ausk\u00fchlen lassen.<\/p>\n<p>Dann in der Mitte quer durchschneiden: Mit einem gro\u00dfen Messer ganz langsam und die Torte drehend immer tiefer vordringen, keinesfalls einmal quer durchschneiden! Das geht garantiert in die Hose. Die Marmelade auf 70 Grad bringen und mit etwas weniger als der H\u00e4lfte die untere H\u00e4lfte bestreichen. Den Deckel wieder drauf und dann den Marmeladenrest komplett auf dem Kuchen verteilen, auch am Rand. Das zwei Stunden trocknen lassen, sonst klebt die Sache f\u00fcrs Glasieren zu sehr.<\/p>\n<p>Nach 1,5 Stunden den Zucker mit dem Wasser 5 Minuten kochen lassen, dann auf Lippentemperatur abk\u00fchlen lassen. Die Schokolade wieder im Wasserbad schmelzen und zum Zuckersirup geben. Daraus sollte eine dickfl\u00fcssige, glatte Glasur werden, wenn es zu Beton wird: Keine Panik und etwas Wasser zugeben und wieder r\u00fchren.<\/p>\n<p>Alles \u00fcber die Torte gie\u00dfen und mit einem Teigschaber glatt verstreichen. Etwaige Kanten kann man am Schluss noch glatter machen, indem man den Schaber in hei\u00dfes Wasser taucht und nochmal dr\u00fcberf\u00e4hrt.<\/p>\n<p>\u00dcber Nacht in einer Plastikt\u00fcte in den K\u00fchlschrank und mit nicht zu s\u00fc\u00dfer Schlagsahne servieren.<\/p>\n","protected":false},"excerpt":{"rendered":"<p>Zum Abschluss der H\u00fcttengaudi 2007 DIE Schokotorte schlechthin.<\/p>\n","protected":false},"author":95,"featured_media":0,"comment_status":"open","ping_status":"closed","sticky":false,"template":"","format":"standard","meta":{"_jetpack_memberships_contains_paid_content":false,"footnotes":""},"categories":[822],"tags":[771,780,790,794,803,812],"class_list":["post-228","post","type-post","status-publish","format-standard","hentry","category-apres-ski","tag-backen","tag-feiertagsmenus","tag-klassiker","tag-nachspeise","tag-sus","tag-vegetarisch"],"yoast_head":"<!-- This site is optimized with the Yoast SEO plugin v21.0 - https:\/\/yoast.com\/wordpress\/plugins\/seo\/ -->\n<title>Sachertorte - Rezeptor<\/title>\n<meta name=\"robots\" content=\"index, follow, max-snippet:-1, max-image-preview:large, max-video-preview:-1\" \/>\n<link rel=\"canonical\" href=\"https:\/\/blog.zeit.de\/rezeptor\/2007\/04\/11\/sachertorte_228\" \/>\n<meta property=\"og:locale\" content=\"de_DE\" \/>\n<meta property=\"og:type\" content=\"article\" \/>\n<meta property=\"og:title\" content=\"Sachertorte - Rezeptor\" \/>\n<meta property=\"og:description\" content=\"Zum Abschluss der H\u00fcttengaudi 2007 DIE Schokotorte schlechthin.\" \/>\n<meta property=\"og:url\" content=\"https:\/\/blog.zeit.de\/rezeptor\/2007\/04\/11\/sachertorte_228\" \/>\n<meta property=\"og:site_name\" content=\"Rezeptor\" \/>\n<meta property=\"article:published_time\" content=\"2007-04-10T22:18:35+00:00\" \/>\n<meta property=\"og:image\" content=\"https:\/\/blog.zeit.de\/rezeptor\/files\/2007\/08\/111-sachertorte.gif\" \/>\n<meta name=\"author\" content=\"Thorsten Lange\" \/>\n<meta name=\"twitter:card\" content=\"summary_large_image\" \/>\n<meta name=\"twitter:label1\" content=\"Geschrieben von\" \/>\n\t<meta name=\"twitter:data1\" content=\"Thorsten Lange\" \/>\n\t<meta name=\"twitter:label2\" content=\"Gesch\u00e4tzte Lesezeit\" \/>\n\t<meta name=\"twitter:data2\" content=\"3\u00a0Minuten\" \/>\n<script type=\"application\/ld+json\" class=\"yoast-schema-graph\">{\"@context\":\"https:\/\/schema.org\",\"@graph\":[{\"@type\":\"WebPage\",\"@id\":\"https:\/\/blog.zeit.de\/rezeptor\/2007\/04\/11\/sachertorte_228\",\"url\":\"https:\/\/blog.zeit.de\/rezeptor\/2007\/04\/11\/sachertorte_228\",\"name\":\"Sachertorte - Rezeptor\",\"isPartOf\":{\"@id\":\"https:\/\/blog.zeit.de\/rezeptor\/#website\"},\"datePublished\":\"2007-04-10T22:18:35+00:00\",\"dateModified\":\"2007-04-10T22:18:35+00:00\",\"author\":{\"@id\":\"https:\/\/blog.zeit.de\/rezeptor\/#\/schema\/person\/c4f0408ea5996c729d4493413dabb0ba\"},\"breadcrumb\":{\"@id\":\"https:\/\/blog.zeit.de\/rezeptor\/2007\/04\/11\/sachertorte_228#breadcrumb\"},\"inLanguage\":\"de\",\"potentialAction\":[{\"@type\":\"ReadAction\",\"target\":[\"https:\/\/blog.zeit.de\/rezeptor\/2007\/04\/11\/sachertorte_228\"]}]},{\"@type\":\"BreadcrumbList\",\"@id\":\"https:\/\/blog.zeit.de\/rezeptor\/2007\/04\/11\/sachertorte_228#breadcrumb\",\"itemListElement\":[{\"@type\":\"ListItem\",\"position\":1,\"name\":\"Startseite\",\"item\":\"https:\/\/blog.zeit.de\/rezeptor\"},{\"@type\":\"ListItem\",\"position\":2,\"name\":\"Sachertorte\"}]},{\"@type\":\"WebSite\",\"@id\":\"https:\/\/blog.zeit.de\/rezeptor\/#website\",\"url\":\"https:\/\/blog.zeit.de\/rezeptor\/\",\"name\":\"Rezeptor\",\"description\":\"Das Blog f\u00fcr alltagstaugliches Kochen\",\"potentialAction\":[{\"@type\":\"SearchAction\",\"target\":{\"@type\":\"EntryPoint\",\"urlTemplate\":\"https:\/\/blog.zeit.de\/rezeptor\/?s={search_term_string}\"},\"query-input\":\"required name=search_term_string\"}],\"inLanguage\":\"de\"},{\"@type\":\"Person\",\"@id\":\"https:\/\/blog.zeit.de\/rezeptor\/#\/schema\/person\/c4f0408ea5996c729d4493413dabb0ba\",\"name\":\"Thorsten Lange\",\"image\":{\"@type\":\"ImageObject\",\"inLanguage\":\"de\",\"@id\":\"https:\/\/blog.zeit.de\/rezeptor\/#\/schema\/person\/image\/\",\"url\":\"https:\/\/secure.gravatar.com\/avatar\/85379d51ec9d21c64deb1b65a642bd35dcec9ebc7a65ccb1d3d06a64f507fad2?s=96&d=mm&r=g\",\"contentUrl\":\"https:\/\/secure.gravatar.com\/avatar\/85379d51ec9d21c64deb1b65a642bd35dcec9ebc7a65ccb1d3d06a64f507fad2?s=96&d=mm&r=g\",\"caption\":\"Thorsten Lange\"},\"url\":\"https:\/\/blog.zeit.de\/rezeptor\/author\/thorsten-lange\"}]}<\/script>\n<!-- \/ Yoast SEO plugin. -->","yoast_head_json":{"title":"Sachertorte - Rezeptor","robots":{"index":"index","follow":"follow","max-snippet":"max-snippet:-1","max-image-preview":"max-image-preview:large","max-video-preview":"max-video-preview:-1"},"canonical":"https:\/\/blog.zeit.de\/rezeptor\/2007\/04\/11\/sachertorte_228","og_locale":"de_DE","og_type":"article","og_title":"Sachertorte - Rezeptor","og_description":"Zum Abschluss der H\u00fcttengaudi 2007 DIE Schokotorte schlechthin.","og_url":"https:\/\/blog.zeit.de\/rezeptor\/2007\/04\/11\/sachertorte_228","og_site_name":"Rezeptor","article_published_time":"2007-04-10T22:18:35+00:00","og_image":[{"url":"https:\/\/blog.zeit.de\/rezeptor\/files\/2007\/08\/111-sachertorte.gif"}],"author":"Thorsten Lange","twitter_card":"summary_large_image","twitter_misc":{"Geschrieben von":"Thorsten Lange","Gesch\u00e4tzte Lesezeit":"3\u00a0Minuten"},"schema":{"@context":"https:\/\/schema.org","@graph":[{"@type":"WebPage","@id":"https:\/\/blog.zeit.de\/rezeptor\/2007\/04\/11\/sachertorte_228","url":"https:\/\/blog.zeit.de\/rezeptor\/2007\/04\/11\/sachertorte_228","name":"Sachertorte - Rezeptor","isPartOf":{"@id":"https:\/\/blog.zeit.de\/rezeptor\/#website"},"datePublished":"2007-04-10T22:18:35+00:00","dateModified":"2007-04-10T22:18:35+00:00","author":{"@id":"https:\/\/blog.zeit.de\/rezeptor\/#\/schema\/person\/c4f0408ea5996c729d4493413dabb0ba"},"breadcrumb":{"@id":"https:\/\/blog.zeit.de\/rezeptor\/2007\/04\/11\/sachertorte_228#breadcrumb"},"inLanguage":"de","potentialAction":[{"@type":"ReadAction","target":["https:\/\/blog.zeit.de\/rezeptor\/2007\/04\/11\/sachertorte_228"]}]},{"@type":"BreadcrumbList","@id":"https:\/\/blog.zeit.de\/rezeptor\/2007\/04\/11\/sachertorte_228#breadcrumb","itemListElement":[{"@type":"ListItem","position":1,"name":"Startseite","item":"https:\/\/blog.zeit.de\/rezeptor"},{"@type":"ListItem","position":2,"name":"Sachertorte"}]},{"@type":"WebSite","@id":"https:\/\/blog.zeit.de\/rezeptor\/#website","url":"https:\/\/blog.zeit.de\/rezeptor\/","name":"Rezeptor","description":"Das Blog f\u00fcr alltagstaugliches Kochen","potentialAction":[{"@type":"SearchAction","target":{"@type":"EntryPoint","urlTemplate":"https:\/\/blog.zeit.de\/rezeptor\/?s={search_term_string}"},"query-input":"required name=search_term_string"}],"inLanguage":"de"},{"@type":"Person","@id":"https:\/\/blog.zeit.de\/rezeptor\/#\/schema\/person\/c4f0408ea5996c729d4493413dabb0ba","name":"Thorsten Lange","image":{"@type":"ImageObject","inLanguage":"de","@id":"https:\/\/blog.zeit.de\/rezeptor\/#\/schema\/person\/image\/","url":"https:\/\/secure.gravatar.com\/avatar\/85379d51ec9d21c64deb1b65a642bd35dcec9ebc7a65ccb1d3d06a64f507fad2?s=96&d=mm&r=g","contentUrl":"https:\/\/secure.gravatar.com\/avatar\/85379d51ec9d21c64deb1b65a642bd35dcec9ebc7a65ccb1d3d06a64f507fad2?s=96&d=mm&r=g","caption":"Thorsten Lange"},"url":"https:\/\/blog.zeit.de\/rezeptor\/author\/thorsten-lange"}]}},"jetpack_featured_media_url":"","jetpack_sharing_enabled":true,"_links":{"self":[{"href":"https:\/\/blog.zeit.de\/rezeptor\/wp-json\/wp\/v2\/posts\/228","targetHints":{"allow":["GET"]}}],"collection":[{"href":"https:\/\/blog.zeit.de\/rezeptor\/wp-json\/wp\/v2\/posts"}],"about":[{"href":"https:\/\/blog.zeit.de\/rezeptor\/wp-json\/wp\/v2\/types\/post"}],"author":[{"embeddable":true,"href":"https:\/\/blog.zeit.de\/rezeptor\/wp-json\/wp\/v2\/users\/95"}],"replies":[{"embeddable":true,"href":"https:\/\/blog.zeit.de\/rezeptor\/wp-json\/wp\/v2\/comments?post=228"}],"version-history":[{"count":0,"href":"https:\/\/blog.zeit.de\/rezeptor\/wp-json\/wp\/v2\/posts\/228\/revisions"}],"wp:attachment":[{"href":"https:\/\/blog.zeit.de\/rezeptor\/wp-json\/wp\/v2\/media?parent=228"}],"wp:term":[{"taxonomy":"category","embeddable":true,"href":"https:\/\/blog.zeit.de\/rezeptor\/wp-json\/wp\/v2\/categories?post=228"},{"taxonomy":"post_tag","embeddable":true,"href":"https:\/\/blog.zeit.de\/rezeptor\/wp-json\/wp\/v2\/tags?post=228"}],"curies":[{"name":"wp","href":"https:\/\/api.w.org\/{rel}","templated":true}]}}