{"id":237,"date":"2007-04-07T00:29:39","date_gmt":"2007-04-06T22:29:39","guid":{"rendered":"http:\/\/blog.zeit.de\/rezeptor\/2007\/04\/07\/obatzter-say-cheese-in-bavaria_237"},"modified":"2007-04-07T00:29:39","modified_gmt":"2007-04-06T22:29:39","slug":"obatzter-say-cheese-in-bavaria","status":"publish","type":"post","link":"https:\/\/blog.zeit.de\/rezeptor\/2007\/04\/07\/obatzter-say-cheese-in-bavaria_237","title":{"rendered":"Obatzter \u2013 Say Cheese in Bavaria!"},"content":{"rendered":"<p>\u00bbDas ist kein Fr\u00fchst\u00fcck am Nachmittag, dat is ne Broootzeit!\u00ab Und da geh\u00f6rt in Bayern neben der Ma\u00df oder dem Wei\u00dfbier nicht selten eine spezielle K\u00e4secreme dazu, im Fachjargon auch als <em>Obatzter<\/em> bezeichnet.<br \/>\n<!--more--><br \/>\nF\u00fcr 2 Nutellafans<br \/>\n1 Camembert (sch\u00f6n weich und reif) 250g<br \/>\n1 kleinen Romadur oder Limburger 100g<br \/>\n2 Schalotten<br \/>\n1 Packung Frischk\u00e4se 200g<br \/>\n80g Butter<br \/>\n1 Schoppen Bier<br \/>\nSalz, Pfeffer<br \/>\nK\u00fcmmel<br \/>\nPaprika edels\u00fc\u00df<br \/>\nSchnittlauch<\/p>\n<p><img decoding=\"async\" src=\"https:\/\/blog.zeit.de\/rezeptor\/files\/2007\/08\/110-obatzter.gif\" \/>Camembert und Romadur (bzw. Limburger) in m\u00f6glichst kleine St\u00fcckchen schneiden. Zusammen mit atomisierten Schalotten (besser als Zwiebeln) in eine Sch\u00fcssel geben. Zimmertemperierte Butter grob zerkleinern und Frischk\u00e4se dazu. Dann kr\u00e4ftig salzen, pfeffern und mit 2 TL Paprikapulver und einem Schluck Bier (im besten falle Weizen) w\u00fcrzen. Etwas K\u00fcmmel k\u00f6nnte auch noch rein.<\/p>\n<p>Mit einer Gabel alles solange durchmassieren, bis eine z\u00e4he Creme entsteht und\/oder der Arm weh tut. Nochmal auf Salz abschmecken und mit Frischhaltefolie bedeckt k\u00fchl stellen, sonst riecht morgen der Kaffee oder das M\u00fcsli nach den Socken vom Vortag.<br \/>\nVorm Servieren Schnittlauch hacken und beim B\u00e4cker (keine Supermarkt-\/ Backdiscountware!) frisches Grau- bzw. Roggenbrot besorgen, ordentliche Scheiben abschneiden, ein Bierchen einschenken und in der Sonne essen. Brezeln passen auch gut.<\/p>\n<p>Man sollte den Obatzten innerhalb eines Tages essen, da sonst die Zwiebeln mit der Zeit einen etwas bitteren Geschmack entwickeln.<\/p>\n","protected":false},"excerpt":{"rendered":"<p>\u00bbDas ist kein Fr\u00fchst\u00fcck am Nachmittag, dat is ne Broootzeit!\u00ab Und da geh\u00f6rt in Bayern neben der Ma\u00df oder dem Wei\u00dfbier nicht selten eine spezielle K\u00e4secreme dazu, im Fachjargon auch als Obatzter bezeichnet.<\/p>\n","protected":false},"author":95,"featured_media":0,"comment_status":"open","ping_status":"closed","sticky":false,"template":"","format":"standard","meta":{"_jetpack_memberships_contains_paid_content":false,"footnotes":""},"categories":[822],"tags":[784,790,812],"class_list":["post-237","post","type-post","status-publish","format-standard","hentry","category-apres-ski","tag-gutburgerlich","tag-klassiker","tag-vegetarisch"],"yoast_head":"<!-- This site is optimized with the Yoast SEO plugin v21.0 - https:\/\/yoast.com\/wordpress\/plugins\/seo\/ -->\n<title>Obatzter \u2013 Say Cheese in Bavaria! - Rezeptor<\/title>\n<meta name=\"robots\" content=\"index, follow, max-snippet:-1, max-image-preview:large, max-video-preview:-1\" \/>\n<link rel=\"canonical\" href=\"https:\/\/blog.zeit.de\/rezeptor\/2007\/04\/07\/obatzter-say-cheese-in-bavaria_237\" \/>\n<meta property=\"og:locale\" content=\"de_DE\" \/>\n<meta property=\"og:type\" content=\"article\" \/>\n<meta property=\"og:title\" content=\"Obatzter \u2013 Say Cheese in Bavaria! - Rezeptor\" \/>\n<meta property=\"og:description\" content=\"\u00bbDas ist kein Fr\u00fchst\u00fcck am Nachmittag, dat is ne Broootzeit!\u00ab Und da geh\u00f6rt in Bayern neben der Ma\u00df oder dem Wei\u00dfbier nicht selten eine spezielle K\u00e4secreme dazu, im Fachjargon auch als Obatzter bezeichnet.\" \/>\n<meta property=\"og:url\" content=\"https:\/\/blog.zeit.de\/rezeptor\/2007\/04\/07\/obatzter-say-cheese-in-bavaria_237\" \/>\n<meta property=\"og:site_name\" content=\"Rezeptor\" \/>\n<meta property=\"article:published_time\" content=\"2007-04-06T22:29:39+00:00\" \/>\n<meta property=\"og:image\" content=\"https:\/\/blog.zeit.de\/rezeptor\/files\/2007\/08\/110-obatzter.gif\" \/>\n<meta name=\"author\" content=\"Thorsten Lange\" \/>\n<meta name=\"twitter:card\" content=\"summary_large_image\" \/>\n<meta name=\"twitter:label1\" content=\"Geschrieben von\" \/>\n\t<meta name=\"twitter:data1\" content=\"Thorsten Lange\" \/>\n\t<meta name=\"twitter:label2\" content=\"Gesch\u00e4tzte Lesezeit\" \/>\n\t<meta name=\"twitter:data2\" content=\"1\u00a0Minute\" \/>\n<script type=\"application\/ld+json\" class=\"yoast-schema-graph\">{\"@context\":\"https:\/\/schema.org\",\"@graph\":[{\"@type\":\"WebPage\",\"@id\":\"https:\/\/blog.zeit.de\/rezeptor\/2007\/04\/07\/obatzter-say-cheese-in-bavaria_237\",\"url\":\"https:\/\/blog.zeit.de\/rezeptor\/2007\/04\/07\/obatzter-say-cheese-in-bavaria_237\",\"name\":\"Obatzter \u2013 Say Cheese in Bavaria! - Rezeptor\",\"isPartOf\":{\"@id\":\"https:\/\/blog.zeit.de\/rezeptor\/#website\"},\"datePublished\":\"2007-04-06T22:29:39+00:00\",\"dateModified\":\"2007-04-06T22:29:39+00:00\",\"author\":{\"@id\":\"https:\/\/blog.zeit.de\/rezeptor\/#\/schema\/person\/c4f0408ea5996c729d4493413dabb0ba\"},\"breadcrumb\":{\"@id\":\"https:\/\/blog.zeit.de\/rezeptor\/2007\/04\/07\/obatzter-say-cheese-in-bavaria_237#breadcrumb\"},\"inLanguage\":\"de\",\"potentialAction\":[{\"@type\":\"ReadAction\",\"target\":[\"https:\/\/blog.zeit.de\/rezeptor\/2007\/04\/07\/obatzter-say-cheese-in-bavaria_237\"]}]},{\"@type\":\"BreadcrumbList\",\"@id\":\"https:\/\/blog.zeit.de\/rezeptor\/2007\/04\/07\/obatzter-say-cheese-in-bavaria_237#breadcrumb\",\"itemListElement\":[{\"@type\":\"ListItem\",\"position\":1,\"name\":\"Startseite\",\"item\":\"https:\/\/blog.zeit.de\/rezeptor\"},{\"@type\":\"ListItem\",\"position\":2,\"name\":\"Obatzter \u2013 Say Cheese in Bavaria!\"}]},{\"@type\":\"WebSite\",\"@id\":\"https:\/\/blog.zeit.de\/rezeptor\/#website\",\"url\":\"https:\/\/blog.zeit.de\/rezeptor\/\",\"name\":\"Rezeptor\",\"description\":\"Das Blog f\u00fcr alltagstaugliches Kochen\",\"potentialAction\":[{\"@type\":\"SearchAction\",\"target\":{\"@type\":\"EntryPoint\",\"urlTemplate\":\"https:\/\/blog.zeit.de\/rezeptor\/?s={search_term_string}\"},\"query-input\":\"required name=search_term_string\"}],\"inLanguage\":\"de\"},{\"@type\":\"Person\",\"@id\":\"https:\/\/blog.zeit.de\/rezeptor\/#\/schema\/person\/c4f0408ea5996c729d4493413dabb0ba\",\"name\":\"Thorsten Lange\",\"image\":{\"@type\":\"ImageObject\",\"inLanguage\":\"de\",\"@id\":\"https:\/\/blog.zeit.de\/rezeptor\/#\/schema\/person\/image\/\",\"url\":\"https:\/\/secure.gravatar.com\/avatar\/85379d51ec9d21c64deb1b65a642bd35dcec9ebc7a65ccb1d3d06a64f507fad2?s=96&d=mm&r=g\",\"contentUrl\":\"https:\/\/secure.gravatar.com\/avatar\/85379d51ec9d21c64deb1b65a642bd35dcec9ebc7a65ccb1d3d06a64f507fad2?s=96&d=mm&r=g\",\"caption\":\"Thorsten Lange\"},\"url\":\"https:\/\/blog.zeit.de\/rezeptor\/author\/thorsten-lange\"}]}<\/script>\n<!-- \/ Yoast SEO plugin. -->","yoast_head_json":{"title":"Obatzter \u2013 Say Cheese in Bavaria! - Rezeptor","robots":{"index":"index","follow":"follow","max-snippet":"max-snippet:-1","max-image-preview":"max-image-preview:large","max-video-preview":"max-video-preview:-1"},"canonical":"https:\/\/blog.zeit.de\/rezeptor\/2007\/04\/07\/obatzter-say-cheese-in-bavaria_237","og_locale":"de_DE","og_type":"article","og_title":"Obatzter \u2013 Say Cheese in Bavaria! - Rezeptor","og_description":"\u00bbDas ist kein Fr\u00fchst\u00fcck am Nachmittag, dat is ne Broootzeit!\u00ab Und da geh\u00f6rt in Bayern neben der Ma\u00df oder dem Wei\u00dfbier nicht selten eine spezielle K\u00e4secreme dazu, im Fachjargon auch als Obatzter bezeichnet.","og_url":"https:\/\/blog.zeit.de\/rezeptor\/2007\/04\/07\/obatzter-say-cheese-in-bavaria_237","og_site_name":"Rezeptor","article_published_time":"2007-04-06T22:29:39+00:00","og_image":[{"url":"https:\/\/blog.zeit.de\/rezeptor\/files\/2007\/08\/110-obatzter.gif"}],"author":"Thorsten Lange","twitter_card":"summary_large_image","twitter_misc":{"Geschrieben von":"Thorsten Lange","Gesch\u00e4tzte Lesezeit":"1\u00a0Minute"},"schema":{"@context":"https:\/\/schema.org","@graph":[{"@type":"WebPage","@id":"https:\/\/blog.zeit.de\/rezeptor\/2007\/04\/07\/obatzter-say-cheese-in-bavaria_237","url":"https:\/\/blog.zeit.de\/rezeptor\/2007\/04\/07\/obatzter-say-cheese-in-bavaria_237","name":"Obatzter \u2013 Say Cheese in Bavaria! - Rezeptor","isPartOf":{"@id":"https:\/\/blog.zeit.de\/rezeptor\/#website"},"datePublished":"2007-04-06T22:29:39+00:00","dateModified":"2007-04-06T22:29:39+00:00","author":{"@id":"https:\/\/blog.zeit.de\/rezeptor\/#\/schema\/person\/c4f0408ea5996c729d4493413dabb0ba"},"breadcrumb":{"@id":"https:\/\/blog.zeit.de\/rezeptor\/2007\/04\/07\/obatzter-say-cheese-in-bavaria_237#breadcrumb"},"inLanguage":"de","potentialAction":[{"@type":"ReadAction","target":["https:\/\/blog.zeit.de\/rezeptor\/2007\/04\/07\/obatzter-say-cheese-in-bavaria_237"]}]},{"@type":"BreadcrumbList","@id":"https:\/\/blog.zeit.de\/rezeptor\/2007\/04\/07\/obatzter-say-cheese-in-bavaria_237#breadcrumb","itemListElement":[{"@type":"ListItem","position":1,"name":"Startseite","item":"https:\/\/blog.zeit.de\/rezeptor"},{"@type":"ListItem","position":2,"name":"Obatzter \u2013 Say Cheese in Bavaria!"}]},{"@type":"WebSite","@id":"https:\/\/blog.zeit.de\/rezeptor\/#website","url":"https:\/\/blog.zeit.de\/rezeptor\/","name":"Rezeptor","description":"Das Blog f\u00fcr alltagstaugliches Kochen","potentialAction":[{"@type":"SearchAction","target":{"@type":"EntryPoint","urlTemplate":"https:\/\/blog.zeit.de\/rezeptor\/?s={search_term_string}"},"query-input":"required name=search_term_string"}],"inLanguage":"de"},{"@type":"Person","@id":"https:\/\/blog.zeit.de\/rezeptor\/#\/schema\/person\/c4f0408ea5996c729d4493413dabb0ba","name":"Thorsten Lange","image":{"@type":"ImageObject","inLanguage":"de","@id":"https:\/\/blog.zeit.de\/rezeptor\/#\/schema\/person\/image\/","url":"https:\/\/secure.gravatar.com\/avatar\/85379d51ec9d21c64deb1b65a642bd35dcec9ebc7a65ccb1d3d06a64f507fad2?s=96&d=mm&r=g","contentUrl":"https:\/\/secure.gravatar.com\/avatar\/85379d51ec9d21c64deb1b65a642bd35dcec9ebc7a65ccb1d3d06a64f507fad2?s=96&d=mm&r=g","caption":"Thorsten Lange"},"url":"https:\/\/blog.zeit.de\/rezeptor\/author\/thorsten-lange"}]}},"jetpack_featured_media_url":"","jetpack_sharing_enabled":true,"_links":{"self":[{"href":"https:\/\/blog.zeit.de\/rezeptor\/wp-json\/wp\/v2\/posts\/237","targetHints":{"allow":["GET"]}}],"collection":[{"href":"https:\/\/blog.zeit.de\/rezeptor\/wp-json\/wp\/v2\/posts"}],"about":[{"href":"https:\/\/blog.zeit.de\/rezeptor\/wp-json\/wp\/v2\/types\/post"}],"author":[{"embeddable":true,"href":"https:\/\/blog.zeit.de\/rezeptor\/wp-json\/wp\/v2\/users\/95"}],"replies":[{"embeddable":true,"href":"https:\/\/blog.zeit.de\/rezeptor\/wp-json\/wp\/v2\/comments?post=237"}],"version-history":[{"count":0,"href":"https:\/\/blog.zeit.de\/rezeptor\/wp-json\/wp\/v2\/posts\/237\/revisions"}],"wp:attachment":[{"href":"https:\/\/blog.zeit.de\/rezeptor\/wp-json\/wp\/v2\/media?parent=237"}],"wp:term":[{"taxonomy":"category","embeddable":true,"href":"https:\/\/blog.zeit.de\/rezeptor\/wp-json\/wp\/v2\/categories?post=237"},{"taxonomy":"post_tag","embeddable":true,"href":"https:\/\/blog.zeit.de\/rezeptor\/wp-json\/wp\/v2\/tags?post=237"}],"curies":[{"name":"wp","href":"https:\/\/api.w.org\/{rel}","templated":true}]}}